{"id":241705,"date":"2020-10-29T12:25:55","date_gmt":"2020-10-29T11:25:55","guid":{"rendered":"https:\/\/acefootball.com\/da\/?p=241705"},"modified":"2020-10-29T12:25:56","modified_gmt":"2020-10-29T11:25:56","slug":"foerst-klopp-nu-fred-griner-af-journalists-pablo-escobar-moustache","status":"publish","type":"post","link":"https:\/\/acefootball.com\/da\/fodboldnyheder\/foerst-klopp-nu-fred-griner-af-journalists-pablo-escobar-moustache\/","title":{"rendered":"F\u00f8rst Klopp, nu Fred: Griner af journalists \u201cPablo Escobar-moustache\u201d"},"content":{"rendered":"\n<h2 id=\"h-journalisten-fred-caldeira-fik-f-rst-j-rgen-klopp-til-at-grine-af-sit-moustache-og-nu-er-turen-kommet-til-manchester-united-spilleren-fred\">Journalisten Fred Caldeira fik f\u00f8rst J\u00fcrgen Klopp til at grine af sit moustache, og nu er turen kommet til Manchester United-spilleren Fred<\/h2>\n\n\n\n<p>Hum\u00f8ret var h\u00f8jt hos J\u00fcrgen Klopp og hans kumpaner i Liverpool i k\u00f8lvandet p\u00e5 tirsdagens 2-0 sejr over FC Midtjylland i Champions League.<\/p>\n\n\n\n<p>Da fik journalisten Fred Caldeira at m\u00e6rke, da J\u00fcrgen Klopp straks sammenlignede ham med Pablo Escobar i mixed zone efter kampen.<\/p>\n\n\n\n<figure class=\"wp-block-embed-wordpress wp-block-embed is-type-wp-embed is-provider-ace-football-danmark\"><div class=\"wp-block-embed__wrapper\">\n<blockquote class=\"wp-embedded-content\" data-secret=\"E4HIS4w8Ea\"><a href=\"https:\/\/acefootball.com\/da\/fodboldnyheder\/video-klopp-er-flad-af-grin-over-journalists-pablo-escobar-moustache\/\">Video: Klopp er flad af grin over journalists &#8220;Pablo Escobar-moustache&#8221;<\/a><\/blockquote><iframe class=\"wp-embedded-content\" sandbox=\"allow-scripts\" security=\"restricted\" style=\"position: absolute; clip: rect(1px, 1px, 1px, 1px);\" title=\"&#8220;Video: Klopp er flad af grin over journalists &#8220;Pablo Escobar-moustache&#8221;&#8221; &#8212; Ace Football Danmark\" src=\"https:\/\/acefootball.com\/da\/fodboldnyheder\/video-klopp-er-flad-af-grin-over-journalists-pablo-escobar-moustache\/embed\/#?secret=E4HIS4w8Ea\" data-secret=\"E4HIS4w8Ea\" width=\"600\" height=\"338\" frameborder=\"0\" marginwidth=\"0\" marginheight=\"0\" scrolling=\"no\"><\/iframe>\n<\/div><\/figure>\n\n\n\n<p>Onsdag var journalisen med oversk\u00e6gget s\u00e5 igen offer for fjollerier, da Manchester United-spilleren Fred ligeledes sammenlignede journalisten med den berygtede narkobaron:<\/p>\n\n\n\n<figure class=\"wp-block-embed-twitter wp-block-embed is-type-rich is-provider-twitter\"><div class=\"wp-block-embed__wrapper\">\n<blockquote class=\"twitter-tweet\" data-width=\"550\" data-dnt=\"true\"><p lang=\"en\" dir=\"ltr\">Fred agrees that the interviewer looks like Pablo Escobar \ud83d\ude02<br><br> <a href=\"https:\/\/t.co\/GOUpi6fOkf\">pic.twitter.com\/GOUpi6fOkf<\/a><\/p>&mdash; United Zone (@ManUnitedZone_) <a href=\"https:\/\/twitter.com\/ManUnitedZone_\/status\/1321609983482601472?ref_src=twsrc%5Etfw\">October 29, 2020<\/a><\/blockquote><script async src=\"https:\/\/platform.twitter.com\/widgets.js\" charset=\"utf-8\"><\/script>\n<\/div><\/figure>\n\n\n\n<p>Kan du se sammenligningen? Se Fred Caldeira og hans pr\u00e6gtige oversk\u00e6g herunder:<\/p>\n\n\n\n<figure class=\"wp-block-embed-twitter wp-block-embed is-type-rich is-provider-twitter\"><div class=\"wp-block-embed__wrapper\">\n<blockquote class=\"twitter-tweet\" data-width=\"550\" data-dnt=\"true\"><p lang=\"und\" dir=\"ltr\">[<a href=\"https:\/\/twitter.com\/fredcaldeira?ref_src=twsrc%5Etfw\">@fredcaldeira<\/a>] <a href=\"https:\/\/t.co\/K4tBHtxVGn\">pic.twitter.com\/K4tBHtxVGn<\/a><\/p>&mdash; United Zone (@ManUnitedZone_) <a href=\"https:\/\/twitter.com\/ManUnitedZone_\/status\/1321609990570913792?ref_src=twsrc%5Etfw\">October 29, 2020<\/a><\/blockquote><script async src=\"https:\/\/platform.twitter.com\/widgets.js\" charset=\"utf-8\"><\/script>\n<\/div><\/figure>\n","protected":false},"excerpt":{"rendered":"<p>Journalisten Fred Caldeira fik f\u00f8rst J\u00fcrgen Klopp til at grine af sit moustache, og nu er turen kommet til Manchester United-spilleren Fred<\/p>\n","protected":false},"author":43,"featured_media":241708,"comment_status":"open","ping_status":"closed","sticky":false,"template":"","format":"video","meta":{"om_disable_all_campaigns":false,"push_articles_ronaldo":{"active":false,"canonical":0,"publish":false},"force_updates":null},"categories":[8098],"tags":[1857,126],"enet_tags":{"player":["322049"],"team":["10260"],"sport_events":[]},"yoast_head":"<!-- This site is optimized with the Yoast SEO plugin v18.3 - https:\/\/yoast.com\/wordpress\/plugins\/seo\/ -->\n<title>F\u00f8rst Klopp, nu Fred: Griner af journalists \u201cPablo Escobar-moustache\u201d<\/title>\n<meta name=\"description\" content=\"Journalisten Fred Caldeira fik f\u00f8rst J\u00fcrgen Klopp til at grine af sit moustache, og nu er turen kommet til Manchester United-spilleren Fred\" \/>\n<meta name=\"robots\" content=\"index, follow, max-snippet:-1, max-image-preview:large, max-video-preview:-1\" \/>\n<link rel=\"canonical\" href=\"https:\/\/acefootball.com\/da\/fodboldnyheder\/foerst-klopp-nu-fred-griner-af-journalists-pablo-escobar-moustache\/\" \/>\n<meta property=\"og:locale\" content=\"en_US\" \/>\n<meta property=\"og:type\" content=\"article\" \/>\n<meta property=\"og:title\" content=\"F\u00f8rst Klopp, nu Fred: Griner af journalists \u201cPablo Escobar-moustache\u201d\" \/>\n<meta property=\"og:description\" content=\"Journalisten Fred Caldeira fik f\u00f8rst J\u00fcrgen Klopp til at grine af sit moustache, og nu er turen kommet til Manchester United-spilleren Fred\" \/>\n<meta property=\"og:url\" content=\"https:\/\/acefootball.com\/da\/fodboldnyheder\/foerst-klopp-nu-fred-griner-af-journalists-pablo-escobar-moustache\/\" \/>\n<meta property=\"og:site_name\" content=\"Ace Football Danmark\" \/>\n<meta property=\"article:publisher\" content=\"https:\/\/www.facebook.com\/acefootballdk\" \/>\n<meta property=\"article:published_time\" content=\"2020-10-29T11:25:55+00:00\" \/>\n<meta property=\"article:modified_time\" content=\"2020-10-29T11:25:56+00:00\" \/>\n<meta property=\"og:image\" content=\"https:\/\/acefootball.com\/da\/wp-content\/uploads\/sites\/2\/2020\/10\/Ace-7-2.jpg\" \/>\n\t<meta property=\"og:image:width\" content=\"1920\" \/>\n\t<meta property=\"og:image:height\" content=\"1008\" \/>\n\t<meta property=\"og:image:type\" content=\"image\/jpeg\" \/>\n<meta name=\"twitter:card\" content=\"summary_large_image\" \/>\n<meta name=\"twitter:label1\" content=\"Written by\" \/>\n\t<meta name=\"twitter:data1\" content=\"Mikki M\u00f8ller-Iversen\" \/>\n\t<meta name=\"twitter:label2\" content=\"Est. reading time\" \/>\n\t<meta name=\"twitter:data2\" content=\"1 minute\" \/>\n<script type=\"application\/ld+json\" class=\"yoast-schema-graph\">{\"@context\":\"https:\/\/schema.org\",\"@graph\":[{\"@type\":\"Organization\",\"@id\":\"https:\/\/acefootball.com\/da\/#organization\",\"name\":\"Ace Football\",\"url\":\"https:\/\/acefootball.com\/da\/\",\"sameAs\":[\"https:\/\/www.facebook.com\/acefootballdk\"],\"logo\":{\"@type\":\"ImageObject\",\"@id\":\"https:\/\/acefootball.com\/da\/#logo\",\"inLanguage\":\"en-US\",\"url\":\"https:\/\/acefootball.com\/da\/wp-content\/uploads\/sites\/2\/2020\/07\/Ace-Football-30-07-2020-2.png\",\"contentUrl\":\"https:\/\/acefootball.com\/da\/wp-content\/uploads\/sites\/2\/2020\/07\/Ace-Football-30-07-2020-2.png\",\"width\":1200,\"height\":600,\"caption\":\"Ace Football\"},\"image\":{\"@id\":\"https:\/\/acefootball.com\/da\/#logo\"}},{\"@type\":\"WebSite\",\"@id\":\"https:\/\/acefootball.com\/da\/#website\",\"url\":\"https:\/\/acefootball.com\/da\/\",\"name\":\"Ace Football Danmark\",\"description\":\"Nyheder, Spiltips &amp; Livescore\",\"publisher\":{\"@id\":\"https:\/\/acefootball.com\/da\/#organization\"},\"potentialAction\":[{\"@type\":\"SearchAction\",\"target\":{\"@type\":\"EntryPoint\",\"urlTemplate\":\"https:\/\/acefootball.com\/da\/?s={search_term_string}\"},\"query-input\":\"required name=search_term_string\"}],\"inLanguage\":\"en-US\"},{\"@type\":\"ImageObject\",\"@id\":\"https:\/\/acefootball.com\/da\/fodboldnyheder\/foerst-klopp-nu-fred-griner-af-journalists-pablo-escobar-moustache\/#primaryimage\",\"inLanguage\":\"en-US\",\"url\":\"https:\/\/acefootball.com\/da\/wp-content\/uploads\/sites\/2\/2020\/10\/Ace-7-2.jpg\",\"contentUrl\":\"https:\/\/acefootball.com\/da\/wp-content\/uploads\/sites\/2\/2020\/10\/Ace-7-2.jpg\",\"width\":1920,\"height\":1008},{\"@type\":\"WebPage\",\"@id\":\"https:\/\/acefootball.com\/da\/fodboldnyheder\/foerst-klopp-nu-fred-griner-af-journalists-pablo-escobar-moustache\/#webpage\",\"url\":\"https:\/\/acefootball.com\/da\/fodboldnyheder\/foerst-klopp-nu-fred-griner-af-journalists-pablo-escobar-moustache\/\",\"name\":\"F\u00f8rst Klopp, nu Fred: Griner af journalists \u201cPablo Escobar-moustache\u201d\",\"isPartOf\":{\"@id\":\"https:\/\/acefootball.com\/da\/#website\"},\"primaryImageOfPage\":{\"@id\":\"https:\/\/acefootball.com\/da\/fodboldnyheder\/foerst-klopp-nu-fred-griner-af-journalists-pablo-escobar-moustache\/#primaryimage\"},\"datePublished\":\"2020-10-29T11:25:55+00:00\",\"dateModified\":\"2020-10-29T11:25:56+00:00\",\"description\":\"Journalisten Fred Caldeira fik f\u00f8rst J\u00fcrgen Klopp til at grine af sit moustache, og nu er turen kommet til Manchester United-spilleren Fred\",\"breadcrumb\":{\"@id\":\"https:\/\/acefootball.com\/da\/fodboldnyheder\/foerst-klopp-nu-fred-griner-af-journalists-pablo-escobar-moustache\/#breadcrumb\"},\"inLanguage\":\"en-US\",\"potentialAction\":[{\"@type\":\"ReadAction\",\"target\":[\"https:\/\/acefootball.com\/da\/fodboldnyheder\/foerst-klopp-nu-fred-griner-af-journalists-pablo-escobar-moustache\/\"]}]},{\"@type\":\"BreadcrumbList\",\"@id\":\"https:\/\/acefootball.com\/da\/fodboldnyheder\/foerst-klopp-nu-fred-griner-af-journalists-pablo-escobar-moustache\/#breadcrumb\",\"itemListElement\":[{\"@type\":\"ListItem\",\"position\":1,\"name\":\"Home\",\"item\":\"https:\/\/acefootball.com\/da\/\"},{\"@type\":\"ListItem\",\"position\":2,\"name\":\"F\u00f8rst Klopp, nu Fred: Griner af journalists \u201cPablo Escobar-moustache\u201d\"}]},{\"@type\":\"Article\",\"@id\":\"https:\/\/acefootball.com\/da\/fodboldnyheder\/foerst-klopp-nu-fred-griner-af-journalists-pablo-escobar-moustache\/#article\",\"isPartOf\":{\"@id\":\"https:\/\/acefootball.com\/da\/fodboldnyheder\/foerst-klopp-nu-fred-griner-af-journalists-pablo-escobar-moustache\/#webpage\"},\"author\":{\"@id\":\"https:\/\/acefootball.com\/da\/#\/schema\/person\/017c0abe4a8e92938220bf6c097dda93\"},\"headline\":\"F\u00f8rst Klopp, nu Fred: Griner af journalists \u201cPablo Escobar-moustache\u201d\",\"datePublished\":\"2020-10-29T11:25:55+00:00\",\"dateModified\":\"2020-10-29T11:25:56+00:00\",\"mainEntityOfPage\":{\"@id\":\"https:\/\/acefootball.com\/da\/fodboldnyheder\/foerst-klopp-nu-fred-griner-af-journalists-pablo-escobar-moustache\/#webpage\"},\"wordCount\":136,\"commentCount\":0,\"publisher\":{\"@id\":\"https:\/\/acefootball.com\/da\/#organization\"},\"image\":{\"@id\":\"https:\/\/acefootball.com\/da\/fodboldnyheder\/foerst-klopp-nu-fred-griner-af-journalists-pablo-escobar-moustache\/#primaryimage\"},\"thumbnailUrl\":\"https:\/\/acefootball.com\/da\/wp-content\/uploads\/sites\/2\/2020\/10\/960-2.jpg\",\"keywords\":[\"Fred\",\"Manchester United\"],\"articleSection\":[\"Video\"],\"inLanguage\":\"en-US\",\"potentialAction\":[{\"@type\":\"CommentAction\",\"name\":\"Comment\",\"target\":[\"https:\/\/acefootball.com\/da\/fodboldnyheder\/foerst-klopp-nu-fred-griner-af-journalists-pablo-escobar-moustache\/#respond\"]}]},{\"@type\":\"Person\",\"@id\":\"https:\/\/acefootball.com\/da\/#\/schema\/person\/017c0abe4a8e92938220bf6c097dda93\",\"name\":\"Mikki M\u00f8ller-Iversen\",\"image\":{\"@type\":\"ImageObject\",\"@id\":\"https:\/\/acefootball.com\/da\/#personlogo\",\"inLanguage\":\"en-US\",\"url\":\"https:\/\/secure.gravatar.com\/avatar\/e05b419e8b5ae5fcf516800181b96aa2?s=96&d=mm&r=g\",\"contentUrl\":\"https:\/\/secure.gravatar.com\/avatar\/e05b419e8b5ae5fcf516800181b96aa2?s=96&d=mm&r=g\",\"caption\":\"Mikki M\u00f8ller-Iversen\"},\"description\":\"Social Media Manager and writer at Ace Football. Main focus on Danish football and special stories.\",\"sameAs\":[\"https:\/\/www.linkedin.com\/in\/mikki-mller-iversen-26a3a689\/\"],\"url\":\"https:\/\/acefootball.com\/da\/fodboldnyheder\/author\/mmironaldo\/\"}]}<\/script>\n<!-- \/ Yoast SEO plugin. -->","yoast_head_json":{"title":"F\u00f8rst Klopp, nu Fred: Griner af journalists \u201cPablo Escobar-moustache\u201d","description":"Journalisten Fred Caldeira fik f\u00f8rst J\u00fcrgen Klopp til at grine af sit moustache, og nu er turen kommet til Manchester United-spilleren Fred","robots":{"index":"index","follow":"follow","max-snippet":"max-snippet:-1","max-image-preview":"max-image-preview:large","max-video-preview":"max-video-preview:-1"},"canonical":"https:\/\/acefootball.com\/da\/fodboldnyheder\/foerst-klopp-nu-fred-griner-af-journalists-pablo-escobar-moustache\/","og_locale":"en_US","og_type":"article","og_title":"F\u00f8rst Klopp, nu Fred: Griner af journalists \u201cPablo Escobar-moustache\u201d","og_description":"Journalisten Fred Caldeira fik f\u00f8rst J\u00fcrgen Klopp til at grine af sit moustache, og nu er turen kommet til Manchester United-spilleren Fred","og_url":"https:\/\/acefootball.com\/da\/fodboldnyheder\/foerst-klopp-nu-fred-griner-af-journalists-pablo-escobar-moustache\/","og_site_name":"Ace Football Danmark","article_publisher":"https:\/\/www.facebook.com\/acefootballdk","article_published_time":"2020-10-29T11:25:55+00:00","article_modified_time":"2020-10-29T11:25:56+00:00","og_image":[{"width":1920,"height":1008,"url":"https:\/\/acefootball.com\/da\/wp-content\/uploads\/sites\/2\/2020\/10\/Ace-7-2.jpg","type":"image\/jpeg"}],"twitter_card":"summary_large_image","twitter_misc":{"Written by":"Mikki M\u00f8ller-Iversen","Est. reading time":"1 minute"},"schema":{"@context":"https:\/\/schema.org","@graph":[{"@type":"Organization","@id":"https:\/\/acefootball.com\/da\/#organization","name":"Ace Football","url":"https:\/\/acefootball.com\/da\/","sameAs":["https:\/\/www.facebook.com\/acefootballdk"],"logo":{"@type":"ImageObject","@id":"https:\/\/acefootball.com\/da\/#logo","inLanguage":"en-US","url":"https:\/\/acefootball.com\/da\/wp-content\/uploads\/sites\/2\/2020\/07\/Ace-Football-30-07-2020-2.png","contentUrl":"https:\/\/acefootball.com\/da\/wp-content\/uploads\/sites\/2\/2020\/07\/Ace-Football-30-07-2020-2.png","width":1200,"height":600,"caption":"Ace Football"},"image":{"@id":"https:\/\/acefootball.com\/da\/#logo"}},{"@type":"WebSite","@id":"https:\/\/acefootball.com\/da\/#website","url":"https:\/\/acefootball.com\/da\/","name":"Ace Football Danmark","description":"Nyheder, Spiltips &amp; Livescore","publisher":{"@id":"https:\/\/acefootball.com\/da\/#organization"},"potentialAction":[{"@type":"SearchAction","target":{"@type":"EntryPoint","urlTemplate":"https:\/\/acefootball.com\/da\/?s={search_term_string}"},"query-input":"required name=search_term_string"}],"inLanguage":"en-US"},{"@type":"ImageObject","@id":"https:\/\/acefootball.com\/da\/fodboldnyheder\/foerst-klopp-nu-fred-griner-af-journalists-pablo-escobar-moustache\/#primaryimage","inLanguage":"en-US","url":"https:\/\/acefootball.com\/da\/wp-content\/uploads\/sites\/2\/2020\/10\/Ace-7-2.jpg","contentUrl":"https:\/\/acefootball.com\/da\/wp-content\/uploads\/sites\/2\/2020\/10\/Ace-7-2.jpg","width":1920,"height":1008},{"@type":"WebPage","@id":"https:\/\/acefootball.com\/da\/fodboldnyheder\/foerst-klopp-nu-fred-griner-af-journalists-pablo-escobar-moustache\/#webpage","url":"https:\/\/acefootball.com\/da\/fodboldnyheder\/foerst-klopp-nu-fred-griner-af-journalists-pablo-escobar-moustache\/","name":"F\u00f8rst Klopp, nu Fred: Griner af journalists \u201cPablo Escobar-moustache\u201d","isPartOf":{"@id":"https:\/\/acefootball.com\/da\/#website"},"primaryImageOfPage":{"@id":"https:\/\/acefootball.com\/da\/fodboldnyheder\/foerst-klopp-nu-fred-griner-af-journalists-pablo-escobar-moustache\/#primaryimage"},"datePublished":"2020-10-29T11:25:55+00:00","dateModified":"2020-10-29T11:25:56+00:00","description":"Journalisten Fred Caldeira fik f\u00f8rst J\u00fcrgen Klopp til at grine af sit moustache, og nu er turen kommet til Manchester United-spilleren Fred","breadcrumb":{"@id":"https:\/\/acefootball.com\/da\/fodboldnyheder\/foerst-klopp-nu-fred-griner-af-journalists-pablo-escobar-moustache\/#breadcrumb"},"inLanguage":"en-US","potentialAction":[{"@type":"ReadAction","target":["https:\/\/acefootball.com\/da\/fodboldnyheder\/foerst-klopp-nu-fred-griner-af-journalists-pablo-escobar-moustache\/"]}]},{"@type":"BreadcrumbList","@id":"https:\/\/acefootball.com\/da\/fodboldnyheder\/foerst-klopp-nu-fred-griner-af-journalists-pablo-escobar-moustache\/#breadcrumb","itemListElement":[{"@type":"ListItem","position":1,"name":"Home","item":"https:\/\/acefootball.com\/da\/"},{"@type":"ListItem","position":2,"name":"F\u00f8rst Klopp, nu Fred: Griner af journalists \u201cPablo Escobar-moustache\u201d"}]},{"@type":"Article","@id":"https:\/\/acefootball.com\/da\/fodboldnyheder\/foerst-klopp-nu-fred-griner-af-journalists-pablo-escobar-moustache\/#article","isPartOf":{"@id":"https:\/\/acefootball.com\/da\/fodboldnyheder\/foerst-klopp-nu-fred-griner-af-journalists-pablo-escobar-moustache\/#webpage"},"author":{"@id":"https:\/\/acefootball.com\/da\/#\/schema\/person\/017c0abe4a8e92938220bf6c097dda93"},"headline":"F\u00f8rst Klopp, nu Fred: Griner af journalists \u201cPablo Escobar-moustache\u201d","datePublished":"2020-10-29T11:25:55+00:00","dateModified":"2020-10-29T11:25:56+00:00","mainEntityOfPage":{"@id":"https:\/\/acefootball.com\/da\/fodboldnyheder\/foerst-klopp-nu-fred-griner-af-journalists-pablo-escobar-moustache\/#webpage"},"wordCount":136,"commentCount":0,"publisher":{"@id":"https:\/\/acefootball.com\/da\/#organization"},"image":{"@id":"https:\/\/acefootball.com\/da\/fodboldnyheder\/foerst-klopp-nu-fred-griner-af-journalists-pablo-escobar-moustache\/#primaryimage"},"thumbnailUrl":"https:\/\/acefootball.com\/da\/wp-content\/uploads\/sites\/2\/2020\/10\/960-2.jpg","keywords":["Fred","Manchester United"],"articleSection":["Video"],"inLanguage":"en-US","potentialAction":[{"@type":"CommentAction","name":"Comment","target":["https:\/\/acefootball.com\/da\/fodboldnyheder\/foerst-klopp-nu-fred-griner-af-journalists-pablo-escobar-moustache\/#respond"]}]},{"@type":"Person","@id":"https:\/\/acefootball.com\/da\/#\/schema\/person\/017c0abe4a8e92938220bf6c097dda93","name":"Mikki M\u00f8ller-Iversen","image":{"@type":"ImageObject","@id":"https:\/\/acefootball.com\/da\/#personlogo","inLanguage":"en-US","url":"https:\/\/secure.gravatar.com\/avatar\/e05b419e8b5ae5fcf516800181b96aa2?s=96&d=mm&r=g","contentUrl":"https:\/\/secure.gravatar.com\/avatar\/e05b419e8b5ae5fcf516800181b96aa2?s=96&d=mm&r=g","caption":"Mikki M\u00f8ller-Iversen"},"description":"Social Media Manager and writer at Ace Football. Main focus on Danish football and special stories.","sameAs":["https:\/\/www.linkedin.com\/in\/mikki-mller-iversen-26a3a689\/"],"url":"https:\/\/acefootball.com\/da\/fodboldnyheder\/author\/mmironaldo\/"}]}},"fimg_url":"https:\/\/acefootball.com\/da\/wp-content\/uploads\/sites\/2\/2020\/10\/960-2.jpg","_links":{"self":[{"href":"https:\/\/acefootball.com\/da\/wp-json\/wp\/v2\/posts\/241705"}],"collection":[{"href":"https:\/\/acefootball.com\/da\/wp-json\/wp\/v2\/posts"}],"about":[{"href":"https:\/\/acefootball.com\/da\/wp-json\/wp\/v2\/types\/post"}],"author":[{"embeddable":true,"href":"https:\/\/acefootball.com\/da\/wp-json\/wp\/v2\/users\/43"}],"replies":[{"embeddable":true,"href":"https:\/\/acefootball.com\/da\/wp-json\/wp\/v2\/comments?post=241705"}],"version-history":[{"count":0,"href":"https:\/\/acefootball.com\/da\/wp-json\/wp\/v2\/posts\/241705\/revisions"}],"wp:featuredmedia":[{"embeddable":true,"href":"https:\/\/acefootball.com\/da\/wp-json\/wp\/v2\/media\/241708"}],"wp:attachment":[{"href":"https:\/\/acefootball.com\/da\/wp-json\/wp\/v2\/media?parent=241705"}],"wp:term":[{"taxonomy":"category","embeddable":true,"href":"https:\/\/acefootball.com\/da\/wp-json\/wp\/v2\/categories?post=241705"},{"taxonomy":"post_tag","embeddable":true,"href":"https:\/\/acefootball.com\/da\/wp-json\/wp\/v2\/tags?post=241705"}],"curies":[{"name":"wp","href":"https:\/\/api.w.org\/{rel}","templated":true}]}}