{"id":241644,"date":"2020-10-28T22:20:52","date_gmt":"2020-10-28T21:20:52","guid":{"rendered":"https:\/\/acefootball.com\/da\/?p=241644"},"modified":"2020-10-28T22:22:26","modified_gmt":"2020-10-28T21:22:26","slug":"medie-kuglestoed-bag-anonym-james-praestation","status":"publish","type":"post","link":"https:\/\/acefootball.com\/da\/fodboldnyheder\/medie-kuglestoed-bag-anonym-james-praestation\/","title":{"rendered":"Medie: Kuglest\u00f8d bag anonym James-pr\u00e6station"},"content":{"rendered":"\n<h2 id=\"h-if-lge-marca-har-james-rodriguez-stadig-problemer-med-de-dlere-dele-efter-et-sammenst-d-med-virgil-van-dijk-i-merseyside-derbyet\">If\u00f8lge Marca har James Rodriguez stadig problemer med de \u00e6dlere dele efter et sammenst\u00f8d med Virgil van Dijk i Merseyside-derbyet<\/h2>\n\n\n\n<div class=\"wp-block-si-widget wp-block-si-widget--center\"><si-lb-widget widget-id=\"MatchInfoWithOddsV2\" data-nopadding=\"true\" data-across-all-tournaments=\"false\" data-limit=\"5\" width=\"440\" data-event-id=\"3411406\" data-card=\"true\" data-theme-appearance=\"dark\"><\/si-lb-widget><\/div>\n\n\n\n<p>Everton har v\u00e6ret fyr og flamme hidtil i Premier League, og det har ikke mindst skyldtes en James Rodr\u00edguez, der for alvor har fundet spillegl\u00e6den frem efter skiftet fra Real Madrid.<\/p>\n\n\n\n<p>Den colombianske playmaker har i de f\u00f8rste seks kampe leveret tre m\u00e5l og lige s\u00e5 mange opl\u00e6g, men i s\u00f8ndags kom James og holdkammeraterne ned p\u00e5 jorden.<\/p>\n\n\n\n<p>Her blev det til s\u00e6sonens f\u00f8rste nederlag, da man bes\u00f8gte Southampton, og det var da ogs\u00e5 med en ganske anonym James Rodr\u00edguez p\u00e5 banen.<\/p>\n\n\n\n<p>Den d\u00e5rlige pr\u00e6station skyldes dog, at James stadig d\u00f8jer med en skade, han p\u00e5drog sig i Merseyside-derbyet mod Liverpool for mere end to uger siden. Det skriver <a href=\"https:\/\/www.marca.com\/en\/football\/international-football\/2020\/10\/28\/5f99d5a746163f157a8b458a.html\" target=\"_blank\" rel=\"noreferrer noopener\">Marca<\/a>.<\/p>\n\n\n\n<figure class=\"wp-block-embed-twitter wp-block-embed is-type-rich is-provider-twitter\"><div class=\"wp-block-embed__wrapper\">\n<blockquote class=\"twitter-tweet\" data-width=\"550\" data-dnt=\"true\"><p lang=\"es\" dir=\"ltr\">\u26bd\ufe0f\ud83c\udfa5 As\u00ed se lesion\u00f3 James Rodr\u00edguez tras su choque con Virgil van Dijk en el <a href=\"https:\/\/twitter.com\/hashtag\/Everton?src=hash&amp;ref_src=twsrc%5Etfw\">#Everton<\/a> 2-2 <a href=\"https:\/\/twitter.com\/hashtag\/Liverpool?src=hash&amp;ref_src=twsrc%5Etfw\">#Liverpool<\/a>. <a href=\"https:\/\/t.co\/gK7RzM9exG\">pic.twitter.com\/gK7RzM9exG<\/a><\/p>&mdash; Pipe Sierra (@PipeSierraR) <a href=\"https:\/\/twitter.com\/PipeSierraR\/status\/1319254658448302080?ref_src=twsrc%5Etfw\">October 22, 2020<\/a><\/blockquote><script async src=\"https:\/\/platform.twitter.com\/widgets.js\" charset=\"utf-8\"><\/script>\n<\/div><\/figure>\n\n\n\n<p>Her st\u00f8dte han sammen med Virgil van Dijk, der fik placeret et kn\u00e6 p\u00e5 et \u00f8mt sted mellem benene p\u00e5 Everton-spilleren, og det er James endnu ikke kommet sig over.<\/p>\n\n\n\n<p>Det har endda st\u00e5et s\u00e5 slemt til, at det har givet colombianeren en bet\u00e6ndelsestilstand, som han ventes ogs\u00e5 at skulle bruge de kommende dage p\u00e5 at komme sig helt over.<\/p>\n\n\n\n<p>Det l\u00e5 da heller ikke i kortene, at Everton-stjernen skulle spille kampen. Det havde cheftr\u00e6ner Carlo Ancelotti allerede meldt ud inden, men James k\u00e6mpede sig alligevel i gennem de 90 minutter.<\/p>\n","protected":false},"excerpt":{"rendered":"<p>If\u00f8lge Marca har James Rodriguez stadig problemer med de \u00e6dlere dele efter et sammenst\u00f8d med Virgil van Dijk i Merseyside-derbyet<\/p>\n","protected":false},"author":705,"featured_media":241646,"comment_status":"open","ping_status":"closed","sticky":false,"template":"","format":"standard","meta":{"om_disable_all_campaigns":false,"push_articles_ronaldo":{"active":false,"canonical":0,"publish":false},"force_updates":null},"categories":[1],"tags":[212,86,134],"enet_tags":{"team":["8668"],"player":["164684"],"league":["47"],"sport_events":[3411406]},"yoast_head":"<!-- This site is optimized with the Yoast SEO plugin v18.3 - https:\/\/yoast.com\/wordpress\/plugins\/seo\/ -->\n<title>Medie: Kuglest\u00f8d bag anonym James-pr\u00e6station<\/title>\n<meta name=\"description\" content=\"If\u00f8lge Marca har James Rodriguez stadig problemer med de \u00e6dlere dele efter et sammenst\u00f8d med Virgil van Dijk i Merseyside-derbyet\" \/>\n<meta name=\"robots\" content=\"index, follow, max-snippet:-1, max-image-preview:large, max-video-preview:-1\" \/>\n<link rel=\"canonical\" href=\"https:\/\/acefootball.com\/da\/fodboldnyheder\/medie-kuglestoed-bag-anonym-james-praestation\/\" \/>\n<meta property=\"og:locale\" content=\"en_US\" \/>\n<meta property=\"og:type\" content=\"article\" \/>\n<meta property=\"og:title\" content=\"Medie: Kuglest\u00f8d bag anonym James-pr\u00e6station\" \/>\n<meta property=\"og:description\" content=\"If\u00f8lge Marca har James Rodriguez stadig problemer med de \u00e6dlere dele efter et sammenst\u00f8d med Virgil van Dijk i Merseyside-derbyet\" \/>\n<meta property=\"og:url\" content=\"https:\/\/acefootball.com\/da\/fodboldnyheder\/medie-kuglestoed-bag-anonym-james-praestation\/\" \/>\n<meta property=\"og:site_name\" content=\"Ace Football Danmark\" \/>\n<meta property=\"article:publisher\" content=\"https:\/\/www.facebook.com\/acefootballdk\" \/>\n<meta property=\"article:published_time\" content=\"2020-10-28T21:20:52+00:00\" \/>\n<meta property=\"article:modified_time\" content=\"2020-10-28T21:22:26+00:00\" \/>\n<meta property=\"og:image\" content=\"https:\/\/acefootball.com\/da\/wp-content\/uploads\/sites\/2\/2020\/10\/Ace-5-1.jpg\" \/>\n\t<meta property=\"og:image:width\" content=\"1920\" \/>\n\t<meta property=\"og:image:height\" content=\"1008\" \/>\n\t<meta property=\"og:image:type\" content=\"image\/jpeg\" \/>\n<meta name=\"twitter:card\" content=\"summary_large_image\" \/>\n<meta name=\"twitter:label1\" content=\"Written by\" \/>\n\t<meta name=\"twitter:data1\" content=\"Mads Dreyer\" \/>\n\t<meta name=\"twitter:label2\" content=\"Est. reading time\" \/>\n\t<meta name=\"twitter:data2\" content=\"1 minute\" \/>\n<script type=\"application\/ld+json\" class=\"yoast-schema-graph\">{\"@context\":\"https:\/\/schema.org\",\"@graph\":[{\"@type\":\"Organization\",\"@id\":\"https:\/\/acefootball.com\/da\/#organization\",\"name\":\"Ace Football\",\"url\":\"https:\/\/acefootball.com\/da\/\",\"sameAs\":[\"https:\/\/www.facebook.com\/acefootballdk\"],\"logo\":{\"@type\":\"ImageObject\",\"@id\":\"https:\/\/acefootball.com\/da\/#logo\",\"inLanguage\":\"en-US\",\"url\":\"https:\/\/acefootball.com\/da\/wp-content\/uploads\/sites\/2\/2020\/07\/Ace-Football-30-07-2020-2.png\",\"contentUrl\":\"https:\/\/acefootball.com\/da\/wp-content\/uploads\/sites\/2\/2020\/07\/Ace-Football-30-07-2020-2.png\",\"width\":1200,\"height\":600,\"caption\":\"Ace Football\"},\"image\":{\"@id\":\"https:\/\/acefootball.com\/da\/#logo\"}},{\"@type\":\"WebSite\",\"@id\":\"https:\/\/acefootball.com\/da\/#website\",\"url\":\"https:\/\/acefootball.com\/da\/\",\"name\":\"Ace Football Danmark\",\"description\":\"Nyheder, Spiltips &amp; Livescore\",\"publisher\":{\"@id\":\"https:\/\/acefootball.com\/da\/#organization\"},\"potentialAction\":[{\"@type\":\"SearchAction\",\"target\":{\"@type\":\"EntryPoint\",\"urlTemplate\":\"https:\/\/acefootball.com\/da\/?s={search_term_string}\"},\"query-input\":\"required name=search_term_string\"}],\"inLanguage\":\"en-US\"},{\"@type\":\"ImageObject\",\"@id\":\"https:\/\/acefootball.com\/da\/fodboldnyheder\/medie-kuglestoed-bag-anonym-james-praestation\/#primaryimage\",\"inLanguage\":\"en-US\",\"url\":\"https:\/\/acefootball.com\/da\/wp-content\/uploads\/sites\/2\/2020\/10\/Ace-5-1.jpg\",\"contentUrl\":\"https:\/\/acefootball.com\/da\/wp-content\/uploads\/sites\/2\/2020\/10\/Ace-5-1.jpg\",\"width\":1920,\"height\":1008,\"caption\":\"LIVERPOOL, ENGLAND - OCTOBER 17: James Rodriguez of Everton reacts during the Premier League match between Everton and Liverpool at Goodison Park on October 17, 2020 in Liverpool, England. Sporting stadiums around the UK remain under strict restrictions due to the Coronavirus Pandemic as Government social distancing laws prohibit fans inside venues resulting in games being played behind closed doors. (Photo by Catherine Ivill\/Getty Images)\"},{\"@type\":\"WebPage\",\"@id\":\"https:\/\/acefootball.com\/da\/fodboldnyheder\/medie-kuglestoed-bag-anonym-james-praestation\/#webpage\",\"url\":\"https:\/\/acefootball.com\/da\/fodboldnyheder\/medie-kuglestoed-bag-anonym-james-praestation\/\",\"name\":\"Medie: Kuglest\u00f8d bag anonym James-pr\u00e6station\",\"isPartOf\":{\"@id\":\"https:\/\/acefootball.com\/da\/#website\"},\"primaryImageOfPage\":{\"@id\":\"https:\/\/acefootball.com\/da\/fodboldnyheder\/medie-kuglestoed-bag-anonym-james-praestation\/#primaryimage\"},\"datePublished\":\"2020-10-28T21:20:52+00:00\",\"dateModified\":\"2020-10-28T21:22:26+00:00\",\"description\":\"If\u00f8lge Marca har James Rodriguez stadig problemer med de \u00e6dlere dele efter et sammenst\u00f8d med Virgil van Dijk i Merseyside-derbyet\",\"breadcrumb\":{\"@id\":\"https:\/\/acefootball.com\/da\/fodboldnyheder\/medie-kuglestoed-bag-anonym-james-praestation\/#breadcrumb\"},\"inLanguage\":\"en-US\",\"potentialAction\":[{\"@type\":\"ReadAction\",\"target\":[\"https:\/\/acefootball.com\/da\/fodboldnyheder\/medie-kuglestoed-bag-anonym-james-praestation\/\"]}]},{\"@type\":\"BreadcrumbList\",\"@id\":\"https:\/\/acefootball.com\/da\/fodboldnyheder\/medie-kuglestoed-bag-anonym-james-praestation\/#breadcrumb\",\"itemListElement\":[{\"@type\":\"ListItem\",\"position\":1,\"name\":\"Home\",\"item\":\"https:\/\/acefootball.com\/da\/\"},{\"@type\":\"ListItem\",\"position\":2,\"name\":\"Medie: Kuglest\u00f8d bag anonym James-pr\u00e6station\"}]},{\"@type\":\"Article\",\"@id\":\"https:\/\/acefootball.com\/da\/fodboldnyheder\/medie-kuglestoed-bag-anonym-james-praestation\/#article\",\"isPartOf\":{\"@id\":\"https:\/\/acefootball.com\/da\/fodboldnyheder\/medie-kuglestoed-bag-anonym-james-praestation\/#webpage\"},\"author\":{\"@id\":\"https:\/\/acefootball.com\/da\/#\/schema\/person\/ee67e9cf04a276f144100ffa722f10cd\"},\"headline\":\"Medie: Kuglest\u00f8d bag anonym James-pr\u00e6station\",\"datePublished\":\"2020-10-28T21:20:52+00:00\",\"dateModified\":\"2020-10-28T21:22:26+00:00\",\"mainEntityOfPage\":{\"@id\":\"https:\/\/acefootball.com\/da\/fodboldnyheder\/medie-kuglestoed-bag-anonym-james-praestation\/#webpage\"},\"wordCount\":254,\"commentCount\":0,\"publisher\":{\"@id\":\"https:\/\/acefootball.com\/da\/#organization\"},\"image\":{\"@id\":\"https:\/\/acefootball.com\/da\/fodboldnyheder\/medie-kuglestoed-bag-anonym-james-praestation\/#primaryimage\"},\"thumbnailUrl\":\"https:\/\/acefootball.com\/da\/wp-content\/uploads\/sites\/2\/2020\/10\/GettyImages-1280744088.jpg\",\"keywords\":[\"Everton\",\"James Rodr\u00edguez\",\"Premier League\"],\"articleSection\":[\"Nyhed\"],\"inLanguage\":\"en-US\",\"potentialAction\":[{\"@type\":\"CommentAction\",\"name\":\"Comment\",\"target\":[\"https:\/\/acefootball.com\/da\/fodboldnyheder\/medie-kuglestoed-bag-anonym-james-praestation\/#respond\"]}]},{\"@type\":\"Person\",\"@id\":\"https:\/\/acefootball.com\/da\/#\/schema\/person\/ee67e9cf04a276f144100ffa722f10cd\",\"name\":\"Mads Dreyer\",\"image\":{\"@type\":\"ImageObject\",\"@id\":\"https:\/\/acefootball.com\/da\/#personlogo\",\"inLanguage\":\"en-US\",\"url\":\"https:\/\/secure.gravatar.com\/avatar\/7c7abf72cfde9902b6a60efe60c88d4c?s=96&d=mm&r=g\",\"contentUrl\":\"https:\/\/secure.gravatar.com\/avatar\/7c7abf72cfde9902b6a60efe60c88d4c?s=96&d=mm&r=g\",\"caption\":\"Mads Dreyer\"},\"description\":\"Skribent og fodboldn\u00f8rd, der lige nu fort\u00e6ller om alt og intet i fodboldverdenen p\u00e5 acefootball.com. Uddannet i kommunikation fra Aalborg Universitet.\",\"sameAs\":[\"https:\/\/www.linkedin.com\/in\/mads-dreyer-b9b08266\/\"],\"url\":\"https:\/\/acefootball.com\/da\/fodboldnyheder\/author\/mdnronaldo\/\"}]}<\/script>\n<!-- \/ Yoast SEO plugin. -->","yoast_head_json":{"title":"Medie: Kuglest\u00f8d bag anonym James-pr\u00e6station","description":"If\u00f8lge Marca har James Rodriguez stadig problemer med de \u00e6dlere dele efter et sammenst\u00f8d med Virgil van Dijk i Merseyside-derbyet","robots":{"index":"index","follow":"follow","max-snippet":"max-snippet:-1","max-image-preview":"max-image-preview:large","max-video-preview":"max-video-preview:-1"},"canonical":"https:\/\/acefootball.com\/da\/fodboldnyheder\/medie-kuglestoed-bag-anonym-james-praestation\/","og_locale":"en_US","og_type":"article","og_title":"Medie: Kuglest\u00f8d bag anonym James-pr\u00e6station","og_description":"If\u00f8lge Marca har James Rodriguez stadig problemer med de \u00e6dlere dele efter et sammenst\u00f8d med Virgil van Dijk i Merseyside-derbyet","og_url":"https:\/\/acefootball.com\/da\/fodboldnyheder\/medie-kuglestoed-bag-anonym-james-praestation\/","og_site_name":"Ace Football Danmark","article_publisher":"https:\/\/www.facebook.com\/acefootballdk","article_published_time":"2020-10-28T21:20:52+00:00","article_modified_time":"2020-10-28T21:22:26+00:00","og_image":[{"width":1920,"height":1008,"url":"https:\/\/acefootball.com\/da\/wp-content\/uploads\/sites\/2\/2020\/10\/Ace-5-1.jpg","type":"image\/jpeg"}],"twitter_card":"summary_large_image","twitter_misc":{"Written by":"Mads Dreyer","Est. reading time":"1 minute"},"schema":{"@context":"https:\/\/schema.org","@graph":[{"@type":"Organization","@id":"https:\/\/acefootball.com\/da\/#organization","name":"Ace Football","url":"https:\/\/acefootball.com\/da\/","sameAs":["https:\/\/www.facebook.com\/acefootballdk"],"logo":{"@type":"ImageObject","@id":"https:\/\/acefootball.com\/da\/#logo","inLanguage":"en-US","url":"https:\/\/acefootball.com\/da\/wp-content\/uploads\/sites\/2\/2020\/07\/Ace-Football-30-07-2020-2.png","contentUrl":"https:\/\/acefootball.com\/da\/wp-content\/uploads\/sites\/2\/2020\/07\/Ace-Football-30-07-2020-2.png","width":1200,"height":600,"caption":"Ace Football"},"image":{"@id":"https:\/\/acefootball.com\/da\/#logo"}},{"@type":"WebSite","@id":"https:\/\/acefootball.com\/da\/#website","url":"https:\/\/acefootball.com\/da\/","name":"Ace Football Danmark","description":"Nyheder, Spiltips &amp; Livescore","publisher":{"@id":"https:\/\/acefootball.com\/da\/#organization"},"potentialAction":[{"@type":"SearchAction","target":{"@type":"EntryPoint","urlTemplate":"https:\/\/acefootball.com\/da\/?s={search_term_string}"},"query-input":"required name=search_term_string"}],"inLanguage":"en-US"},{"@type":"ImageObject","@id":"https:\/\/acefootball.com\/da\/fodboldnyheder\/medie-kuglestoed-bag-anonym-james-praestation\/#primaryimage","inLanguage":"en-US","url":"https:\/\/acefootball.com\/da\/wp-content\/uploads\/sites\/2\/2020\/10\/Ace-5-1.jpg","contentUrl":"https:\/\/acefootball.com\/da\/wp-content\/uploads\/sites\/2\/2020\/10\/Ace-5-1.jpg","width":1920,"height":1008,"caption":"LIVERPOOL, ENGLAND - OCTOBER 17: James Rodriguez of Everton reacts during the Premier League match between Everton and Liverpool at Goodison Park on October 17, 2020 in Liverpool, England. Sporting stadiums around the UK remain under strict restrictions due to the Coronavirus Pandemic as Government social distancing laws prohibit fans inside venues resulting in games being played behind closed doors. (Photo by Catherine Ivill\/Getty Images)"},{"@type":"WebPage","@id":"https:\/\/acefootball.com\/da\/fodboldnyheder\/medie-kuglestoed-bag-anonym-james-praestation\/#webpage","url":"https:\/\/acefootball.com\/da\/fodboldnyheder\/medie-kuglestoed-bag-anonym-james-praestation\/","name":"Medie: Kuglest\u00f8d bag anonym James-pr\u00e6station","isPartOf":{"@id":"https:\/\/acefootball.com\/da\/#website"},"primaryImageOfPage":{"@id":"https:\/\/acefootball.com\/da\/fodboldnyheder\/medie-kuglestoed-bag-anonym-james-praestation\/#primaryimage"},"datePublished":"2020-10-28T21:20:52+00:00","dateModified":"2020-10-28T21:22:26+00:00","description":"If\u00f8lge Marca har James Rodriguez stadig problemer med de \u00e6dlere dele efter et sammenst\u00f8d med Virgil van Dijk i Merseyside-derbyet","breadcrumb":{"@id":"https:\/\/acefootball.com\/da\/fodboldnyheder\/medie-kuglestoed-bag-anonym-james-praestation\/#breadcrumb"},"inLanguage":"en-US","potentialAction":[{"@type":"ReadAction","target":["https:\/\/acefootball.com\/da\/fodboldnyheder\/medie-kuglestoed-bag-anonym-james-praestation\/"]}]},{"@type":"BreadcrumbList","@id":"https:\/\/acefootball.com\/da\/fodboldnyheder\/medie-kuglestoed-bag-anonym-james-praestation\/#breadcrumb","itemListElement":[{"@type":"ListItem","position":1,"name":"Home","item":"https:\/\/acefootball.com\/da\/"},{"@type":"ListItem","position":2,"name":"Medie: Kuglest\u00f8d bag anonym James-pr\u00e6station"}]},{"@type":"Article","@id":"https:\/\/acefootball.com\/da\/fodboldnyheder\/medie-kuglestoed-bag-anonym-james-praestation\/#article","isPartOf":{"@id":"https:\/\/acefootball.com\/da\/fodboldnyheder\/medie-kuglestoed-bag-anonym-james-praestation\/#webpage"},"author":{"@id":"https:\/\/acefootball.com\/da\/#\/schema\/person\/ee67e9cf04a276f144100ffa722f10cd"},"headline":"Medie: Kuglest\u00f8d bag anonym James-pr\u00e6station","datePublished":"2020-10-28T21:20:52+00:00","dateModified":"2020-10-28T21:22:26+00:00","mainEntityOfPage":{"@id":"https:\/\/acefootball.com\/da\/fodboldnyheder\/medie-kuglestoed-bag-anonym-james-praestation\/#webpage"},"wordCount":254,"commentCount":0,"publisher":{"@id":"https:\/\/acefootball.com\/da\/#organization"},"image":{"@id":"https:\/\/acefootball.com\/da\/fodboldnyheder\/medie-kuglestoed-bag-anonym-james-praestation\/#primaryimage"},"thumbnailUrl":"https:\/\/acefootball.com\/da\/wp-content\/uploads\/sites\/2\/2020\/10\/GettyImages-1280744088.jpg","keywords":["Everton","James Rodr\u00edguez","Premier League"],"articleSection":["Nyhed"],"inLanguage":"en-US","potentialAction":[{"@type":"CommentAction","name":"Comment","target":["https:\/\/acefootball.com\/da\/fodboldnyheder\/medie-kuglestoed-bag-anonym-james-praestation\/#respond"]}]},{"@type":"Person","@id":"https:\/\/acefootball.com\/da\/#\/schema\/person\/ee67e9cf04a276f144100ffa722f10cd","name":"Mads Dreyer","image":{"@type":"ImageObject","@id":"https:\/\/acefootball.com\/da\/#personlogo","inLanguage":"en-US","url":"https:\/\/secure.gravatar.com\/avatar\/7c7abf72cfde9902b6a60efe60c88d4c?s=96&d=mm&r=g","contentUrl":"https:\/\/secure.gravatar.com\/avatar\/7c7abf72cfde9902b6a60efe60c88d4c?s=96&d=mm&r=g","caption":"Mads Dreyer"},"description":"Skribent og fodboldn\u00f8rd, der lige nu fort\u00e6ller om alt og intet i fodboldverdenen p\u00e5 acefootball.com. Uddannet i kommunikation fra Aalborg Universitet.","sameAs":["https:\/\/www.linkedin.com\/in\/mads-dreyer-b9b08266\/"],"url":"https:\/\/acefootball.com\/da\/fodboldnyheder\/author\/mdnronaldo\/"}]}},"fimg_url":"https:\/\/acefootball.com\/da\/wp-content\/uploads\/sites\/2\/2020\/10\/GettyImages-1280744088.jpg","_links":{"self":[{"href":"https:\/\/acefootball.com\/da\/wp-json\/wp\/v2\/posts\/241644"}],"collection":[{"href":"https:\/\/acefootball.com\/da\/wp-json\/wp\/v2\/posts"}],"about":[{"href":"https:\/\/acefootball.com\/da\/wp-json\/wp\/v2\/types\/post"}],"author":[{"embeddable":true,"href":"https:\/\/acefootball.com\/da\/wp-json\/wp\/v2\/users\/705"}],"replies":[{"embeddable":true,"href":"https:\/\/acefootball.com\/da\/wp-json\/wp\/v2\/comments?post=241644"}],"version-history":[{"count":0,"href":"https:\/\/acefootball.com\/da\/wp-json\/wp\/v2\/posts\/241644\/revisions"}],"wp:featuredmedia":[{"embeddable":true,"href":"https:\/\/acefootball.com\/da\/wp-json\/wp\/v2\/media\/241646"}],"wp:attachment":[{"href":"https:\/\/acefootball.com\/da\/wp-json\/wp\/v2\/media?parent=241644"}],"wp:term":[{"taxonomy":"category","embeddable":true,"href":"https:\/\/acefootball.com\/da\/wp-json\/wp\/v2\/categories?post=241644"},{"taxonomy":"post_tag","embeddable":true,"href":"https:\/\/acefootball.com\/da\/wp-json\/wp\/v2\/tags?post=241644"}],"curies":[{"name":"wp","href":"https:\/\/api.w.org\/{rel}","templated":true}]}}