{"id":241633,"date":"2020-10-28T19:56:39","date_gmt":"2020-10-28T18:56:39","guid":{"rendered":"https:\/\/acefootball.com\/da\/?p=241633"},"modified":"2020-10-28T20:10:43","modified_gmt":"2020-10-28T19:10:43","slug":"neymar-udgaar-af-champions-league-kamp","status":"publish","type":"post","link":"https:\/\/acefootball.com\/da\/fodboldnyheder\/neymar-udgaar-af-champions-league-kamp\/","title":{"rendered":"Neymar udg\u00e5r af Champions League-kamp"},"content":{"rendered":"\n<h2 id=\"h-neymar-er-blevet-pillet-ud-af-psg-s-champions-league-kamp-mod-basaksehir-midt-i-f-rste-halvleg-grundet-en-skade\">Neymar er blevet pillet ud af PSG&#8217;s Champions League-kamp mod Basaksehir midt i f\u00f8rste halvleg grundet en skade<\/h2>\n\n\n\n<div class=\"wp-block-si-widget wp-block-si-widget--center\"><si-lb-widget widget-id=\"MatchInfoWithOdds\" data-nopadding=\"true\" data-card=\"true\" width=\"440\" data-event-id=\"3462202\" data-provider=\"mrgreen\" data-theme-appearance=\"dark\"><\/si-lb-widget><\/div>\n\n\n\n<p>PSG er i vanskeligheder i Champions League, efter man tabte \u00e5bningskampen p\u00e5 hjemmebane til Manchester United, og derfor vil tre point lune mod Basaksehir.<\/p>\n\n\n\n<p>Der er dog g\u00e5et grus i maskineriet, da Neymar m\u00e5tte udg\u00e5 efter kun 26 minutters spil. Den brasilianske boldkunstner gik direkte i spillertunnellen.<\/p>\n\n\n\n\n        <div class=\"svf-video-single only-video\">\n            <div class=\"svf-video-container svf-embedded embedded\">\n                <script>(function(){const el = document.createElement('iframe');el.allow = 'autoplay';el.frameBorder = '0';el.classList.add('svf-video');el.allowFullscreen = true;document.currentScript.parentNode.style.display = 'none';el.src = \"https:\/\/www.viafree.dk\/embed\/sport\/id\/00133cd6-950b-4fc6-8103-f67b4fdc2b4c?partnerId=a788403f-2c83-488f-adb0-2650ac7278a3\";el.addEventListener( 'load', function(){ this.parentNode.style.display = ''; });document.currentScript.parentNode.insertBefore(el, document.currentScript.nextSibling);})();<\/script>\n                <noscript><iframe allow=\"autoplay\" allowfullscreen frameborder=\"0\" class=\"svf-video\" src=\"https:\/\/www.viafree.dk\/embed\/sport\/id\/00133cd6-950b-4fc6-8103-f67b4fdc2b4c?partnerId=a788403f-2c83-488f-adb0-2650ac7278a3\"><\/iframe><\/noscript>\n            <\/div>\n                    <\/div>\n        \n\n\n\n<p><\/p>\n\n\n\n<p>Neymar havde et par minutter inden v\u00e6ret til behandling for problemer med bent\u00f8jet men m\u00e5tte i sidste ende lade sig udskifte til fordel for Pablo Sarabia.<\/p>\n","protected":false},"excerpt":{"rendered":"<p>Neymar er blevet pillet ud af PSG&#8217;s Champions League-kamp mod Basaksehir midt i f\u00f8rste halvleg grundet en skade<\/p>\n","protected":false},"author":705,"featured_media":237159,"comment_status":"open","ping_status":"closed","sticky":false,"template":"","format":"video","meta":{"om_disable_all_campaigns":false,"push_articles_ronaldo":{"active":false,"canonical":0,"publish":false},"force_updates":null},"categories":[1],"tags":[206,189,461],"enet_tags":{"league":["42"],"player":["19533"],"team":["9847"],"sport_events":[3462202]},"yoast_head":"<!-- This site is optimized with the Yoast SEO plugin v18.3 - https:\/\/yoast.com\/wordpress\/plugins\/seo\/ -->\n<title>Neymar udg\u00e5r af Champions League-kamp<\/title>\n<meta name=\"description\" content=\"Neymar er blevet pillet ud af PSG&#039;s Champions League-kamp mod Basaksehir midt i f\u00f8rste halvleg grundet en skade\" \/>\n<meta name=\"robots\" content=\"index, follow, max-snippet:-1, max-image-preview:large, max-video-preview:-1\" \/>\n<link rel=\"canonical\" href=\"https:\/\/acefootball.com\/da\/fodboldnyheder\/neymar-udgaar-af-champions-league-kamp\/\" \/>\n<meta property=\"og:locale\" content=\"en_US\" \/>\n<meta property=\"og:type\" content=\"article\" \/>\n<meta property=\"og:title\" content=\"Neymar udg\u00e5r af Champions League-kamp\" \/>\n<meta property=\"og:description\" content=\"Neymar er blevet pillet ud af PSG&#039;s Champions League-kamp mod Basaksehir midt i f\u00f8rste halvleg grundet en skade\" \/>\n<meta property=\"og:url\" content=\"https:\/\/acefootball.com\/da\/fodboldnyheder\/neymar-udgaar-af-champions-league-kamp\/\" \/>\n<meta property=\"og:site_name\" content=\"Ace Football Danmark\" \/>\n<meta property=\"article:publisher\" content=\"https:\/\/www.facebook.com\/acefootballdk\" \/>\n<meta property=\"article:published_time\" content=\"2020-10-28T18:56:39+00:00\" \/>\n<meta property=\"article:modified_time\" content=\"2020-10-28T19:10:43+00:00\" \/>\n<meta property=\"og:image\" content=\"https:\/\/acefootball.com\/da\/wp-content\/uploads\/sites\/2\/2020\/09\/GettyImages-1268075101.jpg\" \/>\n\t<meta property=\"og:image:width\" content=\"1024\" \/>\n\t<meta property=\"og:image:height\" content=\"727\" \/>\n\t<meta property=\"og:image:type\" content=\"image\/jpeg\" \/>\n<meta name=\"twitter:card\" content=\"summary_large_image\" \/>\n<meta name=\"twitter:label1\" content=\"Written by\" \/>\n\t<meta name=\"twitter:data1\" content=\"Mads Dreyer\" \/>\n\t<meta name=\"twitter:label2\" content=\"Est. reading time\" \/>\n\t<meta name=\"twitter:data2\" content=\"1 minute\" \/>\n<script type=\"application\/ld+json\" class=\"yoast-schema-graph\">{\"@context\":\"https:\/\/schema.org\",\"@graph\":[{\"@type\":\"Organization\",\"@id\":\"https:\/\/acefootball.com\/da\/#organization\",\"name\":\"Ace Football\",\"url\":\"https:\/\/acefootball.com\/da\/\",\"sameAs\":[\"https:\/\/www.facebook.com\/acefootballdk\"],\"logo\":{\"@type\":\"ImageObject\",\"@id\":\"https:\/\/acefootball.com\/da\/#logo\",\"inLanguage\":\"en-US\",\"url\":\"https:\/\/acefootball.com\/da\/wp-content\/uploads\/sites\/2\/2020\/07\/Ace-Football-30-07-2020-2.png\",\"contentUrl\":\"https:\/\/acefootball.com\/da\/wp-content\/uploads\/sites\/2\/2020\/07\/Ace-Football-30-07-2020-2.png\",\"width\":1200,\"height\":600,\"caption\":\"Ace Football\"},\"image\":{\"@id\":\"https:\/\/acefootball.com\/da\/#logo\"}},{\"@type\":\"WebSite\",\"@id\":\"https:\/\/acefootball.com\/da\/#website\",\"url\":\"https:\/\/acefootball.com\/da\/\",\"name\":\"Ace Football Danmark\",\"description\":\"Nyheder, Spiltips &amp; Livescore\",\"publisher\":{\"@id\":\"https:\/\/acefootball.com\/da\/#organization\"},\"potentialAction\":[{\"@type\":\"SearchAction\",\"target\":{\"@type\":\"EntryPoint\",\"urlTemplate\":\"https:\/\/acefootball.com\/da\/?s={search_term_string}\"},\"query-input\":\"required name=search_term_string\"}],\"inLanguage\":\"en-US\"},{\"@type\":\"ImageObject\",\"@id\":\"https:\/\/acefootball.com\/da\/fodboldnyheder\/neymar-udgaar-af-champions-league-kamp\/#primaryimage\",\"inLanguage\":\"en-US\",\"url\":\"https:\/\/acefootball.com\/da\/wp-content\/uploads\/sites\/2\/2020\/09\/GettyImages-1268075101.jpg\",\"contentUrl\":\"https:\/\/acefootball.com\/da\/wp-content\/uploads\/sites\/2\/2020\/09\/GettyImages-1268075101.jpg\",\"width\":1024,\"height\":727,\"caption\":\"LISBON, PORTUGAL - AUGUST 23: Neymar of Paris Saint-Germain looks dejected during the UEFA Champions League Final match between Paris Saint-Germain and Bayern Munich at Estadio do Sport Lisboa e Benfica on August 23, 2020 in Lisbon, Portugal. (Photo by David Ramos\/Getty Images)\"},{\"@type\":\"WebPage\",\"@id\":\"https:\/\/acefootball.com\/da\/fodboldnyheder\/neymar-udgaar-af-champions-league-kamp\/#webpage\",\"url\":\"https:\/\/acefootball.com\/da\/fodboldnyheder\/neymar-udgaar-af-champions-league-kamp\/\",\"name\":\"Neymar udg\u00e5r af Champions League-kamp\",\"isPartOf\":{\"@id\":\"https:\/\/acefootball.com\/da\/#website\"},\"primaryImageOfPage\":{\"@id\":\"https:\/\/acefootball.com\/da\/fodboldnyheder\/neymar-udgaar-af-champions-league-kamp\/#primaryimage\"},\"datePublished\":\"2020-10-28T18:56:39+00:00\",\"dateModified\":\"2020-10-28T19:10:43+00:00\",\"description\":\"Neymar er blevet pillet ud af PSG's Champions League-kamp mod Basaksehir midt i f\u00f8rste halvleg grundet en skade\",\"breadcrumb\":{\"@id\":\"https:\/\/acefootball.com\/da\/fodboldnyheder\/neymar-udgaar-af-champions-league-kamp\/#breadcrumb\"},\"inLanguage\":\"en-US\",\"potentialAction\":[{\"@type\":\"ReadAction\",\"target\":[\"https:\/\/acefootball.com\/da\/fodboldnyheder\/neymar-udgaar-af-champions-league-kamp\/\"]}]},{\"@type\":\"BreadcrumbList\",\"@id\":\"https:\/\/acefootball.com\/da\/fodboldnyheder\/neymar-udgaar-af-champions-league-kamp\/#breadcrumb\",\"itemListElement\":[{\"@type\":\"ListItem\",\"position\":1,\"name\":\"Home\",\"item\":\"https:\/\/acefootball.com\/da\/\"},{\"@type\":\"ListItem\",\"position\":2,\"name\":\"Neymar udg\u00e5r af Champions League-kamp\"}]},{\"@type\":\"Article\",\"@id\":\"https:\/\/acefootball.com\/da\/fodboldnyheder\/neymar-udgaar-af-champions-league-kamp\/#article\",\"isPartOf\":{\"@id\":\"https:\/\/acefootball.com\/da\/fodboldnyheder\/neymar-udgaar-af-champions-league-kamp\/#webpage\"},\"author\":{\"@id\":\"https:\/\/acefootball.com\/da\/#\/schema\/person\/ee67e9cf04a276f144100ffa722f10cd\"},\"headline\":\"Neymar udg\u00e5r af Champions League-kamp\",\"datePublished\":\"2020-10-28T18:56:39+00:00\",\"dateModified\":\"2020-10-28T19:10:43+00:00\",\"mainEntityOfPage\":{\"@id\":\"https:\/\/acefootball.com\/da\/fodboldnyheder\/neymar-udgaar-af-champions-league-kamp\/#webpage\"},\"wordCount\":117,\"commentCount\":0,\"publisher\":{\"@id\":\"https:\/\/acefootball.com\/da\/#organization\"},\"image\":{\"@id\":\"https:\/\/acefootball.com\/da\/fodboldnyheder\/neymar-udgaar-af-champions-league-kamp\/#primaryimage\"},\"thumbnailUrl\":\"https:\/\/acefootball.com\/da\/wp-content\/uploads\/sites\/2\/2020\/09\/GettyImages-1268075101.jpg\",\"keywords\":[\"Champions League\",\"Neymar\",\"Paris Saint-Germain\"],\"articleSection\":[\"Nyhed\"],\"inLanguage\":\"en-US\",\"potentialAction\":[{\"@type\":\"CommentAction\",\"name\":\"Comment\",\"target\":[\"https:\/\/acefootball.com\/da\/fodboldnyheder\/neymar-udgaar-af-champions-league-kamp\/#respond\"]}]},{\"@type\":\"Person\",\"@id\":\"https:\/\/acefootball.com\/da\/#\/schema\/person\/ee67e9cf04a276f144100ffa722f10cd\",\"name\":\"Mads Dreyer\",\"image\":{\"@type\":\"ImageObject\",\"@id\":\"https:\/\/acefootball.com\/da\/#personlogo\",\"inLanguage\":\"en-US\",\"url\":\"https:\/\/secure.gravatar.com\/avatar\/7c7abf72cfde9902b6a60efe60c88d4c?s=96&d=mm&r=g\",\"contentUrl\":\"https:\/\/secure.gravatar.com\/avatar\/7c7abf72cfde9902b6a60efe60c88d4c?s=96&d=mm&r=g\",\"caption\":\"Mads Dreyer\"},\"description\":\"Skribent og fodboldn\u00f8rd, der lige nu fort\u00e6ller om alt og intet i fodboldverdenen p\u00e5 acefootball.com. Uddannet i kommunikation fra Aalborg Universitet.\",\"sameAs\":[\"https:\/\/www.linkedin.com\/in\/mads-dreyer-b9b08266\/\"],\"url\":\"https:\/\/acefootball.com\/da\/fodboldnyheder\/author\/mdnronaldo\/\"}]}<\/script>\n<!-- \/ Yoast SEO plugin. -->","yoast_head_json":{"title":"Neymar udg\u00e5r af Champions League-kamp","description":"Neymar er blevet pillet ud af PSG's Champions League-kamp mod Basaksehir midt i f\u00f8rste halvleg grundet en skade","robots":{"index":"index","follow":"follow","max-snippet":"max-snippet:-1","max-image-preview":"max-image-preview:large","max-video-preview":"max-video-preview:-1"},"canonical":"https:\/\/acefootball.com\/da\/fodboldnyheder\/neymar-udgaar-af-champions-league-kamp\/","og_locale":"en_US","og_type":"article","og_title":"Neymar udg\u00e5r af Champions League-kamp","og_description":"Neymar er blevet pillet ud af PSG's Champions League-kamp mod Basaksehir midt i f\u00f8rste halvleg grundet en skade","og_url":"https:\/\/acefootball.com\/da\/fodboldnyheder\/neymar-udgaar-af-champions-league-kamp\/","og_site_name":"Ace Football Danmark","article_publisher":"https:\/\/www.facebook.com\/acefootballdk","article_published_time":"2020-10-28T18:56:39+00:00","article_modified_time":"2020-10-28T19:10:43+00:00","og_image":[{"width":1024,"height":727,"url":"https:\/\/acefootball.com\/da\/wp-content\/uploads\/sites\/2\/2020\/09\/GettyImages-1268075101.jpg","type":"image\/jpeg"}],"twitter_card":"summary_large_image","twitter_misc":{"Written by":"Mads Dreyer","Est. reading time":"1 minute"},"schema":{"@context":"https:\/\/schema.org","@graph":[{"@type":"Organization","@id":"https:\/\/acefootball.com\/da\/#organization","name":"Ace Football","url":"https:\/\/acefootball.com\/da\/","sameAs":["https:\/\/www.facebook.com\/acefootballdk"],"logo":{"@type":"ImageObject","@id":"https:\/\/acefootball.com\/da\/#logo","inLanguage":"en-US","url":"https:\/\/acefootball.com\/da\/wp-content\/uploads\/sites\/2\/2020\/07\/Ace-Football-30-07-2020-2.png","contentUrl":"https:\/\/acefootball.com\/da\/wp-content\/uploads\/sites\/2\/2020\/07\/Ace-Football-30-07-2020-2.png","width":1200,"height":600,"caption":"Ace Football"},"image":{"@id":"https:\/\/acefootball.com\/da\/#logo"}},{"@type":"WebSite","@id":"https:\/\/acefootball.com\/da\/#website","url":"https:\/\/acefootball.com\/da\/","name":"Ace Football Danmark","description":"Nyheder, Spiltips &amp; Livescore","publisher":{"@id":"https:\/\/acefootball.com\/da\/#organization"},"potentialAction":[{"@type":"SearchAction","target":{"@type":"EntryPoint","urlTemplate":"https:\/\/acefootball.com\/da\/?s={search_term_string}"},"query-input":"required name=search_term_string"}],"inLanguage":"en-US"},{"@type":"ImageObject","@id":"https:\/\/acefootball.com\/da\/fodboldnyheder\/neymar-udgaar-af-champions-league-kamp\/#primaryimage","inLanguage":"en-US","url":"https:\/\/acefootball.com\/da\/wp-content\/uploads\/sites\/2\/2020\/09\/GettyImages-1268075101.jpg","contentUrl":"https:\/\/acefootball.com\/da\/wp-content\/uploads\/sites\/2\/2020\/09\/GettyImages-1268075101.jpg","width":1024,"height":727,"caption":"LISBON, PORTUGAL - AUGUST 23: Neymar of Paris Saint-Germain looks dejected during the UEFA Champions League Final match between Paris Saint-Germain and Bayern Munich at Estadio do Sport Lisboa e Benfica on August 23, 2020 in Lisbon, Portugal. (Photo by David Ramos\/Getty Images)"},{"@type":"WebPage","@id":"https:\/\/acefootball.com\/da\/fodboldnyheder\/neymar-udgaar-af-champions-league-kamp\/#webpage","url":"https:\/\/acefootball.com\/da\/fodboldnyheder\/neymar-udgaar-af-champions-league-kamp\/","name":"Neymar udg\u00e5r af Champions League-kamp","isPartOf":{"@id":"https:\/\/acefootball.com\/da\/#website"},"primaryImageOfPage":{"@id":"https:\/\/acefootball.com\/da\/fodboldnyheder\/neymar-udgaar-af-champions-league-kamp\/#primaryimage"},"datePublished":"2020-10-28T18:56:39+00:00","dateModified":"2020-10-28T19:10:43+00:00","description":"Neymar er blevet pillet ud af PSG's Champions League-kamp mod Basaksehir midt i f\u00f8rste halvleg grundet en skade","breadcrumb":{"@id":"https:\/\/acefootball.com\/da\/fodboldnyheder\/neymar-udgaar-af-champions-league-kamp\/#breadcrumb"},"inLanguage":"en-US","potentialAction":[{"@type":"ReadAction","target":["https:\/\/acefootball.com\/da\/fodboldnyheder\/neymar-udgaar-af-champions-league-kamp\/"]}]},{"@type":"BreadcrumbList","@id":"https:\/\/acefootball.com\/da\/fodboldnyheder\/neymar-udgaar-af-champions-league-kamp\/#breadcrumb","itemListElement":[{"@type":"ListItem","position":1,"name":"Home","item":"https:\/\/acefootball.com\/da\/"},{"@type":"ListItem","position":2,"name":"Neymar udg\u00e5r af Champions League-kamp"}]},{"@type":"Article","@id":"https:\/\/acefootball.com\/da\/fodboldnyheder\/neymar-udgaar-af-champions-league-kamp\/#article","isPartOf":{"@id":"https:\/\/acefootball.com\/da\/fodboldnyheder\/neymar-udgaar-af-champions-league-kamp\/#webpage"},"author":{"@id":"https:\/\/acefootball.com\/da\/#\/schema\/person\/ee67e9cf04a276f144100ffa722f10cd"},"headline":"Neymar udg\u00e5r af Champions League-kamp","datePublished":"2020-10-28T18:56:39+00:00","dateModified":"2020-10-28T19:10:43+00:00","mainEntityOfPage":{"@id":"https:\/\/acefootball.com\/da\/fodboldnyheder\/neymar-udgaar-af-champions-league-kamp\/#webpage"},"wordCount":117,"commentCount":0,"publisher":{"@id":"https:\/\/acefootball.com\/da\/#organization"},"image":{"@id":"https:\/\/acefootball.com\/da\/fodboldnyheder\/neymar-udgaar-af-champions-league-kamp\/#primaryimage"},"thumbnailUrl":"https:\/\/acefootball.com\/da\/wp-content\/uploads\/sites\/2\/2020\/09\/GettyImages-1268075101.jpg","keywords":["Champions League","Neymar","Paris Saint-Germain"],"articleSection":["Nyhed"],"inLanguage":"en-US","potentialAction":[{"@type":"CommentAction","name":"Comment","target":["https:\/\/acefootball.com\/da\/fodboldnyheder\/neymar-udgaar-af-champions-league-kamp\/#respond"]}]},{"@type":"Person","@id":"https:\/\/acefootball.com\/da\/#\/schema\/person\/ee67e9cf04a276f144100ffa722f10cd","name":"Mads Dreyer","image":{"@type":"ImageObject","@id":"https:\/\/acefootball.com\/da\/#personlogo","inLanguage":"en-US","url":"https:\/\/secure.gravatar.com\/avatar\/7c7abf72cfde9902b6a60efe60c88d4c?s=96&d=mm&r=g","contentUrl":"https:\/\/secure.gravatar.com\/avatar\/7c7abf72cfde9902b6a60efe60c88d4c?s=96&d=mm&r=g","caption":"Mads Dreyer"},"description":"Skribent og fodboldn\u00f8rd, der lige nu fort\u00e6ller om alt og intet i fodboldverdenen p\u00e5 acefootball.com. Uddannet i kommunikation fra Aalborg Universitet.","sameAs":["https:\/\/www.linkedin.com\/in\/mads-dreyer-b9b08266\/"],"url":"https:\/\/acefootball.com\/da\/fodboldnyheder\/author\/mdnronaldo\/"}]}},"fimg_url":"https:\/\/acefootball.com\/da\/wp-content\/uploads\/sites\/2\/2020\/09\/GettyImages-1268075101.jpg","_links":{"self":[{"href":"https:\/\/acefootball.com\/da\/wp-json\/wp\/v2\/posts\/241633"}],"collection":[{"href":"https:\/\/acefootball.com\/da\/wp-json\/wp\/v2\/posts"}],"about":[{"href":"https:\/\/acefootball.com\/da\/wp-json\/wp\/v2\/types\/post"}],"author":[{"embeddable":true,"href":"https:\/\/acefootball.com\/da\/wp-json\/wp\/v2\/users\/705"}],"replies":[{"embeddable":true,"href":"https:\/\/acefootball.com\/da\/wp-json\/wp\/v2\/comments?post=241633"}],"version-history":[{"count":0,"href":"https:\/\/acefootball.com\/da\/wp-json\/wp\/v2\/posts\/241633\/revisions"}],"wp:featuredmedia":[{"embeddable":true,"href":"https:\/\/acefootball.com\/da\/wp-json\/wp\/v2\/media\/237159"}],"wp:attachment":[{"href":"https:\/\/acefootball.com\/da\/wp-json\/wp\/v2\/media?parent=241633"}],"wp:term":[{"taxonomy":"category","embeddable":true,"href":"https:\/\/acefootball.com\/da\/wp-json\/wp\/v2\/categories?post=241633"},{"taxonomy":"post_tag","embeddable":true,"href":"https:\/\/acefootball.com\/da\/wp-json\/wp\/v2\/tags?post=241633"}],"curies":[{"name":"wp","href":"https:\/\/api.w.org\/{rel}","templated":true}]}}