{"id":241622,"date":"2020-10-28T17:27:36","date_gmt":"2020-10-28T16:27:36","guid":{"rendered":"https:\/\/acefootball.com\/da\/?p=241622"},"modified":"2020-10-28T17:33:35","modified_gmt":"2020-10-28T16:33:35","slug":"landsmand-kommer-vinicius-til-undsaetning-efter-benzema-sviner","status":"publish","type":"post","link":"https:\/\/acefootball.com\/da\/fodboldnyheder\/landsmand-kommer-vinicius-til-undsaetning-efter-benzema-sviner\/","title":{"rendered":"Landsmand kommer Vinicius til unds\u00e6tning efter Benzema-sviner"},"content":{"rendered":"\n<h2 id=\"h-karim-benzema-har-angiveligt-bedt-ferland-mendy-om-ikke-at-aflevere-til-vinicius-i-g-rsdagens-champions-league-kamp-mod-gladbach\">Karim Benzema har angiveligt bedt Ferland Mendy om ikke at aflevere til Vinicius i g\u00e5rsdagens Champions League-kamp mod Gladbach<\/h2>\n\n\n\n<div class=\"wp-block-si-widget wp-block-si-widget--center\"><si-lb-widget widget-id=\"MatchInfoWithOdds\" data-nopadding=\"true\" data-card=\"true\" width=\"440\" data-event-id=\"3461652\" data-theme-appearance=\"dark\"><\/si-lb-widget><\/div>\n\n\n\n<p>I g\u00e5r aftes var Karim Benzema, som s\u00e5 mange gange f\u00f8r, en af de store helte for Real Madrid, da han med et m\u00e5l bidrog til, at spanierne reddede et point med hjem fra M\u00f6nchengladbach.<\/p>\n\n\n\n<p>Dagen efter er franskmanden dog havnet i stormvejr, efter en video af en samtale med holdkammeraten og landsmanden Ferland Mendy, i pausen af g\u00e5rsdagens kamp, er n\u00e5et verden rundt.<\/p>\n\n\n\n<p>I videoen ses og h\u00f8res de to Real-franskm\u00e6nd i en samtalen, der angiveligt omhandler Vinicius Jr., som Benzema efter sigende ikke har den store fidus til.<\/p>\n\n\n\n<figure class=\"wp-block-embed-twitter wp-block-embed is-type-rich is-provider-twitter\"><div class=\"wp-block-embed__wrapper\">\n<blockquote class=\"twitter-tweet\" data-width=\"550\" data-dnt=\"true\"><p lang=\"en\" dir=\"ltr\">Karim Benzema telling Mendy not to pass to Vin\u00edcius Jr at half-time:<br><br>\ud83d\udde3\ufe0f &quot;Brother, don&#39;t pass the ball to him (Vinicius). He does what he wants. On my mother&#39;s life I swear he&#39;s playing against us.&quot;<br><br>\ud83c\udfa5 <a href=\"https:\/\/twitter.com\/RMCsport?ref_src=twsrc%5Etfw\">@RMCSport<\/a> <a href=\"https:\/\/t.co\/GrT1lzWxh8\">pic.twitter.com\/GrT1lzWxh8<\/a><\/p>&mdash; TheRMadridTV (@TheRMadridTV) <a href=\"https:\/\/twitter.com\/TheRMadridTV\/status\/1321392336073560064?ref_src=twsrc%5Etfw\">October 28, 2020<\/a><\/blockquote><script async src=\"https:\/\/platform.twitter.com\/widgets.js\" charset=\"utf-8\"><\/script>\n<\/div><\/figure>\n\n\n\n<p>&#8220;Du skal ikke spille til ham. Han g\u00f8r, hvad han vil. Jeg sv\u00e6rger p\u00e5 min mors liv, at han spiller imod os,&#8221; er Benzema, hos flere medier, citeret for at sige.<\/p>\n\n\n\n<p>Hvor t\u00e6t denne overs\u00e6ttelse ligger p\u00e5 de faktiske ord vides ikke, men faktum er, at Benzema ikke afleverede til Vinicius Jr. \u00e9n eneste gang i l\u00f8bet af de f\u00f8rste 25 minutter af anden halvleg, inden brasilianeren blev skiftet ud.<\/p>\n\n\n\n<figure class=\"wp-block-embed-twitter wp-block-embed is-type-rich is-provider-twitter\"><div class=\"wp-block-embed__wrapper\">\n<blockquote class=\"twitter-tweet\" data-width=\"550\" data-dnt=\"true\"><p lang=\"en\" dir=\"ltr\">0 &#8211; Karim Benzema didn&#39;t pass a single ball to Vinicius Jr in the second half in the Champions League game vs Borussia M\u00f6nchengladbach (three in the first half). Distance. <a href=\"https:\/\/t.co\/OJ52Qh2Qym\">pic.twitter.com\/OJ52Qh2Qym<\/a><\/p>&mdash; OptaJose (@OptaJose) <a href=\"https:\/\/twitter.com\/OptaJose\/status\/1321415395627159555?ref_src=twsrc%5Etfw\">October 28, 2020<\/a><\/blockquote><script async src=\"https:\/\/platform.twitter.com\/widgets.js\" charset=\"utf-8\"><\/script>\n<\/div><\/figure>\n\n\n\n<p>Karim Benzema har siden udsendt en kryptisk besked p\u00e5 sin Instagram-profil med teksten &#8220;Mens hundene g\u00f8r, g\u00e5r nummer ni videre,&#8221; hvilket m\u00e5 tolkes som en ignorering af historien.<\/p>\n\n\n\n<p>Nu er der dog kommet opbakning til Vinicius Jr. fra landsholdskammeraten Richarlison, som har kommenteret p\u00e5 Benzemas nylige besked.<\/p>\n\n\n\n<figure class=\"wp-block-embed-twitter wp-block-embed is-type-rich is-provider-twitter\"><div class=\"wp-block-embed__wrapper\">\n<blockquote class=\"twitter-tweet\" data-width=\"550\" data-dnt=\"true\"><p lang=\"en\" dir=\"ltr\">Richarlison on Benzema\u2019s IG page after the reported tunnel comments: <br><br>\u201cTroop of Vini malvadeza (Vini\u2019s nickname in Brazil)\u201d \ud83d\ude02 <a href=\"https:\/\/t.co\/bXfT9H5CK6\">pic.twitter.com\/bXfT9H5CK6<\/a><\/p>&mdash; Brasil Football \ud83c\udde7\ud83c\uddf7 (@BrasilEdition) <a href=\"https:\/\/twitter.com\/BrasilEdition\/status\/1321483509790375937?ref_src=twsrc%5Etfw\">October 28, 2020<\/a><\/blockquote><script async src=\"https:\/\/platform.twitter.com\/widgets.js\" charset=\"utf-8\"><\/script>\n<\/div><\/figure>\n\n\n\n<p>Vinicius har tidligere talt i store vendinger om Benzema, der fra dag et har hjulpet ham med tilv\u00e6relsen i Real Madrid, og han n\u00e6vner ham som en stor inspiration til sin udvikling.<\/p>\n","protected":false},"excerpt":{"rendered":"<p>Karim Benzema har angiveligt bedt Ferland Mendy om ikke at aflevere til Vinicius i g\u00e5rsdagens Champions League-kamp mod Gladbach<\/p>\n","protected":false},"author":705,"featured_media":241626,"comment_status":"open","ping_status":"closed","sticky":false,"template":"","format":"standard","meta":{"om_disable_all_campaigns":false,"push_articles_ronaldo":{"active":false,"canonical":0,"publish":false},"force_updates":null},"categories":[1],"tags":[206,212,7467,303,85,1622,1312],"enet_tags":{"league":["42","87"],"team":["8668","8633"],"player":["623537","654908","846033"],"sport_events":[3461652]},"yoast_head":"<!-- This site is optimized with the Yoast SEO plugin v18.3 - https:\/\/yoast.com\/wordpress\/plugins\/seo\/ -->\n<title>Landsmand kommer Vinicius til unds\u00e6tning efter Benzema-sviner<\/title>\n<meta name=\"description\" content=\"Karim Benzema har angiveligt bedt Ferland Mendy om ikke at aflevere til Vinicius i g\u00e5rsdagens Champions League-kamp mod Gladbach\" \/>\n<meta name=\"robots\" content=\"index, follow, max-snippet:-1, max-image-preview:large, max-video-preview:-1\" \/>\n<link rel=\"canonical\" href=\"https:\/\/acefootball.com\/da\/fodboldnyheder\/landsmand-kommer-vinicius-til-undsaetning-efter-benzema-sviner\/\" \/>\n<meta property=\"og:locale\" content=\"en_US\" \/>\n<meta property=\"og:type\" content=\"article\" \/>\n<meta property=\"og:title\" content=\"Landsmand kommer Vinicius til unds\u00e6tning efter Benzema-sviner\" \/>\n<meta property=\"og:description\" content=\"Karim Benzema har angiveligt bedt Ferland Mendy om ikke at aflevere til Vinicius i g\u00e5rsdagens Champions League-kamp mod Gladbach\" \/>\n<meta property=\"og:url\" content=\"https:\/\/acefootball.com\/da\/fodboldnyheder\/landsmand-kommer-vinicius-til-undsaetning-efter-benzema-sviner\/\" \/>\n<meta property=\"og:site_name\" content=\"Ace Football Danmark\" \/>\n<meta property=\"article:publisher\" content=\"https:\/\/www.facebook.com\/acefootballdk\" \/>\n<meta property=\"article:published_time\" content=\"2020-10-28T16:27:36+00:00\" \/>\n<meta property=\"article:modified_time\" content=\"2020-10-28T16:33:35+00:00\" \/>\n<meta property=\"og:image\" content=\"https:\/\/acefootball.com\/da\/wp-content\/uploads\/sites\/2\/2020\/10\/GettyImages-1278420625.jpg\" \/>\n\t<meta property=\"og:image:width\" content=\"1024\" \/>\n\t<meta property=\"og:image:height\" content=\"650\" \/>\n\t<meta property=\"og:image:type\" content=\"image\/jpeg\" \/>\n<meta name=\"twitter:card\" content=\"summary_large_image\" \/>\n<meta name=\"twitter:label1\" content=\"Written by\" \/>\n\t<meta name=\"twitter:data1\" content=\"Mads Dreyer\" \/>\n\t<meta name=\"twitter:label2\" content=\"Est. reading time\" \/>\n\t<meta name=\"twitter:data2\" content=\"1 minute\" \/>\n<script type=\"application\/ld+json\" class=\"yoast-schema-graph\">{\"@context\":\"https:\/\/schema.org\",\"@graph\":[{\"@type\":\"Organization\",\"@id\":\"https:\/\/acefootball.com\/da\/#organization\",\"name\":\"Ace Football\",\"url\":\"https:\/\/acefootball.com\/da\/\",\"sameAs\":[\"https:\/\/www.facebook.com\/acefootballdk\"],\"logo\":{\"@type\":\"ImageObject\",\"@id\":\"https:\/\/acefootball.com\/da\/#logo\",\"inLanguage\":\"en-US\",\"url\":\"https:\/\/acefootball.com\/da\/wp-content\/uploads\/sites\/2\/2020\/07\/Ace-Football-30-07-2020-2.png\",\"contentUrl\":\"https:\/\/acefootball.com\/da\/wp-content\/uploads\/sites\/2\/2020\/07\/Ace-Football-30-07-2020-2.png\",\"width\":1200,\"height\":600,\"caption\":\"Ace Football\"},\"image\":{\"@id\":\"https:\/\/acefootball.com\/da\/#logo\"}},{\"@type\":\"WebSite\",\"@id\":\"https:\/\/acefootball.com\/da\/#website\",\"url\":\"https:\/\/acefootball.com\/da\/\",\"name\":\"Ace Football Danmark\",\"description\":\"Nyheder, Spiltips &amp; Livescore\",\"publisher\":{\"@id\":\"https:\/\/acefootball.com\/da\/#organization\"},\"potentialAction\":[{\"@type\":\"SearchAction\",\"target\":{\"@type\":\"EntryPoint\",\"urlTemplate\":\"https:\/\/acefootball.com\/da\/?s={search_term_string}\"},\"query-input\":\"required name=search_term_string\"}],\"inLanguage\":\"en-US\"},{\"@type\":\"ImageObject\",\"@id\":\"https:\/\/acefootball.com\/da\/fodboldnyheder\/landsmand-kommer-vinicius-til-undsaetning-efter-benzema-sviner\/#primaryimage\",\"inLanguage\":\"en-US\",\"url\":\"https:\/\/acefootball.com\/da\/wp-content\/uploads\/sites\/2\/2020\/10\/GettyImages-1278420625.jpg\",\"contentUrl\":\"https:\/\/acefootball.com\/da\/wp-content\/uploads\/sites\/2\/2020\/10\/GettyImages-1278420625.jpg\",\"width\":1024,\"height\":650,\"caption\":\"VILLAREAL, SPAIN - OCTOBER 04: Vinicius Junior of Real Madrid celebrates after he scores his sides first goal during the La Liga Santander match between Levante UD and Real Madrid at Ciutat de Valencia Stadium on October 04, 2020 in Valencia, Spain. Football Stadiums around Europe remain empty due to the Coronavirus Pandemic as Government social distancing laws prohibit fans inside venues resulting in fixtures being played behind closed doors. (Photo by Alex Caparros\/Getty Images)\"},{\"@type\":\"WebPage\",\"@id\":\"https:\/\/acefootball.com\/da\/fodboldnyheder\/landsmand-kommer-vinicius-til-undsaetning-efter-benzema-sviner\/#webpage\",\"url\":\"https:\/\/acefootball.com\/da\/fodboldnyheder\/landsmand-kommer-vinicius-til-undsaetning-efter-benzema-sviner\/\",\"name\":\"Landsmand kommer Vinicius til unds\u00e6tning efter Benzema-sviner\",\"isPartOf\":{\"@id\":\"https:\/\/acefootball.com\/da\/#website\"},\"primaryImageOfPage\":{\"@id\":\"https:\/\/acefootball.com\/da\/fodboldnyheder\/landsmand-kommer-vinicius-til-undsaetning-efter-benzema-sviner\/#primaryimage\"},\"datePublished\":\"2020-10-28T16:27:36+00:00\",\"dateModified\":\"2020-10-28T16:33:35+00:00\",\"description\":\"Karim Benzema har angiveligt bedt Ferland Mendy om ikke at aflevere til Vinicius i g\u00e5rsdagens Champions League-kamp mod Gladbach\",\"breadcrumb\":{\"@id\":\"https:\/\/acefootball.com\/da\/fodboldnyheder\/landsmand-kommer-vinicius-til-undsaetning-efter-benzema-sviner\/#breadcrumb\"},\"inLanguage\":\"en-US\",\"potentialAction\":[{\"@type\":\"ReadAction\",\"target\":[\"https:\/\/acefootball.com\/da\/fodboldnyheder\/landsmand-kommer-vinicius-til-undsaetning-efter-benzema-sviner\/\"]}]},{\"@type\":\"BreadcrumbList\",\"@id\":\"https:\/\/acefootball.com\/da\/fodboldnyheder\/landsmand-kommer-vinicius-til-undsaetning-efter-benzema-sviner\/#breadcrumb\",\"itemListElement\":[{\"@type\":\"ListItem\",\"position\":1,\"name\":\"Home\",\"item\":\"https:\/\/acefootball.com\/da\/\"},{\"@type\":\"ListItem\",\"position\":2,\"name\":\"Landsmand kommer Vinicius til unds\u00e6tning efter Benzema-sviner\"}]},{\"@type\":\"Article\",\"@id\":\"https:\/\/acefootball.com\/da\/fodboldnyheder\/landsmand-kommer-vinicius-til-undsaetning-efter-benzema-sviner\/#article\",\"isPartOf\":{\"@id\":\"https:\/\/acefootball.com\/da\/fodboldnyheder\/landsmand-kommer-vinicius-til-undsaetning-efter-benzema-sviner\/#webpage\"},\"author\":{\"@id\":\"https:\/\/acefootball.com\/da\/#\/schema\/person\/ee67e9cf04a276f144100ffa722f10cd\"},\"headline\":\"Landsmand kommer Vinicius til unds\u00e6tning efter Benzema-sviner\",\"datePublished\":\"2020-10-28T16:27:36+00:00\",\"dateModified\":\"2020-10-28T16:33:35+00:00\",\"mainEntityOfPage\":{\"@id\":\"https:\/\/acefootball.com\/da\/fodboldnyheder\/landsmand-kommer-vinicius-til-undsaetning-efter-benzema-sviner\/#webpage\"},\"wordCount\":299,\"commentCount\":0,\"publisher\":{\"@id\":\"https:\/\/acefootball.com\/da\/#organization\"},\"image\":{\"@id\":\"https:\/\/acefootball.com\/da\/fodboldnyheder\/landsmand-kommer-vinicius-til-undsaetning-efter-benzema-sviner\/#primaryimage\"},\"thumbnailUrl\":\"https:\/\/acefootball.com\/da\/wp-content\/uploads\/sites\/2\/2020\/10\/GettyImages-1278420625.jpg\",\"keywords\":[\"Champions League\",\"Everton\",\"Ferland Mendy\",\"La Liga\",\"Real Madrid\",\"Richarlison\",\"Vinicius Junior\"],\"articleSection\":[\"Nyhed\"],\"inLanguage\":\"en-US\",\"potentialAction\":[{\"@type\":\"CommentAction\",\"name\":\"Comment\",\"target\":[\"https:\/\/acefootball.com\/da\/fodboldnyheder\/landsmand-kommer-vinicius-til-undsaetning-efter-benzema-sviner\/#respond\"]}]},{\"@type\":\"Person\",\"@id\":\"https:\/\/acefootball.com\/da\/#\/schema\/person\/ee67e9cf04a276f144100ffa722f10cd\",\"name\":\"Mads Dreyer\",\"image\":{\"@type\":\"ImageObject\",\"@id\":\"https:\/\/acefootball.com\/da\/#personlogo\",\"inLanguage\":\"en-US\",\"url\":\"https:\/\/secure.gravatar.com\/avatar\/7c7abf72cfde9902b6a60efe60c88d4c?s=96&d=mm&r=g\",\"contentUrl\":\"https:\/\/secure.gravatar.com\/avatar\/7c7abf72cfde9902b6a60efe60c88d4c?s=96&d=mm&r=g\",\"caption\":\"Mads Dreyer\"},\"description\":\"Skribent og fodboldn\u00f8rd, der lige nu fort\u00e6ller om alt og intet i fodboldverdenen p\u00e5 acefootball.com. Uddannet i kommunikation fra Aalborg Universitet.\",\"sameAs\":[\"https:\/\/www.linkedin.com\/in\/mads-dreyer-b9b08266\/\"],\"url\":\"https:\/\/acefootball.com\/da\/fodboldnyheder\/author\/mdnronaldo\/\"}]}<\/script>\n<!-- \/ Yoast SEO plugin. -->","yoast_head_json":{"title":"Landsmand kommer Vinicius til unds\u00e6tning efter Benzema-sviner","description":"Karim Benzema har angiveligt bedt Ferland Mendy om ikke at aflevere til Vinicius i g\u00e5rsdagens Champions League-kamp mod Gladbach","robots":{"index":"index","follow":"follow","max-snippet":"max-snippet:-1","max-image-preview":"max-image-preview:large","max-video-preview":"max-video-preview:-1"},"canonical":"https:\/\/acefootball.com\/da\/fodboldnyheder\/landsmand-kommer-vinicius-til-undsaetning-efter-benzema-sviner\/","og_locale":"en_US","og_type":"article","og_title":"Landsmand kommer Vinicius til unds\u00e6tning efter Benzema-sviner","og_description":"Karim Benzema har angiveligt bedt Ferland Mendy om ikke at aflevere til Vinicius i g\u00e5rsdagens Champions League-kamp mod Gladbach","og_url":"https:\/\/acefootball.com\/da\/fodboldnyheder\/landsmand-kommer-vinicius-til-undsaetning-efter-benzema-sviner\/","og_site_name":"Ace Football Danmark","article_publisher":"https:\/\/www.facebook.com\/acefootballdk","article_published_time":"2020-10-28T16:27:36+00:00","article_modified_time":"2020-10-28T16:33:35+00:00","og_image":[{"width":1024,"height":650,"url":"https:\/\/acefootball.com\/da\/wp-content\/uploads\/sites\/2\/2020\/10\/GettyImages-1278420625.jpg","type":"image\/jpeg"}],"twitter_card":"summary_large_image","twitter_misc":{"Written by":"Mads Dreyer","Est. reading time":"1 minute"},"schema":{"@context":"https:\/\/schema.org","@graph":[{"@type":"Organization","@id":"https:\/\/acefootball.com\/da\/#organization","name":"Ace Football","url":"https:\/\/acefootball.com\/da\/","sameAs":["https:\/\/www.facebook.com\/acefootballdk"],"logo":{"@type":"ImageObject","@id":"https:\/\/acefootball.com\/da\/#logo","inLanguage":"en-US","url":"https:\/\/acefootball.com\/da\/wp-content\/uploads\/sites\/2\/2020\/07\/Ace-Football-30-07-2020-2.png","contentUrl":"https:\/\/acefootball.com\/da\/wp-content\/uploads\/sites\/2\/2020\/07\/Ace-Football-30-07-2020-2.png","width":1200,"height":600,"caption":"Ace Football"},"image":{"@id":"https:\/\/acefootball.com\/da\/#logo"}},{"@type":"WebSite","@id":"https:\/\/acefootball.com\/da\/#website","url":"https:\/\/acefootball.com\/da\/","name":"Ace Football Danmark","description":"Nyheder, Spiltips &amp; Livescore","publisher":{"@id":"https:\/\/acefootball.com\/da\/#organization"},"potentialAction":[{"@type":"SearchAction","target":{"@type":"EntryPoint","urlTemplate":"https:\/\/acefootball.com\/da\/?s={search_term_string}"},"query-input":"required name=search_term_string"}],"inLanguage":"en-US"},{"@type":"ImageObject","@id":"https:\/\/acefootball.com\/da\/fodboldnyheder\/landsmand-kommer-vinicius-til-undsaetning-efter-benzema-sviner\/#primaryimage","inLanguage":"en-US","url":"https:\/\/acefootball.com\/da\/wp-content\/uploads\/sites\/2\/2020\/10\/GettyImages-1278420625.jpg","contentUrl":"https:\/\/acefootball.com\/da\/wp-content\/uploads\/sites\/2\/2020\/10\/GettyImages-1278420625.jpg","width":1024,"height":650,"caption":"VILLAREAL, SPAIN - OCTOBER 04: Vinicius Junior of Real Madrid celebrates after he scores his sides first goal during the La Liga Santander match between Levante UD and Real Madrid at Ciutat de Valencia Stadium on October 04, 2020 in Valencia, Spain. Football Stadiums around Europe remain empty due to the Coronavirus Pandemic as Government social distancing laws prohibit fans inside venues resulting in fixtures being played behind closed doors. (Photo by Alex Caparros\/Getty Images)"},{"@type":"WebPage","@id":"https:\/\/acefootball.com\/da\/fodboldnyheder\/landsmand-kommer-vinicius-til-undsaetning-efter-benzema-sviner\/#webpage","url":"https:\/\/acefootball.com\/da\/fodboldnyheder\/landsmand-kommer-vinicius-til-undsaetning-efter-benzema-sviner\/","name":"Landsmand kommer Vinicius til unds\u00e6tning efter Benzema-sviner","isPartOf":{"@id":"https:\/\/acefootball.com\/da\/#website"},"primaryImageOfPage":{"@id":"https:\/\/acefootball.com\/da\/fodboldnyheder\/landsmand-kommer-vinicius-til-undsaetning-efter-benzema-sviner\/#primaryimage"},"datePublished":"2020-10-28T16:27:36+00:00","dateModified":"2020-10-28T16:33:35+00:00","description":"Karim Benzema har angiveligt bedt Ferland Mendy om ikke at aflevere til Vinicius i g\u00e5rsdagens Champions League-kamp mod Gladbach","breadcrumb":{"@id":"https:\/\/acefootball.com\/da\/fodboldnyheder\/landsmand-kommer-vinicius-til-undsaetning-efter-benzema-sviner\/#breadcrumb"},"inLanguage":"en-US","potentialAction":[{"@type":"ReadAction","target":["https:\/\/acefootball.com\/da\/fodboldnyheder\/landsmand-kommer-vinicius-til-undsaetning-efter-benzema-sviner\/"]}]},{"@type":"BreadcrumbList","@id":"https:\/\/acefootball.com\/da\/fodboldnyheder\/landsmand-kommer-vinicius-til-undsaetning-efter-benzema-sviner\/#breadcrumb","itemListElement":[{"@type":"ListItem","position":1,"name":"Home","item":"https:\/\/acefootball.com\/da\/"},{"@type":"ListItem","position":2,"name":"Landsmand kommer Vinicius til unds\u00e6tning efter Benzema-sviner"}]},{"@type":"Article","@id":"https:\/\/acefootball.com\/da\/fodboldnyheder\/landsmand-kommer-vinicius-til-undsaetning-efter-benzema-sviner\/#article","isPartOf":{"@id":"https:\/\/acefootball.com\/da\/fodboldnyheder\/landsmand-kommer-vinicius-til-undsaetning-efter-benzema-sviner\/#webpage"},"author":{"@id":"https:\/\/acefootball.com\/da\/#\/schema\/person\/ee67e9cf04a276f144100ffa722f10cd"},"headline":"Landsmand kommer Vinicius til unds\u00e6tning efter Benzema-sviner","datePublished":"2020-10-28T16:27:36+00:00","dateModified":"2020-10-28T16:33:35+00:00","mainEntityOfPage":{"@id":"https:\/\/acefootball.com\/da\/fodboldnyheder\/landsmand-kommer-vinicius-til-undsaetning-efter-benzema-sviner\/#webpage"},"wordCount":299,"commentCount":0,"publisher":{"@id":"https:\/\/acefootball.com\/da\/#organization"},"image":{"@id":"https:\/\/acefootball.com\/da\/fodboldnyheder\/landsmand-kommer-vinicius-til-undsaetning-efter-benzema-sviner\/#primaryimage"},"thumbnailUrl":"https:\/\/acefootball.com\/da\/wp-content\/uploads\/sites\/2\/2020\/10\/GettyImages-1278420625.jpg","keywords":["Champions League","Everton","Ferland Mendy","La Liga","Real Madrid","Richarlison","Vinicius Junior"],"articleSection":["Nyhed"],"inLanguage":"en-US","potentialAction":[{"@type":"CommentAction","name":"Comment","target":["https:\/\/acefootball.com\/da\/fodboldnyheder\/landsmand-kommer-vinicius-til-undsaetning-efter-benzema-sviner\/#respond"]}]},{"@type":"Person","@id":"https:\/\/acefootball.com\/da\/#\/schema\/person\/ee67e9cf04a276f144100ffa722f10cd","name":"Mads Dreyer","image":{"@type":"ImageObject","@id":"https:\/\/acefootball.com\/da\/#personlogo","inLanguage":"en-US","url":"https:\/\/secure.gravatar.com\/avatar\/7c7abf72cfde9902b6a60efe60c88d4c?s=96&d=mm&r=g","contentUrl":"https:\/\/secure.gravatar.com\/avatar\/7c7abf72cfde9902b6a60efe60c88d4c?s=96&d=mm&r=g","caption":"Mads Dreyer"},"description":"Skribent og fodboldn\u00f8rd, der lige nu fort\u00e6ller om alt og intet i fodboldverdenen p\u00e5 acefootball.com. Uddannet i kommunikation fra Aalborg Universitet.","sameAs":["https:\/\/www.linkedin.com\/in\/mads-dreyer-b9b08266\/"],"url":"https:\/\/acefootball.com\/da\/fodboldnyheder\/author\/mdnronaldo\/"}]}},"fimg_url":"https:\/\/acefootball.com\/da\/wp-content\/uploads\/sites\/2\/2020\/10\/GettyImages-1278420625.jpg","_links":{"self":[{"href":"https:\/\/acefootball.com\/da\/wp-json\/wp\/v2\/posts\/241622"}],"collection":[{"href":"https:\/\/acefootball.com\/da\/wp-json\/wp\/v2\/posts"}],"about":[{"href":"https:\/\/acefootball.com\/da\/wp-json\/wp\/v2\/types\/post"}],"author":[{"embeddable":true,"href":"https:\/\/acefootball.com\/da\/wp-json\/wp\/v2\/users\/705"}],"replies":[{"embeddable":true,"href":"https:\/\/acefootball.com\/da\/wp-json\/wp\/v2\/comments?post=241622"}],"version-history":[{"count":0,"href":"https:\/\/acefootball.com\/da\/wp-json\/wp\/v2\/posts\/241622\/revisions"}],"wp:featuredmedia":[{"embeddable":true,"href":"https:\/\/acefootball.com\/da\/wp-json\/wp\/v2\/media\/241626"}],"wp:attachment":[{"href":"https:\/\/acefootball.com\/da\/wp-json\/wp\/v2\/media?parent=241622"}],"wp:term":[{"taxonomy":"category","embeddable":true,"href":"https:\/\/acefootball.com\/da\/wp-json\/wp\/v2\/categories?post=241622"},{"taxonomy":"post_tag","embeddable":true,"href":"https:\/\/acefootball.com\/da\/wp-json\/wp\/v2\/tags?post=241622"}],"curies":[{"name":"wp","href":"https:\/\/api.w.org\/{rel}","templated":true}]}}