{"id":241369,"date":"2020-10-26T14:01:04","date_gmt":"2020-10-26T13:01:04","guid":{"rendered":"https:\/\/acefootball.com\/da\/?p=241369"},"modified":"2020-10-26T14:01:05","modified_gmt":"2020-10-26T13:01:05","slug":"agf-sponsor-gik-amok-paa-dr-vaerter-under-fck-kamp","status":"publish","type":"post","link":"https:\/\/acefootball.com\/da\/fodboldnyheder\/agf-sponsor-gik-amok-paa-dr-vaerter-under-fck-kamp\/","title":{"rendered":"AGF-sponsor gik amok p\u00e5 DR-v\u00e6rter under FCK-kamp"},"content":{"rendered":"\n<h2 id=\"h-dr-s-radiov-rter-til-d-kningen-af-kampen-mellem-agf-og-fc-k-benhavn-blev-overfuset-af-en-af-hjemmeholdets-sponsorer\">DR&#8217;s radiov\u00e6rter til d\u00e6kningen af kampen mellem AGF og FC K\u00f8benhavn blev overfuset af en af hjemmeholdets sponsorer<\/h2>\n\n\n\n<div class=\"wp-block-si-widget wp-block-si-widget--center\"><si-lb-widget widget-id=\"MatchInfoWithOdds\" data-nopadding=\"true\" data-card=\"true\" width=\"440\" data-event-id=\"3389103\" data-theme-appearance=\"dark\"><\/si-lb-widget><\/div>\n\n\n\n<p>Der var stor dramatik p\u00e5 banen under g\u00e5rsdagens Superliga-kamp mellem AGF og FC K\u00f8benhavn, og stemningen greb ogs\u00e5 om sig helt op p\u00e5 tilskuerpladserne.<\/p>\n\n\n\n<p>Her var hjemmeholdets sponsorer placeret t\u00e6t p\u00e5 journalister og kommentatorer, og det fik specielt DR&#8217;s udsendte, Mads Thyrsted og Jan Kalborg, at f\u00f8le.<\/p>\n\n\n\n<figure class=\"wp-block-embed-wordpress wp-block-embed is-type-wp-embed is-provider-ace-football-danmark\"><div class=\"wp-block-embed__wrapper\">\n<blockquote class=\"wp-embedded-content\" data-secret=\"BDSlHfOBor\"><a href=\"https:\/\/acefootball.com\/da\/fodboldnyheder\/wind-panenka-soerger-for-fck-sejr-i-dramatisk-kortkamp\/\">Wind-panenka s\u00f8rger for FCK-sejr i dramatisk kortkamp<\/a><\/blockquote><iframe class=\"wp-embedded-content\" sandbox=\"allow-scripts\" security=\"restricted\" style=\"position: absolute; clip: rect(1px, 1px, 1px, 1px);\" title=\"&#8220;Wind-panenka s\u00f8rger for FCK-sejr i dramatisk kortkamp&#8221; &#8212; Ace Football Danmark\" src=\"https:\/\/acefootball.com\/da\/fodboldnyheder\/wind-panenka-soerger-for-fck-sejr-i-dramatisk-kortkamp\/embed\/#?secret=BDSlHfOBor\" data-secret=\"BDSlHfOBor\" width=\"600\" height=\"338\" frameborder=\"0\" marginwidth=\"0\" marginheight=\"0\" scrolling=\"no\"><\/iframe>\n<\/div><\/figure>\n\n\n\n<p>Efter FC K\u00f8benhavn f\u00f8rst havde f\u00e5et et straffespark, som Jonas Wind scorede p\u00e5, og Albert Gr\u00f8nb\u00e6k senere til geng\u00e6ld ikke fik et straffespark, hidsede en sponsor sig op og konfronterede DR-kommentatorerne. Det skriver <a href=\"https:\/\/ekstrabladet.dk\/sport\/fodbold\/dansk_fodbold\/superligaen\/ophidset-sponsor-broed-ind-i-radiostudie\/8341233\" target=\"_blank\" rel=\"noreferrer noopener\">Ekstra Bladet<\/a>.<\/p>\n\n\n\n<p>Personen fandt vej ind i speakerboksen og opf\u00f8rte sig angiveligt s\u00e5 truende, at AGF-formand Lars Fournais m\u00e5tte d\u00e6mpe gemytterne og give sponsoreren en st\u00f8rre skideballe.<\/p>\n\n\n\n<figure class=\"wp-block-embed-wordpress wp-block-embed is-type-wp-embed is-provider-ace-football-danmark\"><div class=\"wp-block-embed__wrapper\">\n<blockquote class=\"wp-embedded-content\" data-secret=\"4PxYZyENVg\"><a href=\"https:\/\/acefootball.com\/da\/fodboldnyheder\/blev-kaldt-en-lille-pige-nu-svarer-fischer-agf-profil-igen\/\">Blev kaldt en lille pige: Nu svarer Fischer AGF-profil igen<\/a><\/blockquote><iframe class=\"wp-embedded-content\" sandbox=\"allow-scripts\" security=\"restricted\" style=\"position: absolute; clip: rect(1px, 1px, 1px, 1px);\" title=\"&#8220;Blev kaldt en lille pige: Nu svarer Fischer AGF-profil igen&#8221; &#8212; Ace Football Danmark\" src=\"https:\/\/acefootball.com\/da\/fodboldnyheder\/blev-kaldt-en-lille-pige-nu-svarer-fischer-agf-profil-igen\/embed\/#?secret=4PxYZyENVg\" data-secret=\"4PxYZyENVg\" width=\"600\" height=\"338\" frameborder=\"0\" marginwidth=\"0\" marginheight=\"0\" scrolling=\"no\"><\/iframe>\n<\/div><\/figure>\n\n\n\n<p>&#8220;Hvem jeg er? Jeg er formand for det her,&#8221; er Fournais citeret for at sige, da vedkommende \u00e5benbart ikke vidste, hvem skideballen kom fra.<\/p>\n\n\n\n<p>Den har dog \u00e5benbart virker, for der var tilsyneladende ingen problemer med hidsigproppen i resten af kampen.<\/p>\n","protected":false},"excerpt":{"rendered":"<p>DR&#8217;s radiov\u00e6rter til d\u00e6kningen af kampen mellem AGF og FC K\u00f8benhavn blev overfuset af en af hjemmeholdets sponsorer<\/p>\n","protected":false},"author":705,"featured_media":241371,"comment_status":"open","ping_status":"closed","sticky":false,"template":"","format":"standard","meta":{"om_disable_all_campaigns":false,"push_articles_ronaldo":{"active":false,"canonical":0,"publish":false},"force_updates":null},"categories":[1],"tags":[18,16,588],"enet_tags":{"team":["8071","8391"],"league":["46"],"sport_events":[3389103]},"yoast_head":"<!-- This site is optimized with the Yoast SEO plugin v18.3 - https:\/\/yoast.com\/wordpress\/plugins\/seo\/ -->\n<title>AGF-sponsor gik amok p\u00e5 DR-v\u00e6rter under FCK-kamp<\/title>\n<meta name=\"description\" content=\"DR&#039;s radiov\u00e6rter til d\u00e6kningen af kampen mellem AGF og FC K\u00f8benhavn blev overfuset af en af hjemmeholdets sponsorer\" \/>\n<meta name=\"robots\" content=\"index, follow, max-snippet:-1, max-image-preview:large, max-video-preview:-1\" \/>\n<link rel=\"canonical\" href=\"https:\/\/acefootball.com\/da\/fodboldnyheder\/agf-sponsor-gik-amok-paa-dr-vaerter-under-fck-kamp\/\" \/>\n<meta property=\"og:locale\" content=\"en_US\" \/>\n<meta property=\"og:type\" content=\"article\" \/>\n<meta property=\"og:title\" content=\"AGF-sponsor gik amok p\u00e5 DR-v\u00e6rter under FCK-kamp\" \/>\n<meta property=\"og:description\" content=\"DR&#039;s radiov\u00e6rter til d\u00e6kningen af kampen mellem AGF og FC K\u00f8benhavn blev overfuset af en af hjemmeholdets sponsorer\" \/>\n<meta property=\"og:url\" content=\"https:\/\/acefootball.com\/da\/fodboldnyheder\/agf-sponsor-gik-amok-paa-dr-vaerter-under-fck-kamp\/\" \/>\n<meta property=\"og:site_name\" content=\"Ace Football Danmark\" \/>\n<meta property=\"article:publisher\" content=\"https:\/\/www.facebook.com\/acefootballdk\" \/>\n<meta property=\"article:published_time\" content=\"2020-10-26T13:01:04+00:00\" \/>\n<meta property=\"article:modified_time\" content=\"2020-10-26T13:01:05+00:00\" \/>\n<meta property=\"og:image\" content=\"https:\/\/acefootball.com\/da\/wp-content\/uploads\/sites\/2\/2020\/10\/GettyImages-1229280529.jpg\" \/>\n\t<meta property=\"og:image:width\" content=\"1024\" \/>\n\t<meta property=\"og:image:height\" content=\"624\" \/>\n\t<meta property=\"og:image:type\" content=\"image\/jpeg\" \/>\n<meta name=\"twitter:card\" content=\"summary_large_image\" \/>\n<meta name=\"twitter:label1\" content=\"Written by\" \/>\n\t<meta name=\"twitter:data1\" content=\"Mads Dreyer\" \/>\n\t<meta name=\"twitter:label2\" content=\"Est. reading time\" \/>\n\t<meta name=\"twitter:data2\" content=\"1 minute\" \/>\n<script type=\"application\/ld+json\" class=\"yoast-schema-graph\">{\"@context\":\"https:\/\/schema.org\",\"@graph\":[{\"@type\":\"Organization\",\"@id\":\"https:\/\/acefootball.com\/da\/#organization\",\"name\":\"Ace Football\",\"url\":\"https:\/\/acefootball.com\/da\/\",\"sameAs\":[\"https:\/\/www.facebook.com\/acefootballdk\"],\"logo\":{\"@type\":\"ImageObject\",\"@id\":\"https:\/\/acefootball.com\/da\/#logo\",\"inLanguage\":\"en-US\",\"url\":\"https:\/\/acefootball.com\/da\/wp-content\/uploads\/sites\/2\/2020\/07\/Ace-Football-30-07-2020-2.png\",\"contentUrl\":\"https:\/\/acefootball.com\/da\/wp-content\/uploads\/sites\/2\/2020\/07\/Ace-Football-30-07-2020-2.png\",\"width\":1200,\"height\":600,\"caption\":\"Ace Football\"},\"image\":{\"@id\":\"https:\/\/acefootball.com\/da\/#logo\"}},{\"@type\":\"WebSite\",\"@id\":\"https:\/\/acefootball.com\/da\/#website\",\"url\":\"https:\/\/acefootball.com\/da\/\",\"name\":\"Ace Football Danmark\",\"description\":\"Nyheder, Spiltips &amp; Livescore\",\"publisher\":{\"@id\":\"https:\/\/acefootball.com\/da\/#organization\"},\"potentialAction\":[{\"@type\":\"SearchAction\",\"target\":{\"@type\":\"EntryPoint\",\"urlTemplate\":\"https:\/\/acefootball.com\/da\/?s={search_term_string}\"},\"query-input\":\"required name=search_term_string\"}],\"inLanguage\":\"en-US\"},{\"@type\":\"ImageObject\",\"@id\":\"https:\/\/acefootball.com\/da\/fodboldnyheder\/agf-sponsor-gik-amok-paa-dr-vaerter-under-fck-kamp\/#primaryimage\",\"inLanguage\":\"en-US\",\"url\":\"https:\/\/acefootball.com\/da\/wp-content\/uploads\/sites\/2\/2020\/10\/GettyImages-1229280529.jpg\",\"contentUrl\":\"https:\/\/acefootball.com\/da\/wp-content\/uploads\/sites\/2\/2020\/10\/GettyImages-1229280529.jpg\",\"width\":1024,\"height\":624,\"caption\":\"AARHUS, DENMARK - OCTOBER 25: Jacob Nielsen (L), director of AGF Aarhus and Peter PC Christiansen, sports director of AGF Aarhus on the stand during the Danish 3F Superliga match between AGF Aarhus and FC Copenhagen at Ceres Park on October 25, 2020 in Aarhus, Denmark. (Photo by Lars Ronbog \/ FrontZoneSport via Getty Images)\"},{\"@type\":\"WebPage\",\"@id\":\"https:\/\/acefootball.com\/da\/fodboldnyheder\/agf-sponsor-gik-amok-paa-dr-vaerter-under-fck-kamp\/#webpage\",\"url\":\"https:\/\/acefootball.com\/da\/fodboldnyheder\/agf-sponsor-gik-amok-paa-dr-vaerter-under-fck-kamp\/\",\"name\":\"AGF-sponsor gik amok p\u00e5 DR-v\u00e6rter under FCK-kamp\",\"isPartOf\":{\"@id\":\"https:\/\/acefootball.com\/da\/#website\"},\"primaryImageOfPage\":{\"@id\":\"https:\/\/acefootball.com\/da\/fodboldnyheder\/agf-sponsor-gik-amok-paa-dr-vaerter-under-fck-kamp\/#primaryimage\"},\"datePublished\":\"2020-10-26T13:01:04+00:00\",\"dateModified\":\"2020-10-26T13:01:05+00:00\",\"description\":\"DR's radiov\u00e6rter til d\u00e6kningen af kampen mellem AGF og FC K\u00f8benhavn blev overfuset af en af hjemmeholdets sponsorer\",\"breadcrumb\":{\"@id\":\"https:\/\/acefootball.com\/da\/fodboldnyheder\/agf-sponsor-gik-amok-paa-dr-vaerter-under-fck-kamp\/#breadcrumb\"},\"inLanguage\":\"en-US\",\"potentialAction\":[{\"@type\":\"ReadAction\",\"target\":[\"https:\/\/acefootball.com\/da\/fodboldnyheder\/agf-sponsor-gik-amok-paa-dr-vaerter-under-fck-kamp\/\"]}]},{\"@type\":\"BreadcrumbList\",\"@id\":\"https:\/\/acefootball.com\/da\/fodboldnyheder\/agf-sponsor-gik-amok-paa-dr-vaerter-under-fck-kamp\/#breadcrumb\",\"itemListElement\":[{\"@type\":\"ListItem\",\"position\":1,\"name\":\"Home\",\"item\":\"https:\/\/acefootball.com\/da\/\"},{\"@type\":\"ListItem\",\"position\":2,\"name\":\"AGF-sponsor gik amok p\u00e5 DR-v\u00e6rter under FCK-kamp\"}]},{\"@type\":\"Article\",\"@id\":\"https:\/\/acefootball.com\/da\/fodboldnyheder\/agf-sponsor-gik-amok-paa-dr-vaerter-under-fck-kamp\/#article\",\"isPartOf\":{\"@id\":\"https:\/\/acefootball.com\/da\/fodboldnyheder\/agf-sponsor-gik-amok-paa-dr-vaerter-under-fck-kamp\/#webpage\"},\"author\":{\"@id\":\"https:\/\/acefootball.com\/da\/#\/schema\/person\/ee67e9cf04a276f144100ffa722f10cd\"},\"headline\":\"AGF-sponsor gik amok p\u00e5 DR-v\u00e6rter under FCK-kamp\",\"datePublished\":\"2020-10-26T13:01:04+00:00\",\"dateModified\":\"2020-10-26T13:01:05+00:00\",\"mainEntityOfPage\":{\"@id\":\"https:\/\/acefootball.com\/da\/fodboldnyheder\/agf-sponsor-gik-amok-paa-dr-vaerter-under-fck-kamp\/#webpage\"},\"wordCount\":203,\"commentCount\":0,\"publisher\":{\"@id\":\"https:\/\/acefootball.com\/da\/#organization\"},\"image\":{\"@id\":\"https:\/\/acefootball.com\/da\/fodboldnyheder\/agf-sponsor-gik-amok-paa-dr-vaerter-under-fck-kamp\/#primaryimage\"},\"thumbnailUrl\":\"https:\/\/acefootball.com\/da\/wp-content\/uploads\/sites\/2\/2020\/10\/GettyImages-1229280529.jpg\",\"keywords\":[\"AGF\",\"FC K\u00f8benhavn\",\"Superligaen\"],\"articleSection\":[\"Nyhed\"],\"inLanguage\":\"en-US\",\"potentialAction\":[{\"@type\":\"CommentAction\",\"name\":\"Comment\",\"target\":[\"https:\/\/acefootball.com\/da\/fodboldnyheder\/agf-sponsor-gik-amok-paa-dr-vaerter-under-fck-kamp\/#respond\"]}]},{\"@type\":\"Person\",\"@id\":\"https:\/\/acefootball.com\/da\/#\/schema\/person\/ee67e9cf04a276f144100ffa722f10cd\",\"name\":\"Mads Dreyer\",\"image\":{\"@type\":\"ImageObject\",\"@id\":\"https:\/\/acefootball.com\/da\/#personlogo\",\"inLanguage\":\"en-US\",\"url\":\"https:\/\/secure.gravatar.com\/avatar\/7c7abf72cfde9902b6a60efe60c88d4c?s=96&d=mm&r=g\",\"contentUrl\":\"https:\/\/secure.gravatar.com\/avatar\/7c7abf72cfde9902b6a60efe60c88d4c?s=96&d=mm&r=g\",\"caption\":\"Mads Dreyer\"},\"description\":\"Skribent og fodboldn\u00f8rd, der lige nu fort\u00e6ller om alt og intet i fodboldverdenen p\u00e5 acefootball.com. Uddannet i kommunikation fra Aalborg Universitet.\",\"sameAs\":[\"https:\/\/www.linkedin.com\/in\/mads-dreyer-b9b08266\/\"],\"url\":\"https:\/\/acefootball.com\/da\/fodboldnyheder\/author\/mdnronaldo\/\"}]}<\/script>\n<!-- \/ Yoast SEO plugin. -->","yoast_head_json":{"title":"AGF-sponsor gik amok p\u00e5 DR-v\u00e6rter under FCK-kamp","description":"DR's radiov\u00e6rter til d\u00e6kningen af kampen mellem AGF og FC K\u00f8benhavn blev overfuset af en af hjemmeholdets sponsorer","robots":{"index":"index","follow":"follow","max-snippet":"max-snippet:-1","max-image-preview":"max-image-preview:large","max-video-preview":"max-video-preview:-1"},"canonical":"https:\/\/acefootball.com\/da\/fodboldnyheder\/agf-sponsor-gik-amok-paa-dr-vaerter-under-fck-kamp\/","og_locale":"en_US","og_type":"article","og_title":"AGF-sponsor gik amok p\u00e5 DR-v\u00e6rter under FCK-kamp","og_description":"DR's radiov\u00e6rter til d\u00e6kningen af kampen mellem AGF og FC K\u00f8benhavn blev overfuset af en af hjemmeholdets sponsorer","og_url":"https:\/\/acefootball.com\/da\/fodboldnyheder\/agf-sponsor-gik-amok-paa-dr-vaerter-under-fck-kamp\/","og_site_name":"Ace Football Danmark","article_publisher":"https:\/\/www.facebook.com\/acefootballdk","article_published_time":"2020-10-26T13:01:04+00:00","article_modified_time":"2020-10-26T13:01:05+00:00","og_image":[{"width":1024,"height":624,"url":"https:\/\/acefootball.com\/da\/wp-content\/uploads\/sites\/2\/2020\/10\/GettyImages-1229280529.jpg","type":"image\/jpeg"}],"twitter_card":"summary_large_image","twitter_misc":{"Written by":"Mads Dreyer","Est. reading time":"1 minute"},"schema":{"@context":"https:\/\/schema.org","@graph":[{"@type":"Organization","@id":"https:\/\/acefootball.com\/da\/#organization","name":"Ace Football","url":"https:\/\/acefootball.com\/da\/","sameAs":["https:\/\/www.facebook.com\/acefootballdk"],"logo":{"@type":"ImageObject","@id":"https:\/\/acefootball.com\/da\/#logo","inLanguage":"en-US","url":"https:\/\/acefootball.com\/da\/wp-content\/uploads\/sites\/2\/2020\/07\/Ace-Football-30-07-2020-2.png","contentUrl":"https:\/\/acefootball.com\/da\/wp-content\/uploads\/sites\/2\/2020\/07\/Ace-Football-30-07-2020-2.png","width":1200,"height":600,"caption":"Ace Football"},"image":{"@id":"https:\/\/acefootball.com\/da\/#logo"}},{"@type":"WebSite","@id":"https:\/\/acefootball.com\/da\/#website","url":"https:\/\/acefootball.com\/da\/","name":"Ace Football Danmark","description":"Nyheder, Spiltips &amp; Livescore","publisher":{"@id":"https:\/\/acefootball.com\/da\/#organization"},"potentialAction":[{"@type":"SearchAction","target":{"@type":"EntryPoint","urlTemplate":"https:\/\/acefootball.com\/da\/?s={search_term_string}"},"query-input":"required name=search_term_string"}],"inLanguage":"en-US"},{"@type":"ImageObject","@id":"https:\/\/acefootball.com\/da\/fodboldnyheder\/agf-sponsor-gik-amok-paa-dr-vaerter-under-fck-kamp\/#primaryimage","inLanguage":"en-US","url":"https:\/\/acefootball.com\/da\/wp-content\/uploads\/sites\/2\/2020\/10\/GettyImages-1229280529.jpg","contentUrl":"https:\/\/acefootball.com\/da\/wp-content\/uploads\/sites\/2\/2020\/10\/GettyImages-1229280529.jpg","width":1024,"height":624,"caption":"AARHUS, DENMARK - OCTOBER 25: Jacob Nielsen (L), director of AGF Aarhus and Peter PC Christiansen, sports director of AGF Aarhus on the stand during the Danish 3F Superliga match between AGF Aarhus and FC Copenhagen at Ceres Park on October 25, 2020 in Aarhus, Denmark. (Photo by Lars Ronbog \/ FrontZoneSport via Getty Images)"},{"@type":"WebPage","@id":"https:\/\/acefootball.com\/da\/fodboldnyheder\/agf-sponsor-gik-amok-paa-dr-vaerter-under-fck-kamp\/#webpage","url":"https:\/\/acefootball.com\/da\/fodboldnyheder\/agf-sponsor-gik-amok-paa-dr-vaerter-under-fck-kamp\/","name":"AGF-sponsor gik amok p\u00e5 DR-v\u00e6rter under FCK-kamp","isPartOf":{"@id":"https:\/\/acefootball.com\/da\/#website"},"primaryImageOfPage":{"@id":"https:\/\/acefootball.com\/da\/fodboldnyheder\/agf-sponsor-gik-amok-paa-dr-vaerter-under-fck-kamp\/#primaryimage"},"datePublished":"2020-10-26T13:01:04+00:00","dateModified":"2020-10-26T13:01:05+00:00","description":"DR's radiov\u00e6rter til d\u00e6kningen af kampen mellem AGF og FC K\u00f8benhavn blev overfuset af en af hjemmeholdets sponsorer","breadcrumb":{"@id":"https:\/\/acefootball.com\/da\/fodboldnyheder\/agf-sponsor-gik-amok-paa-dr-vaerter-under-fck-kamp\/#breadcrumb"},"inLanguage":"en-US","potentialAction":[{"@type":"ReadAction","target":["https:\/\/acefootball.com\/da\/fodboldnyheder\/agf-sponsor-gik-amok-paa-dr-vaerter-under-fck-kamp\/"]}]},{"@type":"BreadcrumbList","@id":"https:\/\/acefootball.com\/da\/fodboldnyheder\/agf-sponsor-gik-amok-paa-dr-vaerter-under-fck-kamp\/#breadcrumb","itemListElement":[{"@type":"ListItem","position":1,"name":"Home","item":"https:\/\/acefootball.com\/da\/"},{"@type":"ListItem","position":2,"name":"AGF-sponsor gik amok p\u00e5 DR-v\u00e6rter under FCK-kamp"}]},{"@type":"Article","@id":"https:\/\/acefootball.com\/da\/fodboldnyheder\/agf-sponsor-gik-amok-paa-dr-vaerter-under-fck-kamp\/#article","isPartOf":{"@id":"https:\/\/acefootball.com\/da\/fodboldnyheder\/agf-sponsor-gik-amok-paa-dr-vaerter-under-fck-kamp\/#webpage"},"author":{"@id":"https:\/\/acefootball.com\/da\/#\/schema\/person\/ee67e9cf04a276f144100ffa722f10cd"},"headline":"AGF-sponsor gik amok p\u00e5 DR-v\u00e6rter under FCK-kamp","datePublished":"2020-10-26T13:01:04+00:00","dateModified":"2020-10-26T13:01:05+00:00","mainEntityOfPage":{"@id":"https:\/\/acefootball.com\/da\/fodboldnyheder\/agf-sponsor-gik-amok-paa-dr-vaerter-under-fck-kamp\/#webpage"},"wordCount":203,"commentCount":0,"publisher":{"@id":"https:\/\/acefootball.com\/da\/#organization"},"image":{"@id":"https:\/\/acefootball.com\/da\/fodboldnyheder\/agf-sponsor-gik-amok-paa-dr-vaerter-under-fck-kamp\/#primaryimage"},"thumbnailUrl":"https:\/\/acefootball.com\/da\/wp-content\/uploads\/sites\/2\/2020\/10\/GettyImages-1229280529.jpg","keywords":["AGF","FC K\u00f8benhavn","Superligaen"],"articleSection":["Nyhed"],"inLanguage":"en-US","potentialAction":[{"@type":"CommentAction","name":"Comment","target":["https:\/\/acefootball.com\/da\/fodboldnyheder\/agf-sponsor-gik-amok-paa-dr-vaerter-under-fck-kamp\/#respond"]}]},{"@type":"Person","@id":"https:\/\/acefootball.com\/da\/#\/schema\/person\/ee67e9cf04a276f144100ffa722f10cd","name":"Mads Dreyer","image":{"@type":"ImageObject","@id":"https:\/\/acefootball.com\/da\/#personlogo","inLanguage":"en-US","url":"https:\/\/secure.gravatar.com\/avatar\/7c7abf72cfde9902b6a60efe60c88d4c?s=96&d=mm&r=g","contentUrl":"https:\/\/secure.gravatar.com\/avatar\/7c7abf72cfde9902b6a60efe60c88d4c?s=96&d=mm&r=g","caption":"Mads Dreyer"},"description":"Skribent og fodboldn\u00f8rd, der lige nu fort\u00e6ller om alt og intet i fodboldverdenen p\u00e5 acefootball.com. Uddannet i kommunikation fra Aalborg Universitet.","sameAs":["https:\/\/www.linkedin.com\/in\/mads-dreyer-b9b08266\/"],"url":"https:\/\/acefootball.com\/da\/fodboldnyheder\/author\/mdnronaldo\/"}]}},"fimg_url":"https:\/\/acefootball.com\/da\/wp-content\/uploads\/sites\/2\/2020\/10\/GettyImages-1229280529.jpg","_links":{"self":[{"href":"https:\/\/acefootball.com\/da\/wp-json\/wp\/v2\/posts\/241369"}],"collection":[{"href":"https:\/\/acefootball.com\/da\/wp-json\/wp\/v2\/posts"}],"about":[{"href":"https:\/\/acefootball.com\/da\/wp-json\/wp\/v2\/types\/post"}],"author":[{"embeddable":true,"href":"https:\/\/acefootball.com\/da\/wp-json\/wp\/v2\/users\/705"}],"replies":[{"embeddable":true,"href":"https:\/\/acefootball.com\/da\/wp-json\/wp\/v2\/comments?post=241369"}],"version-history":[{"count":0,"href":"https:\/\/acefootball.com\/da\/wp-json\/wp\/v2\/posts\/241369\/revisions"}],"wp:featuredmedia":[{"embeddable":true,"href":"https:\/\/acefootball.com\/da\/wp-json\/wp\/v2\/media\/241371"}],"wp:attachment":[{"href":"https:\/\/acefootball.com\/da\/wp-json\/wp\/v2\/media?parent=241369"}],"wp:term":[{"taxonomy":"category","embeddable":true,"href":"https:\/\/acefootball.com\/da\/wp-json\/wp\/v2\/categories?post=241369"},{"taxonomy":"post_tag","embeddable":true,"href":"https:\/\/acefootball.com\/da\/wp-json\/wp\/v2\/tags?post=241369"}],"curies":[{"name":"wp","href":"https:\/\/api.w.org\/{rel}","templated":true}]}}