{"id":241346,"date":"2020-10-26T11:25:34","date_gmt":"2020-10-26T10:25:34","guid":{"rendered":"https:\/\/acefootball.com\/da\/?p=241346"},"modified":"2020-10-26T11:25:35","modified_gmt":"2020-10-26T10:25:35","slug":"medie-barcelona-praesident-kan-gaa-af-i-dag","status":"publish","type":"post","link":"https:\/\/acefootball.com\/da\/fodboldnyheder\/medie-barcelona-praesident-kan-gaa-af-i-dag\/","title":{"rendered":"Medie: Barcelona-pr\u00e6sident kan g\u00e5 af i dag"},"content":{"rendered":"\n<h2 id=\"h-if-lge-det-lokale-medie-sport-kan-barcelona-pr-sident-josep-bartomeu-forlade-sin-post-allerede-i-dag-efter-uenigheder-med-den-catalanske-regering\">If\u00f8lge det lokale medie Sport kan Barcelona-pr\u00e6sident Josep Bartomeu forlade sin post allerede i dag efter uenigheder med den catalanske regering<\/h2>\n\n\n\n<div class=\"wp-block-si-widget wp-block-si-widget--center\"><si-lb-widget widget-id=\"MatchInfoWithOdds\" data-nopadding=\"true\" data-card=\"true\" width=\"440\" data-event-id=\"3462009\" data-provider=\"mrgreen\" data-theme-appearance=\"dark\"><\/si-lb-widget><\/div>\n\n\n\n<p>Hos FC Barcelona er man lige nu i gang med at forberede <a href=\"https:\/\/acefootball.com\/da\/fodboldnyheder\/nu-gaelder-det-barcelona-saetter-dato-for-afgoerende-afstemning\/\">en ny afstemning<\/a> blandt klubbens medlemmer, som den 1. og 2. november har muligheden for at fjerne pr\u00e6sident Josep Bartomeu fra posten.<\/p>\n\n\n\n<p>Det kr\u00e6ver, at to tredjedele af medlemmerne stemmer for mistillid til Bartomeu, men den siddende ledelse kan allerede i dag pakke sine ting og forlade klubben. Det skriver det spanske medie <a href=\"https:\/\/www.sport.es\/es\/noticias\/barca\/bartomeu-sus-directivos-podrian-dimitir-manana-despues-junta-8173965\" target=\"_blank\" rel=\"noreferrer noopener\">Sport<\/a>.<\/p>\n\n\n\n<p>Grunden er, at Barcelona-ledelsen \u00f8nsker at f\u00e5 udskudt afstemningen p\u00e5 grund af den stigende smitterisiko i den catalanske hovedstad. Flertallet af medlemmerne er \u00e6ldre borgere, og derfor en del af den udsatte befolkningsgruppe. Derfor vurderer klubben det som en for stor risiko at gennemf\u00f8re afstemningen p\u00e5 nuv\u00e6rende tidspunkt.<\/p>\n\n\n\n<figure class=\"wp-block-embed-wordpress wp-block-embed is-type-wp-embed is-provider-ace-football-danmark\"><div class=\"wp-block-embed__wrapper\">\n<blockquote class=\"wp-embedded-content\" data-secret=\"FN4z1tqhIx\"><a href=\"https:\/\/acefootball.com\/da\/fodboldnyheder\/skade-holder-coutinho-ude-af-juventus-brag\/\">Skade holder Coutinho ude af Juventus-brag<\/a><\/blockquote><iframe class=\"wp-embedded-content\" sandbox=\"allow-scripts\" security=\"restricted\" style=\"position: absolute; clip: rect(1px, 1px, 1px, 1px);\" title=\"&#8220;Skade holder Coutinho ude af Juventus-brag&#8221; &#8212; Ace Football Danmark\" src=\"https:\/\/acefootball.com\/da\/fodboldnyheder\/skade-holder-coutinho-ude-af-juventus-brag\/embed\/#?secret=FN4z1tqhIx\" data-secret=\"FN4z1tqhIx\" width=\"600\" height=\"338\" frameborder=\"0\" marginwidth=\"0\" marginheight=\"0\" scrolling=\"no\"><\/iframe>\n<\/div><\/figure>\n\n\n\n<p>Den catalanske regering vil dog ikke im\u00f8dekomme anmodningen om at uds\u00e6tte mistillidsafstemningen, og det kan if\u00f8lge mediet f\u00e5 Bartomeu og resten af ledelsen til at pakke sine ting og forlade Camp Nou allerede i dag.<\/p>\n\n\n\n<p>Barcelona-ledelsen er i dag samlet til m\u00f8de for at diskutere budgettet i indev\u00e6rende s\u00e6son, og her kan beslutningen om at tr\u00e6de tilbage efter sigende blive truffet.<\/p>\n","protected":false},"excerpt":{"rendered":"<p>If\u00f8lge det lokale medie Sport kan Barcelona-pr\u00e6sident Josep Bartomeu forlade sin post allerede i dag efter uenigheder med den catalanske regering<\/p>\n","protected":false},"author":705,"featured_media":234298,"comment_status":"open","ping_status":"closed","sticky":false,"template":"","format":"standard","meta":{"om_disable_all_campaigns":false,"push_articles_ronaldo":{"active":false,"canonical":0,"publish":false},"force_updates":null},"categories":[1],"tags":[41,303],"enet_tags":{"team":["8634"],"league":["87"],"sport_events":[3462009]},"yoast_head":"<!-- This site is optimized with the Yoast SEO plugin v18.3 - https:\/\/yoast.com\/wordpress\/plugins\/seo\/ -->\n<title>Medie: Barcelona-pr\u00e6sident kan g\u00e5 af i dag<\/title>\n<meta name=\"description\" content=\"If\u00f8lge det lokale medie Sport kan Barcelona-pr\u00e6sident Josep Bartomeu forlade sin post allerede i dag efter uenigheder med regeringen\" \/>\n<meta name=\"robots\" content=\"index, follow, max-snippet:-1, max-image-preview:large, max-video-preview:-1\" \/>\n<link rel=\"canonical\" href=\"https:\/\/acefootball.com\/da\/fodboldnyheder\/medie-barcelona-praesident-kan-gaa-af-i-dag\/\" \/>\n<meta property=\"og:locale\" content=\"en_US\" \/>\n<meta property=\"og:type\" content=\"article\" \/>\n<meta property=\"og:title\" content=\"Medie: Barcelona-pr\u00e6sident kan g\u00e5 af i dag\" \/>\n<meta property=\"og:description\" content=\"If\u00f8lge det lokale medie Sport kan Barcelona-pr\u00e6sident Josep Bartomeu forlade sin post allerede i dag efter uenigheder med regeringen\" \/>\n<meta property=\"og:url\" content=\"https:\/\/acefootball.com\/da\/fodboldnyheder\/medie-barcelona-praesident-kan-gaa-af-i-dag\/\" \/>\n<meta property=\"og:site_name\" content=\"Ace Football Danmark\" \/>\n<meta property=\"article:publisher\" content=\"https:\/\/www.facebook.com\/acefootballdk\" \/>\n<meta property=\"article:published_time\" content=\"2020-10-26T10:25:34+00:00\" \/>\n<meta property=\"article:modified_time\" content=\"2020-10-26T10:25:35+00:00\" \/>\n<meta property=\"og:image\" content=\"https:\/\/acefootball.com\/da\/wp-content\/uploads\/sites\/2\/2020\/08\/GettyImages-452645394.jpg\" \/>\n\t<meta property=\"og:image:width\" content=\"1024\" \/>\n\t<meta property=\"og:image:height\" content=\"682\" \/>\n\t<meta property=\"og:image:type\" content=\"image\/jpeg\" \/>\n<meta name=\"twitter:card\" content=\"summary_large_image\" \/>\n<meta name=\"twitter:label1\" content=\"Written by\" \/>\n\t<meta name=\"twitter:data1\" content=\"Mads Dreyer\" \/>\n\t<meta name=\"twitter:label2\" content=\"Est. reading time\" \/>\n\t<meta name=\"twitter:data2\" content=\"1 minute\" \/>\n<script type=\"application\/ld+json\" class=\"yoast-schema-graph\">{\"@context\":\"https:\/\/schema.org\",\"@graph\":[{\"@type\":\"Organization\",\"@id\":\"https:\/\/acefootball.com\/da\/#organization\",\"name\":\"Ace Football\",\"url\":\"https:\/\/acefootball.com\/da\/\",\"sameAs\":[\"https:\/\/www.facebook.com\/acefootballdk\"],\"logo\":{\"@type\":\"ImageObject\",\"@id\":\"https:\/\/acefootball.com\/da\/#logo\",\"inLanguage\":\"en-US\",\"url\":\"https:\/\/acefootball.com\/da\/wp-content\/uploads\/sites\/2\/2020\/07\/Ace-Football-30-07-2020-2.png\",\"contentUrl\":\"https:\/\/acefootball.com\/da\/wp-content\/uploads\/sites\/2\/2020\/07\/Ace-Football-30-07-2020-2.png\",\"width\":1200,\"height\":600,\"caption\":\"Ace Football\"},\"image\":{\"@id\":\"https:\/\/acefootball.com\/da\/#logo\"}},{\"@type\":\"WebSite\",\"@id\":\"https:\/\/acefootball.com\/da\/#website\",\"url\":\"https:\/\/acefootball.com\/da\/\",\"name\":\"Ace Football Danmark\",\"description\":\"Nyheder, Spiltips &amp; Livescore\",\"publisher\":{\"@id\":\"https:\/\/acefootball.com\/da\/#organization\"},\"potentialAction\":[{\"@type\":\"SearchAction\",\"target\":{\"@type\":\"EntryPoint\",\"urlTemplate\":\"https:\/\/acefootball.com\/da\/?s={search_term_string}\"},\"query-input\":\"required name=search_term_string\"}],\"inLanguage\":\"en-US\"},{\"@type\":\"ImageObject\",\"@id\":\"https:\/\/acefootball.com\/da\/fodboldnyheder\/medie-barcelona-praesident-kan-gaa-af-i-dag\/#primaryimage\",\"inLanguage\":\"en-US\",\"url\":\"https:\/\/acefootball.com\/da\/wp-content\/uploads\/sites\/2\/2020\/08\/GettyImages-452645394.jpg\",\"contentUrl\":\"https:\/\/acefootball.com\/da\/wp-content\/uploads\/sites\/2\/2020\/08\/GettyImages-452645394.jpg\",\"width\":1024,\"height\":682,\"caption\":\"BARCELONA, SPAIN - JULY 25: FC Barcelona President Josep Maria Bartomeu looks on during a FC Barcelona training session at Ciutat Esportiva de Sant Joan Despi on July 25, 2014 in Barcelona, Spain. (Photo by David Ramos\/Getty Images)\"},{\"@type\":\"WebPage\",\"@id\":\"https:\/\/acefootball.com\/da\/fodboldnyheder\/medie-barcelona-praesident-kan-gaa-af-i-dag\/#webpage\",\"url\":\"https:\/\/acefootball.com\/da\/fodboldnyheder\/medie-barcelona-praesident-kan-gaa-af-i-dag\/\",\"name\":\"Medie: Barcelona-pr\u00e6sident kan g\u00e5 af i dag\",\"isPartOf\":{\"@id\":\"https:\/\/acefootball.com\/da\/#website\"},\"primaryImageOfPage\":{\"@id\":\"https:\/\/acefootball.com\/da\/fodboldnyheder\/medie-barcelona-praesident-kan-gaa-af-i-dag\/#primaryimage\"},\"datePublished\":\"2020-10-26T10:25:34+00:00\",\"dateModified\":\"2020-10-26T10:25:35+00:00\",\"description\":\"If\u00f8lge det lokale medie Sport kan Barcelona-pr\u00e6sident Josep Bartomeu forlade sin post allerede i dag efter uenigheder med regeringen\",\"breadcrumb\":{\"@id\":\"https:\/\/acefootball.com\/da\/fodboldnyheder\/medie-barcelona-praesident-kan-gaa-af-i-dag\/#breadcrumb\"},\"inLanguage\":\"en-US\",\"potentialAction\":[{\"@type\":\"ReadAction\",\"target\":[\"https:\/\/acefootball.com\/da\/fodboldnyheder\/medie-barcelona-praesident-kan-gaa-af-i-dag\/\"]}]},{\"@type\":\"BreadcrumbList\",\"@id\":\"https:\/\/acefootball.com\/da\/fodboldnyheder\/medie-barcelona-praesident-kan-gaa-af-i-dag\/#breadcrumb\",\"itemListElement\":[{\"@type\":\"ListItem\",\"position\":1,\"name\":\"Home\",\"item\":\"https:\/\/acefootball.com\/da\/\"},{\"@type\":\"ListItem\",\"position\":2,\"name\":\"Medie: Barcelona-pr\u00e6sident kan g\u00e5 af i dag\"}]},{\"@type\":\"Article\",\"@id\":\"https:\/\/acefootball.com\/da\/fodboldnyheder\/medie-barcelona-praesident-kan-gaa-af-i-dag\/#article\",\"isPartOf\":{\"@id\":\"https:\/\/acefootball.com\/da\/fodboldnyheder\/medie-barcelona-praesident-kan-gaa-af-i-dag\/#webpage\"},\"author\":{\"@id\":\"https:\/\/acefootball.com\/da\/#\/schema\/person\/ee67e9cf04a276f144100ffa722f10cd\"},\"headline\":\"Medie: Barcelona-pr\u00e6sident kan g\u00e5 af i dag\",\"datePublished\":\"2020-10-26T10:25:34+00:00\",\"dateModified\":\"2020-10-26T10:25:35+00:00\",\"mainEntityOfPage\":{\"@id\":\"https:\/\/acefootball.com\/da\/fodboldnyheder\/medie-barcelona-praesident-kan-gaa-af-i-dag\/#webpage\"},\"wordCount\":221,\"commentCount\":0,\"publisher\":{\"@id\":\"https:\/\/acefootball.com\/da\/#organization\"},\"image\":{\"@id\":\"https:\/\/acefootball.com\/da\/fodboldnyheder\/medie-barcelona-praesident-kan-gaa-af-i-dag\/#primaryimage\"},\"thumbnailUrl\":\"https:\/\/acefootball.com\/da\/wp-content\/uploads\/sites\/2\/2020\/08\/GettyImages-452645394.jpg\",\"keywords\":[\"FC Barcelona\",\"La Liga\"],\"articleSection\":[\"Nyhed\"],\"inLanguage\":\"en-US\",\"potentialAction\":[{\"@type\":\"CommentAction\",\"name\":\"Comment\",\"target\":[\"https:\/\/acefootball.com\/da\/fodboldnyheder\/medie-barcelona-praesident-kan-gaa-af-i-dag\/#respond\"]}]},{\"@type\":\"Person\",\"@id\":\"https:\/\/acefootball.com\/da\/#\/schema\/person\/ee67e9cf04a276f144100ffa722f10cd\",\"name\":\"Mads Dreyer\",\"image\":{\"@type\":\"ImageObject\",\"@id\":\"https:\/\/acefootball.com\/da\/#personlogo\",\"inLanguage\":\"en-US\",\"url\":\"https:\/\/secure.gravatar.com\/avatar\/7c7abf72cfde9902b6a60efe60c88d4c?s=96&d=mm&r=g\",\"contentUrl\":\"https:\/\/secure.gravatar.com\/avatar\/7c7abf72cfde9902b6a60efe60c88d4c?s=96&d=mm&r=g\",\"caption\":\"Mads Dreyer\"},\"description\":\"Skribent og fodboldn\u00f8rd, der lige nu fort\u00e6ller om alt og intet i fodboldverdenen p\u00e5 acefootball.com. Uddannet i kommunikation fra Aalborg Universitet.\",\"sameAs\":[\"https:\/\/www.linkedin.com\/in\/mads-dreyer-b9b08266\/\"],\"url\":\"https:\/\/acefootball.com\/da\/fodboldnyheder\/author\/mdnronaldo\/\"}]}<\/script>\n<!-- \/ Yoast SEO plugin. -->","yoast_head_json":{"title":"Medie: Barcelona-pr\u00e6sident kan g\u00e5 af i dag","description":"If\u00f8lge det lokale medie Sport kan Barcelona-pr\u00e6sident Josep Bartomeu forlade sin post allerede i dag efter uenigheder med regeringen","robots":{"index":"index","follow":"follow","max-snippet":"max-snippet:-1","max-image-preview":"max-image-preview:large","max-video-preview":"max-video-preview:-1"},"canonical":"https:\/\/acefootball.com\/da\/fodboldnyheder\/medie-barcelona-praesident-kan-gaa-af-i-dag\/","og_locale":"en_US","og_type":"article","og_title":"Medie: Barcelona-pr\u00e6sident kan g\u00e5 af i dag","og_description":"If\u00f8lge det lokale medie Sport kan Barcelona-pr\u00e6sident Josep Bartomeu forlade sin post allerede i dag efter uenigheder med regeringen","og_url":"https:\/\/acefootball.com\/da\/fodboldnyheder\/medie-barcelona-praesident-kan-gaa-af-i-dag\/","og_site_name":"Ace Football Danmark","article_publisher":"https:\/\/www.facebook.com\/acefootballdk","article_published_time":"2020-10-26T10:25:34+00:00","article_modified_time":"2020-10-26T10:25:35+00:00","og_image":[{"width":1024,"height":682,"url":"https:\/\/acefootball.com\/da\/wp-content\/uploads\/sites\/2\/2020\/08\/GettyImages-452645394.jpg","type":"image\/jpeg"}],"twitter_card":"summary_large_image","twitter_misc":{"Written by":"Mads Dreyer","Est. reading time":"1 minute"},"schema":{"@context":"https:\/\/schema.org","@graph":[{"@type":"Organization","@id":"https:\/\/acefootball.com\/da\/#organization","name":"Ace Football","url":"https:\/\/acefootball.com\/da\/","sameAs":["https:\/\/www.facebook.com\/acefootballdk"],"logo":{"@type":"ImageObject","@id":"https:\/\/acefootball.com\/da\/#logo","inLanguage":"en-US","url":"https:\/\/acefootball.com\/da\/wp-content\/uploads\/sites\/2\/2020\/07\/Ace-Football-30-07-2020-2.png","contentUrl":"https:\/\/acefootball.com\/da\/wp-content\/uploads\/sites\/2\/2020\/07\/Ace-Football-30-07-2020-2.png","width":1200,"height":600,"caption":"Ace Football"},"image":{"@id":"https:\/\/acefootball.com\/da\/#logo"}},{"@type":"WebSite","@id":"https:\/\/acefootball.com\/da\/#website","url":"https:\/\/acefootball.com\/da\/","name":"Ace Football Danmark","description":"Nyheder, Spiltips &amp; Livescore","publisher":{"@id":"https:\/\/acefootball.com\/da\/#organization"},"potentialAction":[{"@type":"SearchAction","target":{"@type":"EntryPoint","urlTemplate":"https:\/\/acefootball.com\/da\/?s={search_term_string}"},"query-input":"required name=search_term_string"}],"inLanguage":"en-US"},{"@type":"ImageObject","@id":"https:\/\/acefootball.com\/da\/fodboldnyheder\/medie-barcelona-praesident-kan-gaa-af-i-dag\/#primaryimage","inLanguage":"en-US","url":"https:\/\/acefootball.com\/da\/wp-content\/uploads\/sites\/2\/2020\/08\/GettyImages-452645394.jpg","contentUrl":"https:\/\/acefootball.com\/da\/wp-content\/uploads\/sites\/2\/2020\/08\/GettyImages-452645394.jpg","width":1024,"height":682,"caption":"BARCELONA, SPAIN - JULY 25: FC Barcelona President Josep Maria Bartomeu looks on during a FC Barcelona training session at Ciutat Esportiva de Sant Joan Despi on July 25, 2014 in Barcelona, Spain. (Photo by David Ramos\/Getty Images)"},{"@type":"WebPage","@id":"https:\/\/acefootball.com\/da\/fodboldnyheder\/medie-barcelona-praesident-kan-gaa-af-i-dag\/#webpage","url":"https:\/\/acefootball.com\/da\/fodboldnyheder\/medie-barcelona-praesident-kan-gaa-af-i-dag\/","name":"Medie: Barcelona-pr\u00e6sident kan g\u00e5 af i dag","isPartOf":{"@id":"https:\/\/acefootball.com\/da\/#website"},"primaryImageOfPage":{"@id":"https:\/\/acefootball.com\/da\/fodboldnyheder\/medie-barcelona-praesident-kan-gaa-af-i-dag\/#primaryimage"},"datePublished":"2020-10-26T10:25:34+00:00","dateModified":"2020-10-26T10:25:35+00:00","description":"If\u00f8lge det lokale medie Sport kan Barcelona-pr\u00e6sident Josep Bartomeu forlade sin post allerede i dag efter uenigheder med regeringen","breadcrumb":{"@id":"https:\/\/acefootball.com\/da\/fodboldnyheder\/medie-barcelona-praesident-kan-gaa-af-i-dag\/#breadcrumb"},"inLanguage":"en-US","potentialAction":[{"@type":"ReadAction","target":["https:\/\/acefootball.com\/da\/fodboldnyheder\/medie-barcelona-praesident-kan-gaa-af-i-dag\/"]}]},{"@type":"BreadcrumbList","@id":"https:\/\/acefootball.com\/da\/fodboldnyheder\/medie-barcelona-praesident-kan-gaa-af-i-dag\/#breadcrumb","itemListElement":[{"@type":"ListItem","position":1,"name":"Home","item":"https:\/\/acefootball.com\/da\/"},{"@type":"ListItem","position":2,"name":"Medie: Barcelona-pr\u00e6sident kan g\u00e5 af i dag"}]},{"@type":"Article","@id":"https:\/\/acefootball.com\/da\/fodboldnyheder\/medie-barcelona-praesident-kan-gaa-af-i-dag\/#article","isPartOf":{"@id":"https:\/\/acefootball.com\/da\/fodboldnyheder\/medie-barcelona-praesident-kan-gaa-af-i-dag\/#webpage"},"author":{"@id":"https:\/\/acefootball.com\/da\/#\/schema\/person\/ee67e9cf04a276f144100ffa722f10cd"},"headline":"Medie: Barcelona-pr\u00e6sident kan g\u00e5 af i dag","datePublished":"2020-10-26T10:25:34+00:00","dateModified":"2020-10-26T10:25:35+00:00","mainEntityOfPage":{"@id":"https:\/\/acefootball.com\/da\/fodboldnyheder\/medie-barcelona-praesident-kan-gaa-af-i-dag\/#webpage"},"wordCount":221,"commentCount":0,"publisher":{"@id":"https:\/\/acefootball.com\/da\/#organization"},"image":{"@id":"https:\/\/acefootball.com\/da\/fodboldnyheder\/medie-barcelona-praesident-kan-gaa-af-i-dag\/#primaryimage"},"thumbnailUrl":"https:\/\/acefootball.com\/da\/wp-content\/uploads\/sites\/2\/2020\/08\/GettyImages-452645394.jpg","keywords":["FC Barcelona","La Liga"],"articleSection":["Nyhed"],"inLanguage":"en-US","potentialAction":[{"@type":"CommentAction","name":"Comment","target":["https:\/\/acefootball.com\/da\/fodboldnyheder\/medie-barcelona-praesident-kan-gaa-af-i-dag\/#respond"]}]},{"@type":"Person","@id":"https:\/\/acefootball.com\/da\/#\/schema\/person\/ee67e9cf04a276f144100ffa722f10cd","name":"Mads Dreyer","image":{"@type":"ImageObject","@id":"https:\/\/acefootball.com\/da\/#personlogo","inLanguage":"en-US","url":"https:\/\/secure.gravatar.com\/avatar\/7c7abf72cfde9902b6a60efe60c88d4c?s=96&d=mm&r=g","contentUrl":"https:\/\/secure.gravatar.com\/avatar\/7c7abf72cfde9902b6a60efe60c88d4c?s=96&d=mm&r=g","caption":"Mads Dreyer"},"description":"Skribent og fodboldn\u00f8rd, der lige nu fort\u00e6ller om alt og intet i fodboldverdenen p\u00e5 acefootball.com. Uddannet i kommunikation fra Aalborg Universitet.","sameAs":["https:\/\/www.linkedin.com\/in\/mads-dreyer-b9b08266\/"],"url":"https:\/\/acefootball.com\/da\/fodboldnyheder\/author\/mdnronaldo\/"}]}},"fimg_url":"https:\/\/acefootball.com\/da\/wp-content\/uploads\/sites\/2\/2020\/08\/GettyImages-452645394.jpg","_links":{"self":[{"href":"https:\/\/acefootball.com\/da\/wp-json\/wp\/v2\/posts\/241346"}],"collection":[{"href":"https:\/\/acefootball.com\/da\/wp-json\/wp\/v2\/posts"}],"about":[{"href":"https:\/\/acefootball.com\/da\/wp-json\/wp\/v2\/types\/post"}],"author":[{"embeddable":true,"href":"https:\/\/acefootball.com\/da\/wp-json\/wp\/v2\/users\/705"}],"replies":[{"embeddable":true,"href":"https:\/\/acefootball.com\/da\/wp-json\/wp\/v2\/comments?post=241346"}],"version-history":[{"count":0,"href":"https:\/\/acefootball.com\/da\/wp-json\/wp\/v2\/posts\/241346\/revisions"}],"wp:featuredmedia":[{"embeddable":true,"href":"https:\/\/acefootball.com\/da\/wp-json\/wp\/v2\/media\/234298"}],"wp:attachment":[{"href":"https:\/\/acefootball.com\/da\/wp-json\/wp\/v2\/media?parent=241346"}],"wp:term":[{"taxonomy":"category","embeddable":true,"href":"https:\/\/acefootball.com\/da\/wp-json\/wp\/v2\/categories?post=241346"},{"taxonomy":"post_tag","embeddable":true,"href":"https:\/\/acefootball.com\/da\/wp-json\/wp\/v2\/tags?post=241346"}],"curies":[{"name":"wp","href":"https:\/\/api.w.org\/{rel}","templated":true}]}}