{"id":241328,"date":"2020-10-26T09:56:00","date_gmt":"2020-10-26T08:56:00","guid":{"rendered":"https:\/\/acefootball.com\/da\/?p=241328"},"modified":"2020-10-26T09:56:01","modified_gmt":"2020-10-26T08:56:01","slug":"blev-kaldt-en-lille-pige-nu-svarer-fischer-agf-profil-igen","status":"publish","type":"post","link":"https:\/\/acefootball.com\/da\/fodboldnyheder\/blev-kaldt-en-lille-pige-nu-svarer-fischer-agf-profil-igen\/","title":{"rendered":"Blev kaldt en lille pige: Nu svarer Fischer AGF-profil igen"},"content":{"rendered":"\n<h2 id=\"h-viktor-fischer-har-ikke-det-mindste-til-overs-for-nicolai-poulsens-udtalelser-i-k-lvandet-p-g-rsdagens-kamp-mellem-agf-og-fck\">Viktor Fischer har ikke det mindste til overs for Nicolai Poulsens udtalelser i k\u00f8lvandet p\u00e5 g\u00e5rsdagens kamp mellem AGF og FCK<\/h2>\n\n\n\n<div class=\"wp-block-si-widget wp-block-si-widget--center\"><si-lb-widget widget-id=\"MatchInfoWithOdds\" data-nopadding=\"true\" data-card=\"true\" width=\"440\" data-event-id=\"3389103\" data-theme-appearance=\"dark\"><\/si-lb-widget><\/div>\n\n\n\n<p>FC K\u00f8benhavn kom i g\u00e5r tilbage p\u00e5 sporet, da de ude mod AGF tog en enormt tiltr\u00e6ngt sejr p\u00e5 et pivfr\u00e6kt straffespark af Jonas Wind.<\/p>\n\n\n\n<figure class=\"wp-block-embed-wordpress wp-block-embed is-type-wp-embed is-provider-ace-football-danmark\"><div class=\"wp-block-embed__wrapper\">\n<blockquote class=\"wp-embedded-content\" data-secret=\"dHmPcoEbWL\"><a href=\"https:\/\/acefootball.com\/da\/fodboldnyheder\/wind-panenka-soerger-for-fck-sejr-i-dramatisk-kortkamp\/\">Wind-panenka s\u00f8rger for FCK-sejr i dramatisk kortkamp<\/a><\/blockquote><iframe class=\"wp-embedded-content\" sandbox=\"allow-scripts\" security=\"restricted\" style=\"position: absolute; clip: rect(1px, 1px, 1px, 1px);\" title=\"&#8220;Wind-panenka s\u00f8rger for FCK-sejr i dramatisk kortkamp&#8221; &#8212; Ace Football Danmark\" src=\"https:\/\/acefootball.com\/da\/fodboldnyheder\/wind-panenka-soerger-for-fck-sejr-i-dramatisk-kortkamp\/embed\/#?secret=dHmPcoEbWL\" data-secret=\"dHmPcoEbWL\" width=\"600\" height=\"338\" frameborder=\"0\" marginwidth=\"0\" marginheight=\"0\" scrolling=\"no\"><\/iframe>\n<\/div><\/figure>\n\n\n\n<p>Efter en times spil blev AGF&#8217;s midtbanemotor Nicolai Poulsen tilmed udvist, da han fik sit andet gule kort efter en tackling p\u00e5 Viktor Fischer, men Poulsen var efter kampen meget utilfreds med kendelsen og sagde, at Fischer opf\u00f8rte sig som en lille pige.<\/p>\n\n\n\n\n        <div class=\"svf-video-single only-video\">\n            <div class=\"svf-video-container svf-embedded embedded\">\n                <script>(function(){const el = document.createElement('iframe');el.allow = 'autoplay';el.frameBorder = '0';el.classList.add('svf-video');el.allowFullscreen = true;document.currentScript.parentNode.style.display = 'none';el.src = \"https:\/\/www.viafree.dk\/embed\/sport\/id\/490ff734-0481-451e-a950-8ea5a95e4ceb?partnerId=a788403f-2c83-488f-adb0-2650ac7278a3\";el.addEventListener( 'load', function(){ this.parentNode.style.display = ''; });document.currentScript.parentNode.insertBefore(el, document.currentScript.nextSibling);})();<\/script>\n                <noscript><iframe allow=\"autoplay\" allowfullscreen frameborder=\"0\" class=\"svf-video\" src=\"https:\/\/www.viafree.dk\/embed\/sport\/id\/490ff734-0481-451e-a950-8ea5a95e4ceb?partnerId=a788403f-2c83-488f-adb0-2650ac7278a3\"><\/iframe><\/noscript>\n            <\/div>\n                    <\/div>\n        \n\n\n\n<p><\/p>\n\n\n\n<p>Denne udtalelse har FCK-stjernen nu reageret p\u00e5, og han har ikke meget til overs for AGF-profilen.<\/p>\n\n\n\n<p>&#8220;Jeg er fuldst\u00e6ndig ligeglad. Fuldst\u00e6ndig. Han skulle have gult kort. Han bliver spillet ud af kampen. Han kunne ikke h\u00e5ndtere det,&#8221; siger Fischer if\u00f8lge <a rel=\"noreferrer noopener\" href=\"https:\/\/www.bt.dk\/superligaen\/raser-mod-fischer-skriger-som-den-lille-pige-han-er\" target=\"_blank\">B<\/a><a rel=\"noreferrer noopener\" href=\"https:\/\/www.bt.dk\/superligaen\/raser-mod-fischer-skriger-som-den-lille-pige-han-er\" target=\"_blank\">.<\/a><a rel=\"noreferrer noopener\" href=\"https:\/\/www.bt.dk\/superligaen\/raser-mod-fischer-skriger-som-den-lille-pige-han-er\" target=\"_blank\">T<\/a>.<\/p>\n\n\n\n<p>Sejren betyder, at FCK nu kravler op p\u00e5 en niendeplads i tabellen, mens AGF ligger nummer fire.<\/p>\n\n\n\n<div class=\"wp-block-si-widget wp-block-si-widget--center\"><si-lb-widget widget-id=\"TournamentTableSPDK\" data-type=\"both\" data-form=\"last\" data-tournament-id=\"46\" width=\"440\" data-season-id=\"\" data-theme-appearance=\"dark\" data-initial-collapse=\"true\"><\/si-lb-widget><\/div>\n","protected":false},"excerpt":{"rendered":"<p>Viktor Fischer har ikke det mindste til overs for Nicolai Poulsens udtalelser i k\u00f8lvandet p\u00e5 g\u00e5rsdagens kamp mellem AGF og FCK<\/p>\n","protected":false},"author":74,"featured_media":241334,"comment_status":"open","ping_status":"closed","sticky":false,"template":"","format":"standard","meta":{"om_disable_all_campaigns":false,"push_articles_ronaldo":{"active":false,"canonical":0,"publish":false},"force_updates":null},"categories":[8060],"tags":[18,16,786,588,425],"enet_tags":{"team":["8071","8391"],"player":["392809","266526"],"league":["46"],"sport_events":[3389103]},"yoast_head":"<!-- This site is optimized with the Yoast SEO plugin v18.3 - https:\/\/yoast.com\/wordpress\/plugins\/seo\/ -->\n<title>Blev kaldt en lille pige: Nu svarer Fischer AGF-profil igen<\/title>\n<meta name=\"description\" content=\"Viktor Fischer har ikke det mindste til overs for Nicolai Poulsens udtalelser i k\u00f8lvandet p\u00e5 g\u00e5rsdagens kamp mellem AGF og FCK\" \/>\n<meta name=\"robots\" content=\"index, follow, max-snippet:-1, max-image-preview:large, max-video-preview:-1\" \/>\n<link rel=\"canonical\" href=\"https:\/\/acefootball.com\/da\/fodboldnyheder\/blev-kaldt-en-lille-pige-nu-svarer-fischer-agf-profil-igen\/\" \/>\n<meta property=\"og:locale\" content=\"en_US\" \/>\n<meta property=\"og:type\" content=\"article\" \/>\n<meta property=\"og:title\" content=\"Blev kaldt en lille pige: Nu svarer Fischer AGF-profil igen\" \/>\n<meta property=\"og:description\" content=\"Viktor Fischer har ikke det mindste til overs for Nicolai Poulsens udtalelser i k\u00f8lvandet p\u00e5 g\u00e5rsdagens kamp mellem AGF og FCK\" \/>\n<meta property=\"og:url\" content=\"https:\/\/acefootball.com\/da\/fodboldnyheder\/blev-kaldt-en-lille-pige-nu-svarer-fischer-agf-profil-igen\/\" \/>\n<meta property=\"og:site_name\" content=\"Ace Football Danmark\" \/>\n<meta property=\"article:publisher\" content=\"https:\/\/www.facebook.com\/acefootballdk\" \/>\n<meta property=\"article:published_time\" content=\"2020-10-26T08:56:00+00:00\" \/>\n<meta property=\"article:modified_time\" content=\"2020-10-26T08:56:01+00:00\" \/>\n<meta property=\"og:image\" content=\"https:\/\/acefootball.com\/da\/wp-content\/uploads\/sites\/2\/2020\/10\/GettyImages-1229280517.jpg\" \/>\n\t<meta property=\"og:image:width\" content=\"1024\" \/>\n\t<meta property=\"og:image:height\" content=\"716\" \/>\n\t<meta property=\"og:image:type\" content=\"image\/jpeg\" \/>\n<meta name=\"twitter:card\" content=\"summary_large_image\" \/>\n<meta name=\"twitter:label1\" content=\"Written by\" \/>\n\t<meta name=\"twitter:data1\" content=\"Patrick Hesselb\u00e6k\" \/>\n\t<meta name=\"twitter:label2\" content=\"Est. reading time\" \/>\n\t<meta name=\"twitter:data2\" content=\"1 minute\" \/>\n<script type=\"application\/ld+json\" class=\"yoast-schema-graph\">{\"@context\":\"https:\/\/schema.org\",\"@graph\":[{\"@type\":\"Organization\",\"@id\":\"https:\/\/acefootball.com\/da\/#organization\",\"name\":\"Ace Football\",\"url\":\"https:\/\/acefootball.com\/da\/\",\"sameAs\":[\"https:\/\/www.facebook.com\/acefootballdk\"],\"logo\":{\"@type\":\"ImageObject\",\"@id\":\"https:\/\/acefootball.com\/da\/#logo\",\"inLanguage\":\"en-US\",\"url\":\"https:\/\/acefootball.com\/da\/wp-content\/uploads\/sites\/2\/2020\/07\/Ace-Football-30-07-2020-2.png\",\"contentUrl\":\"https:\/\/acefootball.com\/da\/wp-content\/uploads\/sites\/2\/2020\/07\/Ace-Football-30-07-2020-2.png\",\"width\":1200,\"height\":600,\"caption\":\"Ace Football\"},\"image\":{\"@id\":\"https:\/\/acefootball.com\/da\/#logo\"}},{\"@type\":\"WebSite\",\"@id\":\"https:\/\/acefootball.com\/da\/#website\",\"url\":\"https:\/\/acefootball.com\/da\/\",\"name\":\"Ace Football Danmark\",\"description\":\"Nyheder, Spiltips &amp; Livescore\",\"publisher\":{\"@id\":\"https:\/\/acefootball.com\/da\/#organization\"},\"potentialAction\":[{\"@type\":\"SearchAction\",\"target\":{\"@type\":\"EntryPoint\",\"urlTemplate\":\"https:\/\/acefootball.com\/da\/?s={search_term_string}\"},\"query-input\":\"required name=search_term_string\"}],\"inLanguage\":\"en-US\"},{\"@type\":\"ImageObject\",\"@id\":\"https:\/\/acefootball.com\/da\/fodboldnyheder\/blev-kaldt-en-lille-pige-nu-svarer-fischer-agf-profil-igen\/#primaryimage\",\"inLanguage\":\"en-US\",\"url\":\"https:\/\/acefootball.com\/da\/wp-content\/uploads\/sites\/2\/2020\/10\/GettyImages-1229280517.jpg\",\"contentUrl\":\"https:\/\/acefootball.com\/da\/wp-content\/uploads\/sites\/2\/2020\/10\/GettyImages-1229280517.jpg\",\"width\":1024,\"height\":716,\"caption\":\"AARHUS, DENMARK - OCTOBER 25: Viktor Fischer of FC Copenhagen injured during the Danish 3F Superliga match between AGF Aarhus and FC Copenhagen at Ceres Park on October 25, 2020 in Aarhus, Denmark. (Photo by Lars Ronbog \/ FrontZoneSport via Getty Images)\"},{\"@type\":\"WebPage\",\"@id\":\"https:\/\/acefootball.com\/da\/fodboldnyheder\/blev-kaldt-en-lille-pige-nu-svarer-fischer-agf-profil-igen\/#webpage\",\"url\":\"https:\/\/acefootball.com\/da\/fodboldnyheder\/blev-kaldt-en-lille-pige-nu-svarer-fischer-agf-profil-igen\/\",\"name\":\"Blev kaldt en lille pige: Nu svarer Fischer AGF-profil igen\",\"isPartOf\":{\"@id\":\"https:\/\/acefootball.com\/da\/#website\"},\"primaryImageOfPage\":{\"@id\":\"https:\/\/acefootball.com\/da\/fodboldnyheder\/blev-kaldt-en-lille-pige-nu-svarer-fischer-agf-profil-igen\/#primaryimage\"},\"datePublished\":\"2020-10-26T08:56:00+00:00\",\"dateModified\":\"2020-10-26T08:56:01+00:00\",\"description\":\"Viktor Fischer har ikke det mindste til overs for Nicolai Poulsens udtalelser i k\u00f8lvandet p\u00e5 g\u00e5rsdagens kamp mellem AGF og FCK\",\"breadcrumb\":{\"@id\":\"https:\/\/acefootball.com\/da\/fodboldnyheder\/blev-kaldt-en-lille-pige-nu-svarer-fischer-agf-profil-igen\/#breadcrumb\"},\"inLanguage\":\"en-US\",\"potentialAction\":[{\"@type\":\"ReadAction\",\"target\":[\"https:\/\/acefootball.com\/da\/fodboldnyheder\/blev-kaldt-en-lille-pige-nu-svarer-fischer-agf-profil-igen\/\"]}]},{\"@type\":\"BreadcrumbList\",\"@id\":\"https:\/\/acefootball.com\/da\/fodboldnyheder\/blev-kaldt-en-lille-pige-nu-svarer-fischer-agf-profil-igen\/#breadcrumb\",\"itemListElement\":[{\"@type\":\"ListItem\",\"position\":1,\"name\":\"Home\",\"item\":\"https:\/\/acefootball.com\/da\/\"},{\"@type\":\"ListItem\",\"position\":2,\"name\":\"Blev kaldt en lille pige: Nu svarer Fischer AGF-profil igen\"}]},{\"@type\":\"Article\",\"@id\":\"https:\/\/acefootball.com\/da\/fodboldnyheder\/blev-kaldt-en-lille-pige-nu-svarer-fischer-agf-profil-igen\/#article\",\"isPartOf\":{\"@id\":\"https:\/\/acefootball.com\/da\/fodboldnyheder\/blev-kaldt-en-lille-pige-nu-svarer-fischer-agf-profil-igen\/#webpage\"},\"author\":{\"@id\":\"https:\/\/acefootball.com\/da\/#\/schema\/person\/fd6223a1c033400b41da7853ddf88c84\"},\"headline\":\"Blev kaldt en lille pige: Nu svarer Fischer AGF-profil igen\",\"datePublished\":\"2020-10-26T08:56:00+00:00\",\"dateModified\":\"2020-10-26T08:56:01+00:00\",\"mainEntityOfPage\":{\"@id\":\"https:\/\/acefootball.com\/da\/fodboldnyheder\/blev-kaldt-en-lille-pige-nu-svarer-fischer-agf-profil-igen\/#webpage\"},\"wordCount\":189,\"commentCount\":0,\"publisher\":{\"@id\":\"https:\/\/acefootball.com\/da\/#organization\"},\"image\":{\"@id\":\"https:\/\/acefootball.com\/da\/fodboldnyheder\/blev-kaldt-en-lille-pige-nu-svarer-fischer-agf-profil-igen\/#primaryimage\"},\"thumbnailUrl\":\"https:\/\/acefootball.com\/da\/wp-content\/uploads\/sites\/2\/2020\/10\/GettyImages-1229280517.jpg\",\"keywords\":[\"AGF\",\"FC K\u00f8benhavn\",\"Nicolai Poulsen\",\"Superligaen\",\"Viktor Fischer\"],\"articleSection\":[\"Reaktion\"],\"inLanguage\":\"en-US\",\"potentialAction\":[{\"@type\":\"CommentAction\",\"name\":\"Comment\",\"target\":[\"https:\/\/acefootball.com\/da\/fodboldnyheder\/blev-kaldt-en-lille-pige-nu-svarer-fischer-agf-profil-igen\/#respond\"]}]},{\"@type\":\"Person\",\"@id\":\"https:\/\/acefootball.com\/da\/#\/schema\/person\/fd6223a1c033400b41da7853ddf88c84\",\"name\":\"Patrick Hesselb\u00e6k\",\"image\":{\"@type\":\"ImageObject\",\"@id\":\"https:\/\/acefootball.com\/da\/#personlogo\",\"inLanguage\":\"en-US\",\"url\":\"https:\/\/secure.gravatar.com\/avatar\/7919060992759bffbffb199d6cbdce6f?s=96&d=mm&r=g\",\"contentUrl\":\"https:\/\/secure.gravatar.com\/avatar\/7919060992759bffbffb199d6cbdce6f?s=96&d=mm&r=g\",\"caption\":\"Patrick Hesselb\u00e6k\"},\"description\":\"Redakt\u00f8r p\u00e5 den danske Ace Football-redaktion. Uddannet i kommunikation fra Aalborg Universitet. Prim\u00e6rt fokus p\u00e5 den danske 3F Superliga og de st\u00f8rste europ\u00e6iske turneringer.\",\"sameAs\":[\"https:\/\/www.linkedin.com\/in\/patrick-hesselbk-2a4b1711a\/\"],\"url\":\"https:\/\/acefootball.com\/da\/fodboldnyheder\/author\/patrickhesselbaek\/\"}]}<\/script>\n<!-- \/ Yoast SEO plugin. -->","yoast_head_json":{"title":"Blev kaldt en lille pige: Nu svarer Fischer AGF-profil igen","description":"Viktor Fischer har ikke det mindste til overs for Nicolai Poulsens udtalelser i k\u00f8lvandet p\u00e5 g\u00e5rsdagens kamp mellem AGF og FCK","robots":{"index":"index","follow":"follow","max-snippet":"max-snippet:-1","max-image-preview":"max-image-preview:large","max-video-preview":"max-video-preview:-1"},"canonical":"https:\/\/acefootball.com\/da\/fodboldnyheder\/blev-kaldt-en-lille-pige-nu-svarer-fischer-agf-profil-igen\/","og_locale":"en_US","og_type":"article","og_title":"Blev kaldt en lille pige: Nu svarer Fischer AGF-profil igen","og_description":"Viktor Fischer har ikke det mindste til overs for Nicolai Poulsens udtalelser i k\u00f8lvandet p\u00e5 g\u00e5rsdagens kamp mellem AGF og FCK","og_url":"https:\/\/acefootball.com\/da\/fodboldnyheder\/blev-kaldt-en-lille-pige-nu-svarer-fischer-agf-profil-igen\/","og_site_name":"Ace Football Danmark","article_publisher":"https:\/\/www.facebook.com\/acefootballdk","article_published_time":"2020-10-26T08:56:00+00:00","article_modified_time":"2020-10-26T08:56:01+00:00","og_image":[{"width":1024,"height":716,"url":"https:\/\/acefootball.com\/da\/wp-content\/uploads\/sites\/2\/2020\/10\/GettyImages-1229280517.jpg","type":"image\/jpeg"}],"twitter_card":"summary_large_image","twitter_misc":{"Written by":"Patrick Hesselb\u00e6k","Est. reading time":"1 minute"},"schema":{"@context":"https:\/\/schema.org","@graph":[{"@type":"Organization","@id":"https:\/\/acefootball.com\/da\/#organization","name":"Ace Football","url":"https:\/\/acefootball.com\/da\/","sameAs":["https:\/\/www.facebook.com\/acefootballdk"],"logo":{"@type":"ImageObject","@id":"https:\/\/acefootball.com\/da\/#logo","inLanguage":"en-US","url":"https:\/\/acefootball.com\/da\/wp-content\/uploads\/sites\/2\/2020\/07\/Ace-Football-30-07-2020-2.png","contentUrl":"https:\/\/acefootball.com\/da\/wp-content\/uploads\/sites\/2\/2020\/07\/Ace-Football-30-07-2020-2.png","width":1200,"height":600,"caption":"Ace Football"},"image":{"@id":"https:\/\/acefootball.com\/da\/#logo"}},{"@type":"WebSite","@id":"https:\/\/acefootball.com\/da\/#website","url":"https:\/\/acefootball.com\/da\/","name":"Ace Football Danmark","description":"Nyheder, Spiltips &amp; Livescore","publisher":{"@id":"https:\/\/acefootball.com\/da\/#organization"},"potentialAction":[{"@type":"SearchAction","target":{"@type":"EntryPoint","urlTemplate":"https:\/\/acefootball.com\/da\/?s={search_term_string}"},"query-input":"required name=search_term_string"}],"inLanguage":"en-US"},{"@type":"ImageObject","@id":"https:\/\/acefootball.com\/da\/fodboldnyheder\/blev-kaldt-en-lille-pige-nu-svarer-fischer-agf-profil-igen\/#primaryimage","inLanguage":"en-US","url":"https:\/\/acefootball.com\/da\/wp-content\/uploads\/sites\/2\/2020\/10\/GettyImages-1229280517.jpg","contentUrl":"https:\/\/acefootball.com\/da\/wp-content\/uploads\/sites\/2\/2020\/10\/GettyImages-1229280517.jpg","width":1024,"height":716,"caption":"AARHUS, DENMARK - OCTOBER 25: Viktor Fischer of FC Copenhagen injured during the Danish 3F Superliga match between AGF Aarhus and FC Copenhagen at Ceres Park on October 25, 2020 in Aarhus, Denmark. (Photo by Lars Ronbog \/ FrontZoneSport via Getty Images)"},{"@type":"WebPage","@id":"https:\/\/acefootball.com\/da\/fodboldnyheder\/blev-kaldt-en-lille-pige-nu-svarer-fischer-agf-profil-igen\/#webpage","url":"https:\/\/acefootball.com\/da\/fodboldnyheder\/blev-kaldt-en-lille-pige-nu-svarer-fischer-agf-profil-igen\/","name":"Blev kaldt en lille pige: Nu svarer Fischer AGF-profil igen","isPartOf":{"@id":"https:\/\/acefootball.com\/da\/#website"},"primaryImageOfPage":{"@id":"https:\/\/acefootball.com\/da\/fodboldnyheder\/blev-kaldt-en-lille-pige-nu-svarer-fischer-agf-profil-igen\/#primaryimage"},"datePublished":"2020-10-26T08:56:00+00:00","dateModified":"2020-10-26T08:56:01+00:00","description":"Viktor Fischer har ikke det mindste til overs for Nicolai Poulsens udtalelser i k\u00f8lvandet p\u00e5 g\u00e5rsdagens kamp mellem AGF og FCK","breadcrumb":{"@id":"https:\/\/acefootball.com\/da\/fodboldnyheder\/blev-kaldt-en-lille-pige-nu-svarer-fischer-agf-profil-igen\/#breadcrumb"},"inLanguage":"en-US","potentialAction":[{"@type":"ReadAction","target":["https:\/\/acefootball.com\/da\/fodboldnyheder\/blev-kaldt-en-lille-pige-nu-svarer-fischer-agf-profil-igen\/"]}]},{"@type":"BreadcrumbList","@id":"https:\/\/acefootball.com\/da\/fodboldnyheder\/blev-kaldt-en-lille-pige-nu-svarer-fischer-agf-profil-igen\/#breadcrumb","itemListElement":[{"@type":"ListItem","position":1,"name":"Home","item":"https:\/\/acefootball.com\/da\/"},{"@type":"ListItem","position":2,"name":"Blev kaldt en lille pige: Nu svarer Fischer AGF-profil igen"}]},{"@type":"Article","@id":"https:\/\/acefootball.com\/da\/fodboldnyheder\/blev-kaldt-en-lille-pige-nu-svarer-fischer-agf-profil-igen\/#article","isPartOf":{"@id":"https:\/\/acefootball.com\/da\/fodboldnyheder\/blev-kaldt-en-lille-pige-nu-svarer-fischer-agf-profil-igen\/#webpage"},"author":{"@id":"https:\/\/acefootball.com\/da\/#\/schema\/person\/fd6223a1c033400b41da7853ddf88c84"},"headline":"Blev kaldt en lille pige: Nu svarer Fischer AGF-profil igen","datePublished":"2020-10-26T08:56:00+00:00","dateModified":"2020-10-26T08:56:01+00:00","mainEntityOfPage":{"@id":"https:\/\/acefootball.com\/da\/fodboldnyheder\/blev-kaldt-en-lille-pige-nu-svarer-fischer-agf-profil-igen\/#webpage"},"wordCount":189,"commentCount":0,"publisher":{"@id":"https:\/\/acefootball.com\/da\/#organization"},"image":{"@id":"https:\/\/acefootball.com\/da\/fodboldnyheder\/blev-kaldt-en-lille-pige-nu-svarer-fischer-agf-profil-igen\/#primaryimage"},"thumbnailUrl":"https:\/\/acefootball.com\/da\/wp-content\/uploads\/sites\/2\/2020\/10\/GettyImages-1229280517.jpg","keywords":["AGF","FC K\u00f8benhavn","Nicolai Poulsen","Superligaen","Viktor Fischer"],"articleSection":["Reaktion"],"inLanguage":"en-US","potentialAction":[{"@type":"CommentAction","name":"Comment","target":["https:\/\/acefootball.com\/da\/fodboldnyheder\/blev-kaldt-en-lille-pige-nu-svarer-fischer-agf-profil-igen\/#respond"]}]},{"@type":"Person","@id":"https:\/\/acefootball.com\/da\/#\/schema\/person\/fd6223a1c033400b41da7853ddf88c84","name":"Patrick Hesselb\u00e6k","image":{"@type":"ImageObject","@id":"https:\/\/acefootball.com\/da\/#personlogo","inLanguage":"en-US","url":"https:\/\/secure.gravatar.com\/avatar\/7919060992759bffbffb199d6cbdce6f?s=96&d=mm&r=g","contentUrl":"https:\/\/secure.gravatar.com\/avatar\/7919060992759bffbffb199d6cbdce6f?s=96&d=mm&r=g","caption":"Patrick Hesselb\u00e6k"},"description":"Redakt\u00f8r p\u00e5 den danske Ace Football-redaktion. Uddannet i kommunikation fra Aalborg Universitet. Prim\u00e6rt fokus p\u00e5 den danske 3F Superliga og de st\u00f8rste europ\u00e6iske turneringer.","sameAs":["https:\/\/www.linkedin.com\/in\/patrick-hesselbk-2a4b1711a\/"],"url":"https:\/\/acefootball.com\/da\/fodboldnyheder\/author\/patrickhesselbaek\/"}]}},"fimg_url":"https:\/\/acefootball.com\/da\/wp-content\/uploads\/sites\/2\/2020\/10\/GettyImages-1229280517.jpg","_links":{"self":[{"href":"https:\/\/acefootball.com\/da\/wp-json\/wp\/v2\/posts\/241328"}],"collection":[{"href":"https:\/\/acefootball.com\/da\/wp-json\/wp\/v2\/posts"}],"about":[{"href":"https:\/\/acefootball.com\/da\/wp-json\/wp\/v2\/types\/post"}],"author":[{"embeddable":true,"href":"https:\/\/acefootball.com\/da\/wp-json\/wp\/v2\/users\/74"}],"replies":[{"embeddable":true,"href":"https:\/\/acefootball.com\/da\/wp-json\/wp\/v2\/comments?post=241328"}],"version-history":[{"count":0,"href":"https:\/\/acefootball.com\/da\/wp-json\/wp\/v2\/posts\/241328\/revisions"}],"wp:featuredmedia":[{"embeddable":true,"href":"https:\/\/acefootball.com\/da\/wp-json\/wp\/v2\/media\/241334"}],"wp:attachment":[{"href":"https:\/\/acefootball.com\/da\/wp-json\/wp\/v2\/media?parent=241328"}],"wp:term":[{"taxonomy":"category","embeddable":true,"href":"https:\/\/acefootball.com\/da\/wp-json\/wp\/v2\/categories?post=241328"},{"taxonomy":"post_tag","embeddable":true,"href":"https:\/\/acefootball.com\/da\/wp-json\/wp\/v2\/tags?post=241328"}],"curies":[{"name":"wp","href":"https:\/\/api.w.org\/{rel}","templated":true}]}}