{"id":241324,"date":"2020-10-26T09:22:10","date_gmt":"2020-10-26T08:22:10","guid":{"rendered":"https:\/\/acefootball.com\/da\/?p=241324"},"modified":"2020-10-26T09:22:11","modified_gmt":"2020-10-26T08:22:11","slug":"avis-utilfreds-hedlund-blev-statueret-som-eksempel","status":"publish","type":"post","link":"https:\/\/acefootball.com\/da\/fodboldnyheder\/avis-utilfreds-hedlund-blev-statueret-som-eksempel\/","title":{"rendered":"Avis: Utilfreds Hedlund blev statueret som eksempel"},"content":{"rendered":"\n<h2 id=\"h-if-lge-ekstra-bladet-ligger-der-ikke-kun-sportslige-rsager-bag-niels-frederiksens-beslutning-om-at-vrage-simon-hedlund\">If\u00f8lge Ekstra Bladet ligger der ikke kun sportslige \u00e5rsager bag Niels Frederiksens beslutning om at vrage Simon Hedlund<\/h2>\n\n\n\n<div class=\"wp-block-si-widget wp-block-si-widget--center\"><si-lb-widget widget-id=\"MatchInfoWithOdds\" data-nopadding=\"true\" data-card=\"true\" width=\"440\" data-event-id=\"3389102\" data-theme-appearance=\"dark\"><\/si-lb-widget><\/div>\n\n\n\n<p>Simon Hedlund var overraskende ikke med i Br\u00f8ndby-truppen til l\u00f8rdagens topkamp mod FC Midtjylland.<\/p>\n\n\n\n<p>Forklaringen p\u00e5 udeladelsen kom f\u00f8rst efter kampen, og her fortalte cheftr\u00e6ner Niels Frederiksen, at det udelukkende var af sportslige grunde.<\/p>\n\n\n\n<figure class=\"wp-block-embed-wordpress wp-block-embed is-type-wp-embed is-provider-ace-football-danmark\"><div class=\"wp-block-embed__wrapper\">\n<blockquote class=\"wp-embedded-content\" data-secret=\"ZIPMBiEjCT\"><a href=\"https:\/\/acefootball.com\/da\/fodboldnyheder\/frederiksen-om-hedlund-fravalg-en-sportslig-vurdering\/\">Frederiksen om Hedlund-fravalg: En sportslig vurdering<\/a><\/blockquote><iframe class=\"wp-embedded-content\" sandbox=\"allow-scripts\" security=\"restricted\" style=\"position: absolute; clip: rect(1px, 1px, 1px, 1px);\" title=\"&#8220;Frederiksen om Hedlund-fravalg: En sportslig vurdering&#8221; &#8212; Ace Football Danmark\" src=\"https:\/\/acefootball.com\/da\/fodboldnyheder\/frederiksen-om-hedlund-fravalg-en-sportslig-vurdering\/embed\/#?secret=ZIPMBiEjCT\" data-secret=\"ZIPMBiEjCT\" width=\"600\" height=\"338\" frameborder=\"0\" marginwidth=\"0\" marginheight=\"0\" scrolling=\"no\"><\/iframe>\n<\/div><\/figure>\n\n\n\n<p>Men if\u00f8lge <a href=\"https:\/\/ekstrabladet.dk\/plus\/sportogspil\/superligaen-indefra-strafaktion-mod-broendby-profil\/8340691\" target=\"_blank\" rel=\"noreferrer noopener\">Ekstra Bladet<\/a> ligger der en dybere forklaring bag. Avisen skriver i dag, at Hedlund havde f\u00e5et besked om en b\u00e6nkplads, hvilket resulterede i st\u00e6rk utilfredshed hos svenskeren.<\/p>\n\n\n\n<p>Efter en d\u00e5rlig tr\u00e6ning fredag valgte Frederiksen helt at vrage sin angrebsstjerne for at sende et signal til resten af truppen.<\/p>\n\n\n\n<div class=\"wp-block-si-widget wp-block-si-widget--center\"><si-lb-widget widget-id=\"PlayerSeasonStatsSnap\" data-hide-controls=\"false\" width=\"440\" data-player-id=\"315032\" data-card=\"true\" data-theme-appearance=\"dark\"><\/si-lb-widget><\/div>\n\n\n\n<p>Det skulle desuden ikke v\u00e6re f\u00f8rste gang, at Hedlund g\u00f8r sig upopul\u00e6r hos holdkammerater og tr\u00e6nerstab for en mindre god attitude.<\/p>\n\n\n\n<p>Niels Frederiksen fortalte dog efter l\u00f8rdagens nederlag, at Hedlund sagtens kan spille sig tilbage i varmen til s\u00f8ndagens kamp mod AaB.<\/p>\n","protected":false},"excerpt":{"rendered":"<p>If\u00f8lge Ekstra Bladet ligger der ikke kun sportslige \u00e5rsager bag Niels Frederiksens beslutning om at vrage Simon Hedlund<\/p>\n","protected":false},"author":705,"featured_media":239370,"comment_status":"open","ping_status":"closed","sticky":false,"template":"","format":"standard","meta":{"om_disable_all_campaigns":false,"push_articles_ronaldo":{"active":false,"canonical":0,"publish":false},"force_updates":null},"categories":[1],"tags":[53,812,6844,588],"enet_tags":{"team":["8595"],"player":["183862","315032"],"league":["46"],"sport_events":[3389102]},"yoast_head":"<!-- This site is optimized with the Yoast SEO plugin v18.3 - https:\/\/yoast.com\/wordpress\/plugins\/seo\/ -->\n<title>Avis: Utilfreds Hedlund blev statueret som eksempel<\/title>\n<meta name=\"description\" content=\"If\u00f8lge Ekstra Bladet ligger der ikke kun sportslige \u00e5rsager bag Niels Frederiksens beslutning om at vrage Simon Hedlund\" \/>\n<meta name=\"robots\" content=\"index, follow, max-snippet:-1, max-image-preview:large, max-video-preview:-1\" \/>\n<link rel=\"canonical\" href=\"https:\/\/acefootball.com\/da\/fodboldnyheder\/avis-utilfreds-hedlund-blev-statueret-som-eksempel\/\" \/>\n<meta property=\"og:locale\" content=\"en_US\" \/>\n<meta property=\"og:type\" content=\"article\" \/>\n<meta property=\"og:title\" content=\"Avis: Utilfreds Hedlund blev statueret som eksempel\" \/>\n<meta property=\"og:description\" content=\"If\u00f8lge Ekstra Bladet ligger der ikke kun sportslige \u00e5rsager bag Niels Frederiksens beslutning om at vrage Simon Hedlund\" \/>\n<meta property=\"og:url\" content=\"https:\/\/acefootball.com\/da\/fodboldnyheder\/avis-utilfreds-hedlund-blev-statueret-som-eksempel\/\" \/>\n<meta property=\"og:site_name\" content=\"Ace Football Danmark\" \/>\n<meta property=\"article:publisher\" content=\"https:\/\/www.facebook.com\/acefootballdk\" \/>\n<meta property=\"article:published_time\" content=\"2020-10-26T08:22:10+00:00\" \/>\n<meta property=\"article:modified_time\" content=\"2020-10-26T08:22:11+00:00\" \/>\n<meta property=\"og:image\" content=\"https:\/\/acefootball.com\/da\/wp-content\/uploads\/sites\/2\/2020\/10\/GettyImages-1127119582.jpg\" \/>\n\t<meta property=\"og:image:width\" content=\"1024\" \/>\n\t<meta property=\"og:image:height\" content=\"648\" \/>\n\t<meta property=\"og:image:type\" content=\"image\/jpeg\" \/>\n<meta name=\"twitter:card\" content=\"summary_large_image\" \/>\n<meta name=\"twitter:label1\" content=\"Written by\" \/>\n\t<meta name=\"twitter:data1\" content=\"Mads Dreyer\" \/>\n\t<meta name=\"twitter:label2\" content=\"Est. reading time\" \/>\n\t<meta name=\"twitter:data2\" content=\"1 minute\" \/>\n<script type=\"application\/ld+json\" class=\"yoast-schema-graph\">{\"@context\":\"https:\/\/schema.org\",\"@graph\":[{\"@type\":\"Organization\",\"@id\":\"https:\/\/acefootball.com\/da\/#organization\",\"name\":\"Ace Football\",\"url\":\"https:\/\/acefootball.com\/da\/\",\"sameAs\":[\"https:\/\/www.facebook.com\/acefootballdk\"],\"logo\":{\"@type\":\"ImageObject\",\"@id\":\"https:\/\/acefootball.com\/da\/#logo\",\"inLanguage\":\"en-US\",\"url\":\"https:\/\/acefootball.com\/da\/wp-content\/uploads\/sites\/2\/2020\/07\/Ace-Football-30-07-2020-2.png\",\"contentUrl\":\"https:\/\/acefootball.com\/da\/wp-content\/uploads\/sites\/2\/2020\/07\/Ace-Football-30-07-2020-2.png\",\"width\":1200,\"height\":600,\"caption\":\"Ace Football\"},\"image\":{\"@id\":\"https:\/\/acefootball.com\/da\/#logo\"}},{\"@type\":\"WebSite\",\"@id\":\"https:\/\/acefootball.com\/da\/#website\",\"url\":\"https:\/\/acefootball.com\/da\/\",\"name\":\"Ace Football Danmark\",\"description\":\"Nyheder, Spiltips &amp; Livescore\",\"publisher\":{\"@id\":\"https:\/\/acefootball.com\/da\/#organization\"},\"potentialAction\":[{\"@type\":\"SearchAction\",\"target\":{\"@type\":\"EntryPoint\",\"urlTemplate\":\"https:\/\/acefootball.com\/da\/?s={search_term_string}\"},\"query-input\":\"required name=search_term_string\"}],\"inLanguage\":\"en-US\"},{\"@type\":\"ImageObject\",\"@id\":\"https:\/\/acefootball.com\/da\/fodboldnyheder\/avis-utilfreds-hedlund-blev-statueret-som-eksempel\/#primaryimage\",\"inLanguage\":\"en-US\",\"url\":\"https:\/\/acefootball.com\/da\/wp-content\/uploads\/sites\/2\/2020\/10\/GettyImages-1127119582.jpg\",\"contentUrl\":\"https:\/\/acefootball.com\/da\/wp-content\/uploads\/sites\/2\/2020\/10\/GettyImages-1127119582.jpg\",\"width\":1024,\"height\":648,\"caption\":\"BRONDBY, DENMARK - FEBRUARY 24: Simon Hedlund of Brondby IF shows frustration during the Danish Superliga match between Brondby IF and Randers FC at Brondby Stadion on February 24, 2019 in Brondby, Denmark. (Photo by Lars Ronbog \/ FrontZoneSport via Getty Images)\"},{\"@type\":\"WebPage\",\"@id\":\"https:\/\/acefootball.com\/da\/fodboldnyheder\/avis-utilfreds-hedlund-blev-statueret-som-eksempel\/#webpage\",\"url\":\"https:\/\/acefootball.com\/da\/fodboldnyheder\/avis-utilfreds-hedlund-blev-statueret-som-eksempel\/\",\"name\":\"Avis: Utilfreds Hedlund blev statueret som eksempel\",\"isPartOf\":{\"@id\":\"https:\/\/acefootball.com\/da\/#website\"},\"primaryImageOfPage\":{\"@id\":\"https:\/\/acefootball.com\/da\/fodboldnyheder\/avis-utilfreds-hedlund-blev-statueret-som-eksempel\/#primaryimage\"},\"datePublished\":\"2020-10-26T08:22:10+00:00\",\"dateModified\":\"2020-10-26T08:22:11+00:00\",\"description\":\"If\u00f8lge Ekstra Bladet ligger der ikke kun sportslige \u00e5rsager bag Niels Frederiksens beslutning om at vrage Simon Hedlund\",\"breadcrumb\":{\"@id\":\"https:\/\/acefootball.com\/da\/fodboldnyheder\/avis-utilfreds-hedlund-blev-statueret-som-eksempel\/#breadcrumb\"},\"inLanguage\":\"en-US\",\"potentialAction\":[{\"@type\":\"ReadAction\",\"target\":[\"https:\/\/acefootball.com\/da\/fodboldnyheder\/avis-utilfreds-hedlund-blev-statueret-som-eksempel\/\"]}]},{\"@type\":\"BreadcrumbList\",\"@id\":\"https:\/\/acefootball.com\/da\/fodboldnyheder\/avis-utilfreds-hedlund-blev-statueret-som-eksempel\/#breadcrumb\",\"itemListElement\":[{\"@type\":\"ListItem\",\"position\":1,\"name\":\"Home\",\"item\":\"https:\/\/acefootball.com\/da\/\"},{\"@type\":\"ListItem\",\"position\":2,\"name\":\"Avis: Utilfreds Hedlund blev statueret som eksempel\"}]},{\"@type\":\"Article\",\"@id\":\"https:\/\/acefootball.com\/da\/fodboldnyheder\/avis-utilfreds-hedlund-blev-statueret-som-eksempel\/#article\",\"isPartOf\":{\"@id\":\"https:\/\/acefootball.com\/da\/fodboldnyheder\/avis-utilfreds-hedlund-blev-statueret-som-eksempel\/#webpage\"},\"author\":{\"@id\":\"https:\/\/acefootball.com\/da\/#\/schema\/person\/ee67e9cf04a276f144100ffa722f10cd\"},\"headline\":\"Avis: Utilfreds Hedlund blev statueret som eksempel\",\"datePublished\":\"2020-10-26T08:22:10+00:00\",\"dateModified\":\"2020-10-26T08:22:11+00:00\",\"mainEntityOfPage\":{\"@id\":\"https:\/\/acefootball.com\/da\/fodboldnyheder\/avis-utilfreds-hedlund-blev-statueret-som-eksempel\/#webpage\"},\"wordCount\":175,\"commentCount\":0,\"publisher\":{\"@id\":\"https:\/\/acefootball.com\/da\/#organization\"},\"image\":{\"@id\":\"https:\/\/acefootball.com\/da\/fodboldnyheder\/avis-utilfreds-hedlund-blev-statueret-som-eksempel\/#primaryimage\"},\"thumbnailUrl\":\"https:\/\/acefootball.com\/da\/wp-content\/uploads\/sites\/2\/2020\/10\/GettyImages-1127119582.jpg\",\"keywords\":[\"Br\u00f8ndby IF\",\"Niels Frederiksen\",\"Simon Hedlund\",\"Superligaen\"],\"articleSection\":[\"Nyhed\"],\"inLanguage\":\"en-US\",\"potentialAction\":[{\"@type\":\"CommentAction\",\"name\":\"Comment\",\"target\":[\"https:\/\/acefootball.com\/da\/fodboldnyheder\/avis-utilfreds-hedlund-blev-statueret-som-eksempel\/#respond\"]}]},{\"@type\":\"Person\",\"@id\":\"https:\/\/acefootball.com\/da\/#\/schema\/person\/ee67e9cf04a276f144100ffa722f10cd\",\"name\":\"Mads Dreyer\",\"image\":{\"@type\":\"ImageObject\",\"@id\":\"https:\/\/acefootball.com\/da\/#personlogo\",\"inLanguage\":\"en-US\",\"url\":\"https:\/\/secure.gravatar.com\/avatar\/7c7abf72cfde9902b6a60efe60c88d4c?s=96&d=mm&r=g\",\"contentUrl\":\"https:\/\/secure.gravatar.com\/avatar\/7c7abf72cfde9902b6a60efe60c88d4c?s=96&d=mm&r=g\",\"caption\":\"Mads Dreyer\"},\"description\":\"Skribent og fodboldn\u00f8rd, der lige nu fort\u00e6ller om alt og intet i fodboldverdenen p\u00e5 acefootball.com. Uddannet i kommunikation fra Aalborg Universitet.\",\"sameAs\":[\"https:\/\/www.linkedin.com\/in\/mads-dreyer-b9b08266\/\"],\"url\":\"https:\/\/acefootball.com\/da\/fodboldnyheder\/author\/mdnronaldo\/\"}]}<\/script>\n<!-- \/ Yoast SEO plugin. -->","yoast_head_json":{"title":"Avis: Utilfreds Hedlund blev statueret som eksempel","description":"If\u00f8lge Ekstra Bladet ligger der ikke kun sportslige \u00e5rsager bag Niels Frederiksens beslutning om at vrage Simon Hedlund","robots":{"index":"index","follow":"follow","max-snippet":"max-snippet:-1","max-image-preview":"max-image-preview:large","max-video-preview":"max-video-preview:-1"},"canonical":"https:\/\/acefootball.com\/da\/fodboldnyheder\/avis-utilfreds-hedlund-blev-statueret-som-eksempel\/","og_locale":"en_US","og_type":"article","og_title":"Avis: Utilfreds Hedlund blev statueret som eksempel","og_description":"If\u00f8lge Ekstra Bladet ligger der ikke kun sportslige \u00e5rsager bag Niels Frederiksens beslutning om at vrage Simon Hedlund","og_url":"https:\/\/acefootball.com\/da\/fodboldnyheder\/avis-utilfreds-hedlund-blev-statueret-som-eksempel\/","og_site_name":"Ace Football Danmark","article_publisher":"https:\/\/www.facebook.com\/acefootballdk","article_published_time":"2020-10-26T08:22:10+00:00","article_modified_time":"2020-10-26T08:22:11+00:00","og_image":[{"width":1024,"height":648,"url":"https:\/\/acefootball.com\/da\/wp-content\/uploads\/sites\/2\/2020\/10\/GettyImages-1127119582.jpg","type":"image\/jpeg"}],"twitter_card":"summary_large_image","twitter_misc":{"Written by":"Mads Dreyer","Est. reading time":"1 minute"},"schema":{"@context":"https:\/\/schema.org","@graph":[{"@type":"Organization","@id":"https:\/\/acefootball.com\/da\/#organization","name":"Ace Football","url":"https:\/\/acefootball.com\/da\/","sameAs":["https:\/\/www.facebook.com\/acefootballdk"],"logo":{"@type":"ImageObject","@id":"https:\/\/acefootball.com\/da\/#logo","inLanguage":"en-US","url":"https:\/\/acefootball.com\/da\/wp-content\/uploads\/sites\/2\/2020\/07\/Ace-Football-30-07-2020-2.png","contentUrl":"https:\/\/acefootball.com\/da\/wp-content\/uploads\/sites\/2\/2020\/07\/Ace-Football-30-07-2020-2.png","width":1200,"height":600,"caption":"Ace Football"},"image":{"@id":"https:\/\/acefootball.com\/da\/#logo"}},{"@type":"WebSite","@id":"https:\/\/acefootball.com\/da\/#website","url":"https:\/\/acefootball.com\/da\/","name":"Ace Football Danmark","description":"Nyheder, Spiltips &amp; Livescore","publisher":{"@id":"https:\/\/acefootball.com\/da\/#organization"},"potentialAction":[{"@type":"SearchAction","target":{"@type":"EntryPoint","urlTemplate":"https:\/\/acefootball.com\/da\/?s={search_term_string}"},"query-input":"required name=search_term_string"}],"inLanguage":"en-US"},{"@type":"ImageObject","@id":"https:\/\/acefootball.com\/da\/fodboldnyheder\/avis-utilfreds-hedlund-blev-statueret-som-eksempel\/#primaryimage","inLanguage":"en-US","url":"https:\/\/acefootball.com\/da\/wp-content\/uploads\/sites\/2\/2020\/10\/GettyImages-1127119582.jpg","contentUrl":"https:\/\/acefootball.com\/da\/wp-content\/uploads\/sites\/2\/2020\/10\/GettyImages-1127119582.jpg","width":1024,"height":648,"caption":"BRONDBY, DENMARK - FEBRUARY 24: Simon Hedlund of Brondby IF shows frustration during the Danish Superliga match between Brondby IF and Randers FC at Brondby Stadion on February 24, 2019 in Brondby, Denmark. (Photo by Lars Ronbog \/ FrontZoneSport via Getty Images)"},{"@type":"WebPage","@id":"https:\/\/acefootball.com\/da\/fodboldnyheder\/avis-utilfreds-hedlund-blev-statueret-som-eksempel\/#webpage","url":"https:\/\/acefootball.com\/da\/fodboldnyheder\/avis-utilfreds-hedlund-blev-statueret-som-eksempel\/","name":"Avis: Utilfreds Hedlund blev statueret som eksempel","isPartOf":{"@id":"https:\/\/acefootball.com\/da\/#website"},"primaryImageOfPage":{"@id":"https:\/\/acefootball.com\/da\/fodboldnyheder\/avis-utilfreds-hedlund-blev-statueret-som-eksempel\/#primaryimage"},"datePublished":"2020-10-26T08:22:10+00:00","dateModified":"2020-10-26T08:22:11+00:00","description":"If\u00f8lge Ekstra Bladet ligger der ikke kun sportslige \u00e5rsager bag Niels Frederiksens beslutning om at vrage Simon Hedlund","breadcrumb":{"@id":"https:\/\/acefootball.com\/da\/fodboldnyheder\/avis-utilfreds-hedlund-blev-statueret-som-eksempel\/#breadcrumb"},"inLanguage":"en-US","potentialAction":[{"@type":"ReadAction","target":["https:\/\/acefootball.com\/da\/fodboldnyheder\/avis-utilfreds-hedlund-blev-statueret-som-eksempel\/"]}]},{"@type":"BreadcrumbList","@id":"https:\/\/acefootball.com\/da\/fodboldnyheder\/avis-utilfreds-hedlund-blev-statueret-som-eksempel\/#breadcrumb","itemListElement":[{"@type":"ListItem","position":1,"name":"Home","item":"https:\/\/acefootball.com\/da\/"},{"@type":"ListItem","position":2,"name":"Avis: Utilfreds Hedlund blev statueret som eksempel"}]},{"@type":"Article","@id":"https:\/\/acefootball.com\/da\/fodboldnyheder\/avis-utilfreds-hedlund-blev-statueret-som-eksempel\/#article","isPartOf":{"@id":"https:\/\/acefootball.com\/da\/fodboldnyheder\/avis-utilfreds-hedlund-blev-statueret-som-eksempel\/#webpage"},"author":{"@id":"https:\/\/acefootball.com\/da\/#\/schema\/person\/ee67e9cf04a276f144100ffa722f10cd"},"headline":"Avis: Utilfreds Hedlund blev statueret som eksempel","datePublished":"2020-10-26T08:22:10+00:00","dateModified":"2020-10-26T08:22:11+00:00","mainEntityOfPage":{"@id":"https:\/\/acefootball.com\/da\/fodboldnyheder\/avis-utilfreds-hedlund-blev-statueret-som-eksempel\/#webpage"},"wordCount":175,"commentCount":0,"publisher":{"@id":"https:\/\/acefootball.com\/da\/#organization"},"image":{"@id":"https:\/\/acefootball.com\/da\/fodboldnyheder\/avis-utilfreds-hedlund-blev-statueret-som-eksempel\/#primaryimage"},"thumbnailUrl":"https:\/\/acefootball.com\/da\/wp-content\/uploads\/sites\/2\/2020\/10\/GettyImages-1127119582.jpg","keywords":["Br\u00f8ndby IF","Niels Frederiksen","Simon Hedlund","Superligaen"],"articleSection":["Nyhed"],"inLanguage":"en-US","potentialAction":[{"@type":"CommentAction","name":"Comment","target":["https:\/\/acefootball.com\/da\/fodboldnyheder\/avis-utilfreds-hedlund-blev-statueret-som-eksempel\/#respond"]}]},{"@type":"Person","@id":"https:\/\/acefootball.com\/da\/#\/schema\/person\/ee67e9cf04a276f144100ffa722f10cd","name":"Mads Dreyer","image":{"@type":"ImageObject","@id":"https:\/\/acefootball.com\/da\/#personlogo","inLanguage":"en-US","url":"https:\/\/secure.gravatar.com\/avatar\/7c7abf72cfde9902b6a60efe60c88d4c?s=96&d=mm&r=g","contentUrl":"https:\/\/secure.gravatar.com\/avatar\/7c7abf72cfde9902b6a60efe60c88d4c?s=96&d=mm&r=g","caption":"Mads Dreyer"},"description":"Skribent og fodboldn\u00f8rd, der lige nu fort\u00e6ller om alt og intet i fodboldverdenen p\u00e5 acefootball.com. Uddannet i kommunikation fra Aalborg Universitet.","sameAs":["https:\/\/www.linkedin.com\/in\/mads-dreyer-b9b08266\/"],"url":"https:\/\/acefootball.com\/da\/fodboldnyheder\/author\/mdnronaldo\/"}]}},"fimg_url":"https:\/\/acefootball.com\/da\/wp-content\/uploads\/sites\/2\/2020\/10\/GettyImages-1127119582.jpg","_links":{"self":[{"href":"https:\/\/acefootball.com\/da\/wp-json\/wp\/v2\/posts\/241324"}],"collection":[{"href":"https:\/\/acefootball.com\/da\/wp-json\/wp\/v2\/posts"}],"about":[{"href":"https:\/\/acefootball.com\/da\/wp-json\/wp\/v2\/types\/post"}],"author":[{"embeddable":true,"href":"https:\/\/acefootball.com\/da\/wp-json\/wp\/v2\/users\/705"}],"replies":[{"embeddable":true,"href":"https:\/\/acefootball.com\/da\/wp-json\/wp\/v2\/comments?post=241324"}],"version-history":[{"count":0,"href":"https:\/\/acefootball.com\/da\/wp-json\/wp\/v2\/posts\/241324\/revisions"}],"wp:featuredmedia":[{"embeddable":true,"href":"https:\/\/acefootball.com\/da\/wp-json\/wp\/v2\/media\/239370"}],"wp:attachment":[{"href":"https:\/\/acefootball.com\/da\/wp-json\/wp\/v2\/media?parent=241324"}],"wp:term":[{"taxonomy":"category","embeddable":true,"href":"https:\/\/acefootball.com\/da\/wp-json\/wp\/v2\/categories?post=241324"},{"taxonomy":"post_tag","embeddable":true,"href":"https:\/\/acefootball.com\/da\/wp-json\/wp\/v2\/tags?post=241324"}],"curies":[{"name":"wp","href":"https:\/\/api.w.org\/{rel}","templated":true}]}}