{"id":241304,"date":"2020-10-25T17:00:31","date_gmt":"2020-10-25T16:00:31","guid":{"rendered":"https:\/\/acefootball.com\/da\/?p=241304"},"modified":"2020-10-25T17:00:32","modified_gmt":"2020-10-25T16:00:32","slug":"startopstillinger-agf-fc-koebenhavn","status":"publish","type":"post","link":"https:\/\/acefootball.com\/da\/fodboldnyheder\/startopstillinger-agf-fc-koebenhavn\/","title":{"rendered":"Startopstillinger: AGF &#8211; FC K\u00f8benhavn"},"content":{"rendered":"\n<h2 id=\"h-der-er-nu-udgivet-startopstillinger-til-s-ndagens-superliga-brag-mellem-formst-rke-agf-og-kriseramte-fc-k-benhavn\">Der er nu udgivet startopstillinger til s\u00f8ndagens Superliga-brag mellem formst\u00e6rke AGF og kriseramte FC K\u00f8benhavn<\/h2>\n\n\n\n<div class=\"wp-block-si-widget wp-block-si-widget--center\"><si-lb-widget widget-id=\"MatchInfoWithOddsV2\" data-nopadding=\"true\" data-across-all-tournaments=\"false\" data-limit=\"5\" width=\"440\" data-event-id=\"3389103\" data-card=\"true\" data-provider=\"mrgreen\" data-theme-appearance=\"dark\"><\/si-lb-widget><\/div>\n\n\n\n<p>Det er med vidt forskellige udgangspunkter, at AGF og FC K\u00f8benhavn i dag g\u00e5r p\u00e5 banen til storm\u00f8de i den danske Superliga.<\/p>\n\n\n\n<p>Hjemmeholdet ligger som forventet med i toppen af r\u00e6kken og kan endda overtage f\u00f8rstepladsen med en sejr, efter Br\u00f8ndby tabte l\u00f8rdagskampen til FC Midtjylland.<\/p>\n\n\n\n<p>Derimod st\u00e5r FC K\u00f8benhavn fortsat kun med fire point i indev\u00e6rende s\u00e6son og k\u00e6mper lige nu for at afslutte den store krise, der endte med at koste St\u00e5le Solbakken jobbet.<\/p>\n\n\n\n<p>Du kan se, hvordan de to mandskaber stiller op i dagens kamp herunder.<\/p>\n\n\n\n<div class=\"wp-block-si-widget wp-block-si-widget--center\"><si-lb-widget widget-id=\"DBULineup\" data-show-bench=\"true\" width=\"440\" data-event-id=\"3389103\" data-card=\"true\"><\/si-lb-widget><\/div>\n","protected":false},"excerpt":{"rendered":"<p>Der er nu udgivet startopstillinger til s\u00f8ndagens Superliga-brag mellem formst\u00e6rke AGF og kriseramte FC K\u00f8benhavn<\/p>\n","protected":false},"author":705,"featured_media":241305,"comment_status":"open","ping_status":"closed","sticky":false,"template":"","format":"standard","meta":{"om_disable_all_campaigns":false,"push_articles_ronaldo":{"active":false,"canonical":0,"publish":false},"force_updates":null},"categories":[8062],"tags":[18,16,588],"enet_tags":{"team":["8071","8391"],"league":["46"],"sport_events":[3389103]},"yoast_head":"<!-- This site is optimized with the Yoast SEO plugin v18.3 - https:\/\/yoast.com\/wordpress\/plugins\/seo\/ -->\n<title>Startopstillinger: AGF - FC K\u00f8benhavn<\/title>\n<meta name=\"description\" content=\"Der er nu udgivet startopstillinger til s\u00f8ndagens Superliga-brag mellem formst\u00e6rke AGF og kriseramte FC K\u00f8benhavn\" \/>\n<meta name=\"robots\" content=\"index, follow, max-snippet:-1, max-image-preview:large, max-video-preview:-1\" \/>\n<link rel=\"canonical\" href=\"https:\/\/acefootball.com\/da\/fodboldnyheder\/startopstillinger-agf-fc-koebenhavn\/\" \/>\n<meta property=\"og:locale\" content=\"en_US\" \/>\n<meta property=\"og:type\" content=\"article\" \/>\n<meta property=\"og:title\" content=\"Startopstillinger: AGF - FC K\u00f8benhavn\" \/>\n<meta property=\"og:description\" content=\"Der er nu udgivet startopstillinger til s\u00f8ndagens Superliga-brag mellem formst\u00e6rke AGF og kriseramte FC K\u00f8benhavn\" \/>\n<meta property=\"og:url\" content=\"https:\/\/acefootball.com\/da\/fodboldnyheder\/startopstillinger-agf-fc-koebenhavn\/\" \/>\n<meta property=\"og:site_name\" content=\"Ace Football Danmark\" \/>\n<meta property=\"article:publisher\" content=\"https:\/\/www.facebook.com\/acefootballdk\" \/>\n<meta property=\"article:published_time\" content=\"2020-10-25T16:00:31+00:00\" \/>\n<meta property=\"article:modified_time\" content=\"2020-10-25T16:00:32+00:00\" \/>\n<meta property=\"og:image\" content=\"https:\/\/acefootball.com\/da\/wp-content\/uploads\/sites\/2\/2020\/10\/GettyImages-1227695657.jpg\" \/>\n\t<meta property=\"og:image:width\" content=\"1024\" \/>\n\t<meta property=\"og:image:height\" content=\"683\" \/>\n\t<meta property=\"og:image:type\" content=\"image\/jpeg\" \/>\n<meta name=\"twitter:card\" content=\"summary_large_image\" \/>\n<meta name=\"twitter:label1\" content=\"Written by\" \/>\n\t<meta name=\"twitter:data1\" content=\"Mads Dreyer\" \/>\n\t<meta name=\"twitter:label2\" content=\"Est. reading time\" \/>\n\t<meta name=\"twitter:data2\" content=\"1 minute\" \/>\n<script type=\"application\/ld+json\" class=\"yoast-schema-graph\">{\"@context\":\"https:\/\/schema.org\",\"@graph\":[{\"@type\":\"Organization\",\"@id\":\"https:\/\/acefootball.com\/da\/#organization\",\"name\":\"Ace Football\",\"url\":\"https:\/\/acefootball.com\/da\/\",\"sameAs\":[\"https:\/\/www.facebook.com\/acefootballdk\"],\"logo\":{\"@type\":\"ImageObject\",\"@id\":\"https:\/\/acefootball.com\/da\/#logo\",\"inLanguage\":\"en-US\",\"url\":\"https:\/\/acefootball.com\/da\/wp-content\/uploads\/sites\/2\/2020\/07\/Ace-Football-30-07-2020-2.png\",\"contentUrl\":\"https:\/\/acefootball.com\/da\/wp-content\/uploads\/sites\/2\/2020\/07\/Ace-Football-30-07-2020-2.png\",\"width\":1200,\"height\":600,\"caption\":\"Ace Football\"},\"image\":{\"@id\":\"https:\/\/acefootball.com\/da\/#logo\"}},{\"@type\":\"WebSite\",\"@id\":\"https:\/\/acefootball.com\/da\/#website\",\"url\":\"https:\/\/acefootball.com\/da\/\",\"name\":\"Ace Football Danmark\",\"description\":\"Nyheder, Spiltips &amp; Livescore\",\"publisher\":{\"@id\":\"https:\/\/acefootball.com\/da\/#organization\"},\"potentialAction\":[{\"@type\":\"SearchAction\",\"target\":{\"@type\":\"EntryPoint\",\"urlTemplate\":\"https:\/\/acefootball.com\/da\/?s={search_term_string}\"},\"query-input\":\"required name=search_term_string\"}],\"inLanguage\":\"en-US\"},{\"@type\":\"ImageObject\",\"@id\":\"https:\/\/acefootball.com\/da\/fodboldnyheder\/startopstillinger-agf-fc-koebenhavn\/#primaryimage\",\"inLanguage\":\"en-US\",\"url\":\"https:\/\/acefootball.com\/da\/wp-content\/uploads\/sites\/2\/2020\/10\/GettyImages-1227695657.jpg\",\"contentUrl\":\"https:\/\/acefootball.com\/da\/wp-content\/uploads\/sites\/2\/2020\/10\/GettyImages-1227695657.jpg\",\"width\":1024,\"height\":683,\"caption\":\"COPENHAGEN, DENMARK - JULY 19: Frederik Tingager of AGF Aarhus and Mikkel Kaufmann of FC Copenhagen compete for the ball during the Danish 3F Superliga match between FC Copenhagen and AGF Aarhus at Telia Parken on July 19, 2020 in Copenhagen, Denmark. (Photo by Lars Ronbog \/ FrontZoneSport via Getty Images)\"},{\"@type\":\"WebPage\",\"@id\":\"https:\/\/acefootball.com\/da\/fodboldnyheder\/startopstillinger-agf-fc-koebenhavn\/#webpage\",\"url\":\"https:\/\/acefootball.com\/da\/fodboldnyheder\/startopstillinger-agf-fc-koebenhavn\/\",\"name\":\"Startopstillinger: AGF - FC K\u00f8benhavn\",\"isPartOf\":{\"@id\":\"https:\/\/acefootball.com\/da\/#website\"},\"primaryImageOfPage\":{\"@id\":\"https:\/\/acefootball.com\/da\/fodboldnyheder\/startopstillinger-agf-fc-koebenhavn\/#primaryimage\"},\"datePublished\":\"2020-10-25T16:00:31+00:00\",\"dateModified\":\"2020-10-25T16:00:32+00:00\",\"description\":\"Der er nu udgivet startopstillinger til s\u00f8ndagens Superliga-brag mellem formst\u00e6rke AGF og kriseramte FC K\u00f8benhavn\",\"breadcrumb\":{\"@id\":\"https:\/\/acefootball.com\/da\/fodboldnyheder\/startopstillinger-agf-fc-koebenhavn\/#breadcrumb\"},\"inLanguage\":\"en-US\",\"potentialAction\":[{\"@type\":\"ReadAction\",\"target\":[\"https:\/\/acefootball.com\/da\/fodboldnyheder\/startopstillinger-agf-fc-koebenhavn\/\"]}]},{\"@type\":\"BreadcrumbList\",\"@id\":\"https:\/\/acefootball.com\/da\/fodboldnyheder\/startopstillinger-agf-fc-koebenhavn\/#breadcrumb\",\"itemListElement\":[{\"@type\":\"ListItem\",\"position\":1,\"name\":\"Home\",\"item\":\"https:\/\/acefootball.com\/da\/\"},{\"@type\":\"ListItem\",\"position\":2,\"name\":\"Startopstillinger: AGF &#8211; FC K\u00f8benhavn\"}]},{\"@type\":\"Article\",\"@id\":\"https:\/\/acefootball.com\/da\/fodboldnyheder\/startopstillinger-agf-fc-koebenhavn\/#article\",\"isPartOf\":{\"@id\":\"https:\/\/acefootball.com\/da\/fodboldnyheder\/startopstillinger-agf-fc-koebenhavn\/#webpage\"},\"author\":{\"@id\":\"https:\/\/acefootball.com\/da\/#\/schema\/person\/ee67e9cf04a276f144100ffa722f10cd\"},\"headline\":\"Startopstillinger: AGF &#8211; FC K\u00f8benhavn\",\"datePublished\":\"2020-10-25T16:00:31+00:00\",\"dateModified\":\"2020-10-25T16:00:32+00:00\",\"mainEntityOfPage\":{\"@id\":\"https:\/\/acefootball.com\/da\/fodboldnyheder\/startopstillinger-agf-fc-koebenhavn\/#webpage\"},\"wordCount\":126,\"commentCount\":0,\"publisher\":{\"@id\":\"https:\/\/acefootball.com\/da\/#organization\"},\"image\":{\"@id\":\"https:\/\/acefootball.com\/da\/fodboldnyheder\/startopstillinger-agf-fc-koebenhavn\/#primaryimage\"},\"thumbnailUrl\":\"https:\/\/acefootball.com\/da\/wp-content\/uploads\/sites\/2\/2020\/10\/GettyImages-1227695657.jpg\",\"keywords\":[\"AGF\",\"FC K\u00f8benhavn\",\"Superligaen\"],\"articleSection\":[\"Kamp\"],\"inLanguage\":\"en-US\",\"potentialAction\":[{\"@type\":\"CommentAction\",\"name\":\"Comment\",\"target\":[\"https:\/\/acefootball.com\/da\/fodboldnyheder\/startopstillinger-agf-fc-koebenhavn\/#respond\"]}]},{\"@type\":\"Person\",\"@id\":\"https:\/\/acefootball.com\/da\/#\/schema\/person\/ee67e9cf04a276f144100ffa722f10cd\",\"name\":\"Mads Dreyer\",\"image\":{\"@type\":\"ImageObject\",\"@id\":\"https:\/\/acefootball.com\/da\/#personlogo\",\"inLanguage\":\"en-US\",\"url\":\"https:\/\/secure.gravatar.com\/avatar\/7c7abf72cfde9902b6a60efe60c88d4c?s=96&d=mm&r=g\",\"contentUrl\":\"https:\/\/secure.gravatar.com\/avatar\/7c7abf72cfde9902b6a60efe60c88d4c?s=96&d=mm&r=g\",\"caption\":\"Mads Dreyer\"},\"description\":\"Skribent og fodboldn\u00f8rd, der lige nu fort\u00e6ller om alt og intet i fodboldverdenen p\u00e5 acefootball.com. Uddannet i kommunikation fra Aalborg Universitet.\",\"sameAs\":[\"https:\/\/www.linkedin.com\/in\/mads-dreyer-b9b08266\/\"],\"url\":\"https:\/\/acefootball.com\/da\/fodboldnyheder\/author\/mdnronaldo\/\"}]}<\/script>\n<!-- \/ Yoast SEO plugin. -->","yoast_head_json":{"title":"Startopstillinger: AGF - FC K\u00f8benhavn","description":"Der er nu udgivet startopstillinger til s\u00f8ndagens Superliga-brag mellem formst\u00e6rke AGF og kriseramte FC K\u00f8benhavn","robots":{"index":"index","follow":"follow","max-snippet":"max-snippet:-1","max-image-preview":"max-image-preview:large","max-video-preview":"max-video-preview:-1"},"canonical":"https:\/\/acefootball.com\/da\/fodboldnyheder\/startopstillinger-agf-fc-koebenhavn\/","og_locale":"en_US","og_type":"article","og_title":"Startopstillinger: AGF - FC K\u00f8benhavn","og_description":"Der er nu udgivet startopstillinger til s\u00f8ndagens Superliga-brag mellem formst\u00e6rke AGF og kriseramte FC K\u00f8benhavn","og_url":"https:\/\/acefootball.com\/da\/fodboldnyheder\/startopstillinger-agf-fc-koebenhavn\/","og_site_name":"Ace Football Danmark","article_publisher":"https:\/\/www.facebook.com\/acefootballdk","article_published_time":"2020-10-25T16:00:31+00:00","article_modified_time":"2020-10-25T16:00:32+00:00","og_image":[{"width":1024,"height":683,"url":"https:\/\/acefootball.com\/da\/wp-content\/uploads\/sites\/2\/2020\/10\/GettyImages-1227695657.jpg","type":"image\/jpeg"}],"twitter_card":"summary_large_image","twitter_misc":{"Written by":"Mads Dreyer","Est. reading time":"1 minute"},"schema":{"@context":"https:\/\/schema.org","@graph":[{"@type":"Organization","@id":"https:\/\/acefootball.com\/da\/#organization","name":"Ace Football","url":"https:\/\/acefootball.com\/da\/","sameAs":["https:\/\/www.facebook.com\/acefootballdk"],"logo":{"@type":"ImageObject","@id":"https:\/\/acefootball.com\/da\/#logo","inLanguage":"en-US","url":"https:\/\/acefootball.com\/da\/wp-content\/uploads\/sites\/2\/2020\/07\/Ace-Football-30-07-2020-2.png","contentUrl":"https:\/\/acefootball.com\/da\/wp-content\/uploads\/sites\/2\/2020\/07\/Ace-Football-30-07-2020-2.png","width":1200,"height":600,"caption":"Ace Football"},"image":{"@id":"https:\/\/acefootball.com\/da\/#logo"}},{"@type":"WebSite","@id":"https:\/\/acefootball.com\/da\/#website","url":"https:\/\/acefootball.com\/da\/","name":"Ace Football Danmark","description":"Nyheder, Spiltips &amp; Livescore","publisher":{"@id":"https:\/\/acefootball.com\/da\/#organization"},"potentialAction":[{"@type":"SearchAction","target":{"@type":"EntryPoint","urlTemplate":"https:\/\/acefootball.com\/da\/?s={search_term_string}"},"query-input":"required name=search_term_string"}],"inLanguage":"en-US"},{"@type":"ImageObject","@id":"https:\/\/acefootball.com\/da\/fodboldnyheder\/startopstillinger-agf-fc-koebenhavn\/#primaryimage","inLanguage":"en-US","url":"https:\/\/acefootball.com\/da\/wp-content\/uploads\/sites\/2\/2020\/10\/GettyImages-1227695657.jpg","contentUrl":"https:\/\/acefootball.com\/da\/wp-content\/uploads\/sites\/2\/2020\/10\/GettyImages-1227695657.jpg","width":1024,"height":683,"caption":"COPENHAGEN, DENMARK - JULY 19: Frederik Tingager of AGF Aarhus and Mikkel Kaufmann of FC Copenhagen compete for the ball during the Danish 3F Superliga match between FC Copenhagen and AGF Aarhus at Telia Parken on July 19, 2020 in Copenhagen, Denmark. (Photo by Lars Ronbog \/ FrontZoneSport via Getty Images)"},{"@type":"WebPage","@id":"https:\/\/acefootball.com\/da\/fodboldnyheder\/startopstillinger-agf-fc-koebenhavn\/#webpage","url":"https:\/\/acefootball.com\/da\/fodboldnyheder\/startopstillinger-agf-fc-koebenhavn\/","name":"Startopstillinger: AGF - FC K\u00f8benhavn","isPartOf":{"@id":"https:\/\/acefootball.com\/da\/#website"},"primaryImageOfPage":{"@id":"https:\/\/acefootball.com\/da\/fodboldnyheder\/startopstillinger-agf-fc-koebenhavn\/#primaryimage"},"datePublished":"2020-10-25T16:00:31+00:00","dateModified":"2020-10-25T16:00:32+00:00","description":"Der er nu udgivet startopstillinger til s\u00f8ndagens Superliga-brag mellem formst\u00e6rke AGF og kriseramte FC K\u00f8benhavn","breadcrumb":{"@id":"https:\/\/acefootball.com\/da\/fodboldnyheder\/startopstillinger-agf-fc-koebenhavn\/#breadcrumb"},"inLanguage":"en-US","potentialAction":[{"@type":"ReadAction","target":["https:\/\/acefootball.com\/da\/fodboldnyheder\/startopstillinger-agf-fc-koebenhavn\/"]}]},{"@type":"BreadcrumbList","@id":"https:\/\/acefootball.com\/da\/fodboldnyheder\/startopstillinger-agf-fc-koebenhavn\/#breadcrumb","itemListElement":[{"@type":"ListItem","position":1,"name":"Home","item":"https:\/\/acefootball.com\/da\/"},{"@type":"ListItem","position":2,"name":"Startopstillinger: AGF &#8211; FC K\u00f8benhavn"}]},{"@type":"Article","@id":"https:\/\/acefootball.com\/da\/fodboldnyheder\/startopstillinger-agf-fc-koebenhavn\/#article","isPartOf":{"@id":"https:\/\/acefootball.com\/da\/fodboldnyheder\/startopstillinger-agf-fc-koebenhavn\/#webpage"},"author":{"@id":"https:\/\/acefootball.com\/da\/#\/schema\/person\/ee67e9cf04a276f144100ffa722f10cd"},"headline":"Startopstillinger: AGF &#8211; FC K\u00f8benhavn","datePublished":"2020-10-25T16:00:31+00:00","dateModified":"2020-10-25T16:00:32+00:00","mainEntityOfPage":{"@id":"https:\/\/acefootball.com\/da\/fodboldnyheder\/startopstillinger-agf-fc-koebenhavn\/#webpage"},"wordCount":126,"commentCount":0,"publisher":{"@id":"https:\/\/acefootball.com\/da\/#organization"},"image":{"@id":"https:\/\/acefootball.com\/da\/fodboldnyheder\/startopstillinger-agf-fc-koebenhavn\/#primaryimage"},"thumbnailUrl":"https:\/\/acefootball.com\/da\/wp-content\/uploads\/sites\/2\/2020\/10\/GettyImages-1227695657.jpg","keywords":["AGF","FC K\u00f8benhavn","Superligaen"],"articleSection":["Kamp"],"inLanguage":"en-US","potentialAction":[{"@type":"CommentAction","name":"Comment","target":["https:\/\/acefootball.com\/da\/fodboldnyheder\/startopstillinger-agf-fc-koebenhavn\/#respond"]}]},{"@type":"Person","@id":"https:\/\/acefootball.com\/da\/#\/schema\/person\/ee67e9cf04a276f144100ffa722f10cd","name":"Mads Dreyer","image":{"@type":"ImageObject","@id":"https:\/\/acefootball.com\/da\/#personlogo","inLanguage":"en-US","url":"https:\/\/secure.gravatar.com\/avatar\/7c7abf72cfde9902b6a60efe60c88d4c?s=96&d=mm&r=g","contentUrl":"https:\/\/secure.gravatar.com\/avatar\/7c7abf72cfde9902b6a60efe60c88d4c?s=96&d=mm&r=g","caption":"Mads Dreyer"},"description":"Skribent og fodboldn\u00f8rd, der lige nu fort\u00e6ller om alt og intet i fodboldverdenen p\u00e5 acefootball.com. Uddannet i kommunikation fra Aalborg Universitet.","sameAs":["https:\/\/www.linkedin.com\/in\/mads-dreyer-b9b08266\/"],"url":"https:\/\/acefootball.com\/da\/fodboldnyheder\/author\/mdnronaldo\/"}]}},"fimg_url":"https:\/\/acefootball.com\/da\/wp-content\/uploads\/sites\/2\/2020\/10\/GettyImages-1227695657.jpg","_links":{"self":[{"href":"https:\/\/acefootball.com\/da\/wp-json\/wp\/v2\/posts\/241304"}],"collection":[{"href":"https:\/\/acefootball.com\/da\/wp-json\/wp\/v2\/posts"}],"about":[{"href":"https:\/\/acefootball.com\/da\/wp-json\/wp\/v2\/types\/post"}],"author":[{"embeddable":true,"href":"https:\/\/acefootball.com\/da\/wp-json\/wp\/v2\/users\/705"}],"replies":[{"embeddable":true,"href":"https:\/\/acefootball.com\/da\/wp-json\/wp\/v2\/comments?post=241304"}],"version-history":[{"count":0,"href":"https:\/\/acefootball.com\/da\/wp-json\/wp\/v2\/posts\/241304\/revisions"}],"wp:featuredmedia":[{"embeddable":true,"href":"https:\/\/acefootball.com\/da\/wp-json\/wp\/v2\/media\/241305"}],"wp:attachment":[{"href":"https:\/\/acefootball.com\/da\/wp-json\/wp\/v2\/media?parent=241304"}],"wp:term":[{"taxonomy":"category","embeddable":true,"href":"https:\/\/acefootball.com\/da\/wp-json\/wp\/v2\/categories?post=241304"},{"taxonomy":"post_tag","embeddable":true,"href":"https:\/\/acefootball.com\/da\/wp-json\/wp\/v2\/tags?post=241304"}],"curies":[{"name":"wp","href":"https:\/\/api.w.org\/{rel}","templated":true}]}}