{"id":241302,"date":"2020-10-25T16:35:47","date_gmt":"2020-10-25T15:35:47","guid":{"rendered":"https:\/\/acefootball.com\/da\/?p=241302"},"modified":"2020-10-25T16:38:00","modified_gmt":"2020-10-25T15:38:00","slug":"uaendret-aab-trup-til-kamp-mod-vejle","status":"publish","type":"post","link":"https:\/\/acefootball.com\/da\/fodboldnyheder\/uaendret-aab-trup-til-kamp-mod-vejle\/","title":{"rendered":"U\u00e6ndret AaB-trup til kamp mod Vejle"},"content":{"rendered":"\n<h2 id=\"h-der-er-ingen-ndringer-i-aab-truppen-til-mandagens-kamp-mod-vejle-efter-man-fik-fuld-gevinst-i-sidste-weekend-mod-fc-k-benhavn\">Der er ingen \u00e6ndringer i AaB-truppen til mandagens kamp mod Vejle, efter man fik fuld gevinst i sidste weekend mod FC K\u00f8benhavn<\/h2>\n\n\n\n<div class=\"wp-block-si-widget wp-block-si-widget--center\"><si-lb-widget widget-id=\"MatchInfoWithOddsV2\" data-nopadding=\"true\" data-across-all-tournaments=\"false\" data-limit=\"5\" width=\"440\" data-event-id=\"3389106\" data-provider=\"mrgreen\" data-card=\"true\" data-theme-appearance=\"dark\"><\/si-lb-widget><\/div>\n\n\n\n<p>I seneste Superliga-runde hentede AaB en flot 2-1-sejr i Parken mod FC K\u00f8benhavn, og derfor har der ikke v\u00e6ret grund til at skifte for meget ud i truppen.<\/p>\n\n\n\n<p>Samme tanke har cheftr\u00e6ner Jakob Friis formentlig haft, for der er nu udtaget en u\u00e6ndret trup til mandagens Superliga-klassiker mod Vejle Boldklub.<\/p>\n\n\n\n<p>Der har da heller ikke v\u00e6ret meget at flytte med for AaB-tr\u00e6neren, da Robert Kakeeto og Magnus Christensen fortsat ikke er tilg\u00e6ngelige.<\/p>\n\n\n\n<p>Du kan se hele <a href=\"https:\/\/aabsport.dk\/nyheder\/2020\/oktober\/aab-med-uforandret-trup\/\" target=\"_blank\" rel=\"noreferrer noopener\">truppen <\/a>herunder.<\/p>\n\n\n\n<p>1 Jacob Rinne<br>2 Kristoffer Pallesen<br>3 Jakob Ahlmann<br>4 Mathias Ross<br>5 Jores Okore<br>6 Pedro Ferreira<br>7 Oscar Hiljemark<br>8 Iver Fossum<br>9 Tom van Weert<br>10 Lucas Andersen<br>11 Tim Prica<br>14 Malthe H\u00f8jholt<br>15 Lukas Klitten<br>17 Kasper Kusk<br>19 Timoth\u00e9 Nkada<br>22 Andreas Hansen<br>25 Frederik B\u00f8rsting<br>26 Rasmus Thelander<br>31 Daniel Granli<\/p>\n","protected":false},"excerpt":{"rendered":"<p>Der er ingen \u00e6ndringer i AaB-truppen til mandagens kamp mod Vejle, efter man fik fuld gevinst i sidste weekend mod FC K\u00f8benhavn<\/p>\n","protected":false},"author":705,"featured_media":236744,"comment_status":"open","ping_status":"closed","sticky":false,"template":"","format":"standard","meta":{"om_disable_all_campaigns":false,"push_articles_ronaldo":{"active":false,"canonical":0,"publish":false},"force_updates":null},"categories":[8062],"tags":[17,588],"enet_tags":{"team":["8470"],"league":["46"],"sport_events":[3389106]},"yoast_head":"<!-- This site is optimized with the Yoast SEO plugin v18.3 - https:\/\/yoast.com\/wordpress\/plugins\/seo\/ -->\n<title>U\u00e6ndret AaB-trup til kamp mod Vejle<\/title>\n<meta name=\"description\" content=\"Der er ingen \u00e6ndringer i AaB-truppen til mandagens kamp mod Vejle, efter man fik fuld gevinst i sidste weekend mod FC K\u00f8benhavn\" \/>\n<meta name=\"robots\" content=\"index, follow, max-snippet:-1, max-image-preview:large, max-video-preview:-1\" \/>\n<link rel=\"canonical\" href=\"https:\/\/acefootball.com\/da\/fodboldnyheder\/uaendret-aab-trup-til-kamp-mod-vejle\/\" \/>\n<meta property=\"og:locale\" content=\"en_US\" \/>\n<meta property=\"og:type\" content=\"article\" \/>\n<meta property=\"og:title\" content=\"U\u00e6ndret AaB-trup til kamp mod Vejle\" \/>\n<meta property=\"og:description\" content=\"Der er ingen \u00e6ndringer i AaB-truppen til mandagens kamp mod Vejle, efter man fik fuld gevinst i sidste weekend mod FC K\u00f8benhavn\" \/>\n<meta property=\"og:url\" content=\"https:\/\/acefootball.com\/da\/fodboldnyheder\/uaendret-aab-trup-til-kamp-mod-vejle\/\" \/>\n<meta property=\"og:site_name\" content=\"Ace Football Danmark\" \/>\n<meta property=\"article:publisher\" content=\"https:\/\/www.facebook.com\/acefootballdk\" \/>\n<meta property=\"article:published_time\" content=\"2020-10-25T15:35:47+00:00\" \/>\n<meta property=\"article:modified_time\" content=\"2020-10-25T15:38:00+00:00\" \/>\n<meta property=\"og:image\" content=\"https:\/\/acefootball.com\/da\/wp-content\/uploads\/sites\/2\/2020\/09\/GettyImages-1202852080.jpg\" \/>\n\t<meta property=\"og:image:width\" content=\"1024\" \/>\n\t<meta property=\"og:image:height\" content=\"658\" \/>\n\t<meta property=\"og:image:type\" content=\"image\/jpeg\" \/>\n<meta name=\"twitter:card\" content=\"summary_large_image\" \/>\n<meta name=\"twitter:label1\" content=\"Written by\" \/>\n\t<meta name=\"twitter:data1\" content=\"Mads Dreyer\" \/>\n\t<meta name=\"twitter:label2\" content=\"Est. reading time\" \/>\n\t<meta name=\"twitter:data2\" content=\"1 minute\" \/>\n<script type=\"application\/ld+json\" class=\"yoast-schema-graph\">{\"@context\":\"https:\/\/schema.org\",\"@graph\":[{\"@type\":\"Organization\",\"@id\":\"https:\/\/acefootball.com\/da\/#organization\",\"name\":\"Ace Football\",\"url\":\"https:\/\/acefootball.com\/da\/\",\"sameAs\":[\"https:\/\/www.facebook.com\/acefootballdk\"],\"logo\":{\"@type\":\"ImageObject\",\"@id\":\"https:\/\/acefootball.com\/da\/#logo\",\"inLanguage\":\"en-US\",\"url\":\"https:\/\/acefootball.com\/da\/wp-content\/uploads\/sites\/2\/2020\/07\/Ace-Football-30-07-2020-2.png\",\"contentUrl\":\"https:\/\/acefootball.com\/da\/wp-content\/uploads\/sites\/2\/2020\/07\/Ace-Football-30-07-2020-2.png\",\"width\":1200,\"height\":600,\"caption\":\"Ace Football\"},\"image\":{\"@id\":\"https:\/\/acefootball.com\/da\/#logo\"}},{\"@type\":\"WebSite\",\"@id\":\"https:\/\/acefootball.com\/da\/#website\",\"url\":\"https:\/\/acefootball.com\/da\/\",\"name\":\"Ace Football Danmark\",\"description\":\"Nyheder, Spiltips &amp; Livescore\",\"publisher\":{\"@id\":\"https:\/\/acefootball.com\/da\/#organization\"},\"potentialAction\":[{\"@type\":\"SearchAction\",\"target\":{\"@type\":\"EntryPoint\",\"urlTemplate\":\"https:\/\/acefootball.com\/da\/?s={search_term_string}\"},\"query-input\":\"required name=search_term_string\"}],\"inLanguage\":\"en-US\"},{\"@type\":\"ImageObject\",\"@id\":\"https:\/\/acefootball.com\/da\/fodboldnyheder\/uaendret-aab-trup-til-kamp-mod-vejle\/#primaryimage\",\"inLanguage\":\"en-US\",\"url\":\"https:\/\/acefootball.com\/da\/wp-content\/uploads\/sites\/2\/2020\/09\/GettyImages-1202852080.jpg\",\"contentUrl\":\"https:\/\/acefootball.com\/da\/wp-content\/uploads\/sites\/2\/2020\/09\/GettyImages-1202852080.jpg\",\"width\":1024,\"height\":658,\"caption\":\"AALBORG, DENMARK - FEBRUARY 23: Jacob Friis, head coach of AaB Aalborg gestures during the Danish 3F Superliga match between AaB Aalborg and Brondby IF at Aalborg Portland Park on February 23, 2020 in Aalborg, Denmark. (Photo by Lars Ronbog \/ FrontZoneSport via Getty Images)\"},{\"@type\":\"WebPage\",\"@id\":\"https:\/\/acefootball.com\/da\/fodboldnyheder\/uaendret-aab-trup-til-kamp-mod-vejle\/#webpage\",\"url\":\"https:\/\/acefootball.com\/da\/fodboldnyheder\/uaendret-aab-trup-til-kamp-mod-vejle\/\",\"name\":\"U\u00e6ndret AaB-trup til kamp mod Vejle\",\"isPartOf\":{\"@id\":\"https:\/\/acefootball.com\/da\/#website\"},\"primaryImageOfPage\":{\"@id\":\"https:\/\/acefootball.com\/da\/fodboldnyheder\/uaendret-aab-trup-til-kamp-mod-vejle\/#primaryimage\"},\"datePublished\":\"2020-10-25T15:35:47+00:00\",\"dateModified\":\"2020-10-25T15:38:00+00:00\",\"description\":\"Der er ingen \u00e6ndringer i AaB-truppen til mandagens kamp mod Vejle, efter man fik fuld gevinst i sidste weekend mod FC K\u00f8benhavn\",\"breadcrumb\":{\"@id\":\"https:\/\/acefootball.com\/da\/fodboldnyheder\/uaendret-aab-trup-til-kamp-mod-vejle\/#breadcrumb\"},\"inLanguage\":\"en-US\",\"potentialAction\":[{\"@type\":\"ReadAction\",\"target\":[\"https:\/\/acefootball.com\/da\/fodboldnyheder\/uaendret-aab-trup-til-kamp-mod-vejle\/\"]}]},{\"@type\":\"BreadcrumbList\",\"@id\":\"https:\/\/acefootball.com\/da\/fodboldnyheder\/uaendret-aab-trup-til-kamp-mod-vejle\/#breadcrumb\",\"itemListElement\":[{\"@type\":\"ListItem\",\"position\":1,\"name\":\"Home\",\"item\":\"https:\/\/acefootball.com\/da\/\"},{\"@type\":\"ListItem\",\"position\":2,\"name\":\"U\u00e6ndret AaB-trup til kamp mod Vejle\"}]},{\"@type\":\"Article\",\"@id\":\"https:\/\/acefootball.com\/da\/fodboldnyheder\/uaendret-aab-trup-til-kamp-mod-vejle\/#article\",\"isPartOf\":{\"@id\":\"https:\/\/acefootball.com\/da\/fodboldnyheder\/uaendret-aab-trup-til-kamp-mod-vejle\/#webpage\"},\"author\":{\"@id\":\"https:\/\/acefootball.com\/da\/#\/schema\/person\/ee67e9cf04a276f144100ffa722f10cd\"},\"headline\":\"U\u00e6ndret AaB-trup til kamp mod Vejle\",\"datePublished\":\"2020-10-25T15:35:47+00:00\",\"dateModified\":\"2020-10-25T15:38:00+00:00\",\"mainEntityOfPage\":{\"@id\":\"https:\/\/acefootball.com\/da\/fodboldnyheder\/uaendret-aab-trup-til-kamp-mod-vejle\/#webpage\"},\"wordCount\":157,\"commentCount\":0,\"publisher\":{\"@id\":\"https:\/\/acefootball.com\/da\/#organization\"},\"image\":{\"@id\":\"https:\/\/acefootball.com\/da\/fodboldnyheder\/uaendret-aab-trup-til-kamp-mod-vejle\/#primaryimage\"},\"thumbnailUrl\":\"https:\/\/acefootball.com\/da\/wp-content\/uploads\/sites\/2\/2020\/09\/GettyImages-1202852080.jpg\",\"keywords\":[\"AaB\",\"Superligaen\"],\"articleSection\":[\"Kamp\"],\"inLanguage\":\"en-US\",\"potentialAction\":[{\"@type\":\"CommentAction\",\"name\":\"Comment\",\"target\":[\"https:\/\/acefootball.com\/da\/fodboldnyheder\/uaendret-aab-trup-til-kamp-mod-vejle\/#respond\"]}]},{\"@type\":\"Person\",\"@id\":\"https:\/\/acefootball.com\/da\/#\/schema\/person\/ee67e9cf04a276f144100ffa722f10cd\",\"name\":\"Mads Dreyer\",\"image\":{\"@type\":\"ImageObject\",\"@id\":\"https:\/\/acefootball.com\/da\/#personlogo\",\"inLanguage\":\"en-US\",\"url\":\"https:\/\/secure.gravatar.com\/avatar\/7c7abf72cfde9902b6a60efe60c88d4c?s=96&d=mm&r=g\",\"contentUrl\":\"https:\/\/secure.gravatar.com\/avatar\/7c7abf72cfde9902b6a60efe60c88d4c?s=96&d=mm&r=g\",\"caption\":\"Mads Dreyer\"},\"description\":\"Skribent og fodboldn\u00f8rd, der lige nu fort\u00e6ller om alt og intet i fodboldverdenen p\u00e5 acefootball.com. Uddannet i kommunikation fra Aalborg Universitet.\",\"sameAs\":[\"https:\/\/www.linkedin.com\/in\/mads-dreyer-b9b08266\/\"],\"url\":\"https:\/\/acefootball.com\/da\/fodboldnyheder\/author\/mdnronaldo\/\"}]}<\/script>\n<!-- \/ Yoast SEO plugin. -->","yoast_head_json":{"title":"U\u00e6ndret AaB-trup til kamp mod Vejle","description":"Der er ingen \u00e6ndringer i AaB-truppen til mandagens kamp mod Vejle, efter man fik fuld gevinst i sidste weekend mod FC K\u00f8benhavn","robots":{"index":"index","follow":"follow","max-snippet":"max-snippet:-1","max-image-preview":"max-image-preview:large","max-video-preview":"max-video-preview:-1"},"canonical":"https:\/\/acefootball.com\/da\/fodboldnyheder\/uaendret-aab-trup-til-kamp-mod-vejle\/","og_locale":"en_US","og_type":"article","og_title":"U\u00e6ndret AaB-trup til kamp mod Vejle","og_description":"Der er ingen \u00e6ndringer i AaB-truppen til mandagens kamp mod Vejle, efter man fik fuld gevinst i sidste weekend mod FC K\u00f8benhavn","og_url":"https:\/\/acefootball.com\/da\/fodboldnyheder\/uaendret-aab-trup-til-kamp-mod-vejle\/","og_site_name":"Ace Football Danmark","article_publisher":"https:\/\/www.facebook.com\/acefootballdk","article_published_time":"2020-10-25T15:35:47+00:00","article_modified_time":"2020-10-25T15:38:00+00:00","og_image":[{"width":1024,"height":658,"url":"https:\/\/acefootball.com\/da\/wp-content\/uploads\/sites\/2\/2020\/09\/GettyImages-1202852080.jpg","type":"image\/jpeg"}],"twitter_card":"summary_large_image","twitter_misc":{"Written by":"Mads Dreyer","Est. reading time":"1 minute"},"schema":{"@context":"https:\/\/schema.org","@graph":[{"@type":"Organization","@id":"https:\/\/acefootball.com\/da\/#organization","name":"Ace Football","url":"https:\/\/acefootball.com\/da\/","sameAs":["https:\/\/www.facebook.com\/acefootballdk"],"logo":{"@type":"ImageObject","@id":"https:\/\/acefootball.com\/da\/#logo","inLanguage":"en-US","url":"https:\/\/acefootball.com\/da\/wp-content\/uploads\/sites\/2\/2020\/07\/Ace-Football-30-07-2020-2.png","contentUrl":"https:\/\/acefootball.com\/da\/wp-content\/uploads\/sites\/2\/2020\/07\/Ace-Football-30-07-2020-2.png","width":1200,"height":600,"caption":"Ace Football"},"image":{"@id":"https:\/\/acefootball.com\/da\/#logo"}},{"@type":"WebSite","@id":"https:\/\/acefootball.com\/da\/#website","url":"https:\/\/acefootball.com\/da\/","name":"Ace Football Danmark","description":"Nyheder, Spiltips &amp; Livescore","publisher":{"@id":"https:\/\/acefootball.com\/da\/#organization"},"potentialAction":[{"@type":"SearchAction","target":{"@type":"EntryPoint","urlTemplate":"https:\/\/acefootball.com\/da\/?s={search_term_string}"},"query-input":"required name=search_term_string"}],"inLanguage":"en-US"},{"@type":"ImageObject","@id":"https:\/\/acefootball.com\/da\/fodboldnyheder\/uaendret-aab-trup-til-kamp-mod-vejle\/#primaryimage","inLanguage":"en-US","url":"https:\/\/acefootball.com\/da\/wp-content\/uploads\/sites\/2\/2020\/09\/GettyImages-1202852080.jpg","contentUrl":"https:\/\/acefootball.com\/da\/wp-content\/uploads\/sites\/2\/2020\/09\/GettyImages-1202852080.jpg","width":1024,"height":658,"caption":"AALBORG, DENMARK - FEBRUARY 23: Jacob Friis, head coach of AaB Aalborg gestures during the Danish 3F Superliga match between AaB Aalborg and Brondby IF at Aalborg Portland Park on February 23, 2020 in Aalborg, Denmark. (Photo by Lars Ronbog \/ FrontZoneSport via Getty Images)"},{"@type":"WebPage","@id":"https:\/\/acefootball.com\/da\/fodboldnyheder\/uaendret-aab-trup-til-kamp-mod-vejle\/#webpage","url":"https:\/\/acefootball.com\/da\/fodboldnyheder\/uaendret-aab-trup-til-kamp-mod-vejle\/","name":"U\u00e6ndret AaB-trup til kamp mod Vejle","isPartOf":{"@id":"https:\/\/acefootball.com\/da\/#website"},"primaryImageOfPage":{"@id":"https:\/\/acefootball.com\/da\/fodboldnyheder\/uaendret-aab-trup-til-kamp-mod-vejle\/#primaryimage"},"datePublished":"2020-10-25T15:35:47+00:00","dateModified":"2020-10-25T15:38:00+00:00","description":"Der er ingen \u00e6ndringer i AaB-truppen til mandagens kamp mod Vejle, efter man fik fuld gevinst i sidste weekend mod FC K\u00f8benhavn","breadcrumb":{"@id":"https:\/\/acefootball.com\/da\/fodboldnyheder\/uaendret-aab-trup-til-kamp-mod-vejle\/#breadcrumb"},"inLanguage":"en-US","potentialAction":[{"@type":"ReadAction","target":["https:\/\/acefootball.com\/da\/fodboldnyheder\/uaendret-aab-trup-til-kamp-mod-vejle\/"]}]},{"@type":"BreadcrumbList","@id":"https:\/\/acefootball.com\/da\/fodboldnyheder\/uaendret-aab-trup-til-kamp-mod-vejle\/#breadcrumb","itemListElement":[{"@type":"ListItem","position":1,"name":"Home","item":"https:\/\/acefootball.com\/da\/"},{"@type":"ListItem","position":2,"name":"U\u00e6ndret AaB-trup til kamp mod Vejle"}]},{"@type":"Article","@id":"https:\/\/acefootball.com\/da\/fodboldnyheder\/uaendret-aab-trup-til-kamp-mod-vejle\/#article","isPartOf":{"@id":"https:\/\/acefootball.com\/da\/fodboldnyheder\/uaendret-aab-trup-til-kamp-mod-vejle\/#webpage"},"author":{"@id":"https:\/\/acefootball.com\/da\/#\/schema\/person\/ee67e9cf04a276f144100ffa722f10cd"},"headline":"U\u00e6ndret AaB-trup til kamp mod Vejle","datePublished":"2020-10-25T15:35:47+00:00","dateModified":"2020-10-25T15:38:00+00:00","mainEntityOfPage":{"@id":"https:\/\/acefootball.com\/da\/fodboldnyheder\/uaendret-aab-trup-til-kamp-mod-vejle\/#webpage"},"wordCount":157,"commentCount":0,"publisher":{"@id":"https:\/\/acefootball.com\/da\/#organization"},"image":{"@id":"https:\/\/acefootball.com\/da\/fodboldnyheder\/uaendret-aab-trup-til-kamp-mod-vejle\/#primaryimage"},"thumbnailUrl":"https:\/\/acefootball.com\/da\/wp-content\/uploads\/sites\/2\/2020\/09\/GettyImages-1202852080.jpg","keywords":["AaB","Superligaen"],"articleSection":["Kamp"],"inLanguage":"en-US","potentialAction":[{"@type":"CommentAction","name":"Comment","target":["https:\/\/acefootball.com\/da\/fodboldnyheder\/uaendret-aab-trup-til-kamp-mod-vejle\/#respond"]}]},{"@type":"Person","@id":"https:\/\/acefootball.com\/da\/#\/schema\/person\/ee67e9cf04a276f144100ffa722f10cd","name":"Mads Dreyer","image":{"@type":"ImageObject","@id":"https:\/\/acefootball.com\/da\/#personlogo","inLanguage":"en-US","url":"https:\/\/secure.gravatar.com\/avatar\/7c7abf72cfde9902b6a60efe60c88d4c?s=96&d=mm&r=g","contentUrl":"https:\/\/secure.gravatar.com\/avatar\/7c7abf72cfde9902b6a60efe60c88d4c?s=96&d=mm&r=g","caption":"Mads Dreyer"},"description":"Skribent og fodboldn\u00f8rd, der lige nu fort\u00e6ller om alt og intet i fodboldverdenen p\u00e5 acefootball.com. Uddannet i kommunikation fra Aalborg Universitet.","sameAs":["https:\/\/www.linkedin.com\/in\/mads-dreyer-b9b08266\/"],"url":"https:\/\/acefootball.com\/da\/fodboldnyheder\/author\/mdnronaldo\/"}]}},"fimg_url":"https:\/\/acefootball.com\/da\/wp-content\/uploads\/sites\/2\/2020\/09\/GettyImages-1202852080.jpg","_links":{"self":[{"href":"https:\/\/acefootball.com\/da\/wp-json\/wp\/v2\/posts\/241302"}],"collection":[{"href":"https:\/\/acefootball.com\/da\/wp-json\/wp\/v2\/posts"}],"about":[{"href":"https:\/\/acefootball.com\/da\/wp-json\/wp\/v2\/types\/post"}],"author":[{"embeddable":true,"href":"https:\/\/acefootball.com\/da\/wp-json\/wp\/v2\/users\/705"}],"replies":[{"embeddable":true,"href":"https:\/\/acefootball.com\/da\/wp-json\/wp\/v2\/comments?post=241302"}],"version-history":[{"count":0,"href":"https:\/\/acefootball.com\/da\/wp-json\/wp\/v2\/posts\/241302\/revisions"}],"wp:featuredmedia":[{"embeddable":true,"href":"https:\/\/acefootball.com\/da\/wp-json\/wp\/v2\/media\/236744"}],"wp:attachment":[{"href":"https:\/\/acefootball.com\/da\/wp-json\/wp\/v2\/media?parent=241302"}],"wp:term":[{"taxonomy":"category","embeddable":true,"href":"https:\/\/acefootball.com\/da\/wp-json\/wp\/v2\/categories?post=241302"},{"taxonomy":"post_tag","embeddable":true,"href":"https:\/\/acefootball.com\/da\/wp-json\/wp\/v2\/tags?post=241302"}],"curies":[{"name":"wp","href":"https:\/\/api.w.org\/{rel}","templated":true}]}}