{"id":241295,"date":"2020-10-25T14:42:19","date_gmt":"2020-10-25T13:42:19","guid":{"rendered":"https:\/\/acefootball.com\/da\/?p=241295"},"modified":"2020-10-25T14:44:23","modified_gmt":"2020-10-25T13:44:23","slug":"skade-holder-coutinho-ude-af-juventus-brag","status":"publish","type":"post","link":"https:\/\/acefootball.com\/da\/fodboldnyheder\/skade-holder-coutinho-ude-af-juventus-brag\/","title":{"rendered":"Skade holder Coutinho ude af Juventus-brag"},"content":{"rendered":"\n<h2 id=\"h-philippe-coutinho-har-p-draget-sig-en-l-rskade-og-er-derfor-ude-af-onsdagens-champions-league-kamp-mod-juventus\">Philippe Coutinho har p\u00e5draget sig en l\u00e5rskade og er derfor ude af onsdagens Champions League-kamp mod Juventus<\/h2>\n\n\n\n<div class=\"wp-block-si-widget wp-block-si-widget--center\"><si-lb-widget widget-id=\"MatchInfoWithOddsV2\" data-nopadding=\"true\" data-across-all-tournaments=\"false\" data-limit=\"5\" width=\"440\" data-event-id=\"3462009\" data-provider=\"mrgreen\" data-card=\"true\" data-theme-appearance=\"dark\"><\/si-lb-widget><\/div>\n\n\n\n<p>FC Barcelona tabte l\u00f8rdagens El Cl\u00e1sico med 1-3 til Real Madrid, og s\u00f8ndag er der flere d\u00e5rlige nyheder til catalanerne.<\/p>\n\n\n\n<p>En fysisk test har nemlig vist, at Philippe Coutinho har p\u00e5draget sig en fiberskade i det h\u00f8jre l\u00e5r, og han er nu ude p\u00e5 ubestemt tid. Det oplyser klubben p\u00e5 sin <a href=\"https:\/\/www.fcbarcelona.com\/en\/football\/first-team\/news\/1875030\/coutinho-has-hamstring-injury?utm_source=twitter&amp;utm_medium=fcbarcelona&amp;utm_campaign=b569e6d8-55de-4ead-aa1d-2346f419aac4\" target=\"_blank\" rel=\"noreferrer noopener\">hjemmeside<\/a>.<\/p>\n\n\n\n<figure class=\"wp-block-embed-wordpress wp-block-embed is-type-wp-embed is-provider-ace-football-danmark\"><div class=\"wp-block-embed__wrapper\">\n<blockquote class=\"wp-embedded-content\" data-secret=\"be5CpqWGe4\"><a href=\"https:\/\/acefootball.com\/da\/fodboldnyheder\/koeman-raser-over-real-straffe-se-situationen-her\/\">Koeman raser over Real-straffe: Se situationen her<\/a><\/blockquote><iframe class=\"wp-embedded-content\" sandbox=\"allow-scripts\" security=\"restricted\" style=\"position: absolute; clip: rect(1px, 1px, 1px, 1px);\" title=\"&#8220;Koeman raser over Real-straffe: Se situationen her&#8221; &#8212; Ace Football Danmark\" src=\"https:\/\/acefootball.com\/da\/fodboldnyheder\/koeman-raser-over-real-straffe-se-situationen-her\/embed\/#?secret=be5CpqWGe4\" data-secret=\"be5CpqWGe4\" width=\"600\" height=\"338\" frameborder=\"0\" marginwidth=\"0\" marginheight=\"0\" scrolling=\"no\"><\/iframe>\n<\/div><\/figure>\n\n\n\n<p>Det betyder sandsynligvis, at brasilianeren ikke er med, n\u00e5r Barcelona onsdag m\u00f8der Juventus p\u00e5 udebane i Champions League.<\/p>\n\n\n\n<p>Philippe Coutinho spillede ellers alle 90 minutter mod Real Madrid, hvilket var sjette optr\u00e6den i denne s\u00e6son.<\/p>\n","protected":false},"excerpt":{"rendered":"<p>Philippe Coutinho har p\u00e5draget sig en l\u00e5rskade og er derfor ude af onsdagens Champions League-kamp mod Juventus<\/p>\n","protected":false},"author":705,"featured_media":241296,"comment_status":"open","ping_status":"closed","sticky":false,"template":"","format":"standard","meta":{"om_disable_all_campaigns":false,"push_articles_ronaldo":{"active":false,"canonical":0,"publish":false},"force_updates":null},"categories":[1],"tags":[206,41,65,303,440],"enet_tags":{"league":["42","87"],"team":["8634","9885"],"player":["184536"],"sport_events":[3462009]},"yoast_head":"<!-- This site is optimized with the Yoast SEO plugin v18.3 - https:\/\/yoast.com\/wordpress\/plugins\/seo\/ -->\n<title>Skade holder Coutinho ude af Juventus-brag<\/title>\n<meta name=\"description\" content=\"Philippe Coutinho har p\u00e5draget sig en l\u00e5rskade og er derfor ude af onsdagens Champions League-kamp mod Juventus\" \/>\n<meta name=\"robots\" content=\"index, follow, max-snippet:-1, max-image-preview:large, max-video-preview:-1\" \/>\n<link rel=\"canonical\" href=\"https:\/\/acefootball.com\/da\/fodboldnyheder\/skade-holder-coutinho-ude-af-juventus-brag\/\" \/>\n<meta property=\"og:locale\" content=\"en_US\" \/>\n<meta property=\"og:type\" content=\"article\" \/>\n<meta property=\"og:title\" content=\"Skade holder Coutinho ude af Juventus-brag\" \/>\n<meta property=\"og:description\" content=\"Philippe Coutinho har p\u00e5draget sig en l\u00e5rskade og er derfor ude af onsdagens Champions League-kamp mod Juventus\" \/>\n<meta property=\"og:url\" content=\"https:\/\/acefootball.com\/da\/fodboldnyheder\/skade-holder-coutinho-ude-af-juventus-brag\/\" \/>\n<meta property=\"og:site_name\" content=\"Ace Football Danmark\" \/>\n<meta property=\"article:publisher\" content=\"https:\/\/www.facebook.com\/acefootballdk\" \/>\n<meta property=\"article:published_time\" content=\"2020-10-25T13:42:19+00:00\" \/>\n<meta property=\"article:modified_time\" content=\"2020-10-25T13:44:23+00:00\" \/>\n<meta property=\"og:image\" content=\"https:\/\/acefootball.com\/da\/wp-content\/uploads\/sites\/2\/2020\/10\/GettyImages-1281862141.jpg\" \/>\n\t<meta property=\"og:image:width\" content=\"1024\" \/>\n\t<meta property=\"og:image:height\" content=\"683\" \/>\n\t<meta property=\"og:image:type\" content=\"image\/jpeg\" \/>\n<meta name=\"twitter:card\" content=\"summary_large_image\" \/>\n<meta name=\"twitter:label1\" content=\"Written by\" \/>\n\t<meta name=\"twitter:data1\" content=\"Mads Dreyer\" \/>\n\t<meta name=\"twitter:label2\" content=\"Est. reading time\" \/>\n\t<meta name=\"twitter:data2\" content=\"1 minute\" \/>\n<script type=\"application\/ld+json\" class=\"yoast-schema-graph\">{\"@context\":\"https:\/\/schema.org\",\"@graph\":[{\"@type\":\"Organization\",\"@id\":\"https:\/\/acefootball.com\/da\/#organization\",\"name\":\"Ace Football\",\"url\":\"https:\/\/acefootball.com\/da\/\",\"sameAs\":[\"https:\/\/www.facebook.com\/acefootballdk\"],\"logo\":{\"@type\":\"ImageObject\",\"@id\":\"https:\/\/acefootball.com\/da\/#logo\",\"inLanguage\":\"en-US\",\"url\":\"https:\/\/acefootball.com\/da\/wp-content\/uploads\/sites\/2\/2020\/07\/Ace-Football-30-07-2020-2.png\",\"contentUrl\":\"https:\/\/acefootball.com\/da\/wp-content\/uploads\/sites\/2\/2020\/07\/Ace-Football-30-07-2020-2.png\",\"width\":1200,\"height\":600,\"caption\":\"Ace Football\"},\"image\":{\"@id\":\"https:\/\/acefootball.com\/da\/#logo\"}},{\"@type\":\"WebSite\",\"@id\":\"https:\/\/acefootball.com\/da\/#website\",\"url\":\"https:\/\/acefootball.com\/da\/\",\"name\":\"Ace Football Danmark\",\"description\":\"Nyheder, Spiltips &amp; Livescore\",\"publisher\":{\"@id\":\"https:\/\/acefootball.com\/da\/#organization\"},\"potentialAction\":[{\"@type\":\"SearchAction\",\"target\":{\"@type\":\"EntryPoint\",\"urlTemplate\":\"https:\/\/acefootball.com\/da\/?s={search_term_string}\"},\"query-input\":\"required name=search_term_string\"}],\"inLanguage\":\"en-US\"},{\"@type\":\"ImageObject\",\"@id\":\"https:\/\/acefootball.com\/da\/fodboldnyheder\/skade-holder-coutinho-ude-af-juventus-brag\/#primaryimage\",\"inLanguage\":\"en-US\",\"url\":\"https:\/\/acefootball.com\/da\/wp-content\/uploads\/sites\/2\/2020\/10\/GettyImages-1281862141.jpg\",\"contentUrl\":\"https:\/\/acefootball.com\/da\/wp-content\/uploads\/sites\/2\/2020\/10\/GettyImages-1281862141.jpg\",\"width\":1024,\"height\":683,\"caption\":\"BARCELONA, SPAIN - OCTOBER 20: Philippe Coutinho of FC Barcelona runs with the ball during the UEFA Champions League Group G stage match between FC Barcelona and Ferencvaros Budapest at Camp Nou on October 20, 2020 in Barcelona, Spain. Sporting stadiums around Europe remain under strict restrictions due to the Coronavirus Pandemic as Government social distancing laws prohibit fans inside venues resulting in games being played behind closed doors. (Photo by Alex Caparros\/Getty Images)\"},{\"@type\":\"WebPage\",\"@id\":\"https:\/\/acefootball.com\/da\/fodboldnyheder\/skade-holder-coutinho-ude-af-juventus-brag\/#webpage\",\"url\":\"https:\/\/acefootball.com\/da\/fodboldnyheder\/skade-holder-coutinho-ude-af-juventus-brag\/\",\"name\":\"Skade holder Coutinho ude af Juventus-brag\",\"isPartOf\":{\"@id\":\"https:\/\/acefootball.com\/da\/#website\"},\"primaryImageOfPage\":{\"@id\":\"https:\/\/acefootball.com\/da\/fodboldnyheder\/skade-holder-coutinho-ude-af-juventus-brag\/#primaryimage\"},\"datePublished\":\"2020-10-25T13:42:19+00:00\",\"dateModified\":\"2020-10-25T13:44:23+00:00\",\"description\":\"Philippe Coutinho har p\u00e5draget sig en l\u00e5rskade og er derfor ude af onsdagens Champions League-kamp mod Juventus\",\"breadcrumb\":{\"@id\":\"https:\/\/acefootball.com\/da\/fodboldnyheder\/skade-holder-coutinho-ude-af-juventus-brag\/#breadcrumb\"},\"inLanguage\":\"en-US\",\"potentialAction\":[{\"@type\":\"ReadAction\",\"target\":[\"https:\/\/acefootball.com\/da\/fodboldnyheder\/skade-holder-coutinho-ude-af-juventus-brag\/\"]}]},{\"@type\":\"BreadcrumbList\",\"@id\":\"https:\/\/acefootball.com\/da\/fodboldnyheder\/skade-holder-coutinho-ude-af-juventus-brag\/#breadcrumb\",\"itemListElement\":[{\"@type\":\"ListItem\",\"position\":1,\"name\":\"Home\",\"item\":\"https:\/\/acefootball.com\/da\/\"},{\"@type\":\"ListItem\",\"position\":2,\"name\":\"Skade holder Coutinho ude af Juventus-brag\"}]},{\"@type\":\"Article\",\"@id\":\"https:\/\/acefootball.com\/da\/fodboldnyheder\/skade-holder-coutinho-ude-af-juventus-brag\/#article\",\"isPartOf\":{\"@id\":\"https:\/\/acefootball.com\/da\/fodboldnyheder\/skade-holder-coutinho-ude-af-juventus-brag\/#webpage\"},\"author\":{\"@id\":\"https:\/\/acefootball.com\/da\/#\/schema\/person\/ee67e9cf04a276f144100ffa722f10cd\"},\"headline\":\"Skade holder Coutinho ude af Juventus-brag\",\"datePublished\":\"2020-10-25T13:42:19+00:00\",\"dateModified\":\"2020-10-25T13:44:23+00:00\",\"mainEntityOfPage\":{\"@id\":\"https:\/\/acefootball.com\/da\/fodboldnyheder\/skade-holder-coutinho-ude-af-juventus-brag\/#webpage\"},\"wordCount\":128,\"commentCount\":0,\"publisher\":{\"@id\":\"https:\/\/acefootball.com\/da\/#organization\"},\"image\":{\"@id\":\"https:\/\/acefootball.com\/da\/fodboldnyheder\/skade-holder-coutinho-ude-af-juventus-brag\/#primaryimage\"},\"thumbnailUrl\":\"https:\/\/acefootball.com\/da\/wp-content\/uploads\/sites\/2\/2020\/10\/GettyImages-1281862141.jpg\",\"keywords\":[\"Champions League\",\"FC Barcelona\",\"Juventus\",\"La Liga\",\"Philippe Coutinho\"],\"articleSection\":[\"Nyhed\"],\"inLanguage\":\"en-US\",\"potentialAction\":[{\"@type\":\"CommentAction\",\"name\":\"Comment\",\"target\":[\"https:\/\/acefootball.com\/da\/fodboldnyheder\/skade-holder-coutinho-ude-af-juventus-brag\/#respond\"]}]},{\"@type\":\"Person\",\"@id\":\"https:\/\/acefootball.com\/da\/#\/schema\/person\/ee67e9cf04a276f144100ffa722f10cd\",\"name\":\"Mads Dreyer\",\"image\":{\"@type\":\"ImageObject\",\"@id\":\"https:\/\/acefootball.com\/da\/#personlogo\",\"inLanguage\":\"en-US\",\"url\":\"https:\/\/secure.gravatar.com\/avatar\/7c7abf72cfde9902b6a60efe60c88d4c?s=96&d=mm&r=g\",\"contentUrl\":\"https:\/\/secure.gravatar.com\/avatar\/7c7abf72cfde9902b6a60efe60c88d4c?s=96&d=mm&r=g\",\"caption\":\"Mads Dreyer\"},\"description\":\"Skribent og fodboldn\u00f8rd, der lige nu fort\u00e6ller om alt og intet i fodboldverdenen p\u00e5 acefootball.com. Uddannet i kommunikation fra Aalborg Universitet.\",\"sameAs\":[\"https:\/\/www.linkedin.com\/in\/mads-dreyer-b9b08266\/\"],\"url\":\"https:\/\/acefootball.com\/da\/fodboldnyheder\/author\/mdnronaldo\/\"}]}<\/script>\n<!-- \/ Yoast SEO plugin. -->","yoast_head_json":{"title":"Skade holder Coutinho ude af Juventus-brag","description":"Philippe Coutinho har p\u00e5draget sig en l\u00e5rskade og er derfor ude af onsdagens Champions League-kamp mod Juventus","robots":{"index":"index","follow":"follow","max-snippet":"max-snippet:-1","max-image-preview":"max-image-preview:large","max-video-preview":"max-video-preview:-1"},"canonical":"https:\/\/acefootball.com\/da\/fodboldnyheder\/skade-holder-coutinho-ude-af-juventus-brag\/","og_locale":"en_US","og_type":"article","og_title":"Skade holder Coutinho ude af Juventus-brag","og_description":"Philippe Coutinho har p\u00e5draget sig en l\u00e5rskade og er derfor ude af onsdagens Champions League-kamp mod Juventus","og_url":"https:\/\/acefootball.com\/da\/fodboldnyheder\/skade-holder-coutinho-ude-af-juventus-brag\/","og_site_name":"Ace Football Danmark","article_publisher":"https:\/\/www.facebook.com\/acefootballdk","article_published_time":"2020-10-25T13:42:19+00:00","article_modified_time":"2020-10-25T13:44:23+00:00","og_image":[{"width":1024,"height":683,"url":"https:\/\/acefootball.com\/da\/wp-content\/uploads\/sites\/2\/2020\/10\/GettyImages-1281862141.jpg","type":"image\/jpeg"}],"twitter_card":"summary_large_image","twitter_misc":{"Written by":"Mads Dreyer","Est. reading time":"1 minute"},"schema":{"@context":"https:\/\/schema.org","@graph":[{"@type":"Organization","@id":"https:\/\/acefootball.com\/da\/#organization","name":"Ace Football","url":"https:\/\/acefootball.com\/da\/","sameAs":["https:\/\/www.facebook.com\/acefootballdk"],"logo":{"@type":"ImageObject","@id":"https:\/\/acefootball.com\/da\/#logo","inLanguage":"en-US","url":"https:\/\/acefootball.com\/da\/wp-content\/uploads\/sites\/2\/2020\/07\/Ace-Football-30-07-2020-2.png","contentUrl":"https:\/\/acefootball.com\/da\/wp-content\/uploads\/sites\/2\/2020\/07\/Ace-Football-30-07-2020-2.png","width":1200,"height":600,"caption":"Ace Football"},"image":{"@id":"https:\/\/acefootball.com\/da\/#logo"}},{"@type":"WebSite","@id":"https:\/\/acefootball.com\/da\/#website","url":"https:\/\/acefootball.com\/da\/","name":"Ace Football Danmark","description":"Nyheder, Spiltips &amp; Livescore","publisher":{"@id":"https:\/\/acefootball.com\/da\/#organization"},"potentialAction":[{"@type":"SearchAction","target":{"@type":"EntryPoint","urlTemplate":"https:\/\/acefootball.com\/da\/?s={search_term_string}"},"query-input":"required name=search_term_string"}],"inLanguage":"en-US"},{"@type":"ImageObject","@id":"https:\/\/acefootball.com\/da\/fodboldnyheder\/skade-holder-coutinho-ude-af-juventus-brag\/#primaryimage","inLanguage":"en-US","url":"https:\/\/acefootball.com\/da\/wp-content\/uploads\/sites\/2\/2020\/10\/GettyImages-1281862141.jpg","contentUrl":"https:\/\/acefootball.com\/da\/wp-content\/uploads\/sites\/2\/2020\/10\/GettyImages-1281862141.jpg","width":1024,"height":683,"caption":"BARCELONA, SPAIN - OCTOBER 20: Philippe Coutinho of FC Barcelona runs with the ball during the UEFA Champions League Group G stage match between FC Barcelona and Ferencvaros Budapest at Camp Nou on October 20, 2020 in Barcelona, Spain. Sporting stadiums around Europe remain under strict restrictions due to the Coronavirus Pandemic as Government social distancing laws prohibit fans inside venues resulting in games being played behind closed doors. (Photo by Alex Caparros\/Getty Images)"},{"@type":"WebPage","@id":"https:\/\/acefootball.com\/da\/fodboldnyheder\/skade-holder-coutinho-ude-af-juventus-brag\/#webpage","url":"https:\/\/acefootball.com\/da\/fodboldnyheder\/skade-holder-coutinho-ude-af-juventus-brag\/","name":"Skade holder Coutinho ude af Juventus-brag","isPartOf":{"@id":"https:\/\/acefootball.com\/da\/#website"},"primaryImageOfPage":{"@id":"https:\/\/acefootball.com\/da\/fodboldnyheder\/skade-holder-coutinho-ude-af-juventus-brag\/#primaryimage"},"datePublished":"2020-10-25T13:42:19+00:00","dateModified":"2020-10-25T13:44:23+00:00","description":"Philippe Coutinho har p\u00e5draget sig en l\u00e5rskade og er derfor ude af onsdagens Champions League-kamp mod Juventus","breadcrumb":{"@id":"https:\/\/acefootball.com\/da\/fodboldnyheder\/skade-holder-coutinho-ude-af-juventus-brag\/#breadcrumb"},"inLanguage":"en-US","potentialAction":[{"@type":"ReadAction","target":["https:\/\/acefootball.com\/da\/fodboldnyheder\/skade-holder-coutinho-ude-af-juventus-brag\/"]}]},{"@type":"BreadcrumbList","@id":"https:\/\/acefootball.com\/da\/fodboldnyheder\/skade-holder-coutinho-ude-af-juventus-brag\/#breadcrumb","itemListElement":[{"@type":"ListItem","position":1,"name":"Home","item":"https:\/\/acefootball.com\/da\/"},{"@type":"ListItem","position":2,"name":"Skade holder Coutinho ude af Juventus-brag"}]},{"@type":"Article","@id":"https:\/\/acefootball.com\/da\/fodboldnyheder\/skade-holder-coutinho-ude-af-juventus-brag\/#article","isPartOf":{"@id":"https:\/\/acefootball.com\/da\/fodboldnyheder\/skade-holder-coutinho-ude-af-juventus-brag\/#webpage"},"author":{"@id":"https:\/\/acefootball.com\/da\/#\/schema\/person\/ee67e9cf04a276f144100ffa722f10cd"},"headline":"Skade holder Coutinho ude af Juventus-brag","datePublished":"2020-10-25T13:42:19+00:00","dateModified":"2020-10-25T13:44:23+00:00","mainEntityOfPage":{"@id":"https:\/\/acefootball.com\/da\/fodboldnyheder\/skade-holder-coutinho-ude-af-juventus-brag\/#webpage"},"wordCount":128,"commentCount":0,"publisher":{"@id":"https:\/\/acefootball.com\/da\/#organization"},"image":{"@id":"https:\/\/acefootball.com\/da\/fodboldnyheder\/skade-holder-coutinho-ude-af-juventus-brag\/#primaryimage"},"thumbnailUrl":"https:\/\/acefootball.com\/da\/wp-content\/uploads\/sites\/2\/2020\/10\/GettyImages-1281862141.jpg","keywords":["Champions League","FC Barcelona","Juventus","La Liga","Philippe Coutinho"],"articleSection":["Nyhed"],"inLanguage":"en-US","potentialAction":[{"@type":"CommentAction","name":"Comment","target":["https:\/\/acefootball.com\/da\/fodboldnyheder\/skade-holder-coutinho-ude-af-juventus-brag\/#respond"]}]},{"@type":"Person","@id":"https:\/\/acefootball.com\/da\/#\/schema\/person\/ee67e9cf04a276f144100ffa722f10cd","name":"Mads Dreyer","image":{"@type":"ImageObject","@id":"https:\/\/acefootball.com\/da\/#personlogo","inLanguage":"en-US","url":"https:\/\/secure.gravatar.com\/avatar\/7c7abf72cfde9902b6a60efe60c88d4c?s=96&d=mm&r=g","contentUrl":"https:\/\/secure.gravatar.com\/avatar\/7c7abf72cfde9902b6a60efe60c88d4c?s=96&d=mm&r=g","caption":"Mads Dreyer"},"description":"Skribent og fodboldn\u00f8rd, der lige nu fort\u00e6ller om alt og intet i fodboldverdenen p\u00e5 acefootball.com. Uddannet i kommunikation fra Aalborg Universitet.","sameAs":["https:\/\/www.linkedin.com\/in\/mads-dreyer-b9b08266\/"],"url":"https:\/\/acefootball.com\/da\/fodboldnyheder\/author\/mdnronaldo\/"}]}},"fimg_url":"https:\/\/acefootball.com\/da\/wp-content\/uploads\/sites\/2\/2020\/10\/GettyImages-1281862141.jpg","_links":{"self":[{"href":"https:\/\/acefootball.com\/da\/wp-json\/wp\/v2\/posts\/241295"}],"collection":[{"href":"https:\/\/acefootball.com\/da\/wp-json\/wp\/v2\/posts"}],"about":[{"href":"https:\/\/acefootball.com\/da\/wp-json\/wp\/v2\/types\/post"}],"author":[{"embeddable":true,"href":"https:\/\/acefootball.com\/da\/wp-json\/wp\/v2\/users\/705"}],"replies":[{"embeddable":true,"href":"https:\/\/acefootball.com\/da\/wp-json\/wp\/v2\/comments?post=241295"}],"version-history":[{"count":0,"href":"https:\/\/acefootball.com\/da\/wp-json\/wp\/v2\/posts\/241295\/revisions"}],"wp:featuredmedia":[{"embeddable":true,"href":"https:\/\/acefootball.com\/da\/wp-json\/wp\/v2\/media\/241296"}],"wp:attachment":[{"href":"https:\/\/acefootball.com\/da\/wp-json\/wp\/v2\/media?parent=241295"}],"wp:term":[{"taxonomy":"category","embeddable":true,"href":"https:\/\/acefootball.com\/da\/wp-json\/wp\/v2\/categories?post=241295"},{"taxonomy":"post_tag","embeddable":true,"href":"https:\/\/acefootball.com\/da\/wp-json\/wp\/v2\/tags?post=241295"}],"curies":[{"name":"wp","href":"https:\/\/api.w.org\/{rel}","templated":true}]}}