{"id":241283,"date":"2020-10-25T12:41:03","date_gmt":"2020-10-25T11:41:03","guid":{"rendered":"https:\/\/acefootball.com\/da\/?p=241283"},"modified":"2020-10-25T12:42:23","modified_gmt":"2020-10-25T11:42:23","slug":"frederiksen-om-hedlund-fravalg-en-sportslig-vurdering","status":"publish","type":"post","link":"https:\/\/acefootball.com\/da\/fodboldnyheder\/frederiksen-om-hedlund-fravalg-en-sportslig-vurdering\/","title":{"rendered":"Frederiksen om Hedlund-fravalg: En sportslig vurdering"},"content":{"rendered":"\n<h2 id=\"h-simon-hedlund-var-overraskende-ikke-med-i-br-ndby-truppen-til-kampen-mod-fc-midtjylland-og-det-var-af-sportslige-rsager\">Simon Hedlund var overraskende ikke med i Br\u00f8ndby-truppen til kampen mod FC Midtjylland, og det var af sportslige \u00e5rsager<\/h2>\n\n\n\n<div class=\"wp-block-si-widget wp-block-si-widget--center\"><si-lb-widget widget-id=\"MatchInfoWithOddsV2\" data-nopadding=\"true\" data-across-all-tournaments=\"false\" data-limit=\"5\" width=\"440\" data-event-id=\"3389102\" data-card=\"true\" data-theme-appearance=\"dark\"><\/si-lb-widget><\/div>\n\n\n\n<p>Det vakte <a href=\"https:\/\/acefootball.com\/da\/fodboldnyheder\/stor-undren-broendby-stjerne-ude-af-truppen-til-fcm-kamp\/\">stor undren hos Br\u00f8ndby-fansene<\/a>, da de s\u00e5, at angrebsstjernen Simon Hedlund ikke var at finde i truppen til l\u00f8rdagens kamp mod FC Midtjylland.<\/p>\n\n\n\n<p>Klubben havde ikke givet nogen forklaring p\u00e5 fravalget, og flere brugere p\u00e5 sociale medier spekulerede i, om det kunne skyldes et n\u00e6rt forest\u00e5ende salg.<\/p>\n\n\n\n<p>Nu har cheftr\u00e6ner Niels Frederiksen dog forklaret, at det udelukkende er af sportslige \u00e5rsager.<\/p>\n\n\n\n<figure class=\"wp-block-embed-wordpress wp-block-embed is-type-wp-embed is-provider-ace-football-danmark\"><div class=\"wp-block-embed__wrapper\">\n<blockquote class=\"wp-embedded-content\" data-secret=\"QEn1XbFfUx\"><a href=\"https:\/\/acefootball.com\/da\/fodboldnyheder\/hoejdepunkter-se-det-hele-fra-fcm-comebacket-mod-broendby\/\">H\u00f8jdepunkter: Se det hele fra FCM-comebacket mod Br\u00f8ndby<\/a><\/blockquote><iframe class=\"wp-embedded-content\" sandbox=\"allow-scripts\" security=\"restricted\" style=\"position: absolute; clip: rect(1px, 1px, 1px, 1px);\" title=\"&#8220;H\u00f8jdepunkter: Se det hele fra FCM-comebacket mod Br\u00f8ndby&#8221; &#8212; Ace Football Danmark\" src=\"https:\/\/acefootball.com\/da\/fodboldnyheder\/hoejdepunkter-se-det-hele-fra-fcm-comebacket-mod-broendby\/embed\/#?secret=QEn1XbFfUx\" data-secret=\"QEn1XbFfUx\" width=\"600\" height=\"338\" frameborder=\"0\" marginwidth=\"0\" marginheight=\"0\" scrolling=\"no\"><\/iframe>\n<\/div><\/figure>\n\n\n\n<p>&#8220;Det er en sportslig vurdering. Vi har stor konkurrence i truppen, og jeg har vurderet, at der er nogle, der har vist sig lidt bedre frem end Simon p\u00e5 det sidste. Det er s\u00e5dan set ikke noget dramatik i det,&#8221; udtaler Frederiksen if\u00f8lge <a href=\"https:\/\/www.bold.dk\/fodbold\/nyheder\/bif-chef-om-vraget-hedlund-intet-disciplinaert\/\" target=\"_blank\" rel=\"noreferrer noopener\">bold.dk<\/a>.<\/p>\n\n\n\n<p>Cheftr\u00e6neren afviser samtidig, at der er tale om en disciplin\u00e6rstraf, og at Hedlund sagtens kan finde vej tilbage i truppen til n\u00e6ste kamp, som er n\u00e6ste s\u00f8ndag mod AaB.<\/p>\n","protected":false},"excerpt":{"rendered":"<p>Simon Hedlund var overraskende ikke med i Br\u00f8ndby-truppen til kampen mod FC Midtjylland, og det var af sportslige \u00e5rsager<\/p>\n","protected":false},"author":705,"featured_media":239666,"comment_status":"open","ping_status":"closed","sticky":false,"template":"","format":"standard","meta":{"om_disable_all_campaigns":false,"push_articles_ronaldo":{"active":false,"canonical":0,"publish":false},"force_updates":null},"categories":[8204],"tags":[53,812,6844,588],"enet_tags":{"team":["8595"],"player":["183862","315032"],"league":["46"],"sport_events":[3389102]},"yoast_head":"<!-- This site is optimized with the Yoast SEO plugin v18.3 - https:\/\/yoast.com\/wordpress\/plugins\/seo\/ -->\n<title>Frederiksen om Hedlund-fravalg: En sportslig vurdering<\/title>\n<meta name=\"description\" content=\"Simon Hedlund var overraskende ikke med i Br\u00f8ndby-truppen til kampen mod FC Midtjylland, og det var af sportslige \u00e5rsager\" \/>\n<meta name=\"robots\" content=\"index, follow, max-snippet:-1, max-image-preview:large, max-video-preview:-1\" \/>\n<link rel=\"canonical\" href=\"https:\/\/acefootball.com\/da\/fodboldnyheder\/frederiksen-om-hedlund-fravalg-en-sportslig-vurdering\/\" \/>\n<meta property=\"og:locale\" content=\"en_US\" \/>\n<meta property=\"og:type\" content=\"article\" \/>\n<meta property=\"og:title\" content=\"Frederiksen om Hedlund-fravalg: En sportslig vurdering\" \/>\n<meta property=\"og:description\" content=\"Simon Hedlund var overraskende ikke med i Br\u00f8ndby-truppen til kampen mod FC Midtjylland, og det var af sportslige \u00e5rsager\" \/>\n<meta property=\"og:url\" content=\"https:\/\/acefootball.com\/da\/fodboldnyheder\/frederiksen-om-hedlund-fravalg-en-sportslig-vurdering\/\" \/>\n<meta property=\"og:site_name\" content=\"Ace Football Danmark\" \/>\n<meta property=\"article:publisher\" content=\"https:\/\/www.facebook.com\/acefootballdk\" \/>\n<meta property=\"article:published_time\" content=\"2020-10-25T11:41:03+00:00\" \/>\n<meta property=\"article:modified_time\" content=\"2020-10-25T11:42:23+00:00\" \/>\n<meta property=\"og:image\" content=\"https:\/\/acefootball.com\/da\/wp-content\/uploads\/sites\/2\/2020\/10\/GettyImages-1228748975.jpg\" \/>\n\t<meta property=\"og:image:width\" content=\"1024\" \/>\n\t<meta property=\"og:image:height\" content=\"683\" \/>\n\t<meta property=\"og:image:type\" content=\"image\/jpeg\" \/>\n<meta name=\"twitter:card\" content=\"summary_large_image\" \/>\n<meta name=\"twitter:label1\" content=\"Written by\" \/>\n\t<meta name=\"twitter:data1\" content=\"Mads Dreyer\" \/>\n\t<meta name=\"twitter:label2\" content=\"Est. reading time\" \/>\n\t<meta name=\"twitter:data2\" content=\"1 minute\" \/>\n<script type=\"application\/ld+json\" class=\"yoast-schema-graph\">{\"@context\":\"https:\/\/schema.org\",\"@graph\":[{\"@type\":\"Organization\",\"@id\":\"https:\/\/acefootball.com\/da\/#organization\",\"name\":\"Ace Football\",\"url\":\"https:\/\/acefootball.com\/da\/\",\"sameAs\":[\"https:\/\/www.facebook.com\/acefootballdk\"],\"logo\":{\"@type\":\"ImageObject\",\"@id\":\"https:\/\/acefootball.com\/da\/#logo\",\"inLanguage\":\"en-US\",\"url\":\"https:\/\/acefootball.com\/da\/wp-content\/uploads\/sites\/2\/2020\/07\/Ace-Football-30-07-2020-2.png\",\"contentUrl\":\"https:\/\/acefootball.com\/da\/wp-content\/uploads\/sites\/2\/2020\/07\/Ace-Football-30-07-2020-2.png\",\"width\":1200,\"height\":600,\"caption\":\"Ace Football\"},\"image\":{\"@id\":\"https:\/\/acefootball.com\/da\/#logo\"}},{\"@type\":\"WebSite\",\"@id\":\"https:\/\/acefootball.com\/da\/#website\",\"url\":\"https:\/\/acefootball.com\/da\/\",\"name\":\"Ace Football Danmark\",\"description\":\"Nyheder, Spiltips &amp; Livescore\",\"publisher\":{\"@id\":\"https:\/\/acefootball.com\/da\/#organization\"},\"potentialAction\":[{\"@type\":\"SearchAction\",\"target\":{\"@type\":\"EntryPoint\",\"urlTemplate\":\"https:\/\/acefootball.com\/da\/?s={search_term_string}\"},\"query-input\":\"required name=search_term_string\"}],\"inLanguage\":\"en-US\"},{\"@type\":\"ImageObject\",\"@id\":\"https:\/\/acefootball.com\/da\/fodboldnyheder\/frederiksen-om-hedlund-fravalg-en-sportslig-vurdering\/#primaryimage\",\"inLanguage\":\"en-US\",\"url\":\"https:\/\/acefootball.com\/da\/wp-content\/uploads\/sites\/2\/2020\/10\/GettyImages-1228748975.jpg\",\"contentUrl\":\"https:\/\/acefootball.com\/da\/wp-content\/uploads\/sites\/2\/2020\/10\/GettyImages-1228748975.jpg\",\"width\":1024,\"height\":683,\"caption\":\"BRONDBY, DENMARK - SEPTEMBER 27: Simon Hedlund of Brondby IF in action during the Danish 3F Superliga match between Brondby IF and AC Horsens at Brondby Stadion on September 27, 2020 in Brondby, Denmark. (Photo by Lars Ronbog \/ FrontZoneSport via Getty Images)\"},{\"@type\":\"WebPage\",\"@id\":\"https:\/\/acefootball.com\/da\/fodboldnyheder\/frederiksen-om-hedlund-fravalg-en-sportslig-vurdering\/#webpage\",\"url\":\"https:\/\/acefootball.com\/da\/fodboldnyheder\/frederiksen-om-hedlund-fravalg-en-sportslig-vurdering\/\",\"name\":\"Frederiksen om Hedlund-fravalg: En sportslig vurdering\",\"isPartOf\":{\"@id\":\"https:\/\/acefootball.com\/da\/#website\"},\"primaryImageOfPage\":{\"@id\":\"https:\/\/acefootball.com\/da\/fodboldnyheder\/frederiksen-om-hedlund-fravalg-en-sportslig-vurdering\/#primaryimage\"},\"datePublished\":\"2020-10-25T11:41:03+00:00\",\"dateModified\":\"2020-10-25T11:42:23+00:00\",\"description\":\"Simon Hedlund var overraskende ikke med i Br\u00f8ndby-truppen til kampen mod FC Midtjylland, og det var af sportslige \u00e5rsager\",\"breadcrumb\":{\"@id\":\"https:\/\/acefootball.com\/da\/fodboldnyheder\/frederiksen-om-hedlund-fravalg-en-sportslig-vurdering\/#breadcrumb\"},\"inLanguage\":\"en-US\",\"potentialAction\":[{\"@type\":\"ReadAction\",\"target\":[\"https:\/\/acefootball.com\/da\/fodboldnyheder\/frederiksen-om-hedlund-fravalg-en-sportslig-vurdering\/\"]}]},{\"@type\":\"BreadcrumbList\",\"@id\":\"https:\/\/acefootball.com\/da\/fodboldnyheder\/frederiksen-om-hedlund-fravalg-en-sportslig-vurdering\/#breadcrumb\",\"itemListElement\":[{\"@type\":\"ListItem\",\"position\":1,\"name\":\"Home\",\"item\":\"https:\/\/acefootball.com\/da\/\"},{\"@type\":\"ListItem\",\"position\":2,\"name\":\"Frederiksen om Hedlund-fravalg: En sportslig vurdering\"}]},{\"@type\":\"Article\",\"@id\":\"https:\/\/acefootball.com\/da\/fodboldnyheder\/frederiksen-om-hedlund-fravalg-en-sportslig-vurdering\/#article\",\"isPartOf\":{\"@id\":\"https:\/\/acefootball.com\/da\/fodboldnyheder\/frederiksen-om-hedlund-fravalg-en-sportslig-vurdering\/#webpage\"},\"author\":{\"@id\":\"https:\/\/acefootball.com\/da\/#\/schema\/person\/ee67e9cf04a276f144100ffa722f10cd\"},\"headline\":\"Frederiksen om Hedlund-fravalg: En sportslig vurdering\",\"datePublished\":\"2020-10-25T11:41:03+00:00\",\"dateModified\":\"2020-10-25T11:42:23+00:00\",\"mainEntityOfPage\":{\"@id\":\"https:\/\/acefootball.com\/da\/fodboldnyheder\/frederiksen-om-hedlund-fravalg-en-sportslig-vurdering\/#webpage\"},\"wordCount\":181,\"commentCount\":0,\"publisher\":{\"@id\":\"https:\/\/acefootball.com\/da\/#organization\"},\"image\":{\"@id\":\"https:\/\/acefootball.com\/da\/fodboldnyheder\/frederiksen-om-hedlund-fravalg-en-sportslig-vurdering\/#primaryimage\"},\"thumbnailUrl\":\"https:\/\/acefootball.com\/da\/wp-content\/uploads\/sites\/2\/2020\/10\/GettyImages-1228748975.jpg\",\"keywords\":[\"Br\u00f8ndby IF\",\"Niels Frederiksen\",\"Simon Hedlund\",\"Superligaen\"],\"articleSection\":[\"Udtalelse\"],\"inLanguage\":\"en-US\",\"potentialAction\":[{\"@type\":\"CommentAction\",\"name\":\"Comment\",\"target\":[\"https:\/\/acefootball.com\/da\/fodboldnyheder\/frederiksen-om-hedlund-fravalg-en-sportslig-vurdering\/#respond\"]}]},{\"@type\":\"Person\",\"@id\":\"https:\/\/acefootball.com\/da\/#\/schema\/person\/ee67e9cf04a276f144100ffa722f10cd\",\"name\":\"Mads Dreyer\",\"image\":{\"@type\":\"ImageObject\",\"@id\":\"https:\/\/acefootball.com\/da\/#personlogo\",\"inLanguage\":\"en-US\",\"url\":\"https:\/\/secure.gravatar.com\/avatar\/7c7abf72cfde9902b6a60efe60c88d4c?s=96&d=mm&r=g\",\"contentUrl\":\"https:\/\/secure.gravatar.com\/avatar\/7c7abf72cfde9902b6a60efe60c88d4c?s=96&d=mm&r=g\",\"caption\":\"Mads Dreyer\"},\"description\":\"Skribent og fodboldn\u00f8rd, der lige nu fort\u00e6ller om alt og intet i fodboldverdenen p\u00e5 acefootball.com. Uddannet i kommunikation fra Aalborg Universitet.\",\"sameAs\":[\"https:\/\/www.linkedin.com\/in\/mads-dreyer-b9b08266\/\"],\"url\":\"https:\/\/acefootball.com\/da\/fodboldnyheder\/author\/mdnronaldo\/\"}]}<\/script>\n<!-- \/ Yoast SEO plugin. -->","yoast_head_json":{"title":"Frederiksen om Hedlund-fravalg: En sportslig vurdering","description":"Simon Hedlund var overraskende ikke med i Br\u00f8ndby-truppen til kampen mod FC Midtjylland, og det var af sportslige \u00e5rsager","robots":{"index":"index","follow":"follow","max-snippet":"max-snippet:-1","max-image-preview":"max-image-preview:large","max-video-preview":"max-video-preview:-1"},"canonical":"https:\/\/acefootball.com\/da\/fodboldnyheder\/frederiksen-om-hedlund-fravalg-en-sportslig-vurdering\/","og_locale":"en_US","og_type":"article","og_title":"Frederiksen om Hedlund-fravalg: En sportslig vurdering","og_description":"Simon Hedlund var overraskende ikke med i Br\u00f8ndby-truppen til kampen mod FC Midtjylland, og det var af sportslige \u00e5rsager","og_url":"https:\/\/acefootball.com\/da\/fodboldnyheder\/frederiksen-om-hedlund-fravalg-en-sportslig-vurdering\/","og_site_name":"Ace Football Danmark","article_publisher":"https:\/\/www.facebook.com\/acefootballdk","article_published_time":"2020-10-25T11:41:03+00:00","article_modified_time":"2020-10-25T11:42:23+00:00","og_image":[{"width":1024,"height":683,"url":"https:\/\/acefootball.com\/da\/wp-content\/uploads\/sites\/2\/2020\/10\/GettyImages-1228748975.jpg","type":"image\/jpeg"}],"twitter_card":"summary_large_image","twitter_misc":{"Written by":"Mads Dreyer","Est. reading time":"1 minute"},"schema":{"@context":"https:\/\/schema.org","@graph":[{"@type":"Organization","@id":"https:\/\/acefootball.com\/da\/#organization","name":"Ace Football","url":"https:\/\/acefootball.com\/da\/","sameAs":["https:\/\/www.facebook.com\/acefootballdk"],"logo":{"@type":"ImageObject","@id":"https:\/\/acefootball.com\/da\/#logo","inLanguage":"en-US","url":"https:\/\/acefootball.com\/da\/wp-content\/uploads\/sites\/2\/2020\/07\/Ace-Football-30-07-2020-2.png","contentUrl":"https:\/\/acefootball.com\/da\/wp-content\/uploads\/sites\/2\/2020\/07\/Ace-Football-30-07-2020-2.png","width":1200,"height":600,"caption":"Ace Football"},"image":{"@id":"https:\/\/acefootball.com\/da\/#logo"}},{"@type":"WebSite","@id":"https:\/\/acefootball.com\/da\/#website","url":"https:\/\/acefootball.com\/da\/","name":"Ace Football Danmark","description":"Nyheder, Spiltips &amp; Livescore","publisher":{"@id":"https:\/\/acefootball.com\/da\/#organization"},"potentialAction":[{"@type":"SearchAction","target":{"@type":"EntryPoint","urlTemplate":"https:\/\/acefootball.com\/da\/?s={search_term_string}"},"query-input":"required name=search_term_string"}],"inLanguage":"en-US"},{"@type":"ImageObject","@id":"https:\/\/acefootball.com\/da\/fodboldnyheder\/frederiksen-om-hedlund-fravalg-en-sportslig-vurdering\/#primaryimage","inLanguage":"en-US","url":"https:\/\/acefootball.com\/da\/wp-content\/uploads\/sites\/2\/2020\/10\/GettyImages-1228748975.jpg","contentUrl":"https:\/\/acefootball.com\/da\/wp-content\/uploads\/sites\/2\/2020\/10\/GettyImages-1228748975.jpg","width":1024,"height":683,"caption":"BRONDBY, DENMARK - SEPTEMBER 27: Simon Hedlund of Brondby IF in action during the Danish 3F Superliga match between Brondby IF and AC Horsens at Brondby Stadion on September 27, 2020 in Brondby, Denmark. (Photo by Lars Ronbog \/ FrontZoneSport via Getty Images)"},{"@type":"WebPage","@id":"https:\/\/acefootball.com\/da\/fodboldnyheder\/frederiksen-om-hedlund-fravalg-en-sportslig-vurdering\/#webpage","url":"https:\/\/acefootball.com\/da\/fodboldnyheder\/frederiksen-om-hedlund-fravalg-en-sportslig-vurdering\/","name":"Frederiksen om Hedlund-fravalg: En sportslig vurdering","isPartOf":{"@id":"https:\/\/acefootball.com\/da\/#website"},"primaryImageOfPage":{"@id":"https:\/\/acefootball.com\/da\/fodboldnyheder\/frederiksen-om-hedlund-fravalg-en-sportslig-vurdering\/#primaryimage"},"datePublished":"2020-10-25T11:41:03+00:00","dateModified":"2020-10-25T11:42:23+00:00","description":"Simon Hedlund var overraskende ikke med i Br\u00f8ndby-truppen til kampen mod FC Midtjylland, og det var af sportslige \u00e5rsager","breadcrumb":{"@id":"https:\/\/acefootball.com\/da\/fodboldnyheder\/frederiksen-om-hedlund-fravalg-en-sportslig-vurdering\/#breadcrumb"},"inLanguage":"en-US","potentialAction":[{"@type":"ReadAction","target":["https:\/\/acefootball.com\/da\/fodboldnyheder\/frederiksen-om-hedlund-fravalg-en-sportslig-vurdering\/"]}]},{"@type":"BreadcrumbList","@id":"https:\/\/acefootball.com\/da\/fodboldnyheder\/frederiksen-om-hedlund-fravalg-en-sportslig-vurdering\/#breadcrumb","itemListElement":[{"@type":"ListItem","position":1,"name":"Home","item":"https:\/\/acefootball.com\/da\/"},{"@type":"ListItem","position":2,"name":"Frederiksen om Hedlund-fravalg: En sportslig vurdering"}]},{"@type":"Article","@id":"https:\/\/acefootball.com\/da\/fodboldnyheder\/frederiksen-om-hedlund-fravalg-en-sportslig-vurdering\/#article","isPartOf":{"@id":"https:\/\/acefootball.com\/da\/fodboldnyheder\/frederiksen-om-hedlund-fravalg-en-sportslig-vurdering\/#webpage"},"author":{"@id":"https:\/\/acefootball.com\/da\/#\/schema\/person\/ee67e9cf04a276f144100ffa722f10cd"},"headline":"Frederiksen om Hedlund-fravalg: En sportslig vurdering","datePublished":"2020-10-25T11:41:03+00:00","dateModified":"2020-10-25T11:42:23+00:00","mainEntityOfPage":{"@id":"https:\/\/acefootball.com\/da\/fodboldnyheder\/frederiksen-om-hedlund-fravalg-en-sportslig-vurdering\/#webpage"},"wordCount":181,"commentCount":0,"publisher":{"@id":"https:\/\/acefootball.com\/da\/#organization"},"image":{"@id":"https:\/\/acefootball.com\/da\/fodboldnyheder\/frederiksen-om-hedlund-fravalg-en-sportslig-vurdering\/#primaryimage"},"thumbnailUrl":"https:\/\/acefootball.com\/da\/wp-content\/uploads\/sites\/2\/2020\/10\/GettyImages-1228748975.jpg","keywords":["Br\u00f8ndby IF","Niels Frederiksen","Simon Hedlund","Superligaen"],"articleSection":["Udtalelse"],"inLanguage":"en-US","potentialAction":[{"@type":"CommentAction","name":"Comment","target":["https:\/\/acefootball.com\/da\/fodboldnyheder\/frederiksen-om-hedlund-fravalg-en-sportslig-vurdering\/#respond"]}]},{"@type":"Person","@id":"https:\/\/acefootball.com\/da\/#\/schema\/person\/ee67e9cf04a276f144100ffa722f10cd","name":"Mads Dreyer","image":{"@type":"ImageObject","@id":"https:\/\/acefootball.com\/da\/#personlogo","inLanguage":"en-US","url":"https:\/\/secure.gravatar.com\/avatar\/7c7abf72cfde9902b6a60efe60c88d4c?s=96&d=mm&r=g","contentUrl":"https:\/\/secure.gravatar.com\/avatar\/7c7abf72cfde9902b6a60efe60c88d4c?s=96&d=mm&r=g","caption":"Mads Dreyer"},"description":"Skribent og fodboldn\u00f8rd, der lige nu fort\u00e6ller om alt og intet i fodboldverdenen p\u00e5 acefootball.com. Uddannet i kommunikation fra Aalborg Universitet.","sameAs":["https:\/\/www.linkedin.com\/in\/mads-dreyer-b9b08266\/"],"url":"https:\/\/acefootball.com\/da\/fodboldnyheder\/author\/mdnronaldo\/"}]}},"fimg_url":"https:\/\/acefootball.com\/da\/wp-content\/uploads\/sites\/2\/2020\/10\/GettyImages-1228748975.jpg","_links":{"self":[{"href":"https:\/\/acefootball.com\/da\/wp-json\/wp\/v2\/posts\/241283"}],"collection":[{"href":"https:\/\/acefootball.com\/da\/wp-json\/wp\/v2\/posts"}],"about":[{"href":"https:\/\/acefootball.com\/da\/wp-json\/wp\/v2\/types\/post"}],"author":[{"embeddable":true,"href":"https:\/\/acefootball.com\/da\/wp-json\/wp\/v2\/users\/705"}],"replies":[{"embeddable":true,"href":"https:\/\/acefootball.com\/da\/wp-json\/wp\/v2\/comments?post=241283"}],"version-history":[{"count":0,"href":"https:\/\/acefootball.com\/da\/wp-json\/wp\/v2\/posts\/241283\/revisions"}],"wp:featuredmedia":[{"embeddable":true,"href":"https:\/\/acefootball.com\/da\/wp-json\/wp\/v2\/media\/239666"}],"wp:attachment":[{"href":"https:\/\/acefootball.com\/da\/wp-json\/wp\/v2\/media?parent=241283"}],"wp:term":[{"taxonomy":"category","embeddable":true,"href":"https:\/\/acefootball.com\/da\/wp-json\/wp\/v2\/categories?post=241283"},{"taxonomy":"post_tag","embeddable":true,"href":"https:\/\/acefootball.com\/da\/wp-json\/wp\/v2\/tags?post=241283"}],"curies":[{"name":"wp","href":"https:\/\/api.w.org\/{rel}","templated":true}]}}