{"id":241270,"date":"2020-10-24T17:57:25","date_gmt":"2020-10-24T15:57:25","guid":{"rendered":"https:\/\/acefootball.com\/da\/?p=241270"},"modified":"2020-10-24T18:00:36","modified_gmt":"2020-10-24T16:00:36","slug":"real-madrid-vandt-el-clasico-efter-vild-start","status":"publish","type":"post","link":"https:\/\/acefootball.com\/da\/fodboldnyheder\/real-madrid-vandt-el-clasico-efter-vild-start\/","title":{"rendered":"Real Madrid vandt El Cl\u00e1sico efter vild start"},"content":{"rendered":"\n<h2 id=\"h-real-madrid-vandt-fuldt-fortjent-s-sonens-f-rste-el-cl-sico-efter-en-3-1-sejr-over-fc-barcelona-p-camp-nou\">Real Madrid vandt fuldt fortjent s\u00e6sonens f\u00f8rste El Cl\u00e1sico efter en 3-1-sejr over FC Barcelona p\u00e5 Camp Nou<\/h2>\n\n\n\n<div class=\"wp-block-si-widget wp-block-si-widget--center\"><si-lb-widget widget-id=\"MatchInfoWithOddsV2\" data-nopadding=\"true\" data-across-all-tournaments=\"false\" data-limit=\"5\" width=\"440\" data-event-id=\"3424099\" data-card=\"true\" data-theme-appearance=\"dark\"><\/si-lb-widget><\/div>\n\n\n\n<p>Der var gang i den fra start i dagens brag mellem FC Barcelona og Real Madrid, som begge havde scoret, inden der var spillet ni minutter.<\/p>\n\n\n\n<p>F\u00f8rst blev Federico Valverde spillet fri i gennem med Barcelona-m\u00e5lmand Neto, og her t\u00f8vede uruguayaneren ikke med at sende bolden op i det fjerne hj\u00f8rne.<\/p>\n\n\n\n<p>Men kun f\u00e5 minutter efter udlignede f\u00e6nomenet Ansu Fati, da han fandt plads t\u00e6t under m\u00e5let og let kunne l\u00e6gge kuglen i kassen.<\/p>\n\n\n\n<div class=\"wp-block-si-widget wp-block-si-widget--center\"><si-lb-widget widget-id=\"LivePostMatchStats\" data-header=\"true\" width=\"440\" data-event-id=\"3424099\" data-card=\"true\" data-theme-appearance=\"dark\"><\/si-lb-widget><\/div>\n\n\n\n<p>Afg\u00f8relsen kom dog f\u00f8rst et kvarter inde i anden halvleg, og som s\u00e5 mange gange f\u00f8r kunne anf\u00f8rer Sergio Ramos sende Real Madrid p\u00e5 sejrskurs fra straffesparkspletten.<\/p>\n\n\n\n<p>I kampens slutning var det da ogs\u00e5 n\u00e6sten et mirakel, hvis ikke g\u00e6sterne fik lukket kampen med endnu en scoring. Barcelona satsede i jagten p\u00e5 en udligning, og s\u00e5 kunne Luka Modric lukke ballet til 3-1.<\/p>\n\n\n\n<p>Resultatet sender Real Madrid op p\u00e5 en aktuel f\u00f8rsteplads i La Liga, mens man l\u00e6gger afstand ned til Barcelona p\u00e5 seks point. Catalanerne har dog en kamp til gode.<\/p>\n","protected":false},"excerpt":{"rendered":"<p>Real Madrid vandt fuldt fortjent s\u00e6sonens f\u00f8rste El Cl\u00e1sico efter en 3-1-sejr over FC Barcelona p\u00e5 Camp Nou<\/p>\n","protected":false},"author":705,"featured_media":241271,"comment_status":"open","ping_status":"closed","sticky":false,"template":"","format":"standard","meta":{"om_disable_all_campaigns":false,"push_articles_ronaldo":{"active":false,"canonical":0,"publish":false},"force_updates":null},"categories":[8062],"tags":[41,303,85],"enet_tags":{"team":["8634","8633"],"league":["87"],"sport_events":[3424099]},"yoast_head":"<!-- This site is optimized with the Yoast SEO plugin v18.3 - https:\/\/yoast.com\/wordpress\/plugins\/seo\/ -->\n<title>Real Madrid vandt El Cl\u00e1sico efter vild start<\/title>\n<meta name=\"description\" content=\"Real Madrid vandt fuldt fortjent s\u00e6sonens f\u00f8rste El Cl\u00e1sico efter en 3-1-sejr over FC Barcelona p\u00e5 Camp Nou\" \/>\n<meta name=\"robots\" content=\"index, follow, max-snippet:-1, max-image-preview:large, max-video-preview:-1\" \/>\n<link rel=\"canonical\" href=\"https:\/\/acefootball.com\/da\/fodboldnyheder\/real-madrid-vandt-el-clasico-efter-vild-start\/\" \/>\n<meta property=\"og:locale\" content=\"en_US\" \/>\n<meta property=\"og:type\" content=\"article\" \/>\n<meta property=\"og:title\" content=\"Real Madrid vandt El Cl\u00e1sico efter vild start\" \/>\n<meta property=\"og:description\" content=\"Real Madrid vandt fuldt fortjent s\u00e6sonens f\u00f8rste El Cl\u00e1sico efter en 3-1-sejr over FC Barcelona p\u00e5 Camp Nou\" \/>\n<meta property=\"og:url\" content=\"https:\/\/acefootball.com\/da\/fodboldnyheder\/real-madrid-vandt-el-clasico-efter-vild-start\/\" \/>\n<meta property=\"og:site_name\" content=\"Ace Football Danmark\" \/>\n<meta property=\"article:publisher\" content=\"https:\/\/www.facebook.com\/acefootballdk\" \/>\n<meta property=\"article:published_time\" content=\"2020-10-24T15:57:25+00:00\" \/>\n<meta property=\"article:modified_time\" content=\"2020-10-24T16:00:36+00:00\" \/>\n<meta property=\"og:image\" content=\"https:\/\/acefootball.com\/da\/wp-content\/uploads\/sites\/2\/2020\/10\/GettyImages-1281999420.jpg\" \/>\n\t<meta property=\"og:image:width\" content=\"1024\" \/>\n\t<meta property=\"og:image:height\" content=\"642\" \/>\n\t<meta property=\"og:image:type\" content=\"image\/jpeg\" \/>\n<meta name=\"twitter:card\" content=\"summary_large_image\" \/>\n<meta name=\"twitter:label1\" content=\"Written by\" \/>\n\t<meta name=\"twitter:data1\" content=\"Mads Dreyer\" \/>\n\t<meta name=\"twitter:label2\" content=\"Est. reading time\" \/>\n\t<meta name=\"twitter:data2\" content=\"1 minute\" \/>\n<script type=\"application\/ld+json\" class=\"yoast-schema-graph\">{\"@context\":\"https:\/\/schema.org\",\"@graph\":[{\"@type\":\"Organization\",\"@id\":\"https:\/\/acefootball.com\/da\/#organization\",\"name\":\"Ace Football\",\"url\":\"https:\/\/acefootball.com\/da\/\",\"sameAs\":[\"https:\/\/www.facebook.com\/acefootballdk\"],\"logo\":{\"@type\":\"ImageObject\",\"@id\":\"https:\/\/acefootball.com\/da\/#logo\",\"inLanguage\":\"en-US\",\"url\":\"https:\/\/acefootball.com\/da\/wp-content\/uploads\/sites\/2\/2020\/07\/Ace-Football-30-07-2020-2.png\",\"contentUrl\":\"https:\/\/acefootball.com\/da\/wp-content\/uploads\/sites\/2\/2020\/07\/Ace-Football-30-07-2020-2.png\",\"width\":1200,\"height\":600,\"caption\":\"Ace Football\"},\"image\":{\"@id\":\"https:\/\/acefootball.com\/da\/#logo\"}},{\"@type\":\"WebSite\",\"@id\":\"https:\/\/acefootball.com\/da\/#website\",\"url\":\"https:\/\/acefootball.com\/da\/\",\"name\":\"Ace Football Danmark\",\"description\":\"Nyheder, Spiltips &amp; Livescore\",\"publisher\":{\"@id\":\"https:\/\/acefootball.com\/da\/#organization\"},\"potentialAction\":[{\"@type\":\"SearchAction\",\"target\":{\"@type\":\"EntryPoint\",\"urlTemplate\":\"https:\/\/acefootball.com\/da\/?s={search_term_string}\"},\"query-input\":\"required name=search_term_string\"}],\"inLanguage\":\"en-US\"},{\"@type\":\"ImageObject\",\"@id\":\"https:\/\/acefootball.com\/da\/fodboldnyheder\/real-madrid-vandt-el-clasico-efter-vild-start\/#primaryimage\",\"inLanguage\":\"en-US\",\"url\":\"https:\/\/acefootball.com\/da\/wp-content\/uploads\/sites\/2\/2020\/10\/GettyImages-1281999420.jpg\",\"contentUrl\":\"https:\/\/acefootball.com\/da\/wp-content\/uploads\/sites\/2\/2020\/10\/GettyImages-1281999420.jpg\",\"width\":1024,\"height\":642,\"caption\":\"BARCELONA, SPAIN - OCTOBER 24: Luka Modric of Real Madrid celebrates after scoring his team's third goal during the La Liga Santander match between FC Barcelona and Real Madrid at Camp Nou on October 24, 2020 in Barcelona, Spain. Sporting stadiums around Spain remain under strict restrictions due to the Coronavirus Pandemic as Government social distancing laws prohibit fans inside venues resulting in games being played behind closed doors. (Photo by Alex Caparros\/Getty Images)\"},{\"@type\":\"WebPage\",\"@id\":\"https:\/\/acefootball.com\/da\/fodboldnyheder\/real-madrid-vandt-el-clasico-efter-vild-start\/#webpage\",\"url\":\"https:\/\/acefootball.com\/da\/fodboldnyheder\/real-madrid-vandt-el-clasico-efter-vild-start\/\",\"name\":\"Real Madrid vandt El Cl\u00e1sico efter vild start\",\"isPartOf\":{\"@id\":\"https:\/\/acefootball.com\/da\/#website\"},\"primaryImageOfPage\":{\"@id\":\"https:\/\/acefootball.com\/da\/fodboldnyheder\/real-madrid-vandt-el-clasico-efter-vild-start\/#primaryimage\"},\"datePublished\":\"2020-10-24T15:57:25+00:00\",\"dateModified\":\"2020-10-24T16:00:36+00:00\",\"description\":\"Real Madrid vandt fuldt fortjent s\u00e6sonens f\u00f8rste El Cl\u00e1sico efter en 3-1-sejr over FC Barcelona p\u00e5 Camp Nou\",\"breadcrumb\":{\"@id\":\"https:\/\/acefootball.com\/da\/fodboldnyheder\/real-madrid-vandt-el-clasico-efter-vild-start\/#breadcrumb\"},\"inLanguage\":\"en-US\",\"potentialAction\":[{\"@type\":\"ReadAction\",\"target\":[\"https:\/\/acefootball.com\/da\/fodboldnyheder\/real-madrid-vandt-el-clasico-efter-vild-start\/\"]}]},{\"@type\":\"BreadcrumbList\",\"@id\":\"https:\/\/acefootball.com\/da\/fodboldnyheder\/real-madrid-vandt-el-clasico-efter-vild-start\/#breadcrumb\",\"itemListElement\":[{\"@type\":\"ListItem\",\"position\":1,\"name\":\"Home\",\"item\":\"https:\/\/acefootball.com\/da\/\"},{\"@type\":\"ListItem\",\"position\":2,\"name\":\"Real Madrid vandt El Cl\u00e1sico efter vild start\"}]},{\"@type\":\"Article\",\"@id\":\"https:\/\/acefootball.com\/da\/fodboldnyheder\/real-madrid-vandt-el-clasico-efter-vild-start\/#article\",\"isPartOf\":{\"@id\":\"https:\/\/acefootball.com\/da\/fodboldnyheder\/real-madrid-vandt-el-clasico-efter-vild-start\/#webpage\"},\"author\":{\"@id\":\"https:\/\/acefootball.com\/da\/#\/schema\/person\/ee67e9cf04a276f144100ffa722f10cd\"},\"headline\":\"Real Madrid vandt El Cl\u00e1sico efter vild start\",\"datePublished\":\"2020-10-24T15:57:25+00:00\",\"dateModified\":\"2020-10-24T16:00:36+00:00\",\"mainEntityOfPage\":{\"@id\":\"https:\/\/acefootball.com\/da\/fodboldnyheder\/real-madrid-vandt-el-clasico-efter-vild-start\/#webpage\"},\"wordCount\":213,\"commentCount\":0,\"publisher\":{\"@id\":\"https:\/\/acefootball.com\/da\/#organization\"},\"image\":{\"@id\":\"https:\/\/acefootball.com\/da\/fodboldnyheder\/real-madrid-vandt-el-clasico-efter-vild-start\/#primaryimage\"},\"thumbnailUrl\":\"https:\/\/acefootball.com\/da\/wp-content\/uploads\/sites\/2\/2020\/10\/GettyImages-1281999420.jpg\",\"keywords\":[\"FC Barcelona\",\"La Liga\",\"Real Madrid\"],\"articleSection\":[\"Kamp\"],\"inLanguage\":\"en-US\",\"potentialAction\":[{\"@type\":\"CommentAction\",\"name\":\"Comment\",\"target\":[\"https:\/\/acefootball.com\/da\/fodboldnyheder\/real-madrid-vandt-el-clasico-efter-vild-start\/#respond\"]}]},{\"@type\":\"Person\",\"@id\":\"https:\/\/acefootball.com\/da\/#\/schema\/person\/ee67e9cf04a276f144100ffa722f10cd\",\"name\":\"Mads Dreyer\",\"image\":{\"@type\":\"ImageObject\",\"@id\":\"https:\/\/acefootball.com\/da\/#personlogo\",\"inLanguage\":\"en-US\",\"url\":\"https:\/\/secure.gravatar.com\/avatar\/7c7abf72cfde9902b6a60efe60c88d4c?s=96&d=mm&r=g\",\"contentUrl\":\"https:\/\/secure.gravatar.com\/avatar\/7c7abf72cfde9902b6a60efe60c88d4c?s=96&d=mm&r=g\",\"caption\":\"Mads Dreyer\"},\"description\":\"Skribent og fodboldn\u00f8rd, der lige nu fort\u00e6ller om alt og intet i fodboldverdenen p\u00e5 acefootball.com. Uddannet i kommunikation fra Aalborg Universitet.\",\"sameAs\":[\"https:\/\/www.linkedin.com\/in\/mads-dreyer-b9b08266\/\"],\"url\":\"https:\/\/acefootball.com\/da\/fodboldnyheder\/author\/mdnronaldo\/\"}]}<\/script>\n<!-- \/ Yoast SEO plugin. -->","yoast_head_json":{"title":"Real Madrid vandt El Cl\u00e1sico efter vild start","description":"Real Madrid vandt fuldt fortjent s\u00e6sonens f\u00f8rste El Cl\u00e1sico efter en 3-1-sejr over FC Barcelona p\u00e5 Camp Nou","robots":{"index":"index","follow":"follow","max-snippet":"max-snippet:-1","max-image-preview":"max-image-preview:large","max-video-preview":"max-video-preview:-1"},"canonical":"https:\/\/acefootball.com\/da\/fodboldnyheder\/real-madrid-vandt-el-clasico-efter-vild-start\/","og_locale":"en_US","og_type":"article","og_title":"Real Madrid vandt El Cl\u00e1sico efter vild start","og_description":"Real Madrid vandt fuldt fortjent s\u00e6sonens f\u00f8rste El Cl\u00e1sico efter en 3-1-sejr over FC Barcelona p\u00e5 Camp Nou","og_url":"https:\/\/acefootball.com\/da\/fodboldnyheder\/real-madrid-vandt-el-clasico-efter-vild-start\/","og_site_name":"Ace Football Danmark","article_publisher":"https:\/\/www.facebook.com\/acefootballdk","article_published_time":"2020-10-24T15:57:25+00:00","article_modified_time":"2020-10-24T16:00:36+00:00","og_image":[{"width":1024,"height":642,"url":"https:\/\/acefootball.com\/da\/wp-content\/uploads\/sites\/2\/2020\/10\/GettyImages-1281999420.jpg","type":"image\/jpeg"}],"twitter_card":"summary_large_image","twitter_misc":{"Written by":"Mads Dreyer","Est. reading time":"1 minute"},"schema":{"@context":"https:\/\/schema.org","@graph":[{"@type":"Organization","@id":"https:\/\/acefootball.com\/da\/#organization","name":"Ace Football","url":"https:\/\/acefootball.com\/da\/","sameAs":["https:\/\/www.facebook.com\/acefootballdk"],"logo":{"@type":"ImageObject","@id":"https:\/\/acefootball.com\/da\/#logo","inLanguage":"en-US","url":"https:\/\/acefootball.com\/da\/wp-content\/uploads\/sites\/2\/2020\/07\/Ace-Football-30-07-2020-2.png","contentUrl":"https:\/\/acefootball.com\/da\/wp-content\/uploads\/sites\/2\/2020\/07\/Ace-Football-30-07-2020-2.png","width":1200,"height":600,"caption":"Ace Football"},"image":{"@id":"https:\/\/acefootball.com\/da\/#logo"}},{"@type":"WebSite","@id":"https:\/\/acefootball.com\/da\/#website","url":"https:\/\/acefootball.com\/da\/","name":"Ace Football Danmark","description":"Nyheder, Spiltips &amp; Livescore","publisher":{"@id":"https:\/\/acefootball.com\/da\/#organization"},"potentialAction":[{"@type":"SearchAction","target":{"@type":"EntryPoint","urlTemplate":"https:\/\/acefootball.com\/da\/?s={search_term_string}"},"query-input":"required name=search_term_string"}],"inLanguage":"en-US"},{"@type":"ImageObject","@id":"https:\/\/acefootball.com\/da\/fodboldnyheder\/real-madrid-vandt-el-clasico-efter-vild-start\/#primaryimage","inLanguage":"en-US","url":"https:\/\/acefootball.com\/da\/wp-content\/uploads\/sites\/2\/2020\/10\/GettyImages-1281999420.jpg","contentUrl":"https:\/\/acefootball.com\/da\/wp-content\/uploads\/sites\/2\/2020\/10\/GettyImages-1281999420.jpg","width":1024,"height":642,"caption":"BARCELONA, SPAIN - OCTOBER 24: Luka Modric of Real Madrid celebrates after scoring his team's third goal during the La Liga Santander match between FC Barcelona and Real Madrid at Camp Nou on October 24, 2020 in Barcelona, Spain. Sporting stadiums around Spain remain under strict restrictions due to the Coronavirus Pandemic as Government social distancing laws prohibit fans inside venues resulting in games being played behind closed doors. (Photo by Alex Caparros\/Getty Images)"},{"@type":"WebPage","@id":"https:\/\/acefootball.com\/da\/fodboldnyheder\/real-madrid-vandt-el-clasico-efter-vild-start\/#webpage","url":"https:\/\/acefootball.com\/da\/fodboldnyheder\/real-madrid-vandt-el-clasico-efter-vild-start\/","name":"Real Madrid vandt El Cl\u00e1sico efter vild start","isPartOf":{"@id":"https:\/\/acefootball.com\/da\/#website"},"primaryImageOfPage":{"@id":"https:\/\/acefootball.com\/da\/fodboldnyheder\/real-madrid-vandt-el-clasico-efter-vild-start\/#primaryimage"},"datePublished":"2020-10-24T15:57:25+00:00","dateModified":"2020-10-24T16:00:36+00:00","description":"Real Madrid vandt fuldt fortjent s\u00e6sonens f\u00f8rste El Cl\u00e1sico efter en 3-1-sejr over FC Barcelona p\u00e5 Camp Nou","breadcrumb":{"@id":"https:\/\/acefootball.com\/da\/fodboldnyheder\/real-madrid-vandt-el-clasico-efter-vild-start\/#breadcrumb"},"inLanguage":"en-US","potentialAction":[{"@type":"ReadAction","target":["https:\/\/acefootball.com\/da\/fodboldnyheder\/real-madrid-vandt-el-clasico-efter-vild-start\/"]}]},{"@type":"BreadcrumbList","@id":"https:\/\/acefootball.com\/da\/fodboldnyheder\/real-madrid-vandt-el-clasico-efter-vild-start\/#breadcrumb","itemListElement":[{"@type":"ListItem","position":1,"name":"Home","item":"https:\/\/acefootball.com\/da\/"},{"@type":"ListItem","position":2,"name":"Real Madrid vandt El Cl\u00e1sico efter vild start"}]},{"@type":"Article","@id":"https:\/\/acefootball.com\/da\/fodboldnyheder\/real-madrid-vandt-el-clasico-efter-vild-start\/#article","isPartOf":{"@id":"https:\/\/acefootball.com\/da\/fodboldnyheder\/real-madrid-vandt-el-clasico-efter-vild-start\/#webpage"},"author":{"@id":"https:\/\/acefootball.com\/da\/#\/schema\/person\/ee67e9cf04a276f144100ffa722f10cd"},"headline":"Real Madrid vandt El Cl\u00e1sico efter vild start","datePublished":"2020-10-24T15:57:25+00:00","dateModified":"2020-10-24T16:00:36+00:00","mainEntityOfPage":{"@id":"https:\/\/acefootball.com\/da\/fodboldnyheder\/real-madrid-vandt-el-clasico-efter-vild-start\/#webpage"},"wordCount":213,"commentCount":0,"publisher":{"@id":"https:\/\/acefootball.com\/da\/#organization"},"image":{"@id":"https:\/\/acefootball.com\/da\/fodboldnyheder\/real-madrid-vandt-el-clasico-efter-vild-start\/#primaryimage"},"thumbnailUrl":"https:\/\/acefootball.com\/da\/wp-content\/uploads\/sites\/2\/2020\/10\/GettyImages-1281999420.jpg","keywords":["FC Barcelona","La Liga","Real Madrid"],"articleSection":["Kamp"],"inLanguage":"en-US","potentialAction":[{"@type":"CommentAction","name":"Comment","target":["https:\/\/acefootball.com\/da\/fodboldnyheder\/real-madrid-vandt-el-clasico-efter-vild-start\/#respond"]}]},{"@type":"Person","@id":"https:\/\/acefootball.com\/da\/#\/schema\/person\/ee67e9cf04a276f144100ffa722f10cd","name":"Mads Dreyer","image":{"@type":"ImageObject","@id":"https:\/\/acefootball.com\/da\/#personlogo","inLanguage":"en-US","url":"https:\/\/secure.gravatar.com\/avatar\/7c7abf72cfde9902b6a60efe60c88d4c?s=96&d=mm&r=g","contentUrl":"https:\/\/secure.gravatar.com\/avatar\/7c7abf72cfde9902b6a60efe60c88d4c?s=96&d=mm&r=g","caption":"Mads Dreyer"},"description":"Skribent og fodboldn\u00f8rd, der lige nu fort\u00e6ller om alt og intet i fodboldverdenen p\u00e5 acefootball.com. Uddannet i kommunikation fra Aalborg Universitet.","sameAs":["https:\/\/www.linkedin.com\/in\/mads-dreyer-b9b08266\/"],"url":"https:\/\/acefootball.com\/da\/fodboldnyheder\/author\/mdnronaldo\/"}]}},"fimg_url":"https:\/\/acefootball.com\/da\/wp-content\/uploads\/sites\/2\/2020\/10\/GettyImages-1281999420.jpg","_links":{"self":[{"href":"https:\/\/acefootball.com\/da\/wp-json\/wp\/v2\/posts\/241270"}],"collection":[{"href":"https:\/\/acefootball.com\/da\/wp-json\/wp\/v2\/posts"}],"about":[{"href":"https:\/\/acefootball.com\/da\/wp-json\/wp\/v2\/types\/post"}],"author":[{"embeddable":true,"href":"https:\/\/acefootball.com\/da\/wp-json\/wp\/v2\/users\/705"}],"replies":[{"embeddable":true,"href":"https:\/\/acefootball.com\/da\/wp-json\/wp\/v2\/comments?post=241270"}],"version-history":[{"count":0,"href":"https:\/\/acefootball.com\/da\/wp-json\/wp\/v2\/posts\/241270\/revisions"}],"wp:featuredmedia":[{"embeddable":true,"href":"https:\/\/acefootball.com\/da\/wp-json\/wp\/v2\/media\/241271"}],"wp:attachment":[{"href":"https:\/\/acefootball.com\/da\/wp-json\/wp\/v2\/media?parent=241270"}],"wp:term":[{"taxonomy":"category","embeddable":true,"href":"https:\/\/acefootball.com\/da\/wp-json\/wp\/v2\/categories?post=241270"},{"taxonomy":"post_tag","embeddable":true,"href":"https:\/\/acefootball.com\/da\/wp-json\/wp\/v2\/tags?post=241270"}],"curies":[{"name":"wp","href":"https:\/\/api.w.org\/{rel}","templated":true}]}}