{"id":241267,"date":"2020-10-24T17:26:28","date_gmt":"2020-10-24T15:26:28","guid":{"rendered":"https:\/\/acefootball.com\/da\/?p=241267"},"modified":"2020-10-24T17:27:58","modified_gmt":"2020-10-24T15:27:58","slug":"guardiola-bekraefter-aguero-ramt-af-ny-skade","status":"publish","type":"post","link":"https:\/\/acefootball.com\/da\/fodboldnyheder\/guardiola-bekraefter-aguero-ramt-af-ny-skade\/","title":{"rendered":"Guardiola bekr\u00e6fter: Ag\u00fcero ramt af ny skade"},"content":{"rendered":"\n<h2 id=\"h-sergio-ag-ero-er-lige-kommet-tilbage-efter-en-kn-skade-men-nu-er-manchester-city-stjernen-igen-tvunget-til-pause\">Sergio Ag\u00fcero er lige kommet tilbage efter en kn\u00e6skade, men nu er Manchester City-stjernen igen tvunget til pause<\/h2>\n\n\n\n<div class=\"wp-block-si-widget wp-block-si-widget--center\"><si-lb-widget widget-id=\"MatchInfoWithOddsV2\" data-nopadding=\"true\" data-across-all-tournaments=\"false\" data-limit=\"5\" width=\"440\" data-event-id=\"3411407\" data-card=\"true\" data-theme-appearance=\"dark\"><\/si-lb-widget><\/div>\n\n\n\n<p>Sergio Ag\u00fcero fik i sidste weekend sin f\u00f8rste kamp i denne s\u00e6son efter omsider at v\u00e6re kommet sig over en kn\u00e6skade, der strakte sig helt tilbage i sidste s\u00e6son.<\/p>\n\n\n\n<p>Men i dagens kamp mod West Ham gik det igen galt for Manchester City-spidsen, som blev pillet ud i pausen.<\/p>\n\n\n\n<p>Cheftr\u00e6ner Pep Guardiola har efter kampen nemlig bekr\u00e6ftet, at Ag\u00fcero har p\u00e5draget sig en fiberskade, og der venter nu formentlig et par ugers pause igen. Det skriver <a href=\"https:\/\/www.dailymail.co.uk\/sport\/football\/article-8875317\/Pep-Guardiola-confirms-Sergio-Aguero-picked-hamstring-injury-West-Ham-draw.html?ns_mchannel=rss&amp;ns_campaign=1490&amp;ito=1490\" target=\"_blank\" rel=\"noreferrer noopener\">Daily Mail<\/a>.<\/p>\n\n\n\n<figure class=\"wp-block-embed-wordpress wp-block-embed is-type-wp-embed is-provider-ace-football-danmark\"><div class=\"wp-block-embed__wrapper\">\n<blockquote class=\"wp-embedded-content\" data-secret=\"oiVjmapMjy\"><a href=\"https:\/\/acefootball.com\/da\/fodboldnyheder\/video-akrobatiske-antonio-snoed-manchester-city-for-sejren\/\">Video: Akrobatiske Antonio sn\u00f8d Manchester City for sejren<\/a><\/blockquote><iframe class=\"wp-embedded-content\" sandbox=\"allow-scripts\" security=\"restricted\" style=\"position: absolute; clip: rect(1px, 1px, 1px, 1px);\" title=\"&#8220;Video: Akrobatiske Antonio sn\u00f8d Manchester City for sejren&#8221; &#8212; Ace Football Danmark\" src=\"https:\/\/acefootball.com\/da\/fodboldnyheder\/video-akrobatiske-antonio-snoed-manchester-city-for-sejren\/embed\/#?secret=oiVjmapMjy\" data-secret=\"oiVjmapMjy\" width=\"600\" height=\"338\" frameborder=\"0\" marginwidth=\"0\" marginheight=\"0\" scrolling=\"no\"><\/iframe>\n<\/div><\/figure>\n\n\n\n<p>Det efterlader desuden Manchester City i nye angrebsproblemer, da Gabriel Jesus ogs\u00e5 er ude med skade.<\/p>\n\n\n\n<p>Kampen mod West Ham endte i \u00f8vrigt uden vinder, og Manchester City ligger i skrivende stund nummer 11 i Premier League.<\/p>\n","protected":false},"excerpt":{"rendered":"<p>Sergio Ag\u00fcero er lige kommet tilbage efter en kn\u00e6skade, men nu er Manchester City-stjernen igen tvunget til pause<\/p>\n","protected":false},"author":705,"featured_media":241269,"comment_status":"open","ping_status":"closed","sticky":false,"template":"","format":"standard","meta":{"om_disable_all_campaigns":false,"push_articles_ronaldo":{"active":false,"canonical":0,"publish":false},"force_updates":null},"categories":[1],"tags":[44,442,134,1245],"enet_tags":{"team":["8456"],"player":["150249","37412"],"league":["47"],"sport_events":[3411407]},"yoast_head":"<!-- This site is optimized with the Yoast SEO plugin v18.3 - https:\/\/yoast.com\/wordpress\/plugins\/seo\/ -->\n<title>Guardiola bekr\u00e6fter: Ag\u00fcero ramt af ny skade<\/title>\n<meta name=\"description\" content=\"Sergio Ag\u00fcero er lige kommet tilbage efter en kn\u00e6skade, men nu er Manchester City-stjernen igen tvunget til pause\" \/>\n<meta name=\"robots\" content=\"index, follow, max-snippet:-1, max-image-preview:large, max-video-preview:-1\" \/>\n<link rel=\"canonical\" href=\"https:\/\/acefootball.com\/da\/fodboldnyheder\/guardiola-bekraefter-aguero-ramt-af-ny-skade\/\" \/>\n<meta property=\"og:locale\" content=\"en_US\" \/>\n<meta property=\"og:type\" content=\"article\" \/>\n<meta property=\"og:title\" content=\"Guardiola bekr\u00e6fter: Ag\u00fcero ramt af ny skade\" \/>\n<meta property=\"og:description\" content=\"Sergio Ag\u00fcero er lige kommet tilbage efter en kn\u00e6skade, men nu er Manchester City-stjernen igen tvunget til pause\" \/>\n<meta property=\"og:url\" content=\"https:\/\/acefootball.com\/da\/fodboldnyheder\/guardiola-bekraefter-aguero-ramt-af-ny-skade\/\" \/>\n<meta property=\"og:site_name\" content=\"Ace Football Danmark\" \/>\n<meta property=\"article:publisher\" content=\"https:\/\/www.facebook.com\/acefootballdk\" \/>\n<meta property=\"article:published_time\" content=\"2020-10-24T15:26:28+00:00\" \/>\n<meta property=\"article:modified_time\" content=\"2020-10-24T15:27:58+00:00\" \/>\n<meta property=\"og:image\" content=\"https:\/\/acefootball.com\/da\/wp-content\/uploads\/sites\/2\/2020\/10\/GettyImages-1281518198.jpg\" \/>\n\t<meta property=\"og:image:width\" content=\"1024\" \/>\n\t<meta property=\"og:image:height\" content=\"683\" \/>\n\t<meta property=\"og:image:type\" content=\"image\/jpeg\" \/>\n<meta name=\"twitter:card\" content=\"summary_large_image\" \/>\n<meta name=\"twitter:label1\" content=\"Written by\" \/>\n\t<meta name=\"twitter:data1\" content=\"Mads Dreyer\" \/>\n\t<meta name=\"twitter:label2\" content=\"Est. reading time\" \/>\n\t<meta name=\"twitter:data2\" content=\"1 minute\" \/>\n<script type=\"application\/ld+json\" class=\"yoast-schema-graph\">{\"@context\":\"https:\/\/schema.org\",\"@graph\":[{\"@type\":\"Organization\",\"@id\":\"https:\/\/acefootball.com\/da\/#organization\",\"name\":\"Ace Football\",\"url\":\"https:\/\/acefootball.com\/da\/\",\"sameAs\":[\"https:\/\/www.facebook.com\/acefootballdk\"],\"logo\":{\"@type\":\"ImageObject\",\"@id\":\"https:\/\/acefootball.com\/da\/#logo\",\"inLanguage\":\"en-US\",\"url\":\"https:\/\/acefootball.com\/da\/wp-content\/uploads\/sites\/2\/2020\/07\/Ace-Football-30-07-2020-2.png\",\"contentUrl\":\"https:\/\/acefootball.com\/da\/wp-content\/uploads\/sites\/2\/2020\/07\/Ace-Football-30-07-2020-2.png\",\"width\":1200,\"height\":600,\"caption\":\"Ace Football\"},\"image\":{\"@id\":\"https:\/\/acefootball.com\/da\/#logo\"}},{\"@type\":\"WebSite\",\"@id\":\"https:\/\/acefootball.com\/da\/#website\",\"url\":\"https:\/\/acefootball.com\/da\/\",\"name\":\"Ace Football Danmark\",\"description\":\"Nyheder, Spiltips &amp; Livescore\",\"publisher\":{\"@id\":\"https:\/\/acefootball.com\/da\/#organization\"},\"potentialAction\":[{\"@type\":\"SearchAction\",\"target\":{\"@type\":\"EntryPoint\",\"urlTemplate\":\"https:\/\/acefootball.com\/da\/?s={search_term_string}\"},\"query-input\":\"required name=search_term_string\"}],\"inLanguage\":\"en-US\"},{\"@type\":\"ImageObject\",\"@id\":\"https:\/\/acefootball.com\/da\/fodboldnyheder\/guardiola-bekraefter-aguero-ramt-af-ny-skade\/#primaryimage\",\"inLanguage\":\"en-US\",\"url\":\"https:\/\/acefootball.com\/da\/wp-content\/uploads\/sites\/2\/2020\/10\/GettyImages-1281518198.jpg\",\"contentUrl\":\"https:\/\/acefootball.com\/da\/wp-content\/uploads\/sites\/2\/2020\/10\/GettyImages-1281518198.jpg\",\"width\":1024,\"height\":683,\"caption\":\"MANCHESTER, ENGLAND - OCTOBER 21: Sergio Aguero of Manchester City reacts as he is substituted off during the UEFA Champions League Group C stage match between Manchester City and FC Porto at Etihad Stadium on October 21, 2020 in Manchester, England. Sporting stadiums around the UK remain under strict restrictions due to the Coronavirus Pandemic as Government social distancing laws prohibit fans inside venues resulting in games being played behind closed doors. (Photo by Tim Keeton - Pool\/Getty Images)\"},{\"@type\":\"WebPage\",\"@id\":\"https:\/\/acefootball.com\/da\/fodboldnyheder\/guardiola-bekraefter-aguero-ramt-af-ny-skade\/#webpage\",\"url\":\"https:\/\/acefootball.com\/da\/fodboldnyheder\/guardiola-bekraefter-aguero-ramt-af-ny-skade\/\",\"name\":\"Guardiola bekr\u00e6fter: Ag\u00fcero ramt af ny skade\",\"isPartOf\":{\"@id\":\"https:\/\/acefootball.com\/da\/#website\"},\"primaryImageOfPage\":{\"@id\":\"https:\/\/acefootball.com\/da\/fodboldnyheder\/guardiola-bekraefter-aguero-ramt-af-ny-skade\/#primaryimage\"},\"datePublished\":\"2020-10-24T15:26:28+00:00\",\"dateModified\":\"2020-10-24T15:27:58+00:00\",\"description\":\"Sergio Ag\u00fcero er lige kommet tilbage efter en kn\u00e6skade, men nu er Manchester City-stjernen igen tvunget til pause\",\"breadcrumb\":{\"@id\":\"https:\/\/acefootball.com\/da\/fodboldnyheder\/guardiola-bekraefter-aguero-ramt-af-ny-skade\/#breadcrumb\"},\"inLanguage\":\"en-US\",\"potentialAction\":[{\"@type\":\"ReadAction\",\"target\":[\"https:\/\/acefootball.com\/da\/fodboldnyheder\/guardiola-bekraefter-aguero-ramt-af-ny-skade\/\"]}]},{\"@type\":\"BreadcrumbList\",\"@id\":\"https:\/\/acefootball.com\/da\/fodboldnyheder\/guardiola-bekraefter-aguero-ramt-af-ny-skade\/#breadcrumb\",\"itemListElement\":[{\"@type\":\"ListItem\",\"position\":1,\"name\":\"Home\",\"item\":\"https:\/\/acefootball.com\/da\/\"},{\"@type\":\"ListItem\",\"position\":2,\"name\":\"Guardiola bekr\u00e6fter: Ag\u00fcero ramt af ny skade\"}]},{\"@type\":\"Article\",\"@id\":\"https:\/\/acefootball.com\/da\/fodboldnyheder\/guardiola-bekraefter-aguero-ramt-af-ny-skade\/#article\",\"isPartOf\":{\"@id\":\"https:\/\/acefootball.com\/da\/fodboldnyheder\/guardiola-bekraefter-aguero-ramt-af-ny-skade\/#webpage\"},\"author\":{\"@id\":\"https:\/\/acefootball.com\/da\/#\/schema\/person\/ee67e9cf04a276f144100ffa722f10cd\"},\"headline\":\"Guardiola bekr\u00e6fter: Ag\u00fcero ramt af ny skade\",\"datePublished\":\"2020-10-24T15:26:28+00:00\",\"dateModified\":\"2020-10-24T15:27:58+00:00\",\"mainEntityOfPage\":{\"@id\":\"https:\/\/acefootball.com\/da\/fodboldnyheder\/guardiola-bekraefter-aguero-ramt-af-ny-skade\/#webpage\"},\"wordCount\":159,\"commentCount\":0,\"publisher\":{\"@id\":\"https:\/\/acefootball.com\/da\/#organization\"},\"image\":{\"@id\":\"https:\/\/acefootball.com\/da\/fodboldnyheder\/guardiola-bekraefter-aguero-ramt-af-ny-skade\/#primaryimage\"},\"thumbnailUrl\":\"https:\/\/acefootball.com\/da\/wp-content\/uploads\/sites\/2\/2020\/10\/GettyImages-1281518198.jpg\",\"keywords\":[\"Manchester City\",\"Pep Guardiola\",\"Premier League\",\"Sergio Ag\u00fcero\"],\"articleSection\":[\"Nyhed\"],\"inLanguage\":\"en-US\",\"potentialAction\":[{\"@type\":\"CommentAction\",\"name\":\"Comment\",\"target\":[\"https:\/\/acefootball.com\/da\/fodboldnyheder\/guardiola-bekraefter-aguero-ramt-af-ny-skade\/#respond\"]}]},{\"@type\":\"Person\",\"@id\":\"https:\/\/acefootball.com\/da\/#\/schema\/person\/ee67e9cf04a276f144100ffa722f10cd\",\"name\":\"Mads Dreyer\",\"image\":{\"@type\":\"ImageObject\",\"@id\":\"https:\/\/acefootball.com\/da\/#personlogo\",\"inLanguage\":\"en-US\",\"url\":\"https:\/\/secure.gravatar.com\/avatar\/7c7abf72cfde9902b6a60efe60c88d4c?s=96&d=mm&r=g\",\"contentUrl\":\"https:\/\/secure.gravatar.com\/avatar\/7c7abf72cfde9902b6a60efe60c88d4c?s=96&d=mm&r=g\",\"caption\":\"Mads Dreyer\"},\"description\":\"Skribent og fodboldn\u00f8rd, der lige nu fort\u00e6ller om alt og intet i fodboldverdenen p\u00e5 acefootball.com. Uddannet i kommunikation fra Aalborg Universitet.\",\"sameAs\":[\"https:\/\/www.linkedin.com\/in\/mads-dreyer-b9b08266\/\"],\"url\":\"https:\/\/acefootball.com\/da\/fodboldnyheder\/author\/mdnronaldo\/\"}]}<\/script>\n<!-- \/ Yoast SEO plugin. -->","yoast_head_json":{"title":"Guardiola bekr\u00e6fter: Ag\u00fcero ramt af ny skade","description":"Sergio Ag\u00fcero er lige kommet tilbage efter en kn\u00e6skade, men nu er Manchester City-stjernen igen tvunget til pause","robots":{"index":"index","follow":"follow","max-snippet":"max-snippet:-1","max-image-preview":"max-image-preview:large","max-video-preview":"max-video-preview:-1"},"canonical":"https:\/\/acefootball.com\/da\/fodboldnyheder\/guardiola-bekraefter-aguero-ramt-af-ny-skade\/","og_locale":"en_US","og_type":"article","og_title":"Guardiola bekr\u00e6fter: Ag\u00fcero ramt af ny skade","og_description":"Sergio Ag\u00fcero er lige kommet tilbage efter en kn\u00e6skade, men nu er Manchester City-stjernen igen tvunget til pause","og_url":"https:\/\/acefootball.com\/da\/fodboldnyheder\/guardiola-bekraefter-aguero-ramt-af-ny-skade\/","og_site_name":"Ace Football Danmark","article_publisher":"https:\/\/www.facebook.com\/acefootballdk","article_published_time":"2020-10-24T15:26:28+00:00","article_modified_time":"2020-10-24T15:27:58+00:00","og_image":[{"width":1024,"height":683,"url":"https:\/\/acefootball.com\/da\/wp-content\/uploads\/sites\/2\/2020\/10\/GettyImages-1281518198.jpg","type":"image\/jpeg"}],"twitter_card":"summary_large_image","twitter_misc":{"Written by":"Mads Dreyer","Est. reading time":"1 minute"},"schema":{"@context":"https:\/\/schema.org","@graph":[{"@type":"Organization","@id":"https:\/\/acefootball.com\/da\/#organization","name":"Ace Football","url":"https:\/\/acefootball.com\/da\/","sameAs":["https:\/\/www.facebook.com\/acefootballdk"],"logo":{"@type":"ImageObject","@id":"https:\/\/acefootball.com\/da\/#logo","inLanguage":"en-US","url":"https:\/\/acefootball.com\/da\/wp-content\/uploads\/sites\/2\/2020\/07\/Ace-Football-30-07-2020-2.png","contentUrl":"https:\/\/acefootball.com\/da\/wp-content\/uploads\/sites\/2\/2020\/07\/Ace-Football-30-07-2020-2.png","width":1200,"height":600,"caption":"Ace Football"},"image":{"@id":"https:\/\/acefootball.com\/da\/#logo"}},{"@type":"WebSite","@id":"https:\/\/acefootball.com\/da\/#website","url":"https:\/\/acefootball.com\/da\/","name":"Ace Football Danmark","description":"Nyheder, Spiltips &amp; Livescore","publisher":{"@id":"https:\/\/acefootball.com\/da\/#organization"},"potentialAction":[{"@type":"SearchAction","target":{"@type":"EntryPoint","urlTemplate":"https:\/\/acefootball.com\/da\/?s={search_term_string}"},"query-input":"required name=search_term_string"}],"inLanguage":"en-US"},{"@type":"ImageObject","@id":"https:\/\/acefootball.com\/da\/fodboldnyheder\/guardiola-bekraefter-aguero-ramt-af-ny-skade\/#primaryimage","inLanguage":"en-US","url":"https:\/\/acefootball.com\/da\/wp-content\/uploads\/sites\/2\/2020\/10\/GettyImages-1281518198.jpg","contentUrl":"https:\/\/acefootball.com\/da\/wp-content\/uploads\/sites\/2\/2020\/10\/GettyImages-1281518198.jpg","width":1024,"height":683,"caption":"MANCHESTER, ENGLAND - OCTOBER 21: Sergio Aguero of Manchester City reacts as he is substituted off during the UEFA Champions League Group C stage match between Manchester City and FC Porto at Etihad Stadium on October 21, 2020 in Manchester, England. Sporting stadiums around the UK remain under strict restrictions due to the Coronavirus Pandemic as Government social distancing laws prohibit fans inside venues resulting in games being played behind closed doors. (Photo by Tim Keeton - Pool\/Getty Images)"},{"@type":"WebPage","@id":"https:\/\/acefootball.com\/da\/fodboldnyheder\/guardiola-bekraefter-aguero-ramt-af-ny-skade\/#webpage","url":"https:\/\/acefootball.com\/da\/fodboldnyheder\/guardiola-bekraefter-aguero-ramt-af-ny-skade\/","name":"Guardiola bekr\u00e6fter: Ag\u00fcero ramt af ny skade","isPartOf":{"@id":"https:\/\/acefootball.com\/da\/#website"},"primaryImageOfPage":{"@id":"https:\/\/acefootball.com\/da\/fodboldnyheder\/guardiola-bekraefter-aguero-ramt-af-ny-skade\/#primaryimage"},"datePublished":"2020-10-24T15:26:28+00:00","dateModified":"2020-10-24T15:27:58+00:00","description":"Sergio Ag\u00fcero er lige kommet tilbage efter en kn\u00e6skade, men nu er Manchester City-stjernen igen tvunget til pause","breadcrumb":{"@id":"https:\/\/acefootball.com\/da\/fodboldnyheder\/guardiola-bekraefter-aguero-ramt-af-ny-skade\/#breadcrumb"},"inLanguage":"en-US","potentialAction":[{"@type":"ReadAction","target":["https:\/\/acefootball.com\/da\/fodboldnyheder\/guardiola-bekraefter-aguero-ramt-af-ny-skade\/"]}]},{"@type":"BreadcrumbList","@id":"https:\/\/acefootball.com\/da\/fodboldnyheder\/guardiola-bekraefter-aguero-ramt-af-ny-skade\/#breadcrumb","itemListElement":[{"@type":"ListItem","position":1,"name":"Home","item":"https:\/\/acefootball.com\/da\/"},{"@type":"ListItem","position":2,"name":"Guardiola bekr\u00e6fter: Ag\u00fcero ramt af ny skade"}]},{"@type":"Article","@id":"https:\/\/acefootball.com\/da\/fodboldnyheder\/guardiola-bekraefter-aguero-ramt-af-ny-skade\/#article","isPartOf":{"@id":"https:\/\/acefootball.com\/da\/fodboldnyheder\/guardiola-bekraefter-aguero-ramt-af-ny-skade\/#webpage"},"author":{"@id":"https:\/\/acefootball.com\/da\/#\/schema\/person\/ee67e9cf04a276f144100ffa722f10cd"},"headline":"Guardiola bekr\u00e6fter: Ag\u00fcero ramt af ny skade","datePublished":"2020-10-24T15:26:28+00:00","dateModified":"2020-10-24T15:27:58+00:00","mainEntityOfPage":{"@id":"https:\/\/acefootball.com\/da\/fodboldnyheder\/guardiola-bekraefter-aguero-ramt-af-ny-skade\/#webpage"},"wordCount":159,"commentCount":0,"publisher":{"@id":"https:\/\/acefootball.com\/da\/#organization"},"image":{"@id":"https:\/\/acefootball.com\/da\/fodboldnyheder\/guardiola-bekraefter-aguero-ramt-af-ny-skade\/#primaryimage"},"thumbnailUrl":"https:\/\/acefootball.com\/da\/wp-content\/uploads\/sites\/2\/2020\/10\/GettyImages-1281518198.jpg","keywords":["Manchester City","Pep Guardiola","Premier League","Sergio Ag\u00fcero"],"articleSection":["Nyhed"],"inLanguage":"en-US","potentialAction":[{"@type":"CommentAction","name":"Comment","target":["https:\/\/acefootball.com\/da\/fodboldnyheder\/guardiola-bekraefter-aguero-ramt-af-ny-skade\/#respond"]}]},{"@type":"Person","@id":"https:\/\/acefootball.com\/da\/#\/schema\/person\/ee67e9cf04a276f144100ffa722f10cd","name":"Mads Dreyer","image":{"@type":"ImageObject","@id":"https:\/\/acefootball.com\/da\/#personlogo","inLanguage":"en-US","url":"https:\/\/secure.gravatar.com\/avatar\/7c7abf72cfde9902b6a60efe60c88d4c?s=96&d=mm&r=g","contentUrl":"https:\/\/secure.gravatar.com\/avatar\/7c7abf72cfde9902b6a60efe60c88d4c?s=96&d=mm&r=g","caption":"Mads Dreyer"},"description":"Skribent og fodboldn\u00f8rd, der lige nu fort\u00e6ller om alt og intet i fodboldverdenen p\u00e5 acefootball.com. Uddannet i kommunikation fra Aalborg Universitet.","sameAs":["https:\/\/www.linkedin.com\/in\/mads-dreyer-b9b08266\/"],"url":"https:\/\/acefootball.com\/da\/fodboldnyheder\/author\/mdnronaldo\/"}]}},"fimg_url":"https:\/\/acefootball.com\/da\/wp-content\/uploads\/sites\/2\/2020\/10\/GettyImages-1281518198.jpg","_links":{"self":[{"href":"https:\/\/acefootball.com\/da\/wp-json\/wp\/v2\/posts\/241267"}],"collection":[{"href":"https:\/\/acefootball.com\/da\/wp-json\/wp\/v2\/posts"}],"about":[{"href":"https:\/\/acefootball.com\/da\/wp-json\/wp\/v2\/types\/post"}],"author":[{"embeddable":true,"href":"https:\/\/acefootball.com\/da\/wp-json\/wp\/v2\/users\/705"}],"replies":[{"embeddable":true,"href":"https:\/\/acefootball.com\/da\/wp-json\/wp\/v2\/comments?post=241267"}],"version-history":[{"count":0,"href":"https:\/\/acefootball.com\/da\/wp-json\/wp\/v2\/posts\/241267\/revisions"}],"wp:featuredmedia":[{"embeddable":true,"href":"https:\/\/acefootball.com\/da\/wp-json\/wp\/v2\/media\/241269"}],"wp:attachment":[{"href":"https:\/\/acefootball.com\/da\/wp-json\/wp\/v2\/media?parent=241267"}],"wp:term":[{"taxonomy":"category","embeddable":true,"href":"https:\/\/acefootball.com\/da\/wp-json\/wp\/v2\/categories?post=241267"},{"taxonomy":"post_tag","embeddable":true,"href":"https:\/\/acefootball.com\/da\/wp-json\/wp\/v2\/tags?post=241267"}],"curies":[{"name":"wp","href":"https:\/\/api.w.org\/{rel}","templated":true}]}}