{"id":241256,"date":"2020-10-24T15:16:38","date_gmt":"2020-10-24T13:16:38","guid":{"rendered":"https:\/\/acefootball.com\/da\/?p=241256"},"modified":"2020-10-24T15:18:07","modified_gmt":"2020-10-24T13:18:07","slug":"startopstillinger-barcelona-starter-med-17-aarig-superduo-sergio-ramos-tilbage","status":"publish","type":"post","link":"https:\/\/acefootball.com\/da\/fodboldnyheder\/startopstillinger-barcelona-starter-med-17-aarig-superduo-sergio-ramos-tilbage\/","title":{"rendered":"Startopstillinger: Barcelona starter med 17-\u00e5rig superduo  &#8211; Sergio Ramos tilbage"},"content":{"rendered":"\n<h2 id=\"h-fc-barcelona-og-real-madrid-har-startopstillingerne-klar-til-s-sonens-f-rste-el-cl-sico-der-sparkes-i-gang-klokken-16-00-se-dem-her\">FC Barcelona og Real Madrid har startopstillingerne klar til s\u00e6sonens f\u00f8rste El Cl\u00e1sico, der sparkes i gang klokken 16.00. Se dem her!<\/h2>\n\n\n\n<div class=\"wp-block-si-widget wp-block-si-widget--center\"><si-lb-widget widget-id=\"MatchInfoWithOddsV2\" data-nopadding=\"true\" data-across-all-tournaments=\"false\" data-limit=\"5\" width=\"440\" data-event-id=\"3424099\" data-provider=\"mrgreen\" data-card=\"true\" data-theme-appearance=\"dark\"><\/si-lb-widget><\/div>\n\n\n\n<p>Der er nu under en time til, det g\u00e5r l\u00f8s p\u00e5 Camp Nou i s\u00e6sonens f\u00f8rste indbyrdes m\u00f8de mellem FC Barcelona og Real Madrid.<\/p>\n\n\n\n<p>Det betyder, at de to startopstillinger er klar, og her er det v\u00e6rd at bem\u00e6rke sig, at hjemmeholdet har valgt at starte med to 17-\u00e5rige offensivspillere, i form af Ansu Fati og Pedri.<\/p>\n\n\n\n<figure class=\"wp-block-embed-wordpress wp-block-embed is-type-wp-embed is-provider-ace-football-danmark\"><div class=\"wp-block-embed__wrapper\">\n<blockquote class=\"wp-embedded-content\" data-secret=\"Lzjg4Tp9fm\"><a href=\"https:\/\/acefootball.com\/da\/fodboldnyheder\/spiltip-real-madrid-skal-stoppe-negativ-stime-mod-barcelona\/\">Spiltip: Real Madrid skal stoppe negativ stime mod Barcelona<\/a><\/blockquote><iframe class=\"wp-embedded-content\" sandbox=\"allow-scripts\" security=\"restricted\" style=\"position: absolute; clip: rect(1px, 1px, 1px, 1px);\" title=\"&#8220;Spiltip: Real Madrid skal stoppe negativ stime mod Barcelona&#8221; &#8212; Ace Football Danmark\" src=\"https:\/\/acefootball.com\/da\/fodboldnyheder\/spiltip-real-madrid-skal-stoppe-negativ-stime-mod-barcelona\/embed\/#?secret=Lzjg4Tp9fm\" data-secret=\"Lzjg4Tp9fm\" width=\"600\" height=\"338\" frameborder=\"0\" marginwidth=\"0\" marginheight=\"0\" scrolling=\"no\"><\/iframe>\n<\/div><\/figure>\n\n\n\n<p>Hos rivalerne er Sergio Ramos tilbage fra en mindre skadespause og g\u00e5r direkte ind i midterforsvaret.<\/p>\n\n\n\n<p>Du kan se, hvordan begge mandskaber stiller op herunder.<\/p>\n\n\n\n<figure class=\"wp-block-embed-twitter wp-block-embed is-type-rich is-provider-twitter\"><div class=\"wp-block-embed__wrapper\">\n<blockquote class=\"twitter-tweet\" data-width=\"550\" data-dnt=\"true\"><p lang=\"es\" dir=\"ltr\">\ud835\udcd4\ud835\udcf5 \ud835\udcd2\ud835\udcf5\ud835\udcea\ud835\udcfc\ud835\udcf2\ud835\udcec\ud835\udcf8 \ud835\udcdb\ud835\udcf2\ud835\udcf7\ud835\udcee\ud835\udcfe\ud835\udcf9 <a href=\"https:\/\/t.co\/8tRIJ4i5cs\">pic.twitter.com\/8tRIJ4i5cs<\/a><\/p>&mdash; FC Barcelona (@FCBarcelona) <a href=\"https:\/\/twitter.com\/FCBarcelona\/status\/1319987218270818324?ref_src=twsrc%5Etfw\">October 24, 2020<\/a><\/blockquote><script async src=\"https:\/\/platform.twitter.com\/widgets.js\" charset=\"utf-8\"><\/script>\n<\/div><\/figure>\n\n\n\n<figure class=\"wp-block-embed-twitter wp-block-embed is-type-rich is-provider-twitter\"><div class=\"wp-block-embed__wrapper\">\n<blockquote class=\"twitter-tweet\" data-width=\"550\" data-dnt=\"true\"><p lang=\"es\" dir=\"ltr\">\ud83d\udccb\u2705 \u00a1Nuestro XI inicial para <a href=\"https:\/\/twitter.com\/hashtag\/ElCl%C3%A1sico?src=hash&amp;ref_src=twsrc%5Etfw\">#ElCl\u00e1sico<\/a>! <a href=\"https:\/\/twitter.com\/Liberbank?ref_src=twsrc%5Etfw\">@Liberbank<\/a> | <a href=\"https:\/\/twitter.com\/hashtag\/HalaMadrid?src=hash&amp;ref_src=twsrc%5Etfw\">#HalaMadrid<\/a> <a href=\"https:\/\/t.co\/T6cCIbwW4R\">pic.twitter.com\/T6cCIbwW4R<\/a><\/p>&mdash; Real Madrid C.F. (@realmadrid) <a href=\"https:\/\/twitter.com\/realmadrid\/status\/1319987570042863616?ref_src=twsrc%5Etfw\">October 24, 2020<\/a><\/blockquote><script async src=\"https:\/\/platform.twitter.com\/widgets.js\" charset=\"utf-8\"><\/script>\n<\/div><\/figure>\n\n\n\n<p>Du kan ogs\u00e5 fortsat n\u00e5 at spille p\u00e5 kampen, og her er der mulighed for at f\u00e5 et 250 kroners risikofrit spil fra Betfair. Klik herunder for at se mere.<\/p>\n\n\n\n<figure class=\"wp-block-image size-large is-resized\"><a href=\"http:\/\/ads.betfair.com\/redirect.aspx?pid=1802343&amp;bid=9577\" target=\"_blank\" rel=\"noopener\"><img loading=\"lazy\" src=\"https:\/\/acefootball.com\/da\/wp-content\/uploads\/sites\/2\/2020\/10\/FCBRM-1024x683.jpg\" alt=\"Betfair-tilbud til El Cl\u00e1sico\" class=\"wp-image-241247\" width=\"512\" height=\"342\" srcset=\"https:\/\/acefootball.com\/da\/wp-content\/uploads\/sites\/2\/2020\/10\/FCBRM-1024x683.jpg 1024w, https:\/\/acefootball.com\/da\/wp-content\/uploads\/sites\/2\/2020\/10\/FCBRM-300x200.jpg 300w, https:\/\/acefootball.com\/da\/wp-content\/uploads\/sites\/2\/2020\/10\/FCBRM-768x512.jpg 768w, https:\/\/acefootball.com\/da\/wp-content\/uploads\/sites\/2\/2020\/10\/FCBRM.jpg 1500w\" sizes=\"(max-width: 512px) 100vw, 512px\" \/><\/a><\/figure>\n","protected":false},"excerpt":{"rendered":"<p>FC Barcelona og Real Madrid har startopstillingerne klar til s\u00e6sonens f\u00f8rste El Cl\u00e1sico, der sparkes i gang klokken 16.00. Se dem her!<\/p>\n","protected":false},"author":705,"featured_media":236036,"comment_status":"closed","ping_status":"closed","sticky":false,"template":"","format":"standard","meta":{"om_disable_all_campaigns":false,"push_articles_ronaldo":{"active":false,"canonical":0,"publish":false},"force_updates":null},"categories":[8062],"tags":[41,303,85],"enet_tags":{"team":["8634","8633"],"league":["87"],"sport_events":[3424099]},"yoast_head":"<!-- This site is optimized with the Yoast SEO plugin v18.3 - https:\/\/yoast.com\/wordpress\/plugins\/seo\/ -->\n<title>Startopstillinger: Barcelona starter med 17-\u00e5rig superduo - Sergio Ramos tilbage<\/title>\n<meta name=\"description\" content=\"FC Barcelona og Real Madrid har startopstillingerne klar til s\u00e6sonens f\u00f8rste El Cl\u00e1sico, der sparkes i gang klokken 16.00. Se dem her!\" \/>\n<meta name=\"robots\" content=\"index, follow, max-snippet:-1, max-image-preview:large, max-video-preview:-1\" \/>\n<link rel=\"canonical\" href=\"https:\/\/acefootball.com\/da\/fodboldnyheder\/startopstillinger-barcelona-starter-med-17-aarig-superduo-sergio-ramos-tilbage\/\" \/>\n<meta property=\"og:locale\" content=\"en_US\" \/>\n<meta property=\"og:type\" content=\"article\" \/>\n<meta property=\"og:title\" content=\"Startopstillinger: Barcelona starter med 17-\u00e5rig superduo - Sergio Ramos tilbage\" \/>\n<meta property=\"og:description\" content=\"FC Barcelona og Real Madrid har startopstillingerne klar til s\u00e6sonens f\u00f8rste El Cl\u00e1sico, der sparkes i gang klokken 16.00. Se dem her!\" \/>\n<meta property=\"og:url\" content=\"https:\/\/acefootball.com\/da\/fodboldnyheder\/startopstillinger-barcelona-starter-med-17-aarig-superduo-sergio-ramos-tilbage\/\" \/>\n<meta property=\"og:site_name\" content=\"Ace Football Danmark\" \/>\n<meta property=\"article:publisher\" content=\"https:\/\/www.facebook.com\/acefootballdk\" \/>\n<meta property=\"article:published_time\" content=\"2020-10-24T13:16:38+00:00\" \/>\n<meta property=\"article:modified_time\" content=\"2020-10-24T13:18:07+00:00\" \/>\n<meta property=\"og:image\" content=\"https:\/\/acefootball.com\/da\/wp-content\/uploads\/sites\/2\/2020\/09\/GettyImages-1194741310.jpg\" \/>\n\t<meta property=\"og:image:width\" content=\"1024\" \/>\n\t<meta property=\"og:image:height\" content=\"682\" \/>\n\t<meta property=\"og:image:type\" content=\"image\/jpeg\" \/>\n<meta name=\"twitter:card\" content=\"summary_large_image\" \/>\n<meta name=\"twitter:label1\" content=\"Written by\" \/>\n\t<meta name=\"twitter:data1\" content=\"Mads Dreyer\" \/>\n\t<meta name=\"twitter:label2\" content=\"Est. reading time\" \/>\n\t<meta name=\"twitter:data2\" content=\"1 minute\" \/>\n<script type=\"application\/ld+json\" class=\"yoast-schema-graph\">{\"@context\":\"https:\/\/schema.org\",\"@graph\":[{\"@type\":\"Organization\",\"@id\":\"https:\/\/acefootball.com\/da\/#organization\",\"name\":\"Ace Football\",\"url\":\"https:\/\/acefootball.com\/da\/\",\"sameAs\":[\"https:\/\/www.facebook.com\/acefootballdk\"],\"logo\":{\"@type\":\"ImageObject\",\"@id\":\"https:\/\/acefootball.com\/da\/#logo\",\"inLanguage\":\"en-US\",\"url\":\"https:\/\/acefootball.com\/da\/wp-content\/uploads\/sites\/2\/2020\/07\/Ace-Football-30-07-2020-2.png\",\"contentUrl\":\"https:\/\/acefootball.com\/da\/wp-content\/uploads\/sites\/2\/2020\/07\/Ace-Football-30-07-2020-2.png\",\"width\":1200,\"height\":600,\"caption\":\"Ace Football\"},\"image\":{\"@id\":\"https:\/\/acefootball.com\/da\/#logo\"}},{\"@type\":\"WebSite\",\"@id\":\"https:\/\/acefootball.com\/da\/#website\",\"url\":\"https:\/\/acefootball.com\/da\/\",\"name\":\"Ace Football Danmark\",\"description\":\"Nyheder, Spiltips &amp; Livescore\",\"publisher\":{\"@id\":\"https:\/\/acefootball.com\/da\/#organization\"},\"potentialAction\":[{\"@type\":\"SearchAction\",\"target\":{\"@type\":\"EntryPoint\",\"urlTemplate\":\"https:\/\/acefootball.com\/da\/?s={search_term_string}\"},\"query-input\":\"required name=search_term_string\"}],\"inLanguage\":\"en-US\"},{\"@type\":\"ImageObject\",\"@id\":\"https:\/\/acefootball.com\/da\/fodboldnyheder\/startopstillinger-barcelona-starter-med-17-aarig-superduo-sergio-ramos-tilbage\/#primaryimage\",\"inLanguage\":\"en-US\",\"url\":\"https:\/\/acefootball.com\/da\/wp-content\/uploads\/sites\/2\/2020\/09\/GettyImages-1194741310.jpg\",\"contentUrl\":\"https:\/\/acefootball.com\/da\/wp-content\/uploads\/sites\/2\/2020\/09\/GettyImages-1194741310.jpg\",\"width\":1024,\"height\":682,\"caption\":\"BARCELONA, SPAIN - DECEMBER 18: Lionel Messi of Barcelona holds off Sergio Ramos of Real Madrid during the Liga match between FC Barcelona and Real Madrid CF at Camp Nou on December 18, 2019 in Barcelona, Spain. (Photo by Alex Caparros\/Getty Images)\"},{\"@type\":\"WebPage\",\"@id\":\"https:\/\/acefootball.com\/da\/fodboldnyheder\/startopstillinger-barcelona-starter-med-17-aarig-superduo-sergio-ramos-tilbage\/#webpage\",\"url\":\"https:\/\/acefootball.com\/da\/fodboldnyheder\/startopstillinger-barcelona-starter-med-17-aarig-superduo-sergio-ramos-tilbage\/\",\"name\":\"Startopstillinger: Barcelona starter med 17-\u00e5rig superduo - Sergio Ramos tilbage\",\"isPartOf\":{\"@id\":\"https:\/\/acefootball.com\/da\/#website\"},\"primaryImageOfPage\":{\"@id\":\"https:\/\/acefootball.com\/da\/fodboldnyheder\/startopstillinger-barcelona-starter-med-17-aarig-superduo-sergio-ramos-tilbage\/#primaryimage\"},\"datePublished\":\"2020-10-24T13:16:38+00:00\",\"dateModified\":\"2020-10-24T13:18:07+00:00\",\"description\":\"FC Barcelona og Real Madrid har startopstillingerne klar til s\u00e6sonens f\u00f8rste El Cl\u00e1sico, der sparkes i gang klokken 16.00. Se dem her!\",\"breadcrumb\":{\"@id\":\"https:\/\/acefootball.com\/da\/fodboldnyheder\/startopstillinger-barcelona-starter-med-17-aarig-superduo-sergio-ramos-tilbage\/#breadcrumb\"},\"inLanguage\":\"en-US\",\"potentialAction\":[{\"@type\":\"ReadAction\",\"target\":[\"https:\/\/acefootball.com\/da\/fodboldnyheder\/startopstillinger-barcelona-starter-med-17-aarig-superduo-sergio-ramos-tilbage\/\"]}]},{\"@type\":\"BreadcrumbList\",\"@id\":\"https:\/\/acefootball.com\/da\/fodboldnyheder\/startopstillinger-barcelona-starter-med-17-aarig-superduo-sergio-ramos-tilbage\/#breadcrumb\",\"itemListElement\":[{\"@type\":\"ListItem\",\"position\":1,\"name\":\"Home\",\"item\":\"https:\/\/acefootball.com\/da\/\"},{\"@type\":\"ListItem\",\"position\":2,\"name\":\"Startopstillinger: Barcelona starter med 17-\u00e5rig superduo &#8211; Sergio Ramos tilbage\"}]},{\"@type\":\"Article\",\"@id\":\"https:\/\/acefootball.com\/da\/fodboldnyheder\/startopstillinger-barcelona-starter-med-17-aarig-superduo-sergio-ramos-tilbage\/#article\",\"isPartOf\":{\"@id\":\"https:\/\/acefootball.com\/da\/fodboldnyheder\/startopstillinger-barcelona-starter-med-17-aarig-superduo-sergio-ramos-tilbage\/#webpage\"},\"author\":{\"@id\":\"https:\/\/acefootball.com\/da\/#\/schema\/person\/ee67e9cf04a276f144100ffa722f10cd\"},\"headline\":\"Startopstillinger: Barcelona starter med 17-\u00e5rig superduo &#8211; Sergio Ramos tilbage\",\"datePublished\":\"2020-10-24T13:16:38+00:00\",\"dateModified\":\"2020-10-24T13:18:07+00:00\",\"mainEntityOfPage\":{\"@id\":\"https:\/\/acefootball.com\/da\/fodboldnyheder\/startopstillinger-barcelona-starter-med-17-aarig-superduo-sergio-ramos-tilbage\/#webpage\"},\"wordCount\":171,\"publisher\":{\"@id\":\"https:\/\/acefootball.com\/da\/#organization\"},\"image\":{\"@id\":\"https:\/\/acefootball.com\/da\/fodboldnyheder\/startopstillinger-barcelona-starter-med-17-aarig-superduo-sergio-ramos-tilbage\/#primaryimage\"},\"thumbnailUrl\":\"https:\/\/acefootball.com\/da\/wp-content\/uploads\/sites\/2\/2020\/09\/GettyImages-1194741310.jpg\",\"keywords\":[\"FC Barcelona\",\"La Liga\",\"Real Madrid\"],\"articleSection\":[\"Kamp\"],\"inLanguage\":\"en-US\"},{\"@type\":\"Person\",\"@id\":\"https:\/\/acefootball.com\/da\/#\/schema\/person\/ee67e9cf04a276f144100ffa722f10cd\",\"name\":\"Mads Dreyer\",\"image\":{\"@type\":\"ImageObject\",\"@id\":\"https:\/\/acefootball.com\/da\/#personlogo\",\"inLanguage\":\"en-US\",\"url\":\"https:\/\/secure.gravatar.com\/avatar\/7c7abf72cfde9902b6a60efe60c88d4c?s=96&d=mm&r=g\",\"contentUrl\":\"https:\/\/secure.gravatar.com\/avatar\/7c7abf72cfde9902b6a60efe60c88d4c?s=96&d=mm&r=g\",\"caption\":\"Mads Dreyer\"},\"description\":\"Skribent og fodboldn\u00f8rd, der lige nu fort\u00e6ller om alt og intet i fodboldverdenen p\u00e5 acefootball.com. Uddannet i kommunikation fra Aalborg Universitet.\",\"sameAs\":[\"https:\/\/www.linkedin.com\/in\/mads-dreyer-b9b08266\/\"],\"url\":\"https:\/\/acefootball.com\/da\/fodboldnyheder\/author\/mdnronaldo\/\"}]}<\/script>\n<!-- \/ Yoast SEO plugin. -->","yoast_head_json":{"title":"Startopstillinger: Barcelona starter med 17-\u00e5rig superduo - Sergio Ramos tilbage","description":"FC Barcelona og Real Madrid har startopstillingerne klar til s\u00e6sonens f\u00f8rste El Cl\u00e1sico, der sparkes i gang klokken 16.00. Se dem her!","robots":{"index":"index","follow":"follow","max-snippet":"max-snippet:-1","max-image-preview":"max-image-preview:large","max-video-preview":"max-video-preview:-1"},"canonical":"https:\/\/acefootball.com\/da\/fodboldnyheder\/startopstillinger-barcelona-starter-med-17-aarig-superduo-sergio-ramos-tilbage\/","og_locale":"en_US","og_type":"article","og_title":"Startopstillinger: Barcelona starter med 17-\u00e5rig superduo - Sergio Ramos tilbage","og_description":"FC Barcelona og Real Madrid har startopstillingerne klar til s\u00e6sonens f\u00f8rste El Cl\u00e1sico, der sparkes i gang klokken 16.00. Se dem her!","og_url":"https:\/\/acefootball.com\/da\/fodboldnyheder\/startopstillinger-barcelona-starter-med-17-aarig-superduo-sergio-ramos-tilbage\/","og_site_name":"Ace Football Danmark","article_publisher":"https:\/\/www.facebook.com\/acefootballdk","article_published_time":"2020-10-24T13:16:38+00:00","article_modified_time":"2020-10-24T13:18:07+00:00","og_image":[{"width":1024,"height":682,"url":"https:\/\/acefootball.com\/da\/wp-content\/uploads\/sites\/2\/2020\/09\/GettyImages-1194741310.jpg","type":"image\/jpeg"}],"twitter_card":"summary_large_image","twitter_misc":{"Written by":"Mads Dreyer","Est. reading time":"1 minute"},"schema":{"@context":"https:\/\/schema.org","@graph":[{"@type":"Organization","@id":"https:\/\/acefootball.com\/da\/#organization","name":"Ace Football","url":"https:\/\/acefootball.com\/da\/","sameAs":["https:\/\/www.facebook.com\/acefootballdk"],"logo":{"@type":"ImageObject","@id":"https:\/\/acefootball.com\/da\/#logo","inLanguage":"en-US","url":"https:\/\/acefootball.com\/da\/wp-content\/uploads\/sites\/2\/2020\/07\/Ace-Football-30-07-2020-2.png","contentUrl":"https:\/\/acefootball.com\/da\/wp-content\/uploads\/sites\/2\/2020\/07\/Ace-Football-30-07-2020-2.png","width":1200,"height":600,"caption":"Ace Football"},"image":{"@id":"https:\/\/acefootball.com\/da\/#logo"}},{"@type":"WebSite","@id":"https:\/\/acefootball.com\/da\/#website","url":"https:\/\/acefootball.com\/da\/","name":"Ace Football Danmark","description":"Nyheder, Spiltips &amp; Livescore","publisher":{"@id":"https:\/\/acefootball.com\/da\/#organization"},"potentialAction":[{"@type":"SearchAction","target":{"@type":"EntryPoint","urlTemplate":"https:\/\/acefootball.com\/da\/?s={search_term_string}"},"query-input":"required name=search_term_string"}],"inLanguage":"en-US"},{"@type":"ImageObject","@id":"https:\/\/acefootball.com\/da\/fodboldnyheder\/startopstillinger-barcelona-starter-med-17-aarig-superduo-sergio-ramos-tilbage\/#primaryimage","inLanguage":"en-US","url":"https:\/\/acefootball.com\/da\/wp-content\/uploads\/sites\/2\/2020\/09\/GettyImages-1194741310.jpg","contentUrl":"https:\/\/acefootball.com\/da\/wp-content\/uploads\/sites\/2\/2020\/09\/GettyImages-1194741310.jpg","width":1024,"height":682,"caption":"BARCELONA, SPAIN - DECEMBER 18: Lionel Messi of Barcelona holds off Sergio Ramos of Real Madrid during the Liga match between FC Barcelona and Real Madrid CF at Camp Nou on December 18, 2019 in Barcelona, Spain. (Photo by Alex Caparros\/Getty Images)"},{"@type":"WebPage","@id":"https:\/\/acefootball.com\/da\/fodboldnyheder\/startopstillinger-barcelona-starter-med-17-aarig-superduo-sergio-ramos-tilbage\/#webpage","url":"https:\/\/acefootball.com\/da\/fodboldnyheder\/startopstillinger-barcelona-starter-med-17-aarig-superduo-sergio-ramos-tilbage\/","name":"Startopstillinger: Barcelona starter med 17-\u00e5rig superduo - Sergio Ramos tilbage","isPartOf":{"@id":"https:\/\/acefootball.com\/da\/#website"},"primaryImageOfPage":{"@id":"https:\/\/acefootball.com\/da\/fodboldnyheder\/startopstillinger-barcelona-starter-med-17-aarig-superduo-sergio-ramos-tilbage\/#primaryimage"},"datePublished":"2020-10-24T13:16:38+00:00","dateModified":"2020-10-24T13:18:07+00:00","description":"FC Barcelona og Real Madrid har startopstillingerne klar til s\u00e6sonens f\u00f8rste El Cl\u00e1sico, der sparkes i gang klokken 16.00. Se dem her!","breadcrumb":{"@id":"https:\/\/acefootball.com\/da\/fodboldnyheder\/startopstillinger-barcelona-starter-med-17-aarig-superduo-sergio-ramos-tilbage\/#breadcrumb"},"inLanguage":"en-US","potentialAction":[{"@type":"ReadAction","target":["https:\/\/acefootball.com\/da\/fodboldnyheder\/startopstillinger-barcelona-starter-med-17-aarig-superduo-sergio-ramos-tilbage\/"]}]},{"@type":"BreadcrumbList","@id":"https:\/\/acefootball.com\/da\/fodboldnyheder\/startopstillinger-barcelona-starter-med-17-aarig-superduo-sergio-ramos-tilbage\/#breadcrumb","itemListElement":[{"@type":"ListItem","position":1,"name":"Home","item":"https:\/\/acefootball.com\/da\/"},{"@type":"ListItem","position":2,"name":"Startopstillinger: Barcelona starter med 17-\u00e5rig superduo &#8211; Sergio Ramos tilbage"}]},{"@type":"Article","@id":"https:\/\/acefootball.com\/da\/fodboldnyheder\/startopstillinger-barcelona-starter-med-17-aarig-superduo-sergio-ramos-tilbage\/#article","isPartOf":{"@id":"https:\/\/acefootball.com\/da\/fodboldnyheder\/startopstillinger-barcelona-starter-med-17-aarig-superduo-sergio-ramos-tilbage\/#webpage"},"author":{"@id":"https:\/\/acefootball.com\/da\/#\/schema\/person\/ee67e9cf04a276f144100ffa722f10cd"},"headline":"Startopstillinger: Barcelona starter med 17-\u00e5rig superduo &#8211; Sergio Ramos tilbage","datePublished":"2020-10-24T13:16:38+00:00","dateModified":"2020-10-24T13:18:07+00:00","mainEntityOfPage":{"@id":"https:\/\/acefootball.com\/da\/fodboldnyheder\/startopstillinger-barcelona-starter-med-17-aarig-superduo-sergio-ramos-tilbage\/#webpage"},"wordCount":171,"publisher":{"@id":"https:\/\/acefootball.com\/da\/#organization"},"image":{"@id":"https:\/\/acefootball.com\/da\/fodboldnyheder\/startopstillinger-barcelona-starter-med-17-aarig-superduo-sergio-ramos-tilbage\/#primaryimage"},"thumbnailUrl":"https:\/\/acefootball.com\/da\/wp-content\/uploads\/sites\/2\/2020\/09\/GettyImages-1194741310.jpg","keywords":["FC Barcelona","La Liga","Real Madrid"],"articleSection":["Kamp"],"inLanguage":"en-US"},{"@type":"Person","@id":"https:\/\/acefootball.com\/da\/#\/schema\/person\/ee67e9cf04a276f144100ffa722f10cd","name":"Mads Dreyer","image":{"@type":"ImageObject","@id":"https:\/\/acefootball.com\/da\/#personlogo","inLanguage":"en-US","url":"https:\/\/secure.gravatar.com\/avatar\/7c7abf72cfde9902b6a60efe60c88d4c?s=96&d=mm&r=g","contentUrl":"https:\/\/secure.gravatar.com\/avatar\/7c7abf72cfde9902b6a60efe60c88d4c?s=96&d=mm&r=g","caption":"Mads Dreyer"},"description":"Skribent og fodboldn\u00f8rd, der lige nu fort\u00e6ller om alt og intet i fodboldverdenen p\u00e5 acefootball.com. Uddannet i kommunikation fra Aalborg Universitet.","sameAs":["https:\/\/www.linkedin.com\/in\/mads-dreyer-b9b08266\/"],"url":"https:\/\/acefootball.com\/da\/fodboldnyheder\/author\/mdnronaldo\/"}]}},"fimg_url":"https:\/\/acefootball.com\/da\/wp-content\/uploads\/sites\/2\/2020\/09\/GettyImages-1194741310.jpg","_links":{"self":[{"href":"https:\/\/acefootball.com\/da\/wp-json\/wp\/v2\/posts\/241256"}],"collection":[{"href":"https:\/\/acefootball.com\/da\/wp-json\/wp\/v2\/posts"}],"about":[{"href":"https:\/\/acefootball.com\/da\/wp-json\/wp\/v2\/types\/post"}],"author":[{"embeddable":true,"href":"https:\/\/acefootball.com\/da\/wp-json\/wp\/v2\/users\/705"}],"replies":[{"embeddable":true,"href":"https:\/\/acefootball.com\/da\/wp-json\/wp\/v2\/comments?post=241256"}],"version-history":[{"count":0,"href":"https:\/\/acefootball.com\/da\/wp-json\/wp\/v2\/posts\/241256\/revisions"}],"wp:featuredmedia":[{"embeddable":true,"href":"https:\/\/acefootball.com\/da\/wp-json\/wp\/v2\/media\/236036"}],"wp:attachment":[{"href":"https:\/\/acefootball.com\/da\/wp-json\/wp\/v2\/media?parent=241256"}],"wp:term":[{"taxonomy":"category","embeddable":true,"href":"https:\/\/acefootball.com\/da\/wp-json\/wp\/v2\/categories?post=241256"},{"taxonomy":"post_tag","embeddable":true,"href":"https:\/\/acefootball.com\/da\/wp-json\/wp\/v2\/tags?post=241256"}],"curies":[{"name":"wp","href":"https:\/\/api.w.org\/{rel}","templated":true}]}}