{"id":241244,"date":"2020-10-24T12:37:44","date_gmt":"2020-10-24T10:37:44","guid":{"rendered":"https:\/\/acefootball.com\/da\/?p=241244"},"modified":"2020-10-24T12:42:30","modified_gmt":"2020-10-24T10:42:30","slug":"stor-undren-broendby-stjerne-ude-af-truppen-til-fcm-kamp","status":"publish","type":"post","link":"https:\/\/acefootball.com\/da\/fodboldnyheder\/stor-undren-broendby-stjerne-ude-af-truppen-til-fcm-kamp\/","title":{"rendered":"Stor undren: Br\u00f8ndby-stjerne ude af truppen til FCM-kamp"},"content":{"rendered":"\n<h2 id=\"h-br-ndby-if-har-af-uforklarlige-rsager-ikke-simon-hedlund-med-til-l-rdagens-superliga-brag-mod-mestrene-fra-fc-midtjylland\">Br\u00f8ndby IF har af uforklarlige \u00e5rsager ikke Simon Hedlund med til l\u00f8rdagens Superliga-brag mod mestrene fra FC Midtjylland<\/h2>\n\n\n\n<div class=\"wp-block-si-widget wp-block-si-widget--center\"><si-lb-widget widget-id=\"MatchInfoWithOddsV2\" data-nopadding=\"true\" data-across-all-tournaments=\"false\" data-limit=\"5\" width=\"440\" data-event-id=\"3389102\" data-provider=\"mrgreen\" data-card=\"true\" data-theme-appearance=\"dark\"><\/si-lb-widget><\/div>\n\n\n\n<p>Der venter noget af et brag i Superligaen denne l\u00f8rdag, n\u00e5r Br\u00f8ndby IF t\u00f8rner sammen med FC Midtjylland p\u00e5 f\u00f8rstn\u00e6vntes hjemmebane.<\/p>\n\n\n\n<p>Br\u00f8ndby-fansene har dog f\u00e5et sig lidt af en overraskelse, da truppen til dagens opg\u00f8r blev udgivet, for en af klubbens helt store stjerner er ikke udtaget.<\/p>\n\n\n\n<p>Der er nemlig ingen Simon Hedlund at finde p\u00e5 holdkortet, og vestegnsklubben giver ingen forklaring p\u00e5 fravalget, og det har f\u00e5et flere fans p\u00e5 sociale medier til at spekulere i et muligt salg.<\/p>\n\n\n\n<p>Til geng\u00e6ld har det givet plads til nyindk\u00f8bte Blas Riveros, som dermed kan debutere. Du kan se hele <a href=\"https:\/\/brondby.com\/nyhed\/2020\/10\/24\/truppen-til-dagens-hjemmekamp-mod-fcm\" target=\"_blank\" rel=\"noreferrer noopener\">truppen <\/a>herunder.<\/p>\n\n\n\n<p>1. Marvin Schw\u00e4be<br>30. Mads Hermansen<br>3. Anthony Jung<br>4. Sigurd Rosted<br>5. Andreas Maxs\u00f8<br>6. Hj\u00f6rtur Hermannsson<br>7. Rezan Corlu<br>9. Andrija Pavlovic<br>11. Mikael Uhre<br>14. Kevin Mensah<br>15. Blas Riveros<br>17. Andreas Bruus&nbsp;<br>18. Jesper &#8216;Jobbe&#8217; Lindstr\u00f8m<br>19. Morten Frendrup<br>21. Lasse Vigen<br>22. Josip Radosevic<br>25. Anis Slimane<br>29. Peter Bjur<br>42. Tobias B\u00f8rkeeiet<\/p>\n","protected":false},"excerpt":{"rendered":"<p>Br\u00f8ndby IF har af uforklarlige \u00e5rsager ikke Simon Hedlund med til l\u00f8rdagens Superliga-brag mod mestrene fra FC Midtjylland<\/p>\n","protected":false},"author":705,"featured_media":240733,"comment_status":"open","ping_status":"closed","sticky":false,"template":"","format":"standard","meta":{"om_disable_all_campaigns":false,"push_articles_ronaldo":{"active":false,"canonical":0,"publish":false},"force_updates":null},"categories":[8062],"tags":[53,6844,588],"enet_tags":{"team":["8595"],"player":["315032"],"league":["46"],"sport_events":[3389102]},"yoast_head":"<!-- This site is optimized with the Yoast SEO plugin v18.3 - https:\/\/yoast.com\/wordpress\/plugins\/seo\/ -->\n<title>Stor undren: Br\u00f8ndby-stjerne ude af truppen til FCM-kamp<\/title>\n<meta name=\"description\" content=\"Br\u00f8ndby IF har af uforklarlige \u00e5rsager ikke Simon Hedlund med til l\u00f8rdagens Superliga-brag mod mestrene fra FC Midtjylland\" \/>\n<meta name=\"robots\" content=\"index, follow, max-snippet:-1, max-image-preview:large, max-video-preview:-1\" \/>\n<link rel=\"canonical\" href=\"https:\/\/acefootball.com\/da\/fodboldnyheder\/stor-undren-broendby-stjerne-ude-af-truppen-til-fcm-kamp\/\" \/>\n<meta property=\"og:locale\" content=\"en_US\" \/>\n<meta property=\"og:type\" content=\"article\" \/>\n<meta property=\"og:title\" content=\"Stor undren: Br\u00f8ndby-stjerne ude af truppen til FCM-kamp\" \/>\n<meta property=\"og:description\" content=\"Br\u00f8ndby IF har af uforklarlige \u00e5rsager ikke Simon Hedlund med til l\u00f8rdagens Superliga-brag mod mestrene fra FC Midtjylland\" \/>\n<meta property=\"og:url\" content=\"https:\/\/acefootball.com\/da\/fodboldnyheder\/stor-undren-broendby-stjerne-ude-af-truppen-til-fcm-kamp\/\" \/>\n<meta property=\"og:site_name\" content=\"Ace Football Danmark\" \/>\n<meta property=\"article:publisher\" content=\"https:\/\/www.facebook.com\/acefootballdk\" \/>\n<meta property=\"article:published_time\" content=\"2020-10-24T10:37:44+00:00\" \/>\n<meta property=\"article:modified_time\" content=\"2020-10-24T10:42:30+00:00\" \/>\n<meta property=\"og:image\" content=\"https:\/\/acefootball.com\/da\/wp-content\/uploads\/sites\/2\/2020\/10\/GettyImages-1228747038.jpg\" \/>\n\t<meta property=\"og:image:width\" content=\"1024\" \/>\n\t<meta property=\"og:image:height\" content=\"690\" \/>\n\t<meta property=\"og:image:type\" content=\"image\/jpeg\" \/>\n<meta name=\"twitter:card\" content=\"summary_large_image\" \/>\n<meta name=\"twitter:label1\" content=\"Written by\" \/>\n\t<meta name=\"twitter:data1\" content=\"Mads Dreyer\" \/>\n\t<meta name=\"twitter:label2\" content=\"Est. reading time\" \/>\n\t<meta name=\"twitter:data2\" content=\"1 minute\" \/>\n<script type=\"application\/ld+json\" class=\"yoast-schema-graph\">{\"@context\":\"https:\/\/schema.org\",\"@graph\":[{\"@type\":\"Organization\",\"@id\":\"https:\/\/acefootball.com\/da\/#organization\",\"name\":\"Ace Football\",\"url\":\"https:\/\/acefootball.com\/da\/\",\"sameAs\":[\"https:\/\/www.facebook.com\/acefootballdk\"],\"logo\":{\"@type\":\"ImageObject\",\"@id\":\"https:\/\/acefootball.com\/da\/#logo\",\"inLanguage\":\"en-US\",\"url\":\"https:\/\/acefootball.com\/da\/wp-content\/uploads\/sites\/2\/2020\/07\/Ace-Football-30-07-2020-2.png\",\"contentUrl\":\"https:\/\/acefootball.com\/da\/wp-content\/uploads\/sites\/2\/2020\/07\/Ace-Football-30-07-2020-2.png\",\"width\":1200,\"height\":600,\"caption\":\"Ace Football\"},\"image\":{\"@id\":\"https:\/\/acefootball.com\/da\/#logo\"}},{\"@type\":\"WebSite\",\"@id\":\"https:\/\/acefootball.com\/da\/#website\",\"url\":\"https:\/\/acefootball.com\/da\/\",\"name\":\"Ace Football Danmark\",\"description\":\"Nyheder, Spiltips &amp; Livescore\",\"publisher\":{\"@id\":\"https:\/\/acefootball.com\/da\/#organization\"},\"potentialAction\":[{\"@type\":\"SearchAction\",\"target\":{\"@type\":\"EntryPoint\",\"urlTemplate\":\"https:\/\/acefootball.com\/da\/?s={search_term_string}\"},\"query-input\":\"required name=search_term_string\"}],\"inLanguage\":\"en-US\"},{\"@type\":\"ImageObject\",\"@id\":\"https:\/\/acefootball.com\/da\/fodboldnyheder\/stor-undren-broendby-stjerne-ude-af-truppen-til-fcm-kamp\/#primaryimage\",\"inLanguage\":\"en-US\",\"url\":\"https:\/\/acefootball.com\/da\/wp-content\/uploads\/sites\/2\/2020\/10\/GettyImages-1228747038.jpg\",\"contentUrl\":\"https:\/\/acefootball.com\/da\/wp-content\/uploads\/sites\/2\/2020\/10\/GettyImages-1228747038.jpg\",\"width\":1024,\"height\":690,\"caption\":\"BRONDBY, DENMARK - SEPTEMBER 27: Jesper Lindstrom and Simon Hedlund of Brondby IF celebrate after scoring their second goal during the Danish 3F Superliga match between Brondby IF and AC Horsens at Brondby Stadion on September 27, 2020 in Brondby, Denmark. (Photo by Lars Ronbog \/ FrontZoneSport via Getty Images)\"},{\"@type\":\"WebPage\",\"@id\":\"https:\/\/acefootball.com\/da\/fodboldnyheder\/stor-undren-broendby-stjerne-ude-af-truppen-til-fcm-kamp\/#webpage\",\"url\":\"https:\/\/acefootball.com\/da\/fodboldnyheder\/stor-undren-broendby-stjerne-ude-af-truppen-til-fcm-kamp\/\",\"name\":\"Stor undren: Br\u00f8ndby-stjerne ude af truppen til FCM-kamp\",\"isPartOf\":{\"@id\":\"https:\/\/acefootball.com\/da\/#website\"},\"primaryImageOfPage\":{\"@id\":\"https:\/\/acefootball.com\/da\/fodboldnyheder\/stor-undren-broendby-stjerne-ude-af-truppen-til-fcm-kamp\/#primaryimage\"},\"datePublished\":\"2020-10-24T10:37:44+00:00\",\"dateModified\":\"2020-10-24T10:42:30+00:00\",\"description\":\"Br\u00f8ndby IF har af uforklarlige \u00e5rsager ikke Simon Hedlund med til l\u00f8rdagens Superliga-brag mod mestrene fra FC Midtjylland\",\"breadcrumb\":{\"@id\":\"https:\/\/acefootball.com\/da\/fodboldnyheder\/stor-undren-broendby-stjerne-ude-af-truppen-til-fcm-kamp\/#breadcrumb\"},\"inLanguage\":\"en-US\",\"potentialAction\":[{\"@type\":\"ReadAction\",\"target\":[\"https:\/\/acefootball.com\/da\/fodboldnyheder\/stor-undren-broendby-stjerne-ude-af-truppen-til-fcm-kamp\/\"]}]},{\"@type\":\"BreadcrumbList\",\"@id\":\"https:\/\/acefootball.com\/da\/fodboldnyheder\/stor-undren-broendby-stjerne-ude-af-truppen-til-fcm-kamp\/#breadcrumb\",\"itemListElement\":[{\"@type\":\"ListItem\",\"position\":1,\"name\":\"Home\",\"item\":\"https:\/\/acefootball.com\/da\/\"},{\"@type\":\"ListItem\",\"position\":2,\"name\":\"Stor undren: Br\u00f8ndby-stjerne ude af truppen til FCM-kamp\"}]},{\"@type\":\"Article\",\"@id\":\"https:\/\/acefootball.com\/da\/fodboldnyheder\/stor-undren-broendby-stjerne-ude-af-truppen-til-fcm-kamp\/#article\",\"isPartOf\":{\"@id\":\"https:\/\/acefootball.com\/da\/fodboldnyheder\/stor-undren-broendby-stjerne-ude-af-truppen-til-fcm-kamp\/#webpage\"},\"author\":{\"@id\":\"https:\/\/acefootball.com\/da\/#\/schema\/person\/ee67e9cf04a276f144100ffa722f10cd\"},\"headline\":\"Stor undren: Br\u00f8ndby-stjerne ude af truppen til FCM-kamp\",\"datePublished\":\"2020-10-24T10:37:44+00:00\",\"dateModified\":\"2020-10-24T10:42:30+00:00\",\"mainEntityOfPage\":{\"@id\":\"https:\/\/acefootball.com\/da\/fodboldnyheder\/stor-undren-broendby-stjerne-ude-af-truppen-til-fcm-kamp\/#webpage\"},\"wordCount\":185,\"commentCount\":0,\"publisher\":{\"@id\":\"https:\/\/acefootball.com\/da\/#organization\"},\"image\":{\"@id\":\"https:\/\/acefootball.com\/da\/fodboldnyheder\/stor-undren-broendby-stjerne-ude-af-truppen-til-fcm-kamp\/#primaryimage\"},\"thumbnailUrl\":\"https:\/\/acefootball.com\/da\/wp-content\/uploads\/sites\/2\/2020\/10\/GettyImages-1228747038.jpg\",\"keywords\":[\"Br\u00f8ndby IF\",\"Simon Hedlund\",\"Superligaen\"],\"articleSection\":[\"Kamp\"],\"inLanguage\":\"en-US\",\"potentialAction\":[{\"@type\":\"CommentAction\",\"name\":\"Comment\",\"target\":[\"https:\/\/acefootball.com\/da\/fodboldnyheder\/stor-undren-broendby-stjerne-ude-af-truppen-til-fcm-kamp\/#respond\"]}]},{\"@type\":\"Person\",\"@id\":\"https:\/\/acefootball.com\/da\/#\/schema\/person\/ee67e9cf04a276f144100ffa722f10cd\",\"name\":\"Mads Dreyer\",\"image\":{\"@type\":\"ImageObject\",\"@id\":\"https:\/\/acefootball.com\/da\/#personlogo\",\"inLanguage\":\"en-US\",\"url\":\"https:\/\/secure.gravatar.com\/avatar\/7c7abf72cfde9902b6a60efe60c88d4c?s=96&d=mm&r=g\",\"contentUrl\":\"https:\/\/secure.gravatar.com\/avatar\/7c7abf72cfde9902b6a60efe60c88d4c?s=96&d=mm&r=g\",\"caption\":\"Mads Dreyer\"},\"description\":\"Skribent og fodboldn\u00f8rd, der lige nu fort\u00e6ller om alt og intet i fodboldverdenen p\u00e5 acefootball.com. Uddannet i kommunikation fra Aalborg Universitet.\",\"sameAs\":[\"https:\/\/www.linkedin.com\/in\/mads-dreyer-b9b08266\/\"],\"url\":\"https:\/\/acefootball.com\/da\/fodboldnyheder\/author\/mdnronaldo\/\"}]}<\/script>\n<!-- \/ Yoast SEO plugin. -->","yoast_head_json":{"title":"Stor undren: Br\u00f8ndby-stjerne ude af truppen til FCM-kamp","description":"Br\u00f8ndby IF har af uforklarlige \u00e5rsager ikke Simon Hedlund med til l\u00f8rdagens Superliga-brag mod mestrene fra FC Midtjylland","robots":{"index":"index","follow":"follow","max-snippet":"max-snippet:-1","max-image-preview":"max-image-preview:large","max-video-preview":"max-video-preview:-1"},"canonical":"https:\/\/acefootball.com\/da\/fodboldnyheder\/stor-undren-broendby-stjerne-ude-af-truppen-til-fcm-kamp\/","og_locale":"en_US","og_type":"article","og_title":"Stor undren: Br\u00f8ndby-stjerne ude af truppen til FCM-kamp","og_description":"Br\u00f8ndby IF har af uforklarlige \u00e5rsager ikke Simon Hedlund med til l\u00f8rdagens Superliga-brag mod mestrene fra FC Midtjylland","og_url":"https:\/\/acefootball.com\/da\/fodboldnyheder\/stor-undren-broendby-stjerne-ude-af-truppen-til-fcm-kamp\/","og_site_name":"Ace Football Danmark","article_publisher":"https:\/\/www.facebook.com\/acefootballdk","article_published_time":"2020-10-24T10:37:44+00:00","article_modified_time":"2020-10-24T10:42:30+00:00","og_image":[{"width":1024,"height":690,"url":"https:\/\/acefootball.com\/da\/wp-content\/uploads\/sites\/2\/2020\/10\/GettyImages-1228747038.jpg","type":"image\/jpeg"}],"twitter_card":"summary_large_image","twitter_misc":{"Written by":"Mads Dreyer","Est. reading time":"1 minute"},"schema":{"@context":"https:\/\/schema.org","@graph":[{"@type":"Organization","@id":"https:\/\/acefootball.com\/da\/#organization","name":"Ace Football","url":"https:\/\/acefootball.com\/da\/","sameAs":["https:\/\/www.facebook.com\/acefootballdk"],"logo":{"@type":"ImageObject","@id":"https:\/\/acefootball.com\/da\/#logo","inLanguage":"en-US","url":"https:\/\/acefootball.com\/da\/wp-content\/uploads\/sites\/2\/2020\/07\/Ace-Football-30-07-2020-2.png","contentUrl":"https:\/\/acefootball.com\/da\/wp-content\/uploads\/sites\/2\/2020\/07\/Ace-Football-30-07-2020-2.png","width":1200,"height":600,"caption":"Ace Football"},"image":{"@id":"https:\/\/acefootball.com\/da\/#logo"}},{"@type":"WebSite","@id":"https:\/\/acefootball.com\/da\/#website","url":"https:\/\/acefootball.com\/da\/","name":"Ace Football Danmark","description":"Nyheder, Spiltips &amp; Livescore","publisher":{"@id":"https:\/\/acefootball.com\/da\/#organization"},"potentialAction":[{"@type":"SearchAction","target":{"@type":"EntryPoint","urlTemplate":"https:\/\/acefootball.com\/da\/?s={search_term_string}"},"query-input":"required name=search_term_string"}],"inLanguage":"en-US"},{"@type":"ImageObject","@id":"https:\/\/acefootball.com\/da\/fodboldnyheder\/stor-undren-broendby-stjerne-ude-af-truppen-til-fcm-kamp\/#primaryimage","inLanguage":"en-US","url":"https:\/\/acefootball.com\/da\/wp-content\/uploads\/sites\/2\/2020\/10\/GettyImages-1228747038.jpg","contentUrl":"https:\/\/acefootball.com\/da\/wp-content\/uploads\/sites\/2\/2020\/10\/GettyImages-1228747038.jpg","width":1024,"height":690,"caption":"BRONDBY, DENMARK - SEPTEMBER 27: Jesper Lindstrom and Simon Hedlund of Brondby IF celebrate after scoring their second goal during the Danish 3F Superliga match between Brondby IF and AC Horsens at Brondby Stadion on September 27, 2020 in Brondby, Denmark. (Photo by Lars Ronbog \/ FrontZoneSport via Getty Images)"},{"@type":"WebPage","@id":"https:\/\/acefootball.com\/da\/fodboldnyheder\/stor-undren-broendby-stjerne-ude-af-truppen-til-fcm-kamp\/#webpage","url":"https:\/\/acefootball.com\/da\/fodboldnyheder\/stor-undren-broendby-stjerne-ude-af-truppen-til-fcm-kamp\/","name":"Stor undren: Br\u00f8ndby-stjerne ude af truppen til FCM-kamp","isPartOf":{"@id":"https:\/\/acefootball.com\/da\/#website"},"primaryImageOfPage":{"@id":"https:\/\/acefootball.com\/da\/fodboldnyheder\/stor-undren-broendby-stjerne-ude-af-truppen-til-fcm-kamp\/#primaryimage"},"datePublished":"2020-10-24T10:37:44+00:00","dateModified":"2020-10-24T10:42:30+00:00","description":"Br\u00f8ndby IF har af uforklarlige \u00e5rsager ikke Simon Hedlund med til l\u00f8rdagens Superliga-brag mod mestrene fra FC Midtjylland","breadcrumb":{"@id":"https:\/\/acefootball.com\/da\/fodboldnyheder\/stor-undren-broendby-stjerne-ude-af-truppen-til-fcm-kamp\/#breadcrumb"},"inLanguage":"en-US","potentialAction":[{"@type":"ReadAction","target":["https:\/\/acefootball.com\/da\/fodboldnyheder\/stor-undren-broendby-stjerne-ude-af-truppen-til-fcm-kamp\/"]}]},{"@type":"BreadcrumbList","@id":"https:\/\/acefootball.com\/da\/fodboldnyheder\/stor-undren-broendby-stjerne-ude-af-truppen-til-fcm-kamp\/#breadcrumb","itemListElement":[{"@type":"ListItem","position":1,"name":"Home","item":"https:\/\/acefootball.com\/da\/"},{"@type":"ListItem","position":2,"name":"Stor undren: Br\u00f8ndby-stjerne ude af truppen til FCM-kamp"}]},{"@type":"Article","@id":"https:\/\/acefootball.com\/da\/fodboldnyheder\/stor-undren-broendby-stjerne-ude-af-truppen-til-fcm-kamp\/#article","isPartOf":{"@id":"https:\/\/acefootball.com\/da\/fodboldnyheder\/stor-undren-broendby-stjerne-ude-af-truppen-til-fcm-kamp\/#webpage"},"author":{"@id":"https:\/\/acefootball.com\/da\/#\/schema\/person\/ee67e9cf04a276f144100ffa722f10cd"},"headline":"Stor undren: Br\u00f8ndby-stjerne ude af truppen til FCM-kamp","datePublished":"2020-10-24T10:37:44+00:00","dateModified":"2020-10-24T10:42:30+00:00","mainEntityOfPage":{"@id":"https:\/\/acefootball.com\/da\/fodboldnyheder\/stor-undren-broendby-stjerne-ude-af-truppen-til-fcm-kamp\/#webpage"},"wordCount":185,"commentCount":0,"publisher":{"@id":"https:\/\/acefootball.com\/da\/#organization"},"image":{"@id":"https:\/\/acefootball.com\/da\/fodboldnyheder\/stor-undren-broendby-stjerne-ude-af-truppen-til-fcm-kamp\/#primaryimage"},"thumbnailUrl":"https:\/\/acefootball.com\/da\/wp-content\/uploads\/sites\/2\/2020\/10\/GettyImages-1228747038.jpg","keywords":["Br\u00f8ndby IF","Simon Hedlund","Superligaen"],"articleSection":["Kamp"],"inLanguage":"en-US","potentialAction":[{"@type":"CommentAction","name":"Comment","target":["https:\/\/acefootball.com\/da\/fodboldnyheder\/stor-undren-broendby-stjerne-ude-af-truppen-til-fcm-kamp\/#respond"]}]},{"@type":"Person","@id":"https:\/\/acefootball.com\/da\/#\/schema\/person\/ee67e9cf04a276f144100ffa722f10cd","name":"Mads Dreyer","image":{"@type":"ImageObject","@id":"https:\/\/acefootball.com\/da\/#personlogo","inLanguage":"en-US","url":"https:\/\/secure.gravatar.com\/avatar\/7c7abf72cfde9902b6a60efe60c88d4c?s=96&d=mm&r=g","contentUrl":"https:\/\/secure.gravatar.com\/avatar\/7c7abf72cfde9902b6a60efe60c88d4c?s=96&d=mm&r=g","caption":"Mads Dreyer"},"description":"Skribent og fodboldn\u00f8rd, der lige nu fort\u00e6ller om alt og intet i fodboldverdenen p\u00e5 acefootball.com. Uddannet i kommunikation fra Aalborg Universitet.","sameAs":["https:\/\/www.linkedin.com\/in\/mads-dreyer-b9b08266\/"],"url":"https:\/\/acefootball.com\/da\/fodboldnyheder\/author\/mdnronaldo\/"}]}},"fimg_url":"https:\/\/acefootball.com\/da\/wp-content\/uploads\/sites\/2\/2020\/10\/GettyImages-1228747038.jpg","_links":{"self":[{"href":"https:\/\/acefootball.com\/da\/wp-json\/wp\/v2\/posts\/241244"}],"collection":[{"href":"https:\/\/acefootball.com\/da\/wp-json\/wp\/v2\/posts"}],"about":[{"href":"https:\/\/acefootball.com\/da\/wp-json\/wp\/v2\/types\/post"}],"author":[{"embeddable":true,"href":"https:\/\/acefootball.com\/da\/wp-json\/wp\/v2\/users\/705"}],"replies":[{"embeddable":true,"href":"https:\/\/acefootball.com\/da\/wp-json\/wp\/v2\/comments?post=241244"}],"version-history":[{"count":0,"href":"https:\/\/acefootball.com\/da\/wp-json\/wp\/v2\/posts\/241244\/revisions"}],"wp:featuredmedia":[{"embeddable":true,"href":"https:\/\/acefootball.com\/da\/wp-json\/wp\/v2\/media\/240733"}],"wp:attachment":[{"href":"https:\/\/acefootball.com\/da\/wp-json\/wp\/v2\/media?parent=241244"}],"wp:term":[{"taxonomy":"category","embeddable":true,"href":"https:\/\/acefootball.com\/da\/wp-json\/wp\/v2\/categories?post=241244"},{"taxonomy":"post_tag","embeddable":true,"href":"https:\/\/acefootball.com\/da\/wp-json\/wp\/v2\/tags?post=241244"}],"curies":[{"name":"wp","href":"https:\/\/api.w.org\/{rel}","templated":true}]}}