{"id":241219,"date":"2020-10-23T18:43:48","date_gmt":"2020-10-23T16:43:48","guid":{"rendered":"https:\/\/acefootball.com\/da\/?p=241219"},"modified":"2020-10-23T18:44:15","modified_gmt":"2020-10-23T16:44:15","slug":"fc-midtjylland-indkoeb-kan-faa-debut-mod-broendby","status":"publish","type":"post","link":"https:\/\/acefootball.com\/da\/fodboldnyheder\/fc-midtjylland-indkoeb-kan-faa-debut-mod-broendby\/","title":{"rendered":"FC Midtjylland-indk\u00f8b kan f\u00e5 debut mod Br\u00f8ndby"},"content":{"rendered":"\n<h2 id=\"h-n-r-fc-midtjylland-l-rdag-g-ster-br-ndby-stadion-kan-den-tyske-angriber-luca-pfeiffer-er-luca-pfeiffer-for-f-rste-gang-med-i-truppen\">N\u00e5r FC Midtjylland l\u00f8rdag g\u00e6ster Br\u00f8ndby Stadion, kan den tyske angriber Luca Pfeiffer er Luca Pfeiffer for f\u00f8rste gang med i truppen<\/h2>\n\n\n\n<div class=\"wp-block-si-widget wp-block-si-widget--center\"><si-lb-widget widget-id=\"MatchInfoWithOdds\" data-nopadding=\"true\" data-card=\"true\" width=\"440\" data-event-id=\"3389102\" data-provider=\"mrgreen\" data-theme-appearance=\"dark\"><\/si-lb-widget><\/div>\n\n\n\n<p>I de d\u00f8ende minutter af det forgangne transfervindue hentede FC Midtjylland den store tyske angriber Luca Pfeiffer som supplement til Ulvenes angreb. <\/p>\n\n\n\n<p>Indtil nu har han blot set til fra tribunen, men l\u00f8rdag er han med i truppen, n\u00e5r de danske mestre spiller ude mod Br\u00f8ndby. <\/p>\n\n\n\n<p>Cheftr\u00e6ner Brian Priske har desuden valgt at se bort fra Awer Mabil, som efter alt at d\u00f8mme f\u00e5r en pause inden midtugens Champions League-brag mod Liverpool.<\/p>\n\n\n\n<p>Du kan se hele FC Midtjylland trup til kampen mod Br\u00f8ndby her:<\/p>\n\n\n\n<p>1. Jesper Hansen<br>2. Dion Cools<br>6. Joel Andersson<br>7. Pione Sisto<br>9. Sory Kaba<br>10. Evander<br>14. Alexander Scholz<br>15. Bozhidar Kraev<br>25. Manjrekar James<br>28. Erik Sviatchenko<br>29. Paulinho<br>31. Mikkel Andersen<br>33. Luca Pfeiffer<br>34. Mikael Anderson<br>36. Anders Dreyer<br>38. Frank Onyeka<br>40. Jens-Lys Cajuste<br>45. Gustav Isaksen<\/p>\n\n\n\n<p>Har du planer om at spille p\u00e5 kampen, kan du med fordel overveje at g\u00f8re det via Mr Green, som tilbyder en flot velkomstbonus til alle nye spillere. Opret en konto via grafikken nedenfor for at f\u00e5 fingre i bonussen.<\/p>\n\n\n\n<div class=\"wp-block-si-widget wp-block-si-widget--center\"><si-lb-widget widget-id=\"SignUpWidget\" width=\"600\" data-provider=\"mrgreen\" data-theme-appearance=\"dark\"><\/si-lb-widget><\/div>\n\n\n\n<p><\/p>\n","protected":false},"excerpt":{"rendered":"<p>N\u00e5r FC Midtjylland l\u00f8rdag g\u00e6ster Br\u00f8ndby Stadion, kan den tyske angriber Luca Pfeiffer er Luca Pfeiffer for f\u00f8rste gang med i truppen<\/p>\n","protected":false},"author":347,"featured_media":241220,"comment_status":"open","ping_status":"closed","sticky":false,"template":"","format":"standard","meta":{"om_disable_all_campaigns":false,"push_articles_ronaldo":{"active":false,"canonical":0,"publish":false},"force_updates":null},"categories":[8062],"tags":[53,51,588],"enet_tags":{"team":["8595","8113"],"league":["46"],"sport_events":[3389102]},"yoast_head":"<!-- This site is optimized with the Yoast SEO plugin v18.3 - https:\/\/yoast.com\/wordpress\/plugins\/seo\/ -->\n<title>FC Midtjylland-indk\u00f8b kan f\u00e5 debut mod Br\u00f8ndby<\/title>\n<meta name=\"description\" content=\"N\u00e5r FC Midtjylland l\u00f8rdag g\u00e6ster Br\u00f8ndby Stadion, kan den tyske angriber Luca Pfeiffer er Luca Pfeiffer for f\u00f8rste gang med i truppen\" \/>\n<meta name=\"robots\" content=\"index, follow, max-snippet:-1, max-image-preview:large, max-video-preview:-1\" \/>\n<link rel=\"canonical\" href=\"https:\/\/acefootball.com\/da\/fodboldnyheder\/fc-midtjylland-indkoeb-kan-faa-debut-mod-broendby\/\" \/>\n<meta property=\"og:locale\" content=\"en_US\" \/>\n<meta property=\"og:type\" content=\"article\" \/>\n<meta property=\"og:title\" content=\"FC Midtjylland-indk\u00f8b kan f\u00e5 debut mod Br\u00f8ndby\" \/>\n<meta property=\"og:description\" content=\"N\u00e5r FC Midtjylland l\u00f8rdag g\u00e6ster Br\u00f8ndby Stadion, kan den tyske angriber Luca Pfeiffer er Luca Pfeiffer for f\u00f8rste gang med i truppen\" \/>\n<meta property=\"og:url\" content=\"https:\/\/acefootball.com\/da\/fodboldnyheder\/fc-midtjylland-indkoeb-kan-faa-debut-mod-broendby\/\" \/>\n<meta property=\"og:site_name\" content=\"Ace Football Danmark\" \/>\n<meta property=\"article:publisher\" content=\"https:\/\/www.facebook.com\/acefootballdk\" \/>\n<meta property=\"article:published_time\" content=\"2020-10-23T16:43:48+00:00\" \/>\n<meta property=\"article:modified_time\" content=\"2020-10-23T16:44:15+00:00\" \/>\n<meta property=\"og:image\" content=\"https:\/\/acefootball.com\/da\/wp-content\/uploads\/sites\/2\/2020\/10\/pfeiffer-1536x1152-1.jpg\" \/>\n\t<meta property=\"og:image:width\" content=\"1536\" \/>\n\t<meta property=\"og:image:height\" content=\"1152\" \/>\n\t<meta property=\"og:image:type\" content=\"image\/jpeg\" \/>\n<meta name=\"twitter:card\" content=\"summary_large_image\" \/>\n<meta name=\"twitter:label1\" content=\"Written by\" \/>\n\t<meta name=\"twitter:data1\" content=\"Nicolaj M. J\u00f8rgensen\" \/>\n\t<meta name=\"twitter:label2\" content=\"Est. reading time\" \/>\n\t<meta name=\"twitter:data2\" content=\"1 minute\" \/>\n<script type=\"application\/ld+json\" class=\"yoast-schema-graph\">{\"@context\":\"https:\/\/schema.org\",\"@graph\":[{\"@type\":\"Organization\",\"@id\":\"https:\/\/acefootball.com\/da\/#organization\",\"name\":\"Ace Football\",\"url\":\"https:\/\/acefootball.com\/da\/\",\"sameAs\":[\"https:\/\/www.facebook.com\/acefootballdk\"],\"logo\":{\"@type\":\"ImageObject\",\"@id\":\"https:\/\/acefootball.com\/da\/#logo\",\"inLanguage\":\"en-US\",\"url\":\"https:\/\/acefootball.com\/da\/wp-content\/uploads\/sites\/2\/2020\/07\/Ace-Football-30-07-2020-2.png\",\"contentUrl\":\"https:\/\/acefootball.com\/da\/wp-content\/uploads\/sites\/2\/2020\/07\/Ace-Football-30-07-2020-2.png\",\"width\":1200,\"height\":600,\"caption\":\"Ace Football\"},\"image\":{\"@id\":\"https:\/\/acefootball.com\/da\/#logo\"}},{\"@type\":\"WebSite\",\"@id\":\"https:\/\/acefootball.com\/da\/#website\",\"url\":\"https:\/\/acefootball.com\/da\/\",\"name\":\"Ace Football Danmark\",\"description\":\"Nyheder, Spiltips &amp; Livescore\",\"publisher\":{\"@id\":\"https:\/\/acefootball.com\/da\/#organization\"},\"potentialAction\":[{\"@type\":\"SearchAction\",\"target\":{\"@type\":\"EntryPoint\",\"urlTemplate\":\"https:\/\/acefootball.com\/da\/?s={search_term_string}\"},\"query-input\":\"required name=search_term_string\"}],\"inLanguage\":\"en-US\"},{\"@type\":\"ImageObject\",\"@id\":\"https:\/\/acefootball.com\/da\/fodboldnyheder\/fc-midtjylland-indkoeb-kan-faa-debut-mod-broendby\/#primaryimage\",\"inLanguage\":\"en-US\",\"url\":\"https:\/\/acefootball.com\/da\/wp-content\/uploads\/sites\/2\/2020\/10\/pfeiffer-1536x1152-1.jpg\",\"contentUrl\":\"https:\/\/acefootball.com\/da\/wp-content\/uploads\/sites\/2\/2020\/10\/pfeiffer-1536x1152-1.jpg\",\"width\":1536,\"height\":1152,\"caption\":\"Foto: FCM.dk\"},{\"@type\":\"WebPage\",\"@id\":\"https:\/\/acefootball.com\/da\/fodboldnyheder\/fc-midtjylland-indkoeb-kan-faa-debut-mod-broendby\/#webpage\",\"url\":\"https:\/\/acefootball.com\/da\/fodboldnyheder\/fc-midtjylland-indkoeb-kan-faa-debut-mod-broendby\/\",\"name\":\"FC Midtjylland-indk\u00f8b kan f\u00e5 debut mod Br\u00f8ndby\",\"isPartOf\":{\"@id\":\"https:\/\/acefootball.com\/da\/#website\"},\"primaryImageOfPage\":{\"@id\":\"https:\/\/acefootball.com\/da\/fodboldnyheder\/fc-midtjylland-indkoeb-kan-faa-debut-mod-broendby\/#primaryimage\"},\"datePublished\":\"2020-10-23T16:43:48+00:00\",\"dateModified\":\"2020-10-23T16:44:15+00:00\",\"description\":\"N\u00e5r FC Midtjylland l\u00f8rdag g\u00e6ster Br\u00f8ndby Stadion, kan den tyske angriber Luca Pfeiffer er Luca Pfeiffer for f\u00f8rste gang med i truppen\",\"breadcrumb\":{\"@id\":\"https:\/\/acefootball.com\/da\/fodboldnyheder\/fc-midtjylland-indkoeb-kan-faa-debut-mod-broendby\/#breadcrumb\"},\"inLanguage\":\"en-US\",\"potentialAction\":[{\"@type\":\"ReadAction\",\"target\":[\"https:\/\/acefootball.com\/da\/fodboldnyheder\/fc-midtjylland-indkoeb-kan-faa-debut-mod-broendby\/\"]}]},{\"@type\":\"BreadcrumbList\",\"@id\":\"https:\/\/acefootball.com\/da\/fodboldnyheder\/fc-midtjylland-indkoeb-kan-faa-debut-mod-broendby\/#breadcrumb\",\"itemListElement\":[{\"@type\":\"ListItem\",\"position\":1,\"name\":\"Home\",\"item\":\"https:\/\/acefootball.com\/da\/\"},{\"@type\":\"ListItem\",\"position\":2,\"name\":\"FC Midtjylland-indk\u00f8b kan f\u00e5 debut mod Br\u00f8ndby\"}]},{\"@type\":\"Article\",\"@id\":\"https:\/\/acefootball.com\/da\/fodboldnyheder\/fc-midtjylland-indkoeb-kan-faa-debut-mod-broendby\/#article\",\"isPartOf\":{\"@id\":\"https:\/\/acefootball.com\/da\/fodboldnyheder\/fc-midtjylland-indkoeb-kan-faa-debut-mod-broendby\/#webpage\"},\"author\":{\"@id\":\"https:\/\/acefootball.com\/da\/#\/schema\/person\/cc86c6803d8c93f30230e4dbed2a3844\"},\"headline\":\"FC Midtjylland-indk\u00f8b kan f\u00e5 debut mod Br\u00f8ndby\",\"datePublished\":\"2020-10-23T16:43:48+00:00\",\"dateModified\":\"2020-10-23T16:44:15+00:00\",\"mainEntityOfPage\":{\"@id\":\"https:\/\/acefootball.com\/da\/fodboldnyheder\/fc-midtjylland-indkoeb-kan-faa-debut-mod-broendby\/#webpage\"},\"wordCount\":203,\"commentCount\":0,\"publisher\":{\"@id\":\"https:\/\/acefootball.com\/da\/#organization\"},\"image\":{\"@id\":\"https:\/\/acefootball.com\/da\/fodboldnyheder\/fc-midtjylland-indkoeb-kan-faa-debut-mod-broendby\/#primaryimage\"},\"thumbnailUrl\":\"https:\/\/acefootball.com\/da\/wp-content\/uploads\/sites\/2\/2020\/10\/pfeiffer-1536x1152-1.jpg\",\"keywords\":[\"Br\u00f8ndby IF\",\"FC Midtjylland\",\"Superligaen\"],\"articleSection\":[\"Kamp\"],\"inLanguage\":\"en-US\",\"potentialAction\":[{\"@type\":\"CommentAction\",\"name\":\"Comment\",\"target\":[\"https:\/\/acefootball.com\/da\/fodboldnyheder\/fc-midtjylland-indkoeb-kan-faa-debut-mod-broendby\/#respond\"]}]},{\"@type\":\"Person\",\"@id\":\"https:\/\/acefootball.com\/da\/#\/schema\/person\/cc86c6803d8c93f30230e4dbed2a3844\",\"name\":\"Nicolaj M. J\u00f8rgensen\",\"image\":{\"@type\":\"ImageObject\",\"@id\":\"https:\/\/acefootball.com\/da\/#personlogo\",\"inLanguage\":\"en-US\",\"url\":\"https:\/\/secure.gravatar.com\/avatar\/757fd92a7fd5c1d31c37aee3425e7f74?s=96&d=mm&r=g\",\"contentUrl\":\"https:\/\/secure.gravatar.com\/avatar\/757fd92a7fd5c1d31c37aee3425e7f74?s=96&d=mm&r=g\",\"caption\":\"Nicolaj M. J\u00f8rgensen\"},\"url\":\"https:\/\/acefootball.com\/da\/fodboldnyheder\/author\/nicolajmortenj\/\"}]}<\/script>\n<!-- \/ Yoast SEO plugin. -->","yoast_head_json":{"title":"FC Midtjylland-indk\u00f8b kan f\u00e5 debut mod Br\u00f8ndby","description":"N\u00e5r FC Midtjylland l\u00f8rdag g\u00e6ster Br\u00f8ndby Stadion, kan den tyske angriber Luca Pfeiffer er Luca Pfeiffer for f\u00f8rste gang med i truppen","robots":{"index":"index","follow":"follow","max-snippet":"max-snippet:-1","max-image-preview":"max-image-preview:large","max-video-preview":"max-video-preview:-1"},"canonical":"https:\/\/acefootball.com\/da\/fodboldnyheder\/fc-midtjylland-indkoeb-kan-faa-debut-mod-broendby\/","og_locale":"en_US","og_type":"article","og_title":"FC Midtjylland-indk\u00f8b kan f\u00e5 debut mod Br\u00f8ndby","og_description":"N\u00e5r FC Midtjylland l\u00f8rdag g\u00e6ster Br\u00f8ndby Stadion, kan den tyske angriber Luca Pfeiffer er Luca Pfeiffer for f\u00f8rste gang med i truppen","og_url":"https:\/\/acefootball.com\/da\/fodboldnyheder\/fc-midtjylland-indkoeb-kan-faa-debut-mod-broendby\/","og_site_name":"Ace Football Danmark","article_publisher":"https:\/\/www.facebook.com\/acefootballdk","article_published_time":"2020-10-23T16:43:48+00:00","article_modified_time":"2020-10-23T16:44:15+00:00","og_image":[{"width":1536,"height":1152,"url":"https:\/\/acefootball.com\/da\/wp-content\/uploads\/sites\/2\/2020\/10\/pfeiffer-1536x1152-1.jpg","type":"image\/jpeg"}],"twitter_card":"summary_large_image","twitter_misc":{"Written by":"Nicolaj M. J\u00f8rgensen","Est. reading time":"1 minute"},"schema":{"@context":"https:\/\/schema.org","@graph":[{"@type":"Organization","@id":"https:\/\/acefootball.com\/da\/#organization","name":"Ace Football","url":"https:\/\/acefootball.com\/da\/","sameAs":["https:\/\/www.facebook.com\/acefootballdk"],"logo":{"@type":"ImageObject","@id":"https:\/\/acefootball.com\/da\/#logo","inLanguage":"en-US","url":"https:\/\/acefootball.com\/da\/wp-content\/uploads\/sites\/2\/2020\/07\/Ace-Football-30-07-2020-2.png","contentUrl":"https:\/\/acefootball.com\/da\/wp-content\/uploads\/sites\/2\/2020\/07\/Ace-Football-30-07-2020-2.png","width":1200,"height":600,"caption":"Ace Football"},"image":{"@id":"https:\/\/acefootball.com\/da\/#logo"}},{"@type":"WebSite","@id":"https:\/\/acefootball.com\/da\/#website","url":"https:\/\/acefootball.com\/da\/","name":"Ace Football Danmark","description":"Nyheder, Spiltips &amp; Livescore","publisher":{"@id":"https:\/\/acefootball.com\/da\/#organization"},"potentialAction":[{"@type":"SearchAction","target":{"@type":"EntryPoint","urlTemplate":"https:\/\/acefootball.com\/da\/?s={search_term_string}"},"query-input":"required name=search_term_string"}],"inLanguage":"en-US"},{"@type":"ImageObject","@id":"https:\/\/acefootball.com\/da\/fodboldnyheder\/fc-midtjylland-indkoeb-kan-faa-debut-mod-broendby\/#primaryimage","inLanguage":"en-US","url":"https:\/\/acefootball.com\/da\/wp-content\/uploads\/sites\/2\/2020\/10\/pfeiffer-1536x1152-1.jpg","contentUrl":"https:\/\/acefootball.com\/da\/wp-content\/uploads\/sites\/2\/2020\/10\/pfeiffer-1536x1152-1.jpg","width":1536,"height":1152,"caption":"Foto: FCM.dk"},{"@type":"WebPage","@id":"https:\/\/acefootball.com\/da\/fodboldnyheder\/fc-midtjylland-indkoeb-kan-faa-debut-mod-broendby\/#webpage","url":"https:\/\/acefootball.com\/da\/fodboldnyheder\/fc-midtjylland-indkoeb-kan-faa-debut-mod-broendby\/","name":"FC Midtjylland-indk\u00f8b kan f\u00e5 debut mod Br\u00f8ndby","isPartOf":{"@id":"https:\/\/acefootball.com\/da\/#website"},"primaryImageOfPage":{"@id":"https:\/\/acefootball.com\/da\/fodboldnyheder\/fc-midtjylland-indkoeb-kan-faa-debut-mod-broendby\/#primaryimage"},"datePublished":"2020-10-23T16:43:48+00:00","dateModified":"2020-10-23T16:44:15+00:00","description":"N\u00e5r FC Midtjylland l\u00f8rdag g\u00e6ster Br\u00f8ndby Stadion, kan den tyske angriber Luca Pfeiffer er Luca Pfeiffer for f\u00f8rste gang med i truppen","breadcrumb":{"@id":"https:\/\/acefootball.com\/da\/fodboldnyheder\/fc-midtjylland-indkoeb-kan-faa-debut-mod-broendby\/#breadcrumb"},"inLanguage":"en-US","potentialAction":[{"@type":"ReadAction","target":["https:\/\/acefootball.com\/da\/fodboldnyheder\/fc-midtjylland-indkoeb-kan-faa-debut-mod-broendby\/"]}]},{"@type":"BreadcrumbList","@id":"https:\/\/acefootball.com\/da\/fodboldnyheder\/fc-midtjylland-indkoeb-kan-faa-debut-mod-broendby\/#breadcrumb","itemListElement":[{"@type":"ListItem","position":1,"name":"Home","item":"https:\/\/acefootball.com\/da\/"},{"@type":"ListItem","position":2,"name":"FC Midtjylland-indk\u00f8b kan f\u00e5 debut mod Br\u00f8ndby"}]},{"@type":"Article","@id":"https:\/\/acefootball.com\/da\/fodboldnyheder\/fc-midtjylland-indkoeb-kan-faa-debut-mod-broendby\/#article","isPartOf":{"@id":"https:\/\/acefootball.com\/da\/fodboldnyheder\/fc-midtjylland-indkoeb-kan-faa-debut-mod-broendby\/#webpage"},"author":{"@id":"https:\/\/acefootball.com\/da\/#\/schema\/person\/cc86c6803d8c93f30230e4dbed2a3844"},"headline":"FC Midtjylland-indk\u00f8b kan f\u00e5 debut mod Br\u00f8ndby","datePublished":"2020-10-23T16:43:48+00:00","dateModified":"2020-10-23T16:44:15+00:00","mainEntityOfPage":{"@id":"https:\/\/acefootball.com\/da\/fodboldnyheder\/fc-midtjylland-indkoeb-kan-faa-debut-mod-broendby\/#webpage"},"wordCount":203,"commentCount":0,"publisher":{"@id":"https:\/\/acefootball.com\/da\/#organization"},"image":{"@id":"https:\/\/acefootball.com\/da\/fodboldnyheder\/fc-midtjylland-indkoeb-kan-faa-debut-mod-broendby\/#primaryimage"},"thumbnailUrl":"https:\/\/acefootball.com\/da\/wp-content\/uploads\/sites\/2\/2020\/10\/pfeiffer-1536x1152-1.jpg","keywords":["Br\u00f8ndby IF","FC Midtjylland","Superligaen"],"articleSection":["Kamp"],"inLanguage":"en-US","potentialAction":[{"@type":"CommentAction","name":"Comment","target":["https:\/\/acefootball.com\/da\/fodboldnyheder\/fc-midtjylland-indkoeb-kan-faa-debut-mod-broendby\/#respond"]}]},{"@type":"Person","@id":"https:\/\/acefootball.com\/da\/#\/schema\/person\/cc86c6803d8c93f30230e4dbed2a3844","name":"Nicolaj M. J\u00f8rgensen","image":{"@type":"ImageObject","@id":"https:\/\/acefootball.com\/da\/#personlogo","inLanguage":"en-US","url":"https:\/\/secure.gravatar.com\/avatar\/757fd92a7fd5c1d31c37aee3425e7f74?s=96&d=mm&r=g","contentUrl":"https:\/\/secure.gravatar.com\/avatar\/757fd92a7fd5c1d31c37aee3425e7f74?s=96&d=mm&r=g","caption":"Nicolaj M. J\u00f8rgensen"},"url":"https:\/\/acefootball.com\/da\/fodboldnyheder\/author\/nicolajmortenj\/"}]}},"fimg_url":"https:\/\/acefootball.com\/da\/wp-content\/uploads\/sites\/2\/2020\/10\/pfeiffer-1536x1152-1.jpg","_links":{"self":[{"href":"https:\/\/acefootball.com\/da\/wp-json\/wp\/v2\/posts\/241219"}],"collection":[{"href":"https:\/\/acefootball.com\/da\/wp-json\/wp\/v2\/posts"}],"about":[{"href":"https:\/\/acefootball.com\/da\/wp-json\/wp\/v2\/types\/post"}],"author":[{"embeddable":true,"href":"https:\/\/acefootball.com\/da\/wp-json\/wp\/v2\/users\/347"}],"replies":[{"embeddable":true,"href":"https:\/\/acefootball.com\/da\/wp-json\/wp\/v2\/comments?post=241219"}],"version-history":[{"count":0,"href":"https:\/\/acefootball.com\/da\/wp-json\/wp\/v2\/posts\/241219\/revisions"}],"wp:featuredmedia":[{"embeddable":true,"href":"https:\/\/acefootball.com\/da\/wp-json\/wp\/v2\/media\/241220"}],"wp:attachment":[{"href":"https:\/\/acefootball.com\/da\/wp-json\/wp\/v2\/media?parent=241219"}],"wp:term":[{"taxonomy":"category","embeddable":true,"href":"https:\/\/acefootball.com\/da\/wp-json\/wp\/v2\/categories?post=241219"},{"taxonomy":"post_tag","embeddable":true,"href":"https:\/\/acefootball.com\/da\/wp-json\/wp\/v2\/tags?post=241219"}],"curies":[{"name":"wp","href":"https:\/\/api.w.org\/{rel}","templated":true}]}}