{"id":241167,"date":"2020-10-23T12:06:00","date_gmt":"2020-10-23T10:06:00","guid":{"rendered":"https:\/\/acefootball.com\/da\/?p=241167"},"modified":"2020-10-23T12:12:22","modified_gmt":"2020-10-23T10:12:22","slug":"fc-koebenhavn-nedjusterer-igen-de-oekonomiske-forventninger","status":"publish","type":"post","link":"https:\/\/acefootball.com\/da\/fodboldnyheder\/fc-koebenhavn-nedjusterer-igen-de-oekonomiske-forventninger\/","title":{"rendered":"FC K\u00f8benhavn nedjusterer igen de \u00f8konomiske forventninger"},"content":{"rendered":"\n<h2 id=\"h-fc-k-benhavn-har-s-nket-de-konomiske-forventninger-yderligere-s-man-nu-regner-med-et-minus-p-mellem-310-og-280-millioner-kroner\">FC K\u00f8benhavn har s\u00e6nket de \u00f8konomiske forventninger yderligere, s\u00e5 man nu regner med et minus p\u00e5 mellem -310 og -280 millioner kroner<\/h2>\n\n\n\n<p>Da FC K\u00f8benhavn r\u00f8g ud af Europa League-kvalifikationen, og dermed missede gruppespillet, fik det ledelsen i Parken Sport &amp; Entertainment til at nedjustere forventninger til koncernens \u00e5rsresultat til mellem -250 og -200 millioner kroner.<\/p>\n\n\n\n<p>Nu har man dog igen m\u00e5tte nedjustere forventningerne. Det oplyser klubben p\u00e5 sin <a href=\"https:\/\/www.fck.dk\/nyhed\/pse-nedjusterer-forventningerne-2020\" target=\"_blank\" rel=\"noreferrer noopener\">hjemmeside<\/a>.<\/p>\n\n\n\n<p>Denne gang har man skruet ned til en forventning om et resultat p\u00e5 mellem -310 og -280 millioner kroner, der prim\u00e6rt sker som f\u00f8lge af corona-restriktionerne.<\/p>\n\n\n\n<figure class=\"wp-block-embed-wordpress wp-block-embed is-type-wp-embed is-provider-ace-football-danmark\"><div class=\"wp-block-embed__wrapper\">\n<blockquote class=\"wp-embedded-content\" data-secret=\"794bUelD3s\"><a href=\"https:\/\/acefootball.com\/da\/fodboldnyheder\/fcm-boss-stikker-til-fck-cl-deltagelse-er-et-hold-kaeft-bolsje-til-dem-ovre-paa-oeen\/\">FCM-boss stikker til FCK: CL-deltagelse er et hold k\u00e6ft-bolsje til dem ovre p\u00e5 \u00f8en<\/a><\/blockquote><iframe class=\"wp-embedded-content\" sandbox=\"allow-scripts\" security=\"restricted\" style=\"position: absolute; clip: rect(1px, 1px, 1px, 1px);\" title=\"&#8220;FCM-boss stikker til FCK: CL-deltagelse er et hold k\u00e6ft-bolsje til dem ovre p\u00e5 \u00f8en&#8221; &#8212; Ace Football Danmark\" src=\"https:\/\/acefootball.com\/da\/fodboldnyheder\/fcm-boss-stikker-til-fck-cl-deltagelse-er-et-hold-kaeft-bolsje-til-dem-ovre-paa-oeen\/embed\/#?secret=794bUelD3s\" data-secret=\"794bUelD3s\" width=\"600\" height=\"338\" frameborder=\"0\" marginwidth=\"0\" marginheight=\"0\" scrolling=\"no\"><\/iframe>\n<\/div><\/figure>\n\n\n\n<p>&#8220;Med den seneste udmelding fra regeringen kan vi ikke forvente, at vi kan byde vores fans indenfor i Parken forel\u00f8big,&#8221; siger bestyrelsesformand Bo Rygaard.<\/p>\n\n\n\n<p>&#8220;Det er en trist og alvorlig udvikling for fodbolden i Danmark, og vi mener heller ikke, at der er evidens for n\u00f8dvendigheden af en s\u00e5 restriktiv tilgang. Vi har tv\u00e6rtimod bevist, at vi kan have op mod 8.000 tilskuere under sundhedsforsvarlige forhold. Jeg vil opfordre regeringen til at gent\u00e6nke beslutningen og vise vilje til im\u00f8dekommenhed.&#8221;<\/p>\n\n\n\n<p>Den seneste del\u00e5rsrapport bliver offentliggjort den 3. november, oplyser FC K\u00f8benhavn.<\/p>\n","protected":false},"excerpt":{"rendered":"<p>FC K\u00f8benhavn har s\u00e6nket de \u00f8konomiske forventninger yderligere, s\u00e5 man nu regner med et minus p\u00e5 mellem -310 og -280 millioner kroner<\/p>\n","protected":false},"author":705,"featured_media":239059,"comment_status":"open","ping_status":"closed","sticky":false,"template":"","format":"standard","meta":{"om_disable_all_campaigns":false,"push_articles_ronaldo":{"active":false,"canonical":0,"publish":false},"force_updates":null},"categories":[1],"tags":[16,588],"enet_tags":{"team":["8391"],"league":["46"],"sport_events":[]},"yoast_head":"<!-- This site is optimized with the Yoast SEO plugin v18.3 - https:\/\/yoast.com\/wordpress\/plugins\/seo\/ -->\n<title>FC K\u00f8benhavn nedjusterer igen de \u00f8konomiske forventninger<\/title>\n<meta name=\"description\" content=\"FC K\u00f8benhavn har s\u00e6nket de \u00f8konomiske forventninger yderligere, s\u00e5 man nu regner med et minus p\u00e5 mellem -310 og -280 millioner kroner\" \/>\n<meta name=\"robots\" content=\"index, follow, max-snippet:-1, max-image-preview:large, max-video-preview:-1\" \/>\n<link rel=\"canonical\" href=\"https:\/\/acefootball.com\/da\/fodboldnyheder\/fc-koebenhavn-nedjusterer-igen-de-oekonomiske-forventninger\/\" \/>\n<meta property=\"og:locale\" content=\"en_US\" \/>\n<meta property=\"og:type\" content=\"article\" \/>\n<meta property=\"og:title\" content=\"FC K\u00f8benhavn nedjusterer igen de \u00f8konomiske forventninger\" \/>\n<meta property=\"og:description\" content=\"FC K\u00f8benhavn har s\u00e6nket de \u00f8konomiske forventninger yderligere, s\u00e5 man nu regner med et minus p\u00e5 mellem -310 og -280 millioner kroner\" \/>\n<meta property=\"og:url\" content=\"https:\/\/acefootball.com\/da\/fodboldnyheder\/fc-koebenhavn-nedjusterer-igen-de-oekonomiske-forventninger\/\" \/>\n<meta property=\"og:site_name\" content=\"Ace Football Danmark\" \/>\n<meta property=\"article:publisher\" content=\"https:\/\/www.facebook.com\/acefootballdk\" \/>\n<meta property=\"article:published_time\" content=\"2020-10-23T10:06:00+00:00\" \/>\n<meta property=\"article:modified_time\" content=\"2020-10-23T10:12:22+00:00\" \/>\n<meta property=\"og:image\" content=\"https:\/\/acefootball.com\/da\/wp-content\/uploads\/sites\/2\/2020\/10\/GettyImages-1228833103.jpg\" \/>\n\t<meta property=\"og:image:width\" content=\"1024\" \/>\n\t<meta property=\"og:image:height\" content=\"631\" \/>\n\t<meta property=\"og:image:type\" content=\"image\/jpeg\" \/>\n<meta name=\"twitter:card\" content=\"summary_large_image\" \/>\n<meta name=\"twitter:label1\" content=\"Written by\" \/>\n\t<meta name=\"twitter:data1\" content=\"Mads Dreyer\" \/>\n\t<meta name=\"twitter:label2\" content=\"Est. reading time\" \/>\n\t<meta name=\"twitter:data2\" content=\"1 minute\" \/>\n<script type=\"application\/ld+json\" class=\"yoast-schema-graph\">{\"@context\":\"https:\/\/schema.org\",\"@graph\":[{\"@type\":\"Organization\",\"@id\":\"https:\/\/acefootball.com\/da\/#organization\",\"name\":\"Ace Football\",\"url\":\"https:\/\/acefootball.com\/da\/\",\"sameAs\":[\"https:\/\/www.facebook.com\/acefootballdk\"],\"logo\":{\"@type\":\"ImageObject\",\"@id\":\"https:\/\/acefootball.com\/da\/#logo\",\"inLanguage\":\"en-US\",\"url\":\"https:\/\/acefootball.com\/da\/wp-content\/uploads\/sites\/2\/2020\/07\/Ace-Football-30-07-2020-2.png\",\"contentUrl\":\"https:\/\/acefootball.com\/da\/wp-content\/uploads\/sites\/2\/2020\/07\/Ace-Football-30-07-2020-2.png\",\"width\":1200,\"height\":600,\"caption\":\"Ace Football\"},\"image\":{\"@id\":\"https:\/\/acefootball.com\/da\/#logo\"}},{\"@type\":\"WebSite\",\"@id\":\"https:\/\/acefootball.com\/da\/#website\",\"url\":\"https:\/\/acefootball.com\/da\/\",\"name\":\"Ace Football Danmark\",\"description\":\"Nyheder, Spiltips &amp; Livescore\",\"publisher\":{\"@id\":\"https:\/\/acefootball.com\/da\/#organization\"},\"potentialAction\":[{\"@type\":\"SearchAction\",\"target\":{\"@type\":\"EntryPoint\",\"urlTemplate\":\"https:\/\/acefootball.com\/da\/?s={search_term_string}\"},\"query-input\":\"required name=search_term_string\"}],\"inLanguage\":\"en-US\"},{\"@type\":\"ImageObject\",\"@id\":\"https:\/\/acefootball.com\/da\/fodboldnyheder\/fc-koebenhavn-nedjusterer-igen-de-oekonomiske-forventninger\/#primaryimage\",\"inLanguage\":\"en-US\",\"url\":\"https:\/\/acefootball.com\/da\/wp-content\/uploads\/sites\/2\/2020\/10\/GettyImages-1228833103.jpg\",\"contentUrl\":\"https:\/\/acefootball.com\/da\/wp-content\/uploads\/sites\/2\/2020\/10\/GettyImages-1228833103.jpg\",\"width\":1024,\"height\":631,\"caption\":\"COPENHAGEN, DENMARK - OCTOBER 01: Carlos Zeca of FC Copenhagen looks on during the UEFA Europa League Playoff match between FC Copenhagen and HNK Rijeka at Parken on October 1, 2020 in Copenhagen, Denmark. (Photo by Lars Ronbog \/ FrontZoneSport via Getty Images)\"},{\"@type\":\"WebPage\",\"@id\":\"https:\/\/acefootball.com\/da\/fodboldnyheder\/fc-koebenhavn-nedjusterer-igen-de-oekonomiske-forventninger\/#webpage\",\"url\":\"https:\/\/acefootball.com\/da\/fodboldnyheder\/fc-koebenhavn-nedjusterer-igen-de-oekonomiske-forventninger\/\",\"name\":\"FC K\u00f8benhavn nedjusterer igen de \u00f8konomiske forventninger\",\"isPartOf\":{\"@id\":\"https:\/\/acefootball.com\/da\/#website\"},\"primaryImageOfPage\":{\"@id\":\"https:\/\/acefootball.com\/da\/fodboldnyheder\/fc-koebenhavn-nedjusterer-igen-de-oekonomiske-forventninger\/#primaryimage\"},\"datePublished\":\"2020-10-23T10:06:00+00:00\",\"dateModified\":\"2020-10-23T10:12:22+00:00\",\"description\":\"FC K\u00f8benhavn har s\u00e6nket de \u00f8konomiske forventninger yderligere, s\u00e5 man nu regner med et minus p\u00e5 mellem -310 og -280 millioner kroner\",\"breadcrumb\":{\"@id\":\"https:\/\/acefootball.com\/da\/fodboldnyheder\/fc-koebenhavn-nedjusterer-igen-de-oekonomiske-forventninger\/#breadcrumb\"},\"inLanguage\":\"en-US\",\"potentialAction\":[{\"@type\":\"ReadAction\",\"target\":[\"https:\/\/acefootball.com\/da\/fodboldnyheder\/fc-koebenhavn-nedjusterer-igen-de-oekonomiske-forventninger\/\"]}]},{\"@type\":\"BreadcrumbList\",\"@id\":\"https:\/\/acefootball.com\/da\/fodboldnyheder\/fc-koebenhavn-nedjusterer-igen-de-oekonomiske-forventninger\/#breadcrumb\",\"itemListElement\":[{\"@type\":\"ListItem\",\"position\":1,\"name\":\"Home\",\"item\":\"https:\/\/acefootball.com\/da\/\"},{\"@type\":\"ListItem\",\"position\":2,\"name\":\"FC K\u00f8benhavn nedjusterer igen de \u00f8konomiske forventninger\"}]},{\"@type\":\"Article\",\"@id\":\"https:\/\/acefootball.com\/da\/fodboldnyheder\/fc-koebenhavn-nedjusterer-igen-de-oekonomiske-forventninger\/#article\",\"isPartOf\":{\"@id\":\"https:\/\/acefootball.com\/da\/fodboldnyheder\/fc-koebenhavn-nedjusterer-igen-de-oekonomiske-forventninger\/#webpage\"},\"author\":{\"@id\":\"https:\/\/acefootball.com\/da\/#\/schema\/person\/ee67e9cf04a276f144100ffa722f10cd\"},\"headline\":\"FC K\u00f8benhavn nedjusterer igen de \u00f8konomiske forventninger\",\"datePublished\":\"2020-10-23T10:06:00+00:00\",\"dateModified\":\"2020-10-23T10:12:22+00:00\",\"mainEntityOfPage\":{\"@id\":\"https:\/\/acefootball.com\/da\/fodboldnyheder\/fc-koebenhavn-nedjusterer-igen-de-oekonomiske-forventninger\/#webpage\"},\"wordCount\":212,\"commentCount\":0,\"publisher\":{\"@id\":\"https:\/\/acefootball.com\/da\/#organization\"},\"image\":{\"@id\":\"https:\/\/acefootball.com\/da\/fodboldnyheder\/fc-koebenhavn-nedjusterer-igen-de-oekonomiske-forventninger\/#primaryimage\"},\"thumbnailUrl\":\"https:\/\/acefootball.com\/da\/wp-content\/uploads\/sites\/2\/2020\/10\/GettyImages-1228833103.jpg\",\"keywords\":[\"FC K\u00f8benhavn\",\"Superligaen\"],\"articleSection\":[\"Nyhed\"],\"inLanguage\":\"en-US\",\"potentialAction\":[{\"@type\":\"CommentAction\",\"name\":\"Comment\",\"target\":[\"https:\/\/acefootball.com\/da\/fodboldnyheder\/fc-koebenhavn-nedjusterer-igen-de-oekonomiske-forventninger\/#respond\"]}]},{\"@type\":\"Person\",\"@id\":\"https:\/\/acefootball.com\/da\/#\/schema\/person\/ee67e9cf04a276f144100ffa722f10cd\",\"name\":\"Mads Dreyer\",\"image\":{\"@type\":\"ImageObject\",\"@id\":\"https:\/\/acefootball.com\/da\/#personlogo\",\"inLanguage\":\"en-US\",\"url\":\"https:\/\/secure.gravatar.com\/avatar\/7c7abf72cfde9902b6a60efe60c88d4c?s=96&d=mm&r=g\",\"contentUrl\":\"https:\/\/secure.gravatar.com\/avatar\/7c7abf72cfde9902b6a60efe60c88d4c?s=96&d=mm&r=g\",\"caption\":\"Mads Dreyer\"},\"description\":\"Skribent og fodboldn\u00f8rd, der lige nu fort\u00e6ller om alt og intet i fodboldverdenen p\u00e5 acefootball.com. Uddannet i kommunikation fra Aalborg Universitet.\",\"sameAs\":[\"https:\/\/www.linkedin.com\/in\/mads-dreyer-b9b08266\/\"],\"url\":\"https:\/\/acefootball.com\/da\/fodboldnyheder\/author\/mdnronaldo\/\"}]}<\/script>\n<!-- \/ Yoast SEO plugin. -->","yoast_head_json":{"title":"FC K\u00f8benhavn nedjusterer igen de \u00f8konomiske forventninger","description":"FC K\u00f8benhavn har s\u00e6nket de \u00f8konomiske forventninger yderligere, s\u00e5 man nu regner med et minus p\u00e5 mellem -310 og -280 millioner kroner","robots":{"index":"index","follow":"follow","max-snippet":"max-snippet:-1","max-image-preview":"max-image-preview:large","max-video-preview":"max-video-preview:-1"},"canonical":"https:\/\/acefootball.com\/da\/fodboldnyheder\/fc-koebenhavn-nedjusterer-igen-de-oekonomiske-forventninger\/","og_locale":"en_US","og_type":"article","og_title":"FC K\u00f8benhavn nedjusterer igen de \u00f8konomiske forventninger","og_description":"FC K\u00f8benhavn har s\u00e6nket de \u00f8konomiske forventninger yderligere, s\u00e5 man nu regner med et minus p\u00e5 mellem -310 og -280 millioner kroner","og_url":"https:\/\/acefootball.com\/da\/fodboldnyheder\/fc-koebenhavn-nedjusterer-igen-de-oekonomiske-forventninger\/","og_site_name":"Ace Football Danmark","article_publisher":"https:\/\/www.facebook.com\/acefootballdk","article_published_time":"2020-10-23T10:06:00+00:00","article_modified_time":"2020-10-23T10:12:22+00:00","og_image":[{"width":1024,"height":631,"url":"https:\/\/acefootball.com\/da\/wp-content\/uploads\/sites\/2\/2020\/10\/GettyImages-1228833103.jpg","type":"image\/jpeg"}],"twitter_card":"summary_large_image","twitter_misc":{"Written by":"Mads Dreyer","Est. reading time":"1 minute"},"schema":{"@context":"https:\/\/schema.org","@graph":[{"@type":"Organization","@id":"https:\/\/acefootball.com\/da\/#organization","name":"Ace Football","url":"https:\/\/acefootball.com\/da\/","sameAs":["https:\/\/www.facebook.com\/acefootballdk"],"logo":{"@type":"ImageObject","@id":"https:\/\/acefootball.com\/da\/#logo","inLanguage":"en-US","url":"https:\/\/acefootball.com\/da\/wp-content\/uploads\/sites\/2\/2020\/07\/Ace-Football-30-07-2020-2.png","contentUrl":"https:\/\/acefootball.com\/da\/wp-content\/uploads\/sites\/2\/2020\/07\/Ace-Football-30-07-2020-2.png","width":1200,"height":600,"caption":"Ace Football"},"image":{"@id":"https:\/\/acefootball.com\/da\/#logo"}},{"@type":"WebSite","@id":"https:\/\/acefootball.com\/da\/#website","url":"https:\/\/acefootball.com\/da\/","name":"Ace Football Danmark","description":"Nyheder, Spiltips &amp; Livescore","publisher":{"@id":"https:\/\/acefootball.com\/da\/#organization"},"potentialAction":[{"@type":"SearchAction","target":{"@type":"EntryPoint","urlTemplate":"https:\/\/acefootball.com\/da\/?s={search_term_string}"},"query-input":"required name=search_term_string"}],"inLanguage":"en-US"},{"@type":"ImageObject","@id":"https:\/\/acefootball.com\/da\/fodboldnyheder\/fc-koebenhavn-nedjusterer-igen-de-oekonomiske-forventninger\/#primaryimage","inLanguage":"en-US","url":"https:\/\/acefootball.com\/da\/wp-content\/uploads\/sites\/2\/2020\/10\/GettyImages-1228833103.jpg","contentUrl":"https:\/\/acefootball.com\/da\/wp-content\/uploads\/sites\/2\/2020\/10\/GettyImages-1228833103.jpg","width":1024,"height":631,"caption":"COPENHAGEN, DENMARK - OCTOBER 01: Carlos Zeca of FC Copenhagen looks on during the UEFA Europa League Playoff match between FC Copenhagen and HNK Rijeka at Parken on October 1, 2020 in Copenhagen, Denmark. (Photo by Lars Ronbog \/ FrontZoneSport via Getty Images)"},{"@type":"WebPage","@id":"https:\/\/acefootball.com\/da\/fodboldnyheder\/fc-koebenhavn-nedjusterer-igen-de-oekonomiske-forventninger\/#webpage","url":"https:\/\/acefootball.com\/da\/fodboldnyheder\/fc-koebenhavn-nedjusterer-igen-de-oekonomiske-forventninger\/","name":"FC K\u00f8benhavn nedjusterer igen de \u00f8konomiske forventninger","isPartOf":{"@id":"https:\/\/acefootball.com\/da\/#website"},"primaryImageOfPage":{"@id":"https:\/\/acefootball.com\/da\/fodboldnyheder\/fc-koebenhavn-nedjusterer-igen-de-oekonomiske-forventninger\/#primaryimage"},"datePublished":"2020-10-23T10:06:00+00:00","dateModified":"2020-10-23T10:12:22+00:00","description":"FC K\u00f8benhavn har s\u00e6nket de \u00f8konomiske forventninger yderligere, s\u00e5 man nu regner med et minus p\u00e5 mellem -310 og -280 millioner kroner","breadcrumb":{"@id":"https:\/\/acefootball.com\/da\/fodboldnyheder\/fc-koebenhavn-nedjusterer-igen-de-oekonomiske-forventninger\/#breadcrumb"},"inLanguage":"en-US","potentialAction":[{"@type":"ReadAction","target":["https:\/\/acefootball.com\/da\/fodboldnyheder\/fc-koebenhavn-nedjusterer-igen-de-oekonomiske-forventninger\/"]}]},{"@type":"BreadcrumbList","@id":"https:\/\/acefootball.com\/da\/fodboldnyheder\/fc-koebenhavn-nedjusterer-igen-de-oekonomiske-forventninger\/#breadcrumb","itemListElement":[{"@type":"ListItem","position":1,"name":"Home","item":"https:\/\/acefootball.com\/da\/"},{"@type":"ListItem","position":2,"name":"FC K\u00f8benhavn nedjusterer igen de \u00f8konomiske forventninger"}]},{"@type":"Article","@id":"https:\/\/acefootball.com\/da\/fodboldnyheder\/fc-koebenhavn-nedjusterer-igen-de-oekonomiske-forventninger\/#article","isPartOf":{"@id":"https:\/\/acefootball.com\/da\/fodboldnyheder\/fc-koebenhavn-nedjusterer-igen-de-oekonomiske-forventninger\/#webpage"},"author":{"@id":"https:\/\/acefootball.com\/da\/#\/schema\/person\/ee67e9cf04a276f144100ffa722f10cd"},"headline":"FC K\u00f8benhavn nedjusterer igen de \u00f8konomiske forventninger","datePublished":"2020-10-23T10:06:00+00:00","dateModified":"2020-10-23T10:12:22+00:00","mainEntityOfPage":{"@id":"https:\/\/acefootball.com\/da\/fodboldnyheder\/fc-koebenhavn-nedjusterer-igen-de-oekonomiske-forventninger\/#webpage"},"wordCount":212,"commentCount":0,"publisher":{"@id":"https:\/\/acefootball.com\/da\/#organization"},"image":{"@id":"https:\/\/acefootball.com\/da\/fodboldnyheder\/fc-koebenhavn-nedjusterer-igen-de-oekonomiske-forventninger\/#primaryimage"},"thumbnailUrl":"https:\/\/acefootball.com\/da\/wp-content\/uploads\/sites\/2\/2020\/10\/GettyImages-1228833103.jpg","keywords":["FC K\u00f8benhavn","Superligaen"],"articleSection":["Nyhed"],"inLanguage":"en-US","potentialAction":[{"@type":"CommentAction","name":"Comment","target":["https:\/\/acefootball.com\/da\/fodboldnyheder\/fc-koebenhavn-nedjusterer-igen-de-oekonomiske-forventninger\/#respond"]}]},{"@type":"Person","@id":"https:\/\/acefootball.com\/da\/#\/schema\/person\/ee67e9cf04a276f144100ffa722f10cd","name":"Mads Dreyer","image":{"@type":"ImageObject","@id":"https:\/\/acefootball.com\/da\/#personlogo","inLanguage":"en-US","url":"https:\/\/secure.gravatar.com\/avatar\/7c7abf72cfde9902b6a60efe60c88d4c?s=96&d=mm&r=g","contentUrl":"https:\/\/secure.gravatar.com\/avatar\/7c7abf72cfde9902b6a60efe60c88d4c?s=96&d=mm&r=g","caption":"Mads Dreyer"},"description":"Skribent og fodboldn\u00f8rd, der lige nu fort\u00e6ller om alt og intet i fodboldverdenen p\u00e5 acefootball.com. Uddannet i kommunikation fra Aalborg Universitet.","sameAs":["https:\/\/www.linkedin.com\/in\/mads-dreyer-b9b08266\/"],"url":"https:\/\/acefootball.com\/da\/fodboldnyheder\/author\/mdnronaldo\/"}]}},"fimg_url":"https:\/\/acefootball.com\/da\/wp-content\/uploads\/sites\/2\/2020\/10\/GettyImages-1228833103.jpg","_links":{"self":[{"href":"https:\/\/acefootball.com\/da\/wp-json\/wp\/v2\/posts\/241167"}],"collection":[{"href":"https:\/\/acefootball.com\/da\/wp-json\/wp\/v2\/posts"}],"about":[{"href":"https:\/\/acefootball.com\/da\/wp-json\/wp\/v2\/types\/post"}],"author":[{"embeddable":true,"href":"https:\/\/acefootball.com\/da\/wp-json\/wp\/v2\/users\/705"}],"replies":[{"embeddable":true,"href":"https:\/\/acefootball.com\/da\/wp-json\/wp\/v2\/comments?post=241167"}],"version-history":[{"count":0,"href":"https:\/\/acefootball.com\/da\/wp-json\/wp\/v2\/posts\/241167\/revisions"}],"wp:featuredmedia":[{"embeddable":true,"href":"https:\/\/acefootball.com\/da\/wp-json\/wp\/v2\/media\/239059"}],"wp:attachment":[{"href":"https:\/\/acefootball.com\/da\/wp-json\/wp\/v2\/media?parent=241167"}],"wp:term":[{"taxonomy":"category","embeddable":true,"href":"https:\/\/acefootball.com\/da\/wp-json\/wp\/v2\/categories?post=241167"},{"taxonomy":"post_tag","embeddable":true,"href":"https:\/\/acefootball.com\/da\/wp-json\/wp\/v2\/tags?post=241167"}],"curies":[{"name":"wp","href":"https:\/\/api.w.org\/{rel}","templated":true}]}}