{"id":241030,"date":"2020-10-22T08:59:45","date_gmt":"2020-10-22T06:59:45","guid":{"rendered":"https:\/\/acefootball.com\/da\/?p=241030"},"modified":"2020-10-22T09:19:27","modified_gmt":"2020-10-22T07:19:27","slug":"fcm-har-sat-roeven-i-klaskehoejde-saa-er-der-serveret-midtjysk-morgenmad","status":"publish","type":"post","link":"https:\/\/acefootball.com\/da\/fodboldnyheder\/fcm-har-sat-roeven-i-klaskehoejde-saa-er-der-serveret-midtjysk-morgenmad\/","title":{"rendered":"FCM har sat r\u00f8ven i klaskeh\u00f8jde: S\u00e5 er der serveret midtjysk morgenmad"},"content":{"rendered":"\n<h2 id=\"h-rasmus-ankersens-kommentar-om-at-fc-midtjyllands-champions-league-deltagelse-er-et-stort-holdk-ftbolsje-til-fck-har-i-den-grad-givet-bagslag\">Rasmus Ankersens kommentar om, at FC Midtjyllands Champions League-deltagelse er et stort holdk\u00e6ftbolsje til FCK har i den grad givet bagslag<\/h2>\n\n\n\n<div class=\"wp-block-si-widget wp-block-si-widget--center\"><si-lb-widget widget-id=\"MatchInfoWithOdds\" data-nopadding=\"true\" data-card=\"true\" width=\"440\" data-event-id=\"3461676\" data-theme-appearance=\"dark\"><\/si-lb-widget><\/div>\n\n\n\n<p>FC Midtjylland fik en mareridtstart i Champions League, da de i deres f\u00f8rste gruppespilskamp nogensinde i turneringen blev k\u00f8rt over med 0-4 af Atalanta hjemme p\u00e5 MCH Arena i Herning.<\/p>\n\n\n\n<p>Inden opg\u00f8ret var klubbens bestyrelsesformand Rasmus Ankersen i pressen, hvor han blev spurgt, om CL-gruppespillet er en gamechanger i forhold til magtbalancen i dansk fodbold.<\/p>\n\n\n\n<p>&#8220;Jeg ved ikke om, det er en gamechanger. Det er jo klart, at vi har manglet vores gennembrud i Europa. Nu er det kommet, s\u00e5 p\u00e5 den m\u00e5de er det m\u00e5ske lidt et holdk\u00e6ftbolsje til dem ovre p\u00e5 \u00f8en,&#8221; sagde han til TV 3+.<\/p>\n\n\n\n<p>N\u00e5r man s\u00e5 bliver k\u00f8rt ud af banen p\u00e5 den m\u00e5de, som Ulvene gjorde det i g\u00e5r, kan s\u00e5dan en udtalelse alts\u00e5 ramme en som en boomerang, og de danske Twitter-brugere har da ogs\u00e5 v\u00e6ret hurtige med nogle sjove &#8211; og lidt grove &#8211; reaktioner i k\u00f8lvandet p\u00e5 kampen, som du kan se herunder.<\/p>\n\n\n\n<figure class=\"wp-block-embed-twitter wp-block-embed is-type-rich is-provider-twitter\"><div class=\"wp-block-embed__wrapper\">\n<blockquote class=\"twitter-tweet\" data-width=\"550\" data-dnt=\"true\"><p lang=\"da\" dir=\"ltr\">Midtjysk morgenmad i Herning, Ikast, Bording, Brande etc etc etc<br><br>Bonde Mix <a href=\"https:\/\/twitter.com\/RasmusAnkersen?ref_src=twsrc%5Etfw\">@RasmusAnkersen<\/a> <a href=\"https:\/\/twitter.com\/fcmidtjylland?ref_src=twsrc%5Etfw\">@fcmidtjylland<\/a> <a href=\"https:\/\/twitter.com\/claussteine?ref_src=twsrc%5Etfw\">@claussteine<\/a><a href=\"https:\/\/twitter.com\/hashtag\/FCM?src=hash&amp;ref_src=twsrc%5Etfw\">#FCM<\/a> <a href=\"https:\/\/twitter.com\/hashtag\/FCMata?src=hash&amp;ref_src=twsrc%5Etfw\">#FCMata<\/a> <a href=\"https:\/\/twitter.com\/hashtag\/FCMAtalanta?src=hash&amp;ref_src=twsrc%5Etfw\">#FCMAtalanta<\/a> <a href=\"https:\/\/twitter.com\/hashtag\/fcmidtjylland?src=hash&amp;ref_src=twsrc%5Etfw\">#fcmidtjylland<\/a> <a href=\"https:\/\/twitter.com\/hashtag\/cldk?src=hash&amp;ref_src=twsrc%5Etfw\">#cldk<\/a> <a href=\"https:\/\/twitter.com\/hashtag\/fck?src=hash&amp;ref_src=twsrc%5Etfw\">#fck<\/a> <a href=\"https:\/\/twitter.com\/FCKobenhavn?ref_src=twsrc%5Etfw\">@FCKobenhavn<\/a> <a href=\"https:\/\/t.co\/veukU4Igch\">pic.twitter.com\/veukU4Igch<\/a><\/p>&mdash; djYumcode (@djYumcode) <a href=\"https:\/\/twitter.com\/djYumcode\/status\/1319139820724256768?ref_src=twsrc%5Etfw\">October 22, 2020<\/a><\/blockquote><script async src=\"https:\/\/platform.twitter.com\/widgets.js\" charset=\"utf-8\"><\/script>\n<\/div><\/figure>\n\n\n\n<figure class=\"wp-block-embed-twitter wp-block-embed is-type-rich is-provider-twitter\"><div class=\"wp-block-embed__wrapper\">\n<blockquote class=\"twitter-tweet\" data-width=\"550\" data-dnt=\"true\"><p lang=\"da\" dir=\"ltr\">Holdk\u00e6ft bolcher ? <a href=\"https:\/\/twitter.com\/hashtag\/FCMATA?src=hash&amp;ref_src=twsrc%5Etfw\">#FCMATA<\/a> <a href=\"https:\/\/twitter.com\/hashtag\/FCM?src=hash&amp;ref_src=twsrc%5Etfw\">#FCM<\/a> <a href=\"https:\/\/twitter.com\/hashtag\/Midtjylland?src=hash&amp;ref_src=twsrc%5Etfw\">#Midtjylland<\/a> <a href=\"https:\/\/twitter.com\/hashtag\/MidtjyllandAtalanta?src=hash&amp;ref_src=twsrc%5Etfw\">#MidtjyllandAtalanta<\/a> <a href=\"https:\/\/twitter.com\/hashtag\/Atalanta?src=hash&amp;ref_src=twsrc%5Etfw\">#Atalanta<\/a> <a href=\"https:\/\/twitter.com\/hashtag\/cldk?src=hash&amp;ref_src=twsrc%5Etfw\">#cldk<\/a> <a href=\"https:\/\/twitter.com\/hashtag\/sldk?src=hash&amp;ref_src=twsrc%5Etfw\">#sldk<\/a> <a href=\"https:\/\/t.co\/FiXbnElChW\">pic.twitter.com\/FiXbnElChW<\/a><\/p>&mdash; OLRIK COMPANY (@moelhoej) <a href=\"https:\/\/twitter.com\/moelhoej\/status\/1319138577670934530?ref_src=twsrc%5Etfw\">October 22, 2020<\/a><\/blockquote><script async src=\"https:\/\/platform.twitter.com\/widgets.js\" charset=\"utf-8\"><\/script>\n<\/div><\/figure>\n\n\n\n<figure class=\"wp-block-embed-twitter wp-block-embed is-type-rich is-provider-twitter\"><div class=\"wp-block-embed__wrapper\">\n<blockquote class=\"twitter-tweet\" data-width=\"550\" data-dnt=\"true\"><p lang=\"da\" dir=\"ltr\">N\u00e5, Steinlein mener du stadig, at FCM kan g\u00e5 videre fra puljen? <a href=\"https:\/\/twitter.com\/hashtag\/cldk?src=hash&amp;ref_src=twsrc%5Etfw\">#cldk<\/a> <a href=\"https:\/\/twitter.com\/hashtag\/FCMATA?src=hash&amp;ref_src=twsrc%5Etfw\">#FCMATA<\/a><\/p>&mdash; Niels Nedergaard (@niels1526) <a href=\"https:\/\/twitter.com\/niels1526\/status\/1319001528951312384?ref_src=twsrc%5Etfw\">October 21, 2020<\/a><\/blockquote><script async src=\"https:\/\/platform.twitter.com\/widgets.js\" charset=\"utf-8\"><\/script>\n<\/div><\/figure>\n\n\n\n<figure class=\"wp-block-embed-twitter wp-block-embed is-type-rich is-provider-twitter\"><div class=\"wp-block-embed__wrapper\">\n<blockquote class=\"twitter-tweet\" data-width=\"550\" data-dnt=\"true\"><p lang=\"da\" dir=\"ltr\">Det eneste vi mangler fra den forrygende fodboldlektion p\u00e5 heden, det er nogle n\u00e6rbilleder af Claus Steinlein. \ud83d\ude02 <a href=\"https:\/\/twitter.com\/hashtag\/denendernulseks?src=hash&amp;ref_src=twsrc%5Etfw\">#denendernulseks<\/a> <a href=\"https:\/\/twitter.com\/hashtag\/fcmata?src=hash&amp;ref_src=twsrc%5Etfw\">#fcmata<\/a> <a href=\"https:\/\/twitter.com\/hashtag\/cldk?src=hash&amp;ref_src=twsrc%5Etfw\">#cldk<\/a> <a href=\"https:\/\/twitter.com\/hashtag\/ChampionsLeague?src=hash&amp;ref_src=twsrc%5Etfw\">#ChampionsLeague<\/a><\/p>&mdash; Martin Hjort (@MartinHjort) <a href=\"https:\/\/twitter.com\/MartinHjort\/status\/1319004284495777792?ref_src=twsrc%5Etfw\">October 21, 2020<\/a><\/blockquote><script async src=\"https:\/\/platform.twitter.com\/widgets.js\" charset=\"utf-8\"><\/script>\n<\/div><\/figure>\n\n\n\n<figure class=\"wp-block-embed-twitter wp-block-embed is-type-rich is-provider-twitter\"><div class=\"wp-block-embed__wrapper\">\n<blockquote class=\"twitter-tweet\" data-width=\"550\" data-dnt=\"true\"><p lang=\"da\" dir=\"ltr\">Godmorgen <a href=\"https:\/\/twitter.com\/RasmusAnkersen?ref_src=twsrc%5Etfw\">@RasmusAnkersen<\/a> <br>Hvor k\u00f8ber man de omtalte hold-k\u00e6ft-bolcher?<br>Vi har noget, der virkelig tr\u00e6nger sig p\u00e5, men vi m\u00e5 hellere holde k\u00e6ft&#8230;<a href=\"https:\/\/twitter.com\/hashtag\/fcklive?src=hash&amp;ref_src=twsrc%5Etfw\">#fcklive<\/a> <a href=\"https:\/\/twitter.com\/hashtag\/sldk?src=hash&amp;ref_src=twsrc%5Etfw\">#sldk<\/a><\/p>&mdash; Copenhagen Sundays (@CphSundays) <a href=\"https:\/\/twitter.com\/CphSundays\/status\/1319169840242974720?ref_src=twsrc%5Etfw\">October 22, 2020<\/a><\/blockquote><script async src=\"https:\/\/platform.twitter.com\/widgets.js\" charset=\"utf-8\"><\/script>\n<\/div><\/figure>\n","protected":false},"excerpt":{"rendered":"<p>Rasmus Ankersens kommentar om, at FC Midtjyllands Champions League-deltagelse er et stort holdk\u00e6ftbolsje til FCK har i den grad givet bagslag<\/p>\n","protected":false},"author":74,"featured_media":241035,"comment_status":"open","ping_status":"closed","sticky":false,"template":"","format":"standard","meta":{"om_disable_all_campaigns":false,"push_articles_ronaldo":{"active":false,"canonical":0,"publish":false},"force_updates":null},"categories":[8060],"tags":[206,16,51,2113,588],"enet_tags":{"league":["42","46"],"team":["8391","8113"],"sport_events":[3461676]},"yoast_head":"<!-- This site is optimized with the Yoast SEO plugin v18.3 - https:\/\/yoast.com\/wordpress\/plugins\/seo\/ -->\n<title>FCM har sat r\u00f8ven i klaskeh\u00f8jde: S\u00e5 er der serveret midtjysk morgenmad<\/title>\n<meta name=\"description\" content=\"Rasmus Ankersens kommentar om, at FC Midtjyllands Champions League-deltagelse er et stort holdk\u00e6ftbolsje til FCK har i den grad givet bagslag\" \/>\n<meta name=\"robots\" content=\"index, follow, max-snippet:-1, max-image-preview:large, max-video-preview:-1\" \/>\n<link rel=\"canonical\" href=\"https:\/\/acefootball.com\/da\/fodboldnyheder\/fcm-har-sat-roeven-i-klaskehoejde-saa-er-der-serveret-midtjysk-morgenmad\/\" \/>\n<meta property=\"og:locale\" content=\"en_US\" \/>\n<meta property=\"og:type\" content=\"article\" \/>\n<meta property=\"og:title\" content=\"FCM har sat r\u00f8ven i klaskeh\u00f8jde: S\u00e5 er der serveret midtjysk morgenmad\" \/>\n<meta property=\"og:description\" content=\"Rasmus Ankersens kommentar om, at FC Midtjyllands Champions League-deltagelse er et stort holdk\u00e6ftbolsje til FCK har i den grad givet bagslag\" \/>\n<meta property=\"og:url\" content=\"https:\/\/acefootball.com\/da\/fodboldnyheder\/fcm-har-sat-roeven-i-klaskehoejde-saa-er-der-serveret-midtjysk-morgenmad\/\" \/>\n<meta property=\"og:site_name\" content=\"Ace Football Danmark\" \/>\n<meta property=\"article:publisher\" content=\"https:\/\/www.facebook.com\/acefootballdk\" \/>\n<meta property=\"article:published_time\" content=\"2020-10-22T06:59:45+00:00\" \/>\n<meta property=\"article:modified_time\" content=\"2020-10-22T07:19:27+00:00\" \/>\n<meta property=\"og:image\" content=\"https:\/\/acefootball.com\/da\/wp-content\/uploads\/sites\/2\/2020\/10\/Midtjylland-Priske.jpg\" \/>\n\t<meta property=\"og:image:width\" content=\"1920\" \/>\n\t<meta property=\"og:image:height\" content=\"1262\" \/>\n\t<meta property=\"og:image:type\" content=\"image\/jpeg\" \/>\n<meta name=\"twitter:card\" content=\"summary_large_image\" \/>\n<meta name=\"twitter:label1\" content=\"Written by\" \/>\n\t<meta name=\"twitter:data1\" content=\"Patrick Hesselb\u00e6k\" \/>\n\t<meta name=\"twitter:label2\" content=\"Est. reading time\" \/>\n\t<meta name=\"twitter:data2\" content=\"1 minute\" \/>\n<script type=\"application\/ld+json\" class=\"yoast-schema-graph\">{\"@context\":\"https:\/\/schema.org\",\"@graph\":[{\"@type\":\"Organization\",\"@id\":\"https:\/\/acefootball.com\/da\/#organization\",\"name\":\"Ace Football\",\"url\":\"https:\/\/acefootball.com\/da\/\",\"sameAs\":[\"https:\/\/www.facebook.com\/acefootballdk\"],\"logo\":{\"@type\":\"ImageObject\",\"@id\":\"https:\/\/acefootball.com\/da\/#logo\",\"inLanguage\":\"en-US\",\"url\":\"https:\/\/acefootball.com\/da\/wp-content\/uploads\/sites\/2\/2020\/07\/Ace-Football-30-07-2020-2.png\",\"contentUrl\":\"https:\/\/acefootball.com\/da\/wp-content\/uploads\/sites\/2\/2020\/07\/Ace-Football-30-07-2020-2.png\",\"width\":1200,\"height\":600,\"caption\":\"Ace Football\"},\"image\":{\"@id\":\"https:\/\/acefootball.com\/da\/#logo\"}},{\"@type\":\"WebSite\",\"@id\":\"https:\/\/acefootball.com\/da\/#website\",\"url\":\"https:\/\/acefootball.com\/da\/\",\"name\":\"Ace Football Danmark\",\"description\":\"Nyheder, Spiltips &amp; Livescore\",\"publisher\":{\"@id\":\"https:\/\/acefootball.com\/da\/#organization\"},\"potentialAction\":[{\"@type\":\"SearchAction\",\"target\":{\"@type\":\"EntryPoint\",\"urlTemplate\":\"https:\/\/acefootball.com\/da\/?s={search_term_string}\"},\"query-input\":\"required name=search_term_string\"}],\"inLanguage\":\"en-US\"},{\"@type\":\"ImageObject\",\"@id\":\"https:\/\/acefootball.com\/da\/fodboldnyheder\/fcm-har-sat-roeven-i-klaskehoejde-saa-er-der-serveret-midtjysk-morgenmad\/#primaryimage\",\"inLanguage\":\"en-US\",\"url\":\"https:\/\/acefootball.com\/da\/wp-content\/uploads\/sites\/2\/2020\/10\/Midtjylland-Priske.jpg\",\"contentUrl\":\"https:\/\/acefootball.com\/da\/wp-content\/uploads\/sites\/2\/2020\/10\/Midtjylland-Priske.jpg\",\"width\":1920,\"height\":1262,\"caption\":\"Getty Images\"},{\"@type\":\"WebPage\",\"@id\":\"https:\/\/acefootball.com\/da\/fodboldnyheder\/fcm-har-sat-roeven-i-klaskehoejde-saa-er-der-serveret-midtjysk-morgenmad\/#webpage\",\"url\":\"https:\/\/acefootball.com\/da\/fodboldnyheder\/fcm-har-sat-roeven-i-klaskehoejde-saa-er-der-serveret-midtjysk-morgenmad\/\",\"name\":\"FCM har sat r\u00f8ven i klaskeh\u00f8jde: S\u00e5 er der serveret midtjysk morgenmad\",\"isPartOf\":{\"@id\":\"https:\/\/acefootball.com\/da\/#website\"},\"primaryImageOfPage\":{\"@id\":\"https:\/\/acefootball.com\/da\/fodboldnyheder\/fcm-har-sat-roeven-i-klaskehoejde-saa-er-der-serveret-midtjysk-morgenmad\/#primaryimage\"},\"datePublished\":\"2020-10-22T06:59:45+00:00\",\"dateModified\":\"2020-10-22T07:19:27+00:00\",\"description\":\"Rasmus Ankersens kommentar om, at FC Midtjyllands Champions League-deltagelse er et stort holdk\u00e6ftbolsje til FCK har i den grad givet bagslag\",\"breadcrumb\":{\"@id\":\"https:\/\/acefootball.com\/da\/fodboldnyheder\/fcm-har-sat-roeven-i-klaskehoejde-saa-er-der-serveret-midtjysk-morgenmad\/#breadcrumb\"},\"inLanguage\":\"en-US\",\"potentialAction\":[{\"@type\":\"ReadAction\",\"target\":[\"https:\/\/acefootball.com\/da\/fodboldnyheder\/fcm-har-sat-roeven-i-klaskehoejde-saa-er-der-serveret-midtjysk-morgenmad\/\"]}]},{\"@type\":\"BreadcrumbList\",\"@id\":\"https:\/\/acefootball.com\/da\/fodboldnyheder\/fcm-har-sat-roeven-i-klaskehoejde-saa-er-der-serveret-midtjysk-morgenmad\/#breadcrumb\",\"itemListElement\":[{\"@type\":\"ListItem\",\"position\":1,\"name\":\"Home\",\"item\":\"https:\/\/acefootball.com\/da\/\"},{\"@type\":\"ListItem\",\"position\":2,\"name\":\"FCM har sat r\u00f8ven i klaskeh\u00f8jde: S\u00e5 er der serveret midtjysk morgenmad\"}]},{\"@type\":\"Article\",\"@id\":\"https:\/\/acefootball.com\/da\/fodboldnyheder\/fcm-har-sat-roeven-i-klaskehoejde-saa-er-der-serveret-midtjysk-morgenmad\/#article\",\"isPartOf\":{\"@id\":\"https:\/\/acefootball.com\/da\/fodboldnyheder\/fcm-har-sat-roeven-i-klaskehoejde-saa-er-der-serveret-midtjysk-morgenmad\/#webpage\"},\"author\":{\"@id\":\"https:\/\/acefootball.com\/da\/#\/schema\/person\/fd6223a1c033400b41da7853ddf88c84\"},\"headline\":\"FCM har sat r\u00f8ven i klaskeh\u00f8jde: S\u00e5 er der serveret midtjysk morgenmad\",\"datePublished\":\"2020-10-22T06:59:45+00:00\",\"dateModified\":\"2020-10-22T07:19:27+00:00\",\"mainEntityOfPage\":{\"@id\":\"https:\/\/acefootball.com\/da\/fodboldnyheder\/fcm-har-sat-roeven-i-klaskehoejde-saa-er-der-serveret-midtjysk-morgenmad\/#webpage\"},\"wordCount\":226,\"commentCount\":0,\"publisher\":{\"@id\":\"https:\/\/acefootball.com\/da\/#organization\"},\"image\":{\"@id\":\"https:\/\/acefootball.com\/da\/fodboldnyheder\/fcm-har-sat-roeven-i-klaskehoejde-saa-er-der-serveret-midtjysk-morgenmad\/#primaryimage\"},\"thumbnailUrl\":\"https:\/\/acefootball.com\/da\/wp-content\/uploads\/sites\/2\/2020\/10\/Midtjylland-Priske.jpg\",\"keywords\":[\"Champions League\",\"FC K\u00f8benhavn\",\"FC Midtjylland\",\"Rasmus Ankersen\",\"Superligaen\"],\"articleSection\":[\"Reaktion\"],\"inLanguage\":\"en-US\",\"potentialAction\":[{\"@type\":\"CommentAction\",\"name\":\"Comment\",\"target\":[\"https:\/\/acefootball.com\/da\/fodboldnyheder\/fcm-har-sat-roeven-i-klaskehoejde-saa-er-der-serveret-midtjysk-morgenmad\/#respond\"]}]},{\"@type\":\"Person\",\"@id\":\"https:\/\/acefootball.com\/da\/#\/schema\/person\/fd6223a1c033400b41da7853ddf88c84\",\"name\":\"Patrick Hesselb\u00e6k\",\"image\":{\"@type\":\"ImageObject\",\"@id\":\"https:\/\/acefootball.com\/da\/#personlogo\",\"inLanguage\":\"en-US\",\"url\":\"https:\/\/secure.gravatar.com\/avatar\/7919060992759bffbffb199d6cbdce6f?s=96&d=mm&r=g\",\"contentUrl\":\"https:\/\/secure.gravatar.com\/avatar\/7919060992759bffbffb199d6cbdce6f?s=96&d=mm&r=g\",\"caption\":\"Patrick Hesselb\u00e6k\"},\"description\":\"Redakt\u00f8r p\u00e5 den danske Ace Football-redaktion. Uddannet i kommunikation fra Aalborg Universitet. Prim\u00e6rt fokus p\u00e5 den danske 3F Superliga og de st\u00f8rste europ\u00e6iske turneringer.\",\"sameAs\":[\"https:\/\/www.linkedin.com\/in\/patrick-hesselbk-2a4b1711a\/\"],\"url\":\"https:\/\/acefootball.com\/da\/fodboldnyheder\/author\/patrickhesselbaek\/\"}]}<\/script>\n<!-- \/ Yoast SEO plugin. -->","yoast_head_json":{"title":"FCM har sat r\u00f8ven i klaskeh\u00f8jde: S\u00e5 er der serveret midtjysk morgenmad","description":"Rasmus Ankersens kommentar om, at FC Midtjyllands Champions League-deltagelse er et stort holdk\u00e6ftbolsje til FCK har i den grad givet bagslag","robots":{"index":"index","follow":"follow","max-snippet":"max-snippet:-1","max-image-preview":"max-image-preview:large","max-video-preview":"max-video-preview:-1"},"canonical":"https:\/\/acefootball.com\/da\/fodboldnyheder\/fcm-har-sat-roeven-i-klaskehoejde-saa-er-der-serveret-midtjysk-morgenmad\/","og_locale":"en_US","og_type":"article","og_title":"FCM har sat r\u00f8ven i klaskeh\u00f8jde: S\u00e5 er der serveret midtjysk morgenmad","og_description":"Rasmus Ankersens kommentar om, at FC Midtjyllands Champions League-deltagelse er et stort holdk\u00e6ftbolsje til FCK har i den grad givet bagslag","og_url":"https:\/\/acefootball.com\/da\/fodboldnyheder\/fcm-har-sat-roeven-i-klaskehoejde-saa-er-der-serveret-midtjysk-morgenmad\/","og_site_name":"Ace Football Danmark","article_publisher":"https:\/\/www.facebook.com\/acefootballdk","article_published_time":"2020-10-22T06:59:45+00:00","article_modified_time":"2020-10-22T07:19:27+00:00","og_image":[{"width":1920,"height":1262,"url":"https:\/\/acefootball.com\/da\/wp-content\/uploads\/sites\/2\/2020\/10\/Midtjylland-Priske.jpg","type":"image\/jpeg"}],"twitter_card":"summary_large_image","twitter_misc":{"Written by":"Patrick Hesselb\u00e6k","Est. reading time":"1 minute"},"schema":{"@context":"https:\/\/schema.org","@graph":[{"@type":"Organization","@id":"https:\/\/acefootball.com\/da\/#organization","name":"Ace Football","url":"https:\/\/acefootball.com\/da\/","sameAs":["https:\/\/www.facebook.com\/acefootballdk"],"logo":{"@type":"ImageObject","@id":"https:\/\/acefootball.com\/da\/#logo","inLanguage":"en-US","url":"https:\/\/acefootball.com\/da\/wp-content\/uploads\/sites\/2\/2020\/07\/Ace-Football-30-07-2020-2.png","contentUrl":"https:\/\/acefootball.com\/da\/wp-content\/uploads\/sites\/2\/2020\/07\/Ace-Football-30-07-2020-2.png","width":1200,"height":600,"caption":"Ace Football"},"image":{"@id":"https:\/\/acefootball.com\/da\/#logo"}},{"@type":"WebSite","@id":"https:\/\/acefootball.com\/da\/#website","url":"https:\/\/acefootball.com\/da\/","name":"Ace Football Danmark","description":"Nyheder, Spiltips &amp; Livescore","publisher":{"@id":"https:\/\/acefootball.com\/da\/#organization"},"potentialAction":[{"@type":"SearchAction","target":{"@type":"EntryPoint","urlTemplate":"https:\/\/acefootball.com\/da\/?s={search_term_string}"},"query-input":"required name=search_term_string"}],"inLanguage":"en-US"},{"@type":"ImageObject","@id":"https:\/\/acefootball.com\/da\/fodboldnyheder\/fcm-har-sat-roeven-i-klaskehoejde-saa-er-der-serveret-midtjysk-morgenmad\/#primaryimage","inLanguage":"en-US","url":"https:\/\/acefootball.com\/da\/wp-content\/uploads\/sites\/2\/2020\/10\/Midtjylland-Priske.jpg","contentUrl":"https:\/\/acefootball.com\/da\/wp-content\/uploads\/sites\/2\/2020\/10\/Midtjylland-Priske.jpg","width":1920,"height":1262,"caption":"Getty Images"},{"@type":"WebPage","@id":"https:\/\/acefootball.com\/da\/fodboldnyheder\/fcm-har-sat-roeven-i-klaskehoejde-saa-er-der-serveret-midtjysk-morgenmad\/#webpage","url":"https:\/\/acefootball.com\/da\/fodboldnyheder\/fcm-har-sat-roeven-i-klaskehoejde-saa-er-der-serveret-midtjysk-morgenmad\/","name":"FCM har sat r\u00f8ven i klaskeh\u00f8jde: S\u00e5 er der serveret midtjysk morgenmad","isPartOf":{"@id":"https:\/\/acefootball.com\/da\/#website"},"primaryImageOfPage":{"@id":"https:\/\/acefootball.com\/da\/fodboldnyheder\/fcm-har-sat-roeven-i-klaskehoejde-saa-er-der-serveret-midtjysk-morgenmad\/#primaryimage"},"datePublished":"2020-10-22T06:59:45+00:00","dateModified":"2020-10-22T07:19:27+00:00","description":"Rasmus Ankersens kommentar om, at FC Midtjyllands Champions League-deltagelse er et stort holdk\u00e6ftbolsje til FCK har i den grad givet bagslag","breadcrumb":{"@id":"https:\/\/acefootball.com\/da\/fodboldnyheder\/fcm-har-sat-roeven-i-klaskehoejde-saa-er-der-serveret-midtjysk-morgenmad\/#breadcrumb"},"inLanguage":"en-US","potentialAction":[{"@type":"ReadAction","target":["https:\/\/acefootball.com\/da\/fodboldnyheder\/fcm-har-sat-roeven-i-klaskehoejde-saa-er-der-serveret-midtjysk-morgenmad\/"]}]},{"@type":"BreadcrumbList","@id":"https:\/\/acefootball.com\/da\/fodboldnyheder\/fcm-har-sat-roeven-i-klaskehoejde-saa-er-der-serveret-midtjysk-morgenmad\/#breadcrumb","itemListElement":[{"@type":"ListItem","position":1,"name":"Home","item":"https:\/\/acefootball.com\/da\/"},{"@type":"ListItem","position":2,"name":"FCM har sat r\u00f8ven i klaskeh\u00f8jde: S\u00e5 er der serveret midtjysk morgenmad"}]},{"@type":"Article","@id":"https:\/\/acefootball.com\/da\/fodboldnyheder\/fcm-har-sat-roeven-i-klaskehoejde-saa-er-der-serveret-midtjysk-morgenmad\/#article","isPartOf":{"@id":"https:\/\/acefootball.com\/da\/fodboldnyheder\/fcm-har-sat-roeven-i-klaskehoejde-saa-er-der-serveret-midtjysk-morgenmad\/#webpage"},"author":{"@id":"https:\/\/acefootball.com\/da\/#\/schema\/person\/fd6223a1c033400b41da7853ddf88c84"},"headline":"FCM har sat r\u00f8ven i klaskeh\u00f8jde: S\u00e5 er der serveret midtjysk morgenmad","datePublished":"2020-10-22T06:59:45+00:00","dateModified":"2020-10-22T07:19:27+00:00","mainEntityOfPage":{"@id":"https:\/\/acefootball.com\/da\/fodboldnyheder\/fcm-har-sat-roeven-i-klaskehoejde-saa-er-der-serveret-midtjysk-morgenmad\/#webpage"},"wordCount":226,"commentCount":0,"publisher":{"@id":"https:\/\/acefootball.com\/da\/#organization"},"image":{"@id":"https:\/\/acefootball.com\/da\/fodboldnyheder\/fcm-har-sat-roeven-i-klaskehoejde-saa-er-der-serveret-midtjysk-morgenmad\/#primaryimage"},"thumbnailUrl":"https:\/\/acefootball.com\/da\/wp-content\/uploads\/sites\/2\/2020\/10\/Midtjylland-Priske.jpg","keywords":["Champions League","FC K\u00f8benhavn","FC Midtjylland","Rasmus Ankersen","Superligaen"],"articleSection":["Reaktion"],"inLanguage":"en-US","potentialAction":[{"@type":"CommentAction","name":"Comment","target":["https:\/\/acefootball.com\/da\/fodboldnyheder\/fcm-har-sat-roeven-i-klaskehoejde-saa-er-der-serveret-midtjysk-morgenmad\/#respond"]}]},{"@type":"Person","@id":"https:\/\/acefootball.com\/da\/#\/schema\/person\/fd6223a1c033400b41da7853ddf88c84","name":"Patrick Hesselb\u00e6k","image":{"@type":"ImageObject","@id":"https:\/\/acefootball.com\/da\/#personlogo","inLanguage":"en-US","url":"https:\/\/secure.gravatar.com\/avatar\/7919060992759bffbffb199d6cbdce6f?s=96&d=mm&r=g","contentUrl":"https:\/\/secure.gravatar.com\/avatar\/7919060992759bffbffb199d6cbdce6f?s=96&d=mm&r=g","caption":"Patrick Hesselb\u00e6k"},"description":"Redakt\u00f8r p\u00e5 den danske Ace Football-redaktion. Uddannet i kommunikation fra Aalborg Universitet. Prim\u00e6rt fokus p\u00e5 den danske 3F Superliga og de st\u00f8rste europ\u00e6iske turneringer.","sameAs":["https:\/\/www.linkedin.com\/in\/patrick-hesselbk-2a4b1711a\/"],"url":"https:\/\/acefootball.com\/da\/fodboldnyheder\/author\/patrickhesselbaek\/"}]}},"fimg_url":"https:\/\/acefootball.com\/da\/wp-content\/uploads\/sites\/2\/2020\/10\/Midtjylland-Priske.jpg","_links":{"self":[{"href":"https:\/\/acefootball.com\/da\/wp-json\/wp\/v2\/posts\/241030"}],"collection":[{"href":"https:\/\/acefootball.com\/da\/wp-json\/wp\/v2\/posts"}],"about":[{"href":"https:\/\/acefootball.com\/da\/wp-json\/wp\/v2\/types\/post"}],"author":[{"embeddable":true,"href":"https:\/\/acefootball.com\/da\/wp-json\/wp\/v2\/users\/74"}],"replies":[{"embeddable":true,"href":"https:\/\/acefootball.com\/da\/wp-json\/wp\/v2\/comments?post=241030"}],"version-history":[{"count":0,"href":"https:\/\/acefootball.com\/da\/wp-json\/wp\/v2\/posts\/241030\/revisions"}],"wp:featuredmedia":[{"embeddable":true,"href":"https:\/\/acefootball.com\/da\/wp-json\/wp\/v2\/media\/241035"}],"wp:attachment":[{"href":"https:\/\/acefootball.com\/da\/wp-json\/wp\/v2\/media?parent=241030"}],"wp:term":[{"taxonomy":"category","embeddable":true,"href":"https:\/\/acefootball.com\/da\/wp-json\/wp\/v2\/categories?post=241030"},{"taxonomy":"post_tag","embeddable":true,"href":"https:\/\/acefootball.com\/da\/wp-json\/wp\/v2\/tags?post=241030"}],"curies":[{"name":"wp","href":"https:\/\/api.w.org\/{rel}","templated":true}]}}