{"id":240931,"date":"2020-10-20T22:36:41","date_gmt":"2020-10-20T20:36:41","guid":{"rendered":"https:\/\/acefootball.com\/da\/?p=240931"},"modified":"2020-10-20T22:36:42","modified_gmt":"2020-10-20T20:36:42","slug":"misser-cl-brag-bayern-stjerne-har-coronavirus","status":"publish","type":"post","link":"https:\/\/acefootball.com\/da\/fodboldnyheder\/misser-cl-brag-bayern-stjerne-har-coronavirus\/","title":{"rendered":"Misser CL-brag: Bayern-stjerne har coronavirus"},"content":{"rendered":"\n<h2 id=\"h-bayern-m-nchen-f-r-ikke-gl-de-af-en-corona-ramt-serge-gnabry-i-onsdagens-champions-league-kamp-mod-atl-tico-madrid\">Bayern M\u00fcnchen f\u00e5r ikke gl\u00e6de af en corona-ramt Serge Gnabry i onsdagens Champions League-kamp mod Atl\u00e9tico Madrid<\/h2>\n\n\n\n<div class=\"wp-block-si-widget wp-block-si-widget--center\"><si-lb-widget widget-id=\"MatchInfoWithOddsV2\" data-nopadding=\"true\" data-across-all-tournaments=\"false\" data-limit=\"5\" width=\"440\" data-event-id=\"3461637\" data-provider=\"betfair\" data-card=\"true\"><\/si-lb-widget><\/div>\n\n\n\n<p>Bayern M\u00fcnchen er blevet ramt af et afbud kort f\u00f8r holdets f\u00f8rste Champions League-kamp i s\u00e6sonen mod Atl\u00e9tico Madrid.<\/p>\n\n\n\n<p>De tyske mestre oplyser s\u00e5ledes, at offensivstjernen Serge Gnabry er blevet smittet med coronavirus og derfor ikke kommer med i morgendagens kamp.<\/p>\n\n\n\n<figure class=\"wp-block-embed-twitter wp-block-embed is-type-rich is-provider-twitter\"><div class=\"wp-block-embed__wrapper\">\n<blockquote class=\"twitter-tweet\" data-width=\"550\" data-dnt=\"true\"><p lang=\"en\" dir=\"ltr\">\u2139\ufe0f Serge Gnabry has tested positive for Covid-19. He is doing well and is currently in quarantine. <a href=\"https:\/\/t.co\/ZMYliMAiy6\">pic.twitter.com\/ZMYliMAiy6<\/a><\/p>&mdash; FC Bayern English (@FCBayernEN) <a href=\"https:\/\/twitter.com\/FCBayernEN\/status\/1318613466584961024?ref_src=twsrc%5Etfw\">October 20, 2020<\/a><\/blockquote><script async src=\"https:\/\/platform.twitter.com\/widgets.js\" charset=\"utf-8\"><\/script>\n<\/div><\/figure>\n\n\n\n<p>Den 25-\u00e5rige angriber er nu sendt i karant\u00e6ne, men har det efter omst\u00e6ndighederne godt, forklarer klubben.<\/p>\n\n\n\n<p>Resultatet af corona-pr\u00f8ven betyder formentlig ogs\u00e5, at Gnabry misser weekendens Bundesliga-kamp mod Frankfurt.<\/p>\n","protected":false},"excerpt":{"rendered":"<p>Bayern M\u00fcnchen f\u00e5r ikke gl\u00e6de af en corona-ramt Serge Gnabry i onsdagens Champions League-kamp mod Atl\u00e9tico Madrid<\/p>\n","protected":false},"author":705,"featured_media":234670,"comment_status":"open","ping_status":"closed","sticky":false,"template":"","format":"standard","meta":{"om_disable_all_campaigns":false,"push_articles_ronaldo":{"active":false,"canonical":0,"publish":false},"force_updates":null},"categories":[1],"tags":[75,74,143,206,4212],"enet_tags":{"team":["9906","9823"],"league":["54","42"],"player":["385437"],"sport_events":[3461637]},"yoast_head":"<!-- This site is optimized with the Yoast SEO plugin v18.3 - https:\/\/yoast.com\/wordpress\/plugins\/seo\/ -->\n<title>Misser CL-brag: Bayern-stjerne har coronavirus<\/title>\n<meta name=\"description\" content=\"Bayern M\u00fcnchen f\u00e5r ikke gl\u00e6de af en corona-ramt Serge Gnabry i onsdagens Champions League-kamp mod Atl\u00e9tico Madrid\" \/>\n<meta name=\"robots\" content=\"index, follow, max-snippet:-1, max-image-preview:large, max-video-preview:-1\" \/>\n<link rel=\"canonical\" href=\"https:\/\/acefootball.com\/da\/fodboldnyheder\/misser-cl-brag-bayern-stjerne-har-coronavirus\/\" \/>\n<meta property=\"og:locale\" content=\"en_US\" \/>\n<meta property=\"og:type\" content=\"article\" \/>\n<meta property=\"og:title\" content=\"Misser CL-brag: Bayern-stjerne har coronavirus\" \/>\n<meta property=\"og:description\" content=\"Bayern M\u00fcnchen f\u00e5r ikke gl\u00e6de af en corona-ramt Serge Gnabry i onsdagens Champions League-kamp mod Atl\u00e9tico Madrid\" \/>\n<meta property=\"og:url\" content=\"https:\/\/acefootball.com\/da\/fodboldnyheder\/misser-cl-brag-bayern-stjerne-har-coronavirus\/\" \/>\n<meta property=\"og:site_name\" content=\"Ace Football Danmark\" \/>\n<meta property=\"article:publisher\" content=\"https:\/\/www.facebook.com\/acefootballdk\" \/>\n<meta property=\"article:published_time\" content=\"2020-10-20T20:36:41+00:00\" \/>\n<meta property=\"article:modified_time\" content=\"2020-10-20T20:36:42+00:00\" \/>\n<meta property=\"og:image\" content=\"https:\/\/acefootball.com\/da\/wp-content\/uploads\/sites\/2\/2020\/08\/GettyImages-1224656099.jpg\" \/>\n\t<meta property=\"og:image:width\" content=\"1024\" \/>\n\t<meta property=\"og:image:height\" content=\"683\" \/>\n\t<meta property=\"og:image:type\" content=\"image\/jpeg\" \/>\n<meta name=\"twitter:card\" content=\"summary_large_image\" \/>\n<meta name=\"twitter:label1\" content=\"Written by\" \/>\n\t<meta name=\"twitter:data1\" content=\"Mads Dreyer\" \/>\n\t<meta name=\"twitter:label2\" content=\"Est. reading time\" \/>\n\t<meta name=\"twitter:data2\" content=\"1 minute\" \/>\n<script type=\"application\/ld+json\" class=\"yoast-schema-graph\">{\"@context\":\"https:\/\/schema.org\",\"@graph\":[{\"@type\":\"Organization\",\"@id\":\"https:\/\/acefootball.com\/da\/#organization\",\"name\":\"Ace Football\",\"url\":\"https:\/\/acefootball.com\/da\/\",\"sameAs\":[\"https:\/\/www.facebook.com\/acefootballdk\"],\"logo\":{\"@type\":\"ImageObject\",\"@id\":\"https:\/\/acefootball.com\/da\/#logo\",\"inLanguage\":\"en-US\",\"url\":\"https:\/\/acefootball.com\/da\/wp-content\/uploads\/sites\/2\/2020\/07\/Ace-Football-30-07-2020-2.png\",\"contentUrl\":\"https:\/\/acefootball.com\/da\/wp-content\/uploads\/sites\/2\/2020\/07\/Ace-Football-30-07-2020-2.png\",\"width\":1200,\"height\":600,\"caption\":\"Ace Football\"},\"image\":{\"@id\":\"https:\/\/acefootball.com\/da\/#logo\"}},{\"@type\":\"WebSite\",\"@id\":\"https:\/\/acefootball.com\/da\/#website\",\"url\":\"https:\/\/acefootball.com\/da\/\",\"name\":\"Ace Football Danmark\",\"description\":\"Nyheder, Spiltips &amp; Livescore\",\"publisher\":{\"@id\":\"https:\/\/acefootball.com\/da\/#organization\"},\"potentialAction\":[{\"@type\":\"SearchAction\",\"target\":{\"@type\":\"EntryPoint\",\"urlTemplate\":\"https:\/\/acefootball.com\/da\/?s={search_term_string}\"},\"query-input\":\"required name=search_term_string\"}],\"inLanguage\":\"en-US\"},{\"@type\":\"ImageObject\",\"@id\":\"https:\/\/acefootball.com\/da\/fodboldnyheder\/misser-cl-brag-bayern-stjerne-har-coronavirus\/#primaryimage\",\"inLanguage\":\"en-US\",\"url\":\"https:\/\/acefootball.com\/da\/wp-content\/uploads\/sites\/2\/2020\/08\/GettyImages-1224656099.jpg\",\"contentUrl\":\"https:\/\/acefootball.com\/da\/wp-content\/uploads\/sites\/2\/2020\/08\/GettyImages-1224656099.jpg\",\"width\":1024,\"height\":683,\"caption\":\"BERLIN, GERMANY - JULY 04: Serge Gnabry of Bayern Munich celebrates after scoring his sides second goal with Robert Lewandowski during the DFB Cup final match between Bayer 04 Leverkusen and FC Bayern Muenchen at Olympiastadion on July 4, 2020 in Berlin, Germany. (Photo by Michael Sohn\/Pool via Getty Images)\"},{\"@type\":\"WebPage\",\"@id\":\"https:\/\/acefootball.com\/da\/fodboldnyheder\/misser-cl-brag-bayern-stjerne-har-coronavirus\/#webpage\",\"url\":\"https:\/\/acefootball.com\/da\/fodboldnyheder\/misser-cl-brag-bayern-stjerne-har-coronavirus\/\",\"name\":\"Misser CL-brag: Bayern-stjerne har coronavirus\",\"isPartOf\":{\"@id\":\"https:\/\/acefootball.com\/da\/#website\"},\"primaryImageOfPage\":{\"@id\":\"https:\/\/acefootball.com\/da\/fodboldnyheder\/misser-cl-brag-bayern-stjerne-har-coronavirus\/#primaryimage\"},\"datePublished\":\"2020-10-20T20:36:41+00:00\",\"dateModified\":\"2020-10-20T20:36:42+00:00\",\"description\":\"Bayern M\u00fcnchen f\u00e5r ikke gl\u00e6de af en corona-ramt Serge Gnabry i onsdagens Champions League-kamp mod Atl\u00e9tico Madrid\",\"breadcrumb\":{\"@id\":\"https:\/\/acefootball.com\/da\/fodboldnyheder\/misser-cl-brag-bayern-stjerne-har-coronavirus\/#breadcrumb\"},\"inLanguage\":\"en-US\",\"potentialAction\":[{\"@type\":\"ReadAction\",\"target\":[\"https:\/\/acefootball.com\/da\/fodboldnyheder\/misser-cl-brag-bayern-stjerne-har-coronavirus\/\"]}]},{\"@type\":\"BreadcrumbList\",\"@id\":\"https:\/\/acefootball.com\/da\/fodboldnyheder\/misser-cl-brag-bayern-stjerne-har-coronavirus\/#breadcrumb\",\"itemListElement\":[{\"@type\":\"ListItem\",\"position\":1,\"name\":\"Home\",\"item\":\"https:\/\/acefootball.com\/da\/\"},{\"@type\":\"ListItem\",\"position\":2,\"name\":\"Misser CL-brag: Bayern-stjerne har coronavirus\"}]},{\"@type\":\"Article\",\"@id\":\"https:\/\/acefootball.com\/da\/fodboldnyheder\/misser-cl-brag-bayern-stjerne-har-coronavirus\/#article\",\"isPartOf\":{\"@id\":\"https:\/\/acefootball.com\/da\/fodboldnyheder\/misser-cl-brag-bayern-stjerne-har-coronavirus\/#webpage\"},\"author\":{\"@id\":\"https:\/\/acefootball.com\/da\/#\/schema\/person\/ee67e9cf04a276f144100ffa722f10cd\"},\"headline\":\"Misser CL-brag: Bayern-stjerne har coronavirus\",\"datePublished\":\"2020-10-20T20:36:41+00:00\",\"dateModified\":\"2020-10-20T20:36:42+00:00\",\"mainEntityOfPage\":{\"@id\":\"https:\/\/acefootball.com\/da\/fodboldnyheder\/misser-cl-brag-bayern-stjerne-har-coronavirus\/#webpage\"},\"wordCount\":111,\"commentCount\":0,\"publisher\":{\"@id\":\"https:\/\/acefootball.com\/da\/#organization\"},\"image\":{\"@id\":\"https:\/\/acefootball.com\/da\/fodboldnyheder\/misser-cl-brag-bayern-stjerne-har-coronavirus\/#primaryimage\"},\"thumbnailUrl\":\"https:\/\/acefootball.com\/da\/wp-content\/uploads\/sites\/2\/2020\/08\/GettyImages-1224656099.jpg\",\"keywords\":[\"Atletico Madrid\",\"Bayern M\u00fcnchen\",\"Bundesliga\",\"Champions League\",\"Serge Gnabry\"],\"articleSection\":[\"Nyhed\"],\"inLanguage\":\"en-US\",\"potentialAction\":[{\"@type\":\"CommentAction\",\"name\":\"Comment\",\"target\":[\"https:\/\/acefootball.com\/da\/fodboldnyheder\/misser-cl-brag-bayern-stjerne-har-coronavirus\/#respond\"]}]},{\"@type\":\"Person\",\"@id\":\"https:\/\/acefootball.com\/da\/#\/schema\/person\/ee67e9cf04a276f144100ffa722f10cd\",\"name\":\"Mads Dreyer\",\"image\":{\"@type\":\"ImageObject\",\"@id\":\"https:\/\/acefootball.com\/da\/#personlogo\",\"inLanguage\":\"en-US\",\"url\":\"https:\/\/secure.gravatar.com\/avatar\/7c7abf72cfde9902b6a60efe60c88d4c?s=96&d=mm&r=g\",\"contentUrl\":\"https:\/\/secure.gravatar.com\/avatar\/7c7abf72cfde9902b6a60efe60c88d4c?s=96&d=mm&r=g\",\"caption\":\"Mads Dreyer\"},\"description\":\"Skribent og fodboldn\u00f8rd, der lige nu fort\u00e6ller om alt og intet i fodboldverdenen p\u00e5 acefootball.com. Uddannet i kommunikation fra Aalborg Universitet.\",\"sameAs\":[\"https:\/\/www.linkedin.com\/in\/mads-dreyer-b9b08266\/\"],\"url\":\"https:\/\/acefootball.com\/da\/fodboldnyheder\/author\/mdnronaldo\/\"}]}<\/script>\n<!-- \/ Yoast SEO plugin. -->","yoast_head_json":{"title":"Misser CL-brag: Bayern-stjerne har coronavirus","description":"Bayern M\u00fcnchen f\u00e5r ikke gl\u00e6de af en corona-ramt Serge Gnabry i onsdagens Champions League-kamp mod Atl\u00e9tico Madrid","robots":{"index":"index","follow":"follow","max-snippet":"max-snippet:-1","max-image-preview":"max-image-preview:large","max-video-preview":"max-video-preview:-1"},"canonical":"https:\/\/acefootball.com\/da\/fodboldnyheder\/misser-cl-brag-bayern-stjerne-har-coronavirus\/","og_locale":"en_US","og_type":"article","og_title":"Misser CL-brag: Bayern-stjerne har coronavirus","og_description":"Bayern M\u00fcnchen f\u00e5r ikke gl\u00e6de af en corona-ramt Serge Gnabry i onsdagens Champions League-kamp mod Atl\u00e9tico Madrid","og_url":"https:\/\/acefootball.com\/da\/fodboldnyheder\/misser-cl-brag-bayern-stjerne-har-coronavirus\/","og_site_name":"Ace Football Danmark","article_publisher":"https:\/\/www.facebook.com\/acefootballdk","article_published_time":"2020-10-20T20:36:41+00:00","article_modified_time":"2020-10-20T20:36:42+00:00","og_image":[{"width":1024,"height":683,"url":"https:\/\/acefootball.com\/da\/wp-content\/uploads\/sites\/2\/2020\/08\/GettyImages-1224656099.jpg","type":"image\/jpeg"}],"twitter_card":"summary_large_image","twitter_misc":{"Written by":"Mads Dreyer","Est. reading time":"1 minute"},"schema":{"@context":"https:\/\/schema.org","@graph":[{"@type":"Organization","@id":"https:\/\/acefootball.com\/da\/#organization","name":"Ace Football","url":"https:\/\/acefootball.com\/da\/","sameAs":["https:\/\/www.facebook.com\/acefootballdk"],"logo":{"@type":"ImageObject","@id":"https:\/\/acefootball.com\/da\/#logo","inLanguage":"en-US","url":"https:\/\/acefootball.com\/da\/wp-content\/uploads\/sites\/2\/2020\/07\/Ace-Football-30-07-2020-2.png","contentUrl":"https:\/\/acefootball.com\/da\/wp-content\/uploads\/sites\/2\/2020\/07\/Ace-Football-30-07-2020-2.png","width":1200,"height":600,"caption":"Ace Football"},"image":{"@id":"https:\/\/acefootball.com\/da\/#logo"}},{"@type":"WebSite","@id":"https:\/\/acefootball.com\/da\/#website","url":"https:\/\/acefootball.com\/da\/","name":"Ace Football Danmark","description":"Nyheder, Spiltips &amp; Livescore","publisher":{"@id":"https:\/\/acefootball.com\/da\/#organization"},"potentialAction":[{"@type":"SearchAction","target":{"@type":"EntryPoint","urlTemplate":"https:\/\/acefootball.com\/da\/?s={search_term_string}"},"query-input":"required name=search_term_string"}],"inLanguage":"en-US"},{"@type":"ImageObject","@id":"https:\/\/acefootball.com\/da\/fodboldnyheder\/misser-cl-brag-bayern-stjerne-har-coronavirus\/#primaryimage","inLanguage":"en-US","url":"https:\/\/acefootball.com\/da\/wp-content\/uploads\/sites\/2\/2020\/08\/GettyImages-1224656099.jpg","contentUrl":"https:\/\/acefootball.com\/da\/wp-content\/uploads\/sites\/2\/2020\/08\/GettyImages-1224656099.jpg","width":1024,"height":683,"caption":"BERLIN, GERMANY - JULY 04: Serge Gnabry of Bayern Munich celebrates after scoring his sides second goal with Robert Lewandowski during the DFB Cup final match between Bayer 04 Leverkusen and FC Bayern Muenchen at Olympiastadion on July 4, 2020 in Berlin, Germany. (Photo by Michael Sohn\/Pool via Getty Images)"},{"@type":"WebPage","@id":"https:\/\/acefootball.com\/da\/fodboldnyheder\/misser-cl-brag-bayern-stjerne-har-coronavirus\/#webpage","url":"https:\/\/acefootball.com\/da\/fodboldnyheder\/misser-cl-brag-bayern-stjerne-har-coronavirus\/","name":"Misser CL-brag: Bayern-stjerne har coronavirus","isPartOf":{"@id":"https:\/\/acefootball.com\/da\/#website"},"primaryImageOfPage":{"@id":"https:\/\/acefootball.com\/da\/fodboldnyheder\/misser-cl-brag-bayern-stjerne-har-coronavirus\/#primaryimage"},"datePublished":"2020-10-20T20:36:41+00:00","dateModified":"2020-10-20T20:36:42+00:00","description":"Bayern M\u00fcnchen f\u00e5r ikke gl\u00e6de af en corona-ramt Serge Gnabry i onsdagens Champions League-kamp mod Atl\u00e9tico Madrid","breadcrumb":{"@id":"https:\/\/acefootball.com\/da\/fodboldnyheder\/misser-cl-brag-bayern-stjerne-har-coronavirus\/#breadcrumb"},"inLanguage":"en-US","potentialAction":[{"@type":"ReadAction","target":["https:\/\/acefootball.com\/da\/fodboldnyheder\/misser-cl-brag-bayern-stjerne-har-coronavirus\/"]}]},{"@type":"BreadcrumbList","@id":"https:\/\/acefootball.com\/da\/fodboldnyheder\/misser-cl-brag-bayern-stjerne-har-coronavirus\/#breadcrumb","itemListElement":[{"@type":"ListItem","position":1,"name":"Home","item":"https:\/\/acefootball.com\/da\/"},{"@type":"ListItem","position":2,"name":"Misser CL-brag: Bayern-stjerne har coronavirus"}]},{"@type":"Article","@id":"https:\/\/acefootball.com\/da\/fodboldnyheder\/misser-cl-brag-bayern-stjerne-har-coronavirus\/#article","isPartOf":{"@id":"https:\/\/acefootball.com\/da\/fodboldnyheder\/misser-cl-brag-bayern-stjerne-har-coronavirus\/#webpage"},"author":{"@id":"https:\/\/acefootball.com\/da\/#\/schema\/person\/ee67e9cf04a276f144100ffa722f10cd"},"headline":"Misser CL-brag: Bayern-stjerne har coronavirus","datePublished":"2020-10-20T20:36:41+00:00","dateModified":"2020-10-20T20:36:42+00:00","mainEntityOfPage":{"@id":"https:\/\/acefootball.com\/da\/fodboldnyheder\/misser-cl-brag-bayern-stjerne-har-coronavirus\/#webpage"},"wordCount":111,"commentCount":0,"publisher":{"@id":"https:\/\/acefootball.com\/da\/#organization"},"image":{"@id":"https:\/\/acefootball.com\/da\/fodboldnyheder\/misser-cl-brag-bayern-stjerne-har-coronavirus\/#primaryimage"},"thumbnailUrl":"https:\/\/acefootball.com\/da\/wp-content\/uploads\/sites\/2\/2020\/08\/GettyImages-1224656099.jpg","keywords":["Atletico Madrid","Bayern M\u00fcnchen","Bundesliga","Champions League","Serge Gnabry"],"articleSection":["Nyhed"],"inLanguage":"en-US","potentialAction":[{"@type":"CommentAction","name":"Comment","target":["https:\/\/acefootball.com\/da\/fodboldnyheder\/misser-cl-brag-bayern-stjerne-har-coronavirus\/#respond"]}]},{"@type":"Person","@id":"https:\/\/acefootball.com\/da\/#\/schema\/person\/ee67e9cf04a276f144100ffa722f10cd","name":"Mads Dreyer","image":{"@type":"ImageObject","@id":"https:\/\/acefootball.com\/da\/#personlogo","inLanguage":"en-US","url":"https:\/\/secure.gravatar.com\/avatar\/7c7abf72cfde9902b6a60efe60c88d4c?s=96&d=mm&r=g","contentUrl":"https:\/\/secure.gravatar.com\/avatar\/7c7abf72cfde9902b6a60efe60c88d4c?s=96&d=mm&r=g","caption":"Mads Dreyer"},"description":"Skribent og fodboldn\u00f8rd, der lige nu fort\u00e6ller om alt og intet i fodboldverdenen p\u00e5 acefootball.com. Uddannet i kommunikation fra Aalborg Universitet.","sameAs":["https:\/\/www.linkedin.com\/in\/mads-dreyer-b9b08266\/"],"url":"https:\/\/acefootball.com\/da\/fodboldnyheder\/author\/mdnronaldo\/"}]}},"fimg_url":"https:\/\/acefootball.com\/da\/wp-content\/uploads\/sites\/2\/2020\/08\/GettyImages-1224656099.jpg","_links":{"self":[{"href":"https:\/\/acefootball.com\/da\/wp-json\/wp\/v2\/posts\/240931"}],"collection":[{"href":"https:\/\/acefootball.com\/da\/wp-json\/wp\/v2\/posts"}],"about":[{"href":"https:\/\/acefootball.com\/da\/wp-json\/wp\/v2\/types\/post"}],"author":[{"embeddable":true,"href":"https:\/\/acefootball.com\/da\/wp-json\/wp\/v2\/users\/705"}],"replies":[{"embeddable":true,"href":"https:\/\/acefootball.com\/da\/wp-json\/wp\/v2\/comments?post=240931"}],"version-history":[{"count":0,"href":"https:\/\/acefootball.com\/da\/wp-json\/wp\/v2\/posts\/240931\/revisions"}],"wp:featuredmedia":[{"embeddable":true,"href":"https:\/\/acefootball.com\/da\/wp-json\/wp\/v2\/media\/234670"}],"wp:attachment":[{"href":"https:\/\/acefootball.com\/da\/wp-json\/wp\/v2\/media?parent=240931"}],"wp:term":[{"taxonomy":"category","embeddable":true,"href":"https:\/\/acefootball.com\/da\/wp-json\/wp\/v2\/categories?post=240931"},{"taxonomy":"post_tag","embeddable":true,"href":"https:\/\/acefootball.com\/da\/wp-json\/wp\/v2\/tags?post=240931"}],"curies":[{"name":"wp","href":"https:\/\/api.w.org\/{rel}","templated":true}]}}