{"id":240923,"date":"2020-10-20T21:43:15","date_gmt":"2020-10-20T19:43:15","guid":{"rendered":"https:\/\/acefootball.com\/da\/?p=240923"},"modified":"2020-10-20T21:43:16","modified_gmt":"2020-10-20T19:43:16","slug":"video-fc-midtjylland-praesenterer-hvid-champions-league-troeje","status":"publish","type":"post","link":"https:\/\/acefootball.com\/da\/fodboldnyheder\/video-fc-midtjylland-praesenterer-hvid-champions-league-troeje\/","title":{"rendered":"Video: FC Midtjylland pr\u00e6senterer hvid Champions League-tr\u00f8je"},"content":{"rendered":"\n<h2 id=\"h-fc-midtjylland-har-lanceret-en-spritny-hvis-spilletr-je-som-skal-bruges-i-klubbens-champions-league-kampe\">FC Midtjylland har lanceret en spritny, hvis spilletr\u00f8je, som skal bruges i klubbens Champions League-kampe<\/h2>\n\n\n\n<div class=\"wp-block-si-widget wp-block-si-widget--center\"><si-lb-widget widget-id=\"MatchInfoWithOddsV2\" data-nopadding=\"true\" data-across-all-tournaments=\"false\" data-limit=\"5\" width=\"440\" data-event-id=\"3461676\" data-card=\"true\" data-provider=\"betfair\"><\/si-lb-widget><\/div>\n\n\n\n<p>I FC Midtjylland er man ved at g\u00f8re klar til det f\u00f8rste Champions League-gruppespil i klubbens historie, og det skal der g\u00f8res noget specielt ud af.<\/p>\n\n\n\n<p>Derfor har man her til aften lanceret en ny spilletr\u00f8je, som skal b\u00e6res i de seks gruppekampe, startende fra i morgen mod Atalanta.<\/p>\n\n\n\n<p>Du kan se en pr\u00e6sentationsvideo og et billede af tr\u00f8jen herunder:<\/p>\n\n\n\n<figure class=\"wp-block-embed-twitter wp-block-embed is-type-rich is-provider-twitter\"><div class=\"wp-block-embed__wrapper\">\n<blockquote class=\"twitter-tweet\" data-width=\"550\" data-dnt=\"true\"><p lang=\"en\" dir=\"ltr\">We&#39;ve only just begun&#8230;<br><br>Our official <a href=\"https:\/\/twitter.com\/ChampionsLeague?ref_src=twsrc%5Etfw\">@ChampionsLeague<\/a> jersey is here \u26aa\ud83d\udd34<br><br>\u2192 <a href=\"https:\/\/t.co\/Nv9rSiPt1E\">https:\/\/t.co\/Nv9rSiPt1E<\/a> <a href=\"https:\/\/t.co\/VRRwPjafs2\">pic.twitter.com\/VRRwPjafs2<\/a><\/p>&mdash; FC Midtjylland (@fcmidtjylland) <a href=\"https:\/\/twitter.com\/fcmidtjylland\/status\/1318597824918016003?ref_src=twsrc%5Etfw\">October 20, 2020<\/a><\/blockquote><script async src=\"https:\/\/platform.twitter.com\/widgets.js\" charset=\"utf-8\"><\/script>\n<\/div><\/figure>\n\n\n\n<figure class=\"wp-block-image size-large\"><img loading=\"lazy\" width=\"386\" height=\"505\" src=\"https:\/\/acefootball.com\/da\/wp-content\/uploads\/sites\/2\/2020\/10\/image-17.png\" alt=\"\" class=\"wp-image-240926\" srcset=\"https:\/\/acefootball.com\/da\/wp-content\/uploads\/sites\/2\/2020\/10\/image-17.png 386w, https:\/\/acefootball.com\/da\/wp-content\/uploads\/sites\/2\/2020\/10\/image-17-229x300.png 229w\" sizes=\"(max-width: 386px) 100vw, 386px\" \/><figcaption>Foto: ulveshoppen.dk<\/figcaption><\/figure>\n","protected":false},"excerpt":{"rendered":"<p>FC Midtjylland har lanceret en spritny, hvis spilletr\u00f8je, som skal bruges i klubbens Champions League-kampe<\/p>\n","protected":false},"author":705,"featured_media":240928,"comment_status":"open","ping_status":"closed","sticky":false,"template":"","format":"video","meta":{"om_disable_all_campaigns":false,"push_articles_ronaldo":{"active":false,"canonical":0,"publish":false},"force_updates":null},"categories":[1],"tags":[206,51,588],"enet_tags":{"league":["42","46"],"team":["8113"],"sport_events":[3461676]},"yoast_head":"<!-- This site is optimized with the Yoast SEO plugin v18.3 - https:\/\/yoast.com\/wordpress\/plugins\/seo\/ -->\n<title>Video: FC Midtjylland pr\u00e6senterer hvid Champions League-tr\u00f8je<\/title>\n<meta name=\"description\" content=\"FC Midtjylland har lanceret en spritny, hvis spilletr\u00f8je, som skal bruges i klubbens Champions League-kampe\" \/>\n<meta name=\"robots\" content=\"index, follow, max-snippet:-1, max-image-preview:large, max-video-preview:-1\" \/>\n<link rel=\"canonical\" href=\"https:\/\/acefootball.com\/da\/fodboldnyheder\/video-fc-midtjylland-praesenterer-hvid-champions-league-troeje\/\" \/>\n<meta property=\"og:locale\" content=\"en_US\" \/>\n<meta property=\"og:type\" content=\"article\" \/>\n<meta property=\"og:title\" content=\"Video: FC Midtjylland pr\u00e6senterer hvid Champions League-tr\u00f8je\" \/>\n<meta property=\"og:description\" content=\"FC Midtjylland har lanceret en spritny, hvis spilletr\u00f8je, som skal bruges i klubbens Champions League-kampe\" \/>\n<meta property=\"og:url\" content=\"https:\/\/acefootball.com\/da\/fodboldnyheder\/video-fc-midtjylland-praesenterer-hvid-champions-league-troeje\/\" \/>\n<meta property=\"og:site_name\" content=\"Ace Football Danmark\" \/>\n<meta property=\"article:publisher\" content=\"https:\/\/www.facebook.com\/acefootballdk\" \/>\n<meta property=\"article:published_time\" content=\"2020-10-20T19:43:15+00:00\" \/>\n<meta property=\"article:modified_time\" content=\"2020-10-20T19:43:16+00:00\" \/>\n<meta property=\"og:image\" content=\"https:\/\/acefootball.com\/da\/wp-content\/uploads\/sites\/2\/2020\/10\/Design-uden-navn-2-5.jpg\" \/>\n\t<meta property=\"og:image:width\" content=\"1024\" \/>\n\t<meta property=\"og:image:height\" content=\"683\" \/>\n\t<meta property=\"og:image:type\" content=\"image\/jpeg\" \/>\n<meta name=\"twitter:card\" content=\"summary_large_image\" \/>\n<meta name=\"twitter:label1\" content=\"Written by\" \/>\n\t<meta name=\"twitter:data1\" content=\"Mads Dreyer\" \/>\n<script type=\"application\/ld+json\" class=\"yoast-schema-graph\">{\"@context\":\"https:\/\/schema.org\",\"@graph\":[{\"@type\":\"Organization\",\"@id\":\"https:\/\/acefootball.com\/da\/#organization\",\"name\":\"Ace Football\",\"url\":\"https:\/\/acefootball.com\/da\/\",\"sameAs\":[\"https:\/\/www.facebook.com\/acefootballdk\"],\"logo\":{\"@type\":\"ImageObject\",\"@id\":\"https:\/\/acefootball.com\/da\/#logo\",\"inLanguage\":\"en-US\",\"url\":\"https:\/\/acefootball.com\/da\/wp-content\/uploads\/sites\/2\/2020\/07\/Ace-Football-30-07-2020-2.png\",\"contentUrl\":\"https:\/\/acefootball.com\/da\/wp-content\/uploads\/sites\/2\/2020\/07\/Ace-Football-30-07-2020-2.png\",\"width\":1200,\"height\":600,\"caption\":\"Ace Football\"},\"image\":{\"@id\":\"https:\/\/acefootball.com\/da\/#logo\"}},{\"@type\":\"WebSite\",\"@id\":\"https:\/\/acefootball.com\/da\/#website\",\"url\":\"https:\/\/acefootball.com\/da\/\",\"name\":\"Ace Football Danmark\",\"description\":\"Nyheder, Spiltips &amp; Livescore\",\"publisher\":{\"@id\":\"https:\/\/acefootball.com\/da\/#organization\"},\"potentialAction\":[{\"@type\":\"SearchAction\",\"target\":{\"@type\":\"EntryPoint\",\"urlTemplate\":\"https:\/\/acefootball.com\/da\/?s={search_term_string}\"},\"query-input\":\"required name=search_term_string\"}],\"inLanguage\":\"en-US\"},{\"@type\":\"ImageObject\",\"@id\":\"https:\/\/acefootball.com\/da\/fodboldnyheder\/video-fc-midtjylland-praesenterer-hvid-champions-league-troeje\/#primaryimage\",\"inLanguage\":\"en-US\",\"url\":\"https:\/\/acefootball.com\/da\/wp-content\/uploads\/sites\/2\/2020\/10\/Design-uden-navn-2-5.jpg\",\"contentUrl\":\"https:\/\/acefootball.com\/da\/wp-content\/uploads\/sites\/2\/2020\/10\/Design-uden-navn-2-5.jpg\",\"width\":1024,\"height\":683,\"caption\":\"Foto: FC Midtjylland\/Twitter\"},{\"@type\":\"WebPage\",\"@id\":\"https:\/\/acefootball.com\/da\/fodboldnyheder\/video-fc-midtjylland-praesenterer-hvid-champions-league-troeje\/#webpage\",\"url\":\"https:\/\/acefootball.com\/da\/fodboldnyheder\/video-fc-midtjylland-praesenterer-hvid-champions-league-troeje\/\",\"name\":\"Video: FC Midtjylland pr\u00e6senterer hvid Champions League-tr\u00f8je\",\"isPartOf\":{\"@id\":\"https:\/\/acefootball.com\/da\/#website\"},\"primaryImageOfPage\":{\"@id\":\"https:\/\/acefootball.com\/da\/fodboldnyheder\/video-fc-midtjylland-praesenterer-hvid-champions-league-troeje\/#primaryimage\"},\"datePublished\":\"2020-10-20T19:43:15+00:00\",\"dateModified\":\"2020-10-20T19:43:16+00:00\",\"description\":\"FC Midtjylland har lanceret en spritny, hvis spilletr\u00f8je, som skal bruges i klubbens Champions League-kampe\",\"breadcrumb\":{\"@id\":\"https:\/\/acefootball.com\/da\/fodboldnyheder\/video-fc-midtjylland-praesenterer-hvid-champions-league-troeje\/#breadcrumb\"},\"inLanguage\":\"en-US\",\"potentialAction\":[{\"@type\":\"ReadAction\",\"target\":[\"https:\/\/acefootball.com\/da\/fodboldnyheder\/video-fc-midtjylland-praesenterer-hvid-champions-league-troeje\/\"]}]},{\"@type\":\"BreadcrumbList\",\"@id\":\"https:\/\/acefootball.com\/da\/fodboldnyheder\/video-fc-midtjylland-praesenterer-hvid-champions-league-troeje\/#breadcrumb\",\"itemListElement\":[{\"@type\":\"ListItem\",\"position\":1,\"name\":\"Home\",\"item\":\"https:\/\/acefootball.com\/da\/\"},{\"@type\":\"ListItem\",\"position\":2,\"name\":\"Video: FC Midtjylland pr\u00e6senterer hvid Champions League-tr\u00f8je\"}]},{\"@type\":\"Article\",\"@id\":\"https:\/\/acefootball.com\/da\/fodboldnyheder\/video-fc-midtjylland-praesenterer-hvid-champions-league-troeje\/#article\",\"isPartOf\":{\"@id\":\"https:\/\/acefootball.com\/da\/fodboldnyheder\/video-fc-midtjylland-praesenterer-hvid-champions-league-troeje\/#webpage\"},\"author\":{\"@id\":\"https:\/\/acefootball.com\/da\/#\/schema\/person\/ee67e9cf04a276f144100ffa722f10cd\"},\"headline\":\"Video: FC Midtjylland pr\u00e6senterer hvid Champions League-tr\u00f8je\",\"datePublished\":\"2020-10-20T19:43:15+00:00\",\"dateModified\":\"2020-10-20T19:43:16+00:00\",\"mainEntityOfPage\":{\"@id\":\"https:\/\/acefootball.com\/da\/fodboldnyheder\/video-fc-midtjylland-praesenterer-hvid-champions-league-troeje\/#webpage\"},\"wordCount\":100,\"commentCount\":0,\"publisher\":{\"@id\":\"https:\/\/acefootball.com\/da\/#organization\"},\"image\":{\"@id\":\"https:\/\/acefootball.com\/da\/fodboldnyheder\/video-fc-midtjylland-praesenterer-hvid-champions-league-troeje\/#primaryimage\"},\"thumbnailUrl\":\"https:\/\/acefootball.com\/da\/wp-content\/uploads\/sites\/2\/2020\/10\/Design-uden-navn-2-5.jpg\",\"keywords\":[\"Champions League\",\"FC Midtjylland\",\"Superligaen\"],\"articleSection\":[\"Nyhed\"],\"inLanguage\":\"en-US\",\"potentialAction\":[{\"@type\":\"CommentAction\",\"name\":\"Comment\",\"target\":[\"https:\/\/acefootball.com\/da\/fodboldnyheder\/video-fc-midtjylland-praesenterer-hvid-champions-league-troeje\/#respond\"]}]},{\"@type\":\"Person\",\"@id\":\"https:\/\/acefootball.com\/da\/#\/schema\/person\/ee67e9cf04a276f144100ffa722f10cd\",\"name\":\"Mads Dreyer\",\"image\":{\"@type\":\"ImageObject\",\"@id\":\"https:\/\/acefootball.com\/da\/#personlogo\",\"inLanguage\":\"en-US\",\"url\":\"https:\/\/secure.gravatar.com\/avatar\/7c7abf72cfde9902b6a60efe60c88d4c?s=96&d=mm&r=g\",\"contentUrl\":\"https:\/\/secure.gravatar.com\/avatar\/7c7abf72cfde9902b6a60efe60c88d4c?s=96&d=mm&r=g\",\"caption\":\"Mads Dreyer\"},\"description\":\"Skribent og fodboldn\u00f8rd, der lige nu fort\u00e6ller om alt og intet i fodboldverdenen p\u00e5 acefootball.com. Uddannet i kommunikation fra Aalborg Universitet.\",\"sameAs\":[\"https:\/\/www.linkedin.com\/in\/mads-dreyer-b9b08266\/\"],\"url\":\"https:\/\/acefootball.com\/da\/fodboldnyheder\/author\/mdnronaldo\/\"}]}<\/script>\n<!-- \/ Yoast SEO plugin. -->","yoast_head_json":{"title":"Video: FC Midtjylland pr\u00e6senterer hvid Champions League-tr\u00f8je","description":"FC Midtjylland har lanceret en spritny, hvis spilletr\u00f8je, som skal bruges i klubbens Champions League-kampe","robots":{"index":"index","follow":"follow","max-snippet":"max-snippet:-1","max-image-preview":"max-image-preview:large","max-video-preview":"max-video-preview:-1"},"canonical":"https:\/\/acefootball.com\/da\/fodboldnyheder\/video-fc-midtjylland-praesenterer-hvid-champions-league-troeje\/","og_locale":"en_US","og_type":"article","og_title":"Video: FC Midtjylland pr\u00e6senterer hvid Champions League-tr\u00f8je","og_description":"FC Midtjylland har lanceret en spritny, hvis spilletr\u00f8je, som skal bruges i klubbens Champions League-kampe","og_url":"https:\/\/acefootball.com\/da\/fodboldnyheder\/video-fc-midtjylland-praesenterer-hvid-champions-league-troeje\/","og_site_name":"Ace Football Danmark","article_publisher":"https:\/\/www.facebook.com\/acefootballdk","article_published_time":"2020-10-20T19:43:15+00:00","article_modified_time":"2020-10-20T19:43:16+00:00","og_image":[{"width":1024,"height":683,"url":"https:\/\/acefootball.com\/da\/wp-content\/uploads\/sites\/2\/2020\/10\/Design-uden-navn-2-5.jpg","type":"image\/jpeg"}],"twitter_card":"summary_large_image","twitter_misc":{"Written by":"Mads Dreyer"},"schema":{"@context":"https:\/\/schema.org","@graph":[{"@type":"Organization","@id":"https:\/\/acefootball.com\/da\/#organization","name":"Ace Football","url":"https:\/\/acefootball.com\/da\/","sameAs":["https:\/\/www.facebook.com\/acefootballdk"],"logo":{"@type":"ImageObject","@id":"https:\/\/acefootball.com\/da\/#logo","inLanguage":"en-US","url":"https:\/\/acefootball.com\/da\/wp-content\/uploads\/sites\/2\/2020\/07\/Ace-Football-30-07-2020-2.png","contentUrl":"https:\/\/acefootball.com\/da\/wp-content\/uploads\/sites\/2\/2020\/07\/Ace-Football-30-07-2020-2.png","width":1200,"height":600,"caption":"Ace Football"},"image":{"@id":"https:\/\/acefootball.com\/da\/#logo"}},{"@type":"WebSite","@id":"https:\/\/acefootball.com\/da\/#website","url":"https:\/\/acefootball.com\/da\/","name":"Ace Football Danmark","description":"Nyheder, Spiltips &amp; Livescore","publisher":{"@id":"https:\/\/acefootball.com\/da\/#organization"},"potentialAction":[{"@type":"SearchAction","target":{"@type":"EntryPoint","urlTemplate":"https:\/\/acefootball.com\/da\/?s={search_term_string}"},"query-input":"required name=search_term_string"}],"inLanguage":"en-US"},{"@type":"ImageObject","@id":"https:\/\/acefootball.com\/da\/fodboldnyheder\/video-fc-midtjylland-praesenterer-hvid-champions-league-troeje\/#primaryimage","inLanguage":"en-US","url":"https:\/\/acefootball.com\/da\/wp-content\/uploads\/sites\/2\/2020\/10\/Design-uden-navn-2-5.jpg","contentUrl":"https:\/\/acefootball.com\/da\/wp-content\/uploads\/sites\/2\/2020\/10\/Design-uden-navn-2-5.jpg","width":1024,"height":683,"caption":"Foto: FC Midtjylland\/Twitter"},{"@type":"WebPage","@id":"https:\/\/acefootball.com\/da\/fodboldnyheder\/video-fc-midtjylland-praesenterer-hvid-champions-league-troeje\/#webpage","url":"https:\/\/acefootball.com\/da\/fodboldnyheder\/video-fc-midtjylland-praesenterer-hvid-champions-league-troeje\/","name":"Video: FC Midtjylland pr\u00e6senterer hvid Champions League-tr\u00f8je","isPartOf":{"@id":"https:\/\/acefootball.com\/da\/#website"},"primaryImageOfPage":{"@id":"https:\/\/acefootball.com\/da\/fodboldnyheder\/video-fc-midtjylland-praesenterer-hvid-champions-league-troeje\/#primaryimage"},"datePublished":"2020-10-20T19:43:15+00:00","dateModified":"2020-10-20T19:43:16+00:00","description":"FC Midtjylland har lanceret en spritny, hvis spilletr\u00f8je, som skal bruges i klubbens Champions League-kampe","breadcrumb":{"@id":"https:\/\/acefootball.com\/da\/fodboldnyheder\/video-fc-midtjylland-praesenterer-hvid-champions-league-troeje\/#breadcrumb"},"inLanguage":"en-US","potentialAction":[{"@type":"ReadAction","target":["https:\/\/acefootball.com\/da\/fodboldnyheder\/video-fc-midtjylland-praesenterer-hvid-champions-league-troeje\/"]}]},{"@type":"BreadcrumbList","@id":"https:\/\/acefootball.com\/da\/fodboldnyheder\/video-fc-midtjylland-praesenterer-hvid-champions-league-troeje\/#breadcrumb","itemListElement":[{"@type":"ListItem","position":1,"name":"Home","item":"https:\/\/acefootball.com\/da\/"},{"@type":"ListItem","position":2,"name":"Video: FC Midtjylland pr\u00e6senterer hvid Champions League-tr\u00f8je"}]},{"@type":"Article","@id":"https:\/\/acefootball.com\/da\/fodboldnyheder\/video-fc-midtjylland-praesenterer-hvid-champions-league-troeje\/#article","isPartOf":{"@id":"https:\/\/acefootball.com\/da\/fodboldnyheder\/video-fc-midtjylland-praesenterer-hvid-champions-league-troeje\/#webpage"},"author":{"@id":"https:\/\/acefootball.com\/da\/#\/schema\/person\/ee67e9cf04a276f144100ffa722f10cd"},"headline":"Video: FC Midtjylland pr\u00e6senterer hvid Champions League-tr\u00f8je","datePublished":"2020-10-20T19:43:15+00:00","dateModified":"2020-10-20T19:43:16+00:00","mainEntityOfPage":{"@id":"https:\/\/acefootball.com\/da\/fodboldnyheder\/video-fc-midtjylland-praesenterer-hvid-champions-league-troeje\/#webpage"},"wordCount":100,"commentCount":0,"publisher":{"@id":"https:\/\/acefootball.com\/da\/#organization"},"image":{"@id":"https:\/\/acefootball.com\/da\/fodboldnyheder\/video-fc-midtjylland-praesenterer-hvid-champions-league-troeje\/#primaryimage"},"thumbnailUrl":"https:\/\/acefootball.com\/da\/wp-content\/uploads\/sites\/2\/2020\/10\/Design-uden-navn-2-5.jpg","keywords":["Champions League","FC Midtjylland","Superligaen"],"articleSection":["Nyhed"],"inLanguage":"en-US","potentialAction":[{"@type":"CommentAction","name":"Comment","target":["https:\/\/acefootball.com\/da\/fodboldnyheder\/video-fc-midtjylland-praesenterer-hvid-champions-league-troeje\/#respond"]}]},{"@type":"Person","@id":"https:\/\/acefootball.com\/da\/#\/schema\/person\/ee67e9cf04a276f144100ffa722f10cd","name":"Mads Dreyer","image":{"@type":"ImageObject","@id":"https:\/\/acefootball.com\/da\/#personlogo","inLanguage":"en-US","url":"https:\/\/secure.gravatar.com\/avatar\/7c7abf72cfde9902b6a60efe60c88d4c?s=96&d=mm&r=g","contentUrl":"https:\/\/secure.gravatar.com\/avatar\/7c7abf72cfde9902b6a60efe60c88d4c?s=96&d=mm&r=g","caption":"Mads Dreyer"},"description":"Skribent og fodboldn\u00f8rd, der lige nu fort\u00e6ller om alt og intet i fodboldverdenen p\u00e5 acefootball.com. Uddannet i kommunikation fra Aalborg Universitet.","sameAs":["https:\/\/www.linkedin.com\/in\/mads-dreyer-b9b08266\/"],"url":"https:\/\/acefootball.com\/da\/fodboldnyheder\/author\/mdnronaldo\/"}]}},"fimg_url":"https:\/\/acefootball.com\/da\/wp-content\/uploads\/sites\/2\/2020\/10\/Design-uden-navn-2-5.jpg","_links":{"self":[{"href":"https:\/\/acefootball.com\/da\/wp-json\/wp\/v2\/posts\/240923"}],"collection":[{"href":"https:\/\/acefootball.com\/da\/wp-json\/wp\/v2\/posts"}],"about":[{"href":"https:\/\/acefootball.com\/da\/wp-json\/wp\/v2\/types\/post"}],"author":[{"embeddable":true,"href":"https:\/\/acefootball.com\/da\/wp-json\/wp\/v2\/users\/705"}],"replies":[{"embeddable":true,"href":"https:\/\/acefootball.com\/da\/wp-json\/wp\/v2\/comments?post=240923"}],"version-history":[{"count":0,"href":"https:\/\/acefootball.com\/da\/wp-json\/wp\/v2\/posts\/240923\/revisions"}],"wp:featuredmedia":[{"embeddable":true,"href":"https:\/\/acefootball.com\/da\/wp-json\/wp\/v2\/media\/240928"}],"wp:attachment":[{"href":"https:\/\/acefootball.com\/da\/wp-json\/wp\/v2\/media?parent=240923"}],"wp:term":[{"taxonomy":"category","embeddable":true,"href":"https:\/\/acefootball.com\/da\/wp-json\/wp\/v2\/categories?post=240923"},{"taxonomy":"post_tag","embeddable":true,"href":"https:\/\/acefootball.com\/da\/wp-json\/wp\/v2\/tags?post=240923"}],"curies":[{"name":"wp","href":"https:\/\/api.w.org\/{rel}","templated":true}]}}