{"id":240917,"date":"2020-10-20T20:21:49","date_gmt":"2020-10-20T18:21:49","guid":{"rendered":"https:\/\/acefootball.com\/da\/?p=240917"},"modified":"2020-10-20T20:25:10","modified_gmt":"2020-10-20T18:25:10","slug":"chok-petr-cech-inkluderet-i-chelsea-truppen","status":"publish","type":"post","link":"https:\/\/acefootball.com\/da\/fodboldnyheder\/chok-petr-cech-inkluderet-i-chelsea-truppen\/","title":{"rendered":"CHOK: Petr Cech inkluderet i Chelsea-truppen"},"content":{"rendered":"\n<h2 id=\"h-chelsea-manager-frank-lampard-har-valgt-at-inkludere-petr-cech-som-m-lmandsreserve-i-premier-league-truppen\">Chelsea-manager Frank Lampard har valgt at inkludere Petr Cech som m\u00e5lmandsreserve i Premier League-truppen<\/h2>\n\n\n\n<p>Premier League-klubberne har i dag sat navne p\u00e5 de 25 spillere, man i l\u00f8bet af efter\u00e5ret vil have til r\u00e5dighed i den hjemlige turnering, og det har budt p\u00e5 enkelte overraskelser.<\/p>\n\n\n\n<p>Ingen klub kommer dog formentlig til at overg\u00e5 Chelsea, i forhold til overraskelser. London-mandskabet har nemlig tilf\u00f8jet ingen ringere end Petr Cech p\u00e5 listen.<\/p>\n\n\n\n<p>Den tjekkiske m\u00e5lmandslegende valgte ellers at stille st\u00f8vlerne p\u00e5 hylden sidste \u00e5r, efter fire \u00e5r hos Arsenal, men nu kan han alts\u00e5 ende med at skulle i aktion for Chelsea igen.<\/p>\n\n\n\n<figure class=\"wp-block-embed-wordpress wp-block-embed is-type-wp-embed is-provider-ace-football-danmark\"><div class=\"wp-block-embed__wrapper\">\n<blockquote class=\"wp-embedded-content\" data-secret=\"H7Y3Fh1i5A\"><a href=\"https:\/\/acefootball.com\/da\/fodboldnyheder\/medie-storklubber-arbejder-paa-europaeisk-premier-league\/\">Medie: Storklubber arbejder p\u00e5 europ\u00e6isk Premier League<\/a><\/blockquote><iframe class=\"wp-embedded-content\" sandbox=\"allow-scripts\" security=\"restricted\" style=\"position: absolute; clip: rect(1px, 1px, 1px, 1px);\" title=\"&#8220;Medie: Storklubber arbejder p\u00e5 europ\u00e6isk Premier League&#8221; &#8212; Ace Football Danmark\" src=\"https:\/\/acefootball.com\/da\/fodboldnyheder\/medie-storklubber-arbejder-paa-europaeisk-premier-league\/embed\/#?secret=H7Y3Fh1i5A\" data-secret=\"H7Y3Fh1i5A\" width=\"600\" height=\"338\" frameborder=\"0\" marginwidth=\"0\" marginheight=\"0\" scrolling=\"no\"><\/iframe>\n<\/div><\/figure>\n\n\n\n<p>Petr Cech har da ogs\u00e5 siden karrierestoppet v\u00e6ret tilknyttet Chelsea, hvor han besidder en stilling som r\u00e5dgiver.<\/p>\n\n\n\n<p>Det er dog meget tvivlsomt, at der nogensinde skulle blive brug for den 38-\u00e5rige veteran, da han kun er med som sidste reserve, hvis man i l\u00f8bet af efter\u00e5ret skulle blive h\u00e5rdt ramt af coronavirus.<\/p>\n","protected":false},"excerpt":{"rendered":"<p>Chelsea-manager Frank Lampard har valgt at inkludere Petr Cech som m\u00e5lmandsreserve i Premier League-truppen<\/p>\n","protected":false},"author":705,"featured_media":240918,"comment_status":"open","ping_status":"closed","sticky":false,"template":"","format":"standard","meta":{"om_disable_all_campaigns":false,"push_articles_ronaldo":{"active":false,"canonical":0,"publish":false},"force_updates":null},"categories":[1],"tags":[84,1974,134],"enet_tags":{"team":["8455"],"player":["30859"],"league":["47"],"sport_events":[]},"yoast_head":"<!-- This site is optimized with the Yoast SEO plugin v18.3 - https:\/\/yoast.com\/wordpress\/plugins\/seo\/ -->\n<title>CHOK: Petr Cech inkluderet i Chelsea-truppen<\/title>\n<meta name=\"description\" content=\"Chelsea-manager Frank Lampard har valgt at inkludere Petr Cech som m\u00e5lmandsreserve i Premier League-truppen\" \/>\n<meta name=\"robots\" content=\"index, follow, max-snippet:-1, max-image-preview:large, max-video-preview:-1\" \/>\n<link rel=\"canonical\" href=\"https:\/\/acefootball.com\/da\/fodboldnyheder\/chok-petr-cech-inkluderet-i-chelsea-truppen\/\" \/>\n<meta property=\"og:locale\" content=\"en_US\" \/>\n<meta property=\"og:type\" content=\"article\" \/>\n<meta property=\"og:title\" content=\"CHOK: Petr Cech inkluderet i Chelsea-truppen\" \/>\n<meta property=\"og:description\" content=\"Chelsea-manager Frank Lampard har valgt at inkludere Petr Cech som m\u00e5lmandsreserve i Premier League-truppen\" \/>\n<meta property=\"og:url\" content=\"https:\/\/acefootball.com\/da\/fodboldnyheder\/chok-petr-cech-inkluderet-i-chelsea-truppen\/\" \/>\n<meta property=\"og:site_name\" content=\"Ace Football Danmark\" \/>\n<meta property=\"article:publisher\" content=\"https:\/\/www.facebook.com\/acefootballdk\" \/>\n<meta property=\"article:published_time\" content=\"2020-10-20T18:21:49+00:00\" \/>\n<meta property=\"article:modified_time\" content=\"2020-10-20T18:25:10+00:00\" \/>\n<meta property=\"og:image\" content=\"https:\/\/acefootball.com\/da\/wp-content\/uploads\/sites\/2\/2020\/10\/GettyImages-1183592659.jpg\" \/>\n\t<meta property=\"og:image:width\" content=\"1024\" \/>\n\t<meta property=\"og:image:height\" content=\"683\" \/>\n\t<meta property=\"og:image:type\" content=\"image\/jpeg\" \/>\n<meta name=\"twitter:card\" content=\"summary_large_image\" \/>\n<meta name=\"twitter:label1\" content=\"Written by\" \/>\n\t<meta name=\"twitter:data1\" content=\"Mads Dreyer\" \/>\n\t<meta name=\"twitter:label2\" content=\"Est. reading time\" \/>\n\t<meta name=\"twitter:data2\" content=\"1 minute\" \/>\n<script type=\"application\/ld+json\" class=\"yoast-schema-graph\">{\"@context\":\"https:\/\/schema.org\",\"@graph\":[{\"@type\":\"Organization\",\"@id\":\"https:\/\/acefootball.com\/da\/#organization\",\"name\":\"Ace Football\",\"url\":\"https:\/\/acefootball.com\/da\/\",\"sameAs\":[\"https:\/\/www.facebook.com\/acefootballdk\"],\"logo\":{\"@type\":\"ImageObject\",\"@id\":\"https:\/\/acefootball.com\/da\/#logo\",\"inLanguage\":\"en-US\",\"url\":\"https:\/\/acefootball.com\/da\/wp-content\/uploads\/sites\/2\/2020\/07\/Ace-Football-30-07-2020-2.png\",\"contentUrl\":\"https:\/\/acefootball.com\/da\/wp-content\/uploads\/sites\/2\/2020\/07\/Ace-Football-30-07-2020-2.png\",\"width\":1200,\"height\":600,\"caption\":\"Ace Football\"},\"image\":{\"@id\":\"https:\/\/acefootball.com\/da\/#logo\"}},{\"@type\":\"WebSite\",\"@id\":\"https:\/\/acefootball.com\/da\/#website\",\"url\":\"https:\/\/acefootball.com\/da\/\",\"name\":\"Ace Football Danmark\",\"description\":\"Nyheder, Spiltips &amp; Livescore\",\"publisher\":{\"@id\":\"https:\/\/acefootball.com\/da\/#organization\"},\"potentialAction\":[{\"@type\":\"SearchAction\",\"target\":{\"@type\":\"EntryPoint\",\"urlTemplate\":\"https:\/\/acefootball.com\/da\/?s={search_term_string}\"},\"query-input\":\"required name=search_term_string\"}],\"inLanguage\":\"en-US\"},{\"@type\":\"ImageObject\",\"@id\":\"https:\/\/acefootball.com\/da\/fodboldnyheder\/chok-petr-cech-inkluderet-i-chelsea-truppen\/#primaryimage\",\"inLanguage\":\"en-US\",\"url\":\"https:\/\/acefootball.com\/da\/wp-content\/uploads\/sites\/2\/2020\/10\/GettyImages-1183592659.jpg\",\"contentUrl\":\"https:\/\/acefootball.com\/da\/wp-content\/uploads\/sites\/2\/2020\/10\/GettyImages-1183592659.jpg\",\"width\":1024,\"height\":683,\"caption\":\"BURNLEY, ENGLAND - OCTOBER 26: Petr Cech, technical and performance advisor at Chelsea, looks on during the Premier League match between Burnley FC and Chelsea FC at Turf Moor on October 26, 2019 in Burnley, United Kingdom. (Photo by Jan Kruger\/Getty Images)\"},{\"@type\":\"WebPage\",\"@id\":\"https:\/\/acefootball.com\/da\/fodboldnyheder\/chok-petr-cech-inkluderet-i-chelsea-truppen\/#webpage\",\"url\":\"https:\/\/acefootball.com\/da\/fodboldnyheder\/chok-petr-cech-inkluderet-i-chelsea-truppen\/\",\"name\":\"CHOK: Petr Cech inkluderet i Chelsea-truppen\",\"isPartOf\":{\"@id\":\"https:\/\/acefootball.com\/da\/#website\"},\"primaryImageOfPage\":{\"@id\":\"https:\/\/acefootball.com\/da\/fodboldnyheder\/chok-petr-cech-inkluderet-i-chelsea-truppen\/#primaryimage\"},\"datePublished\":\"2020-10-20T18:21:49+00:00\",\"dateModified\":\"2020-10-20T18:25:10+00:00\",\"description\":\"Chelsea-manager Frank Lampard har valgt at inkludere Petr Cech som m\u00e5lmandsreserve i Premier League-truppen\",\"breadcrumb\":{\"@id\":\"https:\/\/acefootball.com\/da\/fodboldnyheder\/chok-petr-cech-inkluderet-i-chelsea-truppen\/#breadcrumb\"},\"inLanguage\":\"en-US\",\"potentialAction\":[{\"@type\":\"ReadAction\",\"target\":[\"https:\/\/acefootball.com\/da\/fodboldnyheder\/chok-petr-cech-inkluderet-i-chelsea-truppen\/\"]}]},{\"@type\":\"BreadcrumbList\",\"@id\":\"https:\/\/acefootball.com\/da\/fodboldnyheder\/chok-petr-cech-inkluderet-i-chelsea-truppen\/#breadcrumb\",\"itemListElement\":[{\"@type\":\"ListItem\",\"position\":1,\"name\":\"Home\",\"item\":\"https:\/\/acefootball.com\/da\/\"},{\"@type\":\"ListItem\",\"position\":2,\"name\":\"CHOK: Petr Cech inkluderet i Chelsea-truppen\"}]},{\"@type\":\"Article\",\"@id\":\"https:\/\/acefootball.com\/da\/fodboldnyheder\/chok-petr-cech-inkluderet-i-chelsea-truppen\/#article\",\"isPartOf\":{\"@id\":\"https:\/\/acefootball.com\/da\/fodboldnyheder\/chok-petr-cech-inkluderet-i-chelsea-truppen\/#webpage\"},\"author\":{\"@id\":\"https:\/\/acefootball.com\/da\/#\/schema\/person\/ee67e9cf04a276f144100ffa722f10cd\"},\"headline\":\"CHOK: Petr Cech inkluderet i Chelsea-truppen\",\"datePublished\":\"2020-10-20T18:21:49+00:00\",\"dateModified\":\"2020-10-20T18:25:10+00:00\",\"mainEntityOfPage\":{\"@id\":\"https:\/\/acefootball.com\/da\/fodboldnyheder\/chok-petr-cech-inkluderet-i-chelsea-truppen\/#webpage\"},\"wordCount\":176,\"commentCount\":0,\"publisher\":{\"@id\":\"https:\/\/acefootball.com\/da\/#organization\"},\"image\":{\"@id\":\"https:\/\/acefootball.com\/da\/fodboldnyheder\/chok-petr-cech-inkluderet-i-chelsea-truppen\/#primaryimage\"},\"thumbnailUrl\":\"https:\/\/acefootball.com\/da\/wp-content\/uploads\/sites\/2\/2020\/10\/GettyImages-1183592659.jpg\",\"keywords\":[\"Chelsea\",\"Petr Cech\",\"Premier League\"],\"articleSection\":[\"Nyhed\"],\"inLanguage\":\"en-US\",\"potentialAction\":[{\"@type\":\"CommentAction\",\"name\":\"Comment\",\"target\":[\"https:\/\/acefootball.com\/da\/fodboldnyheder\/chok-petr-cech-inkluderet-i-chelsea-truppen\/#respond\"]}]},{\"@type\":\"Person\",\"@id\":\"https:\/\/acefootball.com\/da\/#\/schema\/person\/ee67e9cf04a276f144100ffa722f10cd\",\"name\":\"Mads Dreyer\",\"image\":{\"@type\":\"ImageObject\",\"@id\":\"https:\/\/acefootball.com\/da\/#personlogo\",\"inLanguage\":\"en-US\",\"url\":\"https:\/\/secure.gravatar.com\/avatar\/7c7abf72cfde9902b6a60efe60c88d4c?s=96&d=mm&r=g\",\"contentUrl\":\"https:\/\/secure.gravatar.com\/avatar\/7c7abf72cfde9902b6a60efe60c88d4c?s=96&d=mm&r=g\",\"caption\":\"Mads Dreyer\"},\"description\":\"Skribent og fodboldn\u00f8rd, der lige nu fort\u00e6ller om alt og intet i fodboldverdenen p\u00e5 acefootball.com. Uddannet i kommunikation fra Aalborg Universitet.\",\"sameAs\":[\"https:\/\/www.linkedin.com\/in\/mads-dreyer-b9b08266\/\"],\"url\":\"https:\/\/acefootball.com\/da\/fodboldnyheder\/author\/mdnronaldo\/\"}]}<\/script>\n<!-- \/ Yoast SEO plugin. -->","yoast_head_json":{"title":"CHOK: Petr Cech inkluderet i Chelsea-truppen","description":"Chelsea-manager Frank Lampard har valgt at inkludere Petr Cech som m\u00e5lmandsreserve i Premier League-truppen","robots":{"index":"index","follow":"follow","max-snippet":"max-snippet:-1","max-image-preview":"max-image-preview:large","max-video-preview":"max-video-preview:-1"},"canonical":"https:\/\/acefootball.com\/da\/fodboldnyheder\/chok-petr-cech-inkluderet-i-chelsea-truppen\/","og_locale":"en_US","og_type":"article","og_title":"CHOK: Petr Cech inkluderet i Chelsea-truppen","og_description":"Chelsea-manager Frank Lampard har valgt at inkludere Petr Cech som m\u00e5lmandsreserve i Premier League-truppen","og_url":"https:\/\/acefootball.com\/da\/fodboldnyheder\/chok-petr-cech-inkluderet-i-chelsea-truppen\/","og_site_name":"Ace Football Danmark","article_publisher":"https:\/\/www.facebook.com\/acefootballdk","article_published_time":"2020-10-20T18:21:49+00:00","article_modified_time":"2020-10-20T18:25:10+00:00","og_image":[{"width":1024,"height":683,"url":"https:\/\/acefootball.com\/da\/wp-content\/uploads\/sites\/2\/2020\/10\/GettyImages-1183592659.jpg","type":"image\/jpeg"}],"twitter_card":"summary_large_image","twitter_misc":{"Written by":"Mads Dreyer","Est. reading time":"1 minute"},"schema":{"@context":"https:\/\/schema.org","@graph":[{"@type":"Organization","@id":"https:\/\/acefootball.com\/da\/#organization","name":"Ace Football","url":"https:\/\/acefootball.com\/da\/","sameAs":["https:\/\/www.facebook.com\/acefootballdk"],"logo":{"@type":"ImageObject","@id":"https:\/\/acefootball.com\/da\/#logo","inLanguage":"en-US","url":"https:\/\/acefootball.com\/da\/wp-content\/uploads\/sites\/2\/2020\/07\/Ace-Football-30-07-2020-2.png","contentUrl":"https:\/\/acefootball.com\/da\/wp-content\/uploads\/sites\/2\/2020\/07\/Ace-Football-30-07-2020-2.png","width":1200,"height":600,"caption":"Ace Football"},"image":{"@id":"https:\/\/acefootball.com\/da\/#logo"}},{"@type":"WebSite","@id":"https:\/\/acefootball.com\/da\/#website","url":"https:\/\/acefootball.com\/da\/","name":"Ace Football Danmark","description":"Nyheder, Spiltips &amp; Livescore","publisher":{"@id":"https:\/\/acefootball.com\/da\/#organization"},"potentialAction":[{"@type":"SearchAction","target":{"@type":"EntryPoint","urlTemplate":"https:\/\/acefootball.com\/da\/?s={search_term_string}"},"query-input":"required name=search_term_string"}],"inLanguage":"en-US"},{"@type":"ImageObject","@id":"https:\/\/acefootball.com\/da\/fodboldnyheder\/chok-petr-cech-inkluderet-i-chelsea-truppen\/#primaryimage","inLanguage":"en-US","url":"https:\/\/acefootball.com\/da\/wp-content\/uploads\/sites\/2\/2020\/10\/GettyImages-1183592659.jpg","contentUrl":"https:\/\/acefootball.com\/da\/wp-content\/uploads\/sites\/2\/2020\/10\/GettyImages-1183592659.jpg","width":1024,"height":683,"caption":"BURNLEY, ENGLAND - OCTOBER 26: Petr Cech, technical and performance advisor at Chelsea, looks on during the Premier League match between Burnley FC and Chelsea FC at Turf Moor on October 26, 2019 in Burnley, United Kingdom. (Photo by Jan Kruger\/Getty Images)"},{"@type":"WebPage","@id":"https:\/\/acefootball.com\/da\/fodboldnyheder\/chok-petr-cech-inkluderet-i-chelsea-truppen\/#webpage","url":"https:\/\/acefootball.com\/da\/fodboldnyheder\/chok-petr-cech-inkluderet-i-chelsea-truppen\/","name":"CHOK: Petr Cech inkluderet i Chelsea-truppen","isPartOf":{"@id":"https:\/\/acefootball.com\/da\/#website"},"primaryImageOfPage":{"@id":"https:\/\/acefootball.com\/da\/fodboldnyheder\/chok-petr-cech-inkluderet-i-chelsea-truppen\/#primaryimage"},"datePublished":"2020-10-20T18:21:49+00:00","dateModified":"2020-10-20T18:25:10+00:00","description":"Chelsea-manager Frank Lampard har valgt at inkludere Petr Cech som m\u00e5lmandsreserve i Premier League-truppen","breadcrumb":{"@id":"https:\/\/acefootball.com\/da\/fodboldnyheder\/chok-petr-cech-inkluderet-i-chelsea-truppen\/#breadcrumb"},"inLanguage":"en-US","potentialAction":[{"@type":"ReadAction","target":["https:\/\/acefootball.com\/da\/fodboldnyheder\/chok-petr-cech-inkluderet-i-chelsea-truppen\/"]}]},{"@type":"BreadcrumbList","@id":"https:\/\/acefootball.com\/da\/fodboldnyheder\/chok-petr-cech-inkluderet-i-chelsea-truppen\/#breadcrumb","itemListElement":[{"@type":"ListItem","position":1,"name":"Home","item":"https:\/\/acefootball.com\/da\/"},{"@type":"ListItem","position":2,"name":"CHOK: Petr Cech inkluderet i Chelsea-truppen"}]},{"@type":"Article","@id":"https:\/\/acefootball.com\/da\/fodboldnyheder\/chok-petr-cech-inkluderet-i-chelsea-truppen\/#article","isPartOf":{"@id":"https:\/\/acefootball.com\/da\/fodboldnyheder\/chok-petr-cech-inkluderet-i-chelsea-truppen\/#webpage"},"author":{"@id":"https:\/\/acefootball.com\/da\/#\/schema\/person\/ee67e9cf04a276f144100ffa722f10cd"},"headline":"CHOK: Petr Cech inkluderet i Chelsea-truppen","datePublished":"2020-10-20T18:21:49+00:00","dateModified":"2020-10-20T18:25:10+00:00","mainEntityOfPage":{"@id":"https:\/\/acefootball.com\/da\/fodboldnyheder\/chok-petr-cech-inkluderet-i-chelsea-truppen\/#webpage"},"wordCount":176,"commentCount":0,"publisher":{"@id":"https:\/\/acefootball.com\/da\/#organization"},"image":{"@id":"https:\/\/acefootball.com\/da\/fodboldnyheder\/chok-petr-cech-inkluderet-i-chelsea-truppen\/#primaryimage"},"thumbnailUrl":"https:\/\/acefootball.com\/da\/wp-content\/uploads\/sites\/2\/2020\/10\/GettyImages-1183592659.jpg","keywords":["Chelsea","Petr Cech","Premier League"],"articleSection":["Nyhed"],"inLanguage":"en-US","potentialAction":[{"@type":"CommentAction","name":"Comment","target":["https:\/\/acefootball.com\/da\/fodboldnyheder\/chok-petr-cech-inkluderet-i-chelsea-truppen\/#respond"]}]},{"@type":"Person","@id":"https:\/\/acefootball.com\/da\/#\/schema\/person\/ee67e9cf04a276f144100ffa722f10cd","name":"Mads Dreyer","image":{"@type":"ImageObject","@id":"https:\/\/acefootball.com\/da\/#personlogo","inLanguage":"en-US","url":"https:\/\/secure.gravatar.com\/avatar\/7c7abf72cfde9902b6a60efe60c88d4c?s=96&d=mm&r=g","contentUrl":"https:\/\/secure.gravatar.com\/avatar\/7c7abf72cfde9902b6a60efe60c88d4c?s=96&d=mm&r=g","caption":"Mads Dreyer"},"description":"Skribent og fodboldn\u00f8rd, der lige nu fort\u00e6ller om alt og intet i fodboldverdenen p\u00e5 acefootball.com. Uddannet i kommunikation fra Aalborg Universitet.","sameAs":["https:\/\/www.linkedin.com\/in\/mads-dreyer-b9b08266\/"],"url":"https:\/\/acefootball.com\/da\/fodboldnyheder\/author\/mdnronaldo\/"}]}},"fimg_url":"https:\/\/acefootball.com\/da\/wp-content\/uploads\/sites\/2\/2020\/10\/GettyImages-1183592659.jpg","_links":{"self":[{"href":"https:\/\/acefootball.com\/da\/wp-json\/wp\/v2\/posts\/240917"}],"collection":[{"href":"https:\/\/acefootball.com\/da\/wp-json\/wp\/v2\/posts"}],"about":[{"href":"https:\/\/acefootball.com\/da\/wp-json\/wp\/v2\/types\/post"}],"author":[{"embeddable":true,"href":"https:\/\/acefootball.com\/da\/wp-json\/wp\/v2\/users\/705"}],"replies":[{"embeddable":true,"href":"https:\/\/acefootball.com\/da\/wp-json\/wp\/v2\/comments?post=240917"}],"version-history":[{"count":0,"href":"https:\/\/acefootball.com\/da\/wp-json\/wp\/v2\/posts\/240917\/revisions"}],"wp:featuredmedia":[{"embeddable":true,"href":"https:\/\/acefootball.com\/da\/wp-json\/wp\/v2\/media\/240918"}],"wp:attachment":[{"href":"https:\/\/acefootball.com\/da\/wp-json\/wp\/v2\/media?parent=240917"}],"wp:term":[{"taxonomy":"category","embeddable":true,"href":"https:\/\/acefootball.com\/da\/wp-json\/wp\/v2\/categories?post=240917"},{"taxonomy":"post_tag","embeddable":true,"href":"https:\/\/acefootball.com\/da\/wp-json\/wp\/v2\/tags?post=240917"}],"curies":[{"name":"wp","href":"https:\/\/api.w.org\/{rel}","templated":true}]}}