{"id":240913,"date":"2020-10-20T19:47:12","date_gmt":"2020-10-20T17:47:12","guid":{"rendered":"https:\/\/acefootball.com\/da\/?p=240913"},"modified":"2020-10-20T19:48:56","modified_gmt":"2020-10-20T17:48:56","slug":"skraekbillede-gaar-verden-rundt-flamengo-spiller-ramt-paa-de-aedlere-dele","status":"publish","type":"post","link":"https:\/\/acefootball.com\/da\/fodboldnyheder\/skraekbillede-gaar-verden-rundt-flamengo-spiller-ramt-paa-de-aedlere-dele\/","title":{"rendered":"Skr\u00e6kbillede g\u00e5r verden rundt: Flamengo-spiller ramt p\u00e5 de \u00e6dlere dele"},"content":{"rendered":"\n<h2 id=\"h-flamengo-spilleren-gustavo-henrique-m-tte-udg-af-s-ndagens-kamp-mod-corinthians-efter-at-v-re-blevet-stemplet-mellem-benene\"><strong>Flamengo-spilleren Gustavo Henrique m\u00e5tte udg\u00e5 af s\u00f8ndagens kamp mod Corinthians efter at v\u00e6re blevet stemplet mellem benene<\/strong><\/h2>\n\n\n\n<p>Flamengo-stopperen Gustavo Henrique oplevede et af mange fodboldspilleres &#8211; i hvert fald mandliges &#8211; v\u00e6rste mareridt i s\u00f8ndagens kamp mod Corinthians i den brasilianske Serie A.<\/p>\n\n\n\n<p>Kort inden pausen blev Gustavo Henrique nemlig stemplet direkte i skridtet og m\u00e5tte derefter forlade banen i store smerter.<\/p>\n\n\n\n<p>Efterf\u00f8lgende har et billede af brasilianeren taget turen verden rundt, da det glimrende illustrerer, hvor ondt han m\u00e5 have haft det i situationen.<\/p>\n\n\n\n<figure class=\"wp-block-embed-twitter wp-block-embed is-type-rich is-provider-twitter\"><div class=\"wp-block-embed__wrapper\">\n<blockquote class=\"twitter-tweet\" data-width=\"550\" data-dnt=\"true\"><p lang=\"pt\" dir=\"ltr\">Com corte no ovo, Gustavo Henrique desfalca o Flamengo contra o Junior Barranquilla. <a href=\"https:\/\/t.co\/A73nvGUxMt\">pic.twitter.com\/A73nvGUxMt<\/a><\/p>&mdash; Maior do Mundo \u1d9c\u02b3\u1da0 (@maiordomundoofc) <a href=\"https:\/\/twitter.com\/maiordomundoofc\/status\/1318578287527006210?ref_src=twsrc%5Etfw\">October 20, 2020<\/a><\/blockquote><script async src=\"https:\/\/platform.twitter.com\/widgets.js\" charset=\"utf-8\"><\/script>\n<\/div><\/figure>\n\n\n\n<p>Flamengo har desuden oplyst, at Gustavo Henrique har f\u00e5et et par dage p\u00e5 langs og en sending antibiotika til at komme sig p\u00e5.<\/p>\n","protected":false},"excerpt":{"rendered":"<p>Flamengo-spilleren Gustavo Henrique m\u00e5tte udg\u00e5 af s\u00f8ndagens kamp mod Corinthians efter at v\u00e6re blevet stemplet mellem benene<\/p>\n","protected":false},"author":705,"featured_media":240915,"comment_status":"open","ping_status":"closed","sticky":false,"template":"","format":"standard","meta":{"om_disable_all_campaigns":false,"push_articles_ronaldo":{"active":false,"canonical":0,"publish":false},"force_updates":null},"categories":[2470],"tags":[713],"enet_tags":{"team":["9770"],"sport_events":[]},"yoast_head":"<!-- This site is optimized with the Yoast SEO plugin v18.3 - https:\/\/yoast.com\/wordpress\/plugins\/seo\/ -->\n<title>Skr\u00e6kbillede g\u00e5r verden rundt: Flamengo-spiller ramt p\u00e5 de \u00e6dlere dele<\/title>\n<meta name=\"description\" content=\"Flamengo-spilleren Gustavo Henrique m\u00e5tte udg\u00e5 af s\u00f8ndagens kamp mod Corinthians efter at v\u00e6re blevet stemplet mellem benene\" \/>\n<meta name=\"robots\" content=\"index, follow, max-snippet:-1, max-image-preview:large, max-video-preview:-1\" \/>\n<link rel=\"canonical\" href=\"https:\/\/acefootball.com\/da\/fodboldnyheder\/skraekbillede-gaar-verden-rundt-flamengo-spiller-ramt-paa-de-aedlere-dele\/\" \/>\n<meta property=\"og:locale\" content=\"en_US\" \/>\n<meta property=\"og:type\" content=\"article\" \/>\n<meta property=\"og:title\" content=\"Skr\u00e6kbillede g\u00e5r verden rundt: Flamengo-spiller ramt p\u00e5 de \u00e6dlere dele\" \/>\n<meta property=\"og:description\" content=\"Flamengo-spilleren Gustavo Henrique m\u00e5tte udg\u00e5 af s\u00f8ndagens kamp mod Corinthians efter at v\u00e6re blevet stemplet mellem benene\" \/>\n<meta property=\"og:url\" content=\"https:\/\/acefootball.com\/da\/fodboldnyheder\/skraekbillede-gaar-verden-rundt-flamengo-spiller-ramt-paa-de-aedlere-dele\/\" \/>\n<meta property=\"og:site_name\" content=\"Ace Football Danmark\" \/>\n<meta property=\"article:publisher\" content=\"https:\/\/www.facebook.com\/acefootballdk\" \/>\n<meta property=\"article:published_time\" content=\"2020-10-20T17:47:12+00:00\" \/>\n<meta property=\"article:modified_time\" content=\"2020-10-20T17:48:56+00:00\" \/>\n<meta property=\"og:image\" content=\"https:\/\/acefootball.com\/da\/wp-content\/uploads\/sites\/2\/2020\/10\/Design-uden-navn-1-10.jpg\" \/>\n\t<meta property=\"og:image:width\" content=\"1024\" \/>\n\t<meta property=\"og:image:height\" content=\"683\" \/>\n\t<meta property=\"og:image:type\" content=\"image\/jpeg\" \/>\n<meta name=\"twitter:card\" content=\"summary_large_image\" \/>\n<meta name=\"twitter:label1\" content=\"Written by\" \/>\n\t<meta name=\"twitter:data1\" content=\"Mads Dreyer\" \/>\n\t<meta name=\"twitter:label2\" content=\"Est. reading time\" \/>\n\t<meta name=\"twitter:data2\" content=\"1 minute\" \/>\n<script type=\"application\/ld+json\" class=\"yoast-schema-graph\">{\"@context\":\"https:\/\/schema.org\",\"@graph\":[{\"@type\":\"Organization\",\"@id\":\"https:\/\/acefootball.com\/da\/#organization\",\"name\":\"Ace Football\",\"url\":\"https:\/\/acefootball.com\/da\/\",\"sameAs\":[\"https:\/\/www.facebook.com\/acefootballdk\"],\"logo\":{\"@type\":\"ImageObject\",\"@id\":\"https:\/\/acefootball.com\/da\/#logo\",\"inLanguage\":\"en-US\",\"url\":\"https:\/\/acefootball.com\/da\/wp-content\/uploads\/sites\/2\/2020\/07\/Ace-Football-30-07-2020-2.png\",\"contentUrl\":\"https:\/\/acefootball.com\/da\/wp-content\/uploads\/sites\/2\/2020\/07\/Ace-Football-30-07-2020-2.png\",\"width\":1200,\"height\":600,\"caption\":\"Ace Football\"},\"image\":{\"@id\":\"https:\/\/acefootball.com\/da\/#logo\"}},{\"@type\":\"WebSite\",\"@id\":\"https:\/\/acefootball.com\/da\/#website\",\"url\":\"https:\/\/acefootball.com\/da\/\",\"name\":\"Ace Football Danmark\",\"description\":\"Nyheder, Spiltips &amp; Livescore\",\"publisher\":{\"@id\":\"https:\/\/acefootball.com\/da\/#organization\"},\"potentialAction\":[{\"@type\":\"SearchAction\",\"target\":{\"@type\":\"EntryPoint\",\"urlTemplate\":\"https:\/\/acefootball.com\/da\/?s={search_term_string}\"},\"query-input\":\"required name=search_term_string\"}],\"inLanguage\":\"en-US\"},{\"@type\":\"ImageObject\",\"@id\":\"https:\/\/acefootball.com\/da\/fodboldnyheder\/skraekbillede-gaar-verden-rundt-flamengo-spiller-ramt-paa-de-aedlere-dele\/#primaryimage\",\"inLanguage\":\"en-US\",\"url\":\"https:\/\/acefootball.com\/da\/wp-content\/uploads\/sites\/2\/2020\/10\/Design-uden-navn-1-10.jpg\",\"contentUrl\":\"https:\/\/acefootball.com\/da\/wp-content\/uploads\/sites\/2\/2020\/10\/Design-uden-navn-1-10.jpg\",\"width\":1024,\"height\":683,\"caption\":\"Gustavo Henrique, Flamengo\"},{\"@type\":\"WebPage\",\"@id\":\"https:\/\/acefootball.com\/da\/fodboldnyheder\/skraekbillede-gaar-verden-rundt-flamengo-spiller-ramt-paa-de-aedlere-dele\/#webpage\",\"url\":\"https:\/\/acefootball.com\/da\/fodboldnyheder\/skraekbillede-gaar-verden-rundt-flamengo-spiller-ramt-paa-de-aedlere-dele\/\",\"name\":\"Skr\u00e6kbillede g\u00e5r verden rundt: Flamengo-spiller ramt p\u00e5 de \u00e6dlere dele\",\"isPartOf\":{\"@id\":\"https:\/\/acefootball.com\/da\/#website\"},\"primaryImageOfPage\":{\"@id\":\"https:\/\/acefootball.com\/da\/fodboldnyheder\/skraekbillede-gaar-verden-rundt-flamengo-spiller-ramt-paa-de-aedlere-dele\/#primaryimage\"},\"datePublished\":\"2020-10-20T17:47:12+00:00\",\"dateModified\":\"2020-10-20T17:48:56+00:00\",\"description\":\"Flamengo-spilleren Gustavo Henrique m\u00e5tte udg\u00e5 af s\u00f8ndagens kamp mod Corinthians efter at v\u00e6re blevet stemplet mellem benene\",\"breadcrumb\":{\"@id\":\"https:\/\/acefootball.com\/da\/fodboldnyheder\/skraekbillede-gaar-verden-rundt-flamengo-spiller-ramt-paa-de-aedlere-dele\/#breadcrumb\"},\"inLanguage\":\"en-US\",\"potentialAction\":[{\"@type\":\"ReadAction\",\"target\":[\"https:\/\/acefootball.com\/da\/fodboldnyheder\/skraekbillede-gaar-verden-rundt-flamengo-spiller-ramt-paa-de-aedlere-dele\/\"]}]},{\"@type\":\"BreadcrumbList\",\"@id\":\"https:\/\/acefootball.com\/da\/fodboldnyheder\/skraekbillede-gaar-verden-rundt-flamengo-spiller-ramt-paa-de-aedlere-dele\/#breadcrumb\",\"itemListElement\":[{\"@type\":\"ListItem\",\"position\":1,\"name\":\"Home\",\"item\":\"https:\/\/acefootball.com\/da\/\"},{\"@type\":\"ListItem\",\"position\":2,\"name\":\"Skr\u00e6kbillede g\u00e5r verden rundt: Flamengo-spiller ramt p\u00e5 de \u00e6dlere dele\"}]},{\"@type\":\"Article\",\"@id\":\"https:\/\/acefootball.com\/da\/fodboldnyheder\/skraekbillede-gaar-verden-rundt-flamengo-spiller-ramt-paa-de-aedlere-dele\/#article\",\"isPartOf\":{\"@id\":\"https:\/\/acefootball.com\/da\/fodboldnyheder\/skraekbillede-gaar-verden-rundt-flamengo-spiller-ramt-paa-de-aedlere-dele\/#webpage\"},\"author\":{\"@id\":\"https:\/\/acefootball.com\/da\/#\/schema\/person\/ee67e9cf04a276f144100ffa722f10cd\"},\"headline\":\"Skr\u00e6kbillede g\u00e5r verden rundt: Flamengo-spiller ramt p\u00e5 de \u00e6dlere dele\",\"datePublished\":\"2020-10-20T17:47:12+00:00\",\"dateModified\":\"2020-10-20T17:48:56+00:00\",\"mainEntityOfPage\":{\"@id\":\"https:\/\/acefootball.com\/da\/fodboldnyheder\/skraekbillede-gaar-verden-rundt-flamengo-spiller-ramt-paa-de-aedlere-dele\/#webpage\"},\"wordCount\":133,\"commentCount\":0,\"publisher\":{\"@id\":\"https:\/\/acefootball.com\/da\/#organization\"},\"image\":{\"@id\":\"https:\/\/acefootball.com\/da\/fodboldnyheder\/skraekbillede-gaar-verden-rundt-flamengo-spiller-ramt-paa-de-aedlere-dele\/#primaryimage\"},\"thumbnailUrl\":\"https:\/\/acefootball.com\/da\/wp-content\/uploads\/sites\/2\/2020\/10\/Design-uden-navn-1-10.jpg\",\"keywords\":[\"Flamengo\"],\"articleSection\":[\"Offsite\"],\"inLanguage\":\"en-US\",\"potentialAction\":[{\"@type\":\"CommentAction\",\"name\":\"Comment\",\"target\":[\"https:\/\/acefootball.com\/da\/fodboldnyheder\/skraekbillede-gaar-verden-rundt-flamengo-spiller-ramt-paa-de-aedlere-dele\/#respond\"]}]},{\"@type\":\"Person\",\"@id\":\"https:\/\/acefootball.com\/da\/#\/schema\/person\/ee67e9cf04a276f144100ffa722f10cd\",\"name\":\"Mads Dreyer\",\"image\":{\"@type\":\"ImageObject\",\"@id\":\"https:\/\/acefootball.com\/da\/#personlogo\",\"inLanguage\":\"en-US\",\"url\":\"https:\/\/secure.gravatar.com\/avatar\/7c7abf72cfde9902b6a60efe60c88d4c?s=96&d=mm&r=g\",\"contentUrl\":\"https:\/\/secure.gravatar.com\/avatar\/7c7abf72cfde9902b6a60efe60c88d4c?s=96&d=mm&r=g\",\"caption\":\"Mads Dreyer\"},\"description\":\"Skribent og fodboldn\u00f8rd, der lige nu fort\u00e6ller om alt og intet i fodboldverdenen p\u00e5 acefootball.com. Uddannet i kommunikation fra Aalborg Universitet.\",\"sameAs\":[\"https:\/\/www.linkedin.com\/in\/mads-dreyer-b9b08266\/\"],\"url\":\"https:\/\/acefootball.com\/da\/fodboldnyheder\/author\/mdnronaldo\/\"}]}<\/script>\n<!-- \/ Yoast SEO plugin. -->","yoast_head_json":{"title":"Skr\u00e6kbillede g\u00e5r verden rundt: Flamengo-spiller ramt p\u00e5 de \u00e6dlere dele","description":"Flamengo-spilleren Gustavo Henrique m\u00e5tte udg\u00e5 af s\u00f8ndagens kamp mod Corinthians efter at v\u00e6re blevet stemplet mellem benene","robots":{"index":"index","follow":"follow","max-snippet":"max-snippet:-1","max-image-preview":"max-image-preview:large","max-video-preview":"max-video-preview:-1"},"canonical":"https:\/\/acefootball.com\/da\/fodboldnyheder\/skraekbillede-gaar-verden-rundt-flamengo-spiller-ramt-paa-de-aedlere-dele\/","og_locale":"en_US","og_type":"article","og_title":"Skr\u00e6kbillede g\u00e5r verden rundt: Flamengo-spiller ramt p\u00e5 de \u00e6dlere dele","og_description":"Flamengo-spilleren Gustavo Henrique m\u00e5tte udg\u00e5 af s\u00f8ndagens kamp mod Corinthians efter at v\u00e6re blevet stemplet mellem benene","og_url":"https:\/\/acefootball.com\/da\/fodboldnyheder\/skraekbillede-gaar-verden-rundt-flamengo-spiller-ramt-paa-de-aedlere-dele\/","og_site_name":"Ace Football Danmark","article_publisher":"https:\/\/www.facebook.com\/acefootballdk","article_published_time":"2020-10-20T17:47:12+00:00","article_modified_time":"2020-10-20T17:48:56+00:00","og_image":[{"width":1024,"height":683,"url":"https:\/\/acefootball.com\/da\/wp-content\/uploads\/sites\/2\/2020\/10\/Design-uden-navn-1-10.jpg","type":"image\/jpeg"}],"twitter_card":"summary_large_image","twitter_misc":{"Written by":"Mads Dreyer","Est. reading time":"1 minute"},"schema":{"@context":"https:\/\/schema.org","@graph":[{"@type":"Organization","@id":"https:\/\/acefootball.com\/da\/#organization","name":"Ace Football","url":"https:\/\/acefootball.com\/da\/","sameAs":["https:\/\/www.facebook.com\/acefootballdk"],"logo":{"@type":"ImageObject","@id":"https:\/\/acefootball.com\/da\/#logo","inLanguage":"en-US","url":"https:\/\/acefootball.com\/da\/wp-content\/uploads\/sites\/2\/2020\/07\/Ace-Football-30-07-2020-2.png","contentUrl":"https:\/\/acefootball.com\/da\/wp-content\/uploads\/sites\/2\/2020\/07\/Ace-Football-30-07-2020-2.png","width":1200,"height":600,"caption":"Ace Football"},"image":{"@id":"https:\/\/acefootball.com\/da\/#logo"}},{"@type":"WebSite","@id":"https:\/\/acefootball.com\/da\/#website","url":"https:\/\/acefootball.com\/da\/","name":"Ace Football Danmark","description":"Nyheder, Spiltips &amp; Livescore","publisher":{"@id":"https:\/\/acefootball.com\/da\/#organization"},"potentialAction":[{"@type":"SearchAction","target":{"@type":"EntryPoint","urlTemplate":"https:\/\/acefootball.com\/da\/?s={search_term_string}"},"query-input":"required name=search_term_string"}],"inLanguage":"en-US"},{"@type":"ImageObject","@id":"https:\/\/acefootball.com\/da\/fodboldnyheder\/skraekbillede-gaar-verden-rundt-flamengo-spiller-ramt-paa-de-aedlere-dele\/#primaryimage","inLanguage":"en-US","url":"https:\/\/acefootball.com\/da\/wp-content\/uploads\/sites\/2\/2020\/10\/Design-uden-navn-1-10.jpg","contentUrl":"https:\/\/acefootball.com\/da\/wp-content\/uploads\/sites\/2\/2020\/10\/Design-uden-navn-1-10.jpg","width":1024,"height":683,"caption":"Gustavo Henrique, Flamengo"},{"@type":"WebPage","@id":"https:\/\/acefootball.com\/da\/fodboldnyheder\/skraekbillede-gaar-verden-rundt-flamengo-spiller-ramt-paa-de-aedlere-dele\/#webpage","url":"https:\/\/acefootball.com\/da\/fodboldnyheder\/skraekbillede-gaar-verden-rundt-flamengo-spiller-ramt-paa-de-aedlere-dele\/","name":"Skr\u00e6kbillede g\u00e5r verden rundt: Flamengo-spiller ramt p\u00e5 de \u00e6dlere dele","isPartOf":{"@id":"https:\/\/acefootball.com\/da\/#website"},"primaryImageOfPage":{"@id":"https:\/\/acefootball.com\/da\/fodboldnyheder\/skraekbillede-gaar-verden-rundt-flamengo-spiller-ramt-paa-de-aedlere-dele\/#primaryimage"},"datePublished":"2020-10-20T17:47:12+00:00","dateModified":"2020-10-20T17:48:56+00:00","description":"Flamengo-spilleren Gustavo Henrique m\u00e5tte udg\u00e5 af s\u00f8ndagens kamp mod Corinthians efter at v\u00e6re blevet stemplet mellem benene","breadcrumb":{"@id":"https:\/\/acefootball.com\/da\/fodboldnyheder\/skraekbillede-gaar-verden-rundt-flamengo-spiller-ramt-paa-de-aedlere-dele\/#breadcrumb"},"inLanguage":"en-US","potentialAction":[{"@type":"ReadAction","target":["https:\/\/acefootball.com\/da\/fodboldnyheder\/skraekbillede-gaar-verden-rundt-flamengo-spiller-ramt-paa-de-aedlere-dele\/"]}]},{"@type":"BreadcrumbList","@id":"https:\/\/acefootball.com\/da\/fodboldnyheder\/skraekbillede-gaar-verden-rundt-flamengo-spiller-ramt-paa-de-aedlere-dele\/#breadcrumb","itemListElement":[{"@type":"ListItem","position":1,"name":"Home","item":"https:\/\/acefootball.com\/da\/"},{"@type":"ListItem","position":2,"name":"Skr\u00e6kbillede g\u00e5r verden rundt: Flamengo-spiller ramt p\u00e5 de \u00e6dlere dele"}]},{"@type":"Article","@id":"https:\/\/acefootball.com\/da\/fodboldnyheder\/skraekbillede-gaar-verden-rundt-flamengo-spiller-ramt-paa-de-aedlere-dele\/#article","isPartOf":{"@id":"https:\/\/acefootball.com\/da\/fodboldnyheder\/skraekbillede-gaar-verden-rundt-flamengo-spiller-ramt-paa-de-aedlere-dele\/#webpage"},"author":{"@id":"https:\/\/acefootball.com\/da\/#\/schema\/person\/ee67e9cf04a276f144100ffa722f10cd"},"headline":"Skr\u00e6kbillede g\u00e5r verden rundt: Flamengo-spiller ramt p\u00e5 de \u00e6dlere dele","datePublished":"2020-10-20T17:47:12+00:00","dateModified":"2020-10-20T17:48:56+00:00","mainEntityOfPage":{"@id":"https:\/\/acefootball.com\/da\/fodboldnyheder\/skraekbillede-gaar-verden-rundt-flamengo-spiller-ramt-paa-de-aedlere-dele\/#webpage"},"wordCount":133,"commentCount":0,"publisher":{"@id":"https:\/\/acefootball.com\/da\/#organization"},"image":{"@id":"https:\/\/acefootball.com\/da\/fodboldnyheder\/skraekbillede-gaar-verden-rundt-flamengo-spiller-ramt-paa-de-aedlere-dele\/#primaryimage"},"thumbnailUrl":"https:\/\/acefootball.com\/da\/wp-content\/uploads\/sites\/2\/2020\/10\/Design-uden-navn-1-10.jpg","keywords":["Flamengo"],"articleSection":["Offsite"],"inLanguage":"en-US","potentialAction":[{"@type":"CommentAction","name":"Comment","target":["https:\/\/acefootball.com\/da\/fodboldnyheder\/skraekbillede-gaar-verden-rundt-flamengo-spiller-ramt-paa-de-aedlere-dele\/#respond"]}]},{"@type":"Person","@id":"https:\/\/acefootball.com\/da\/#\/schema\/person\/ee67e9cf04a276f144100ffa722f10cd","name":"Mads Dreyer","image":{"@type":"ImageObject","@id":"https:\/\/acefootball.com\/da\/#personlogo","inLanguage":"en-US","url":"https:\/\/secure.gravatar.com\/avatar\/7c7abf72cfde9902b6a60efe60c88d4c?s=96&d=mm&r=g","contentUrl":"https:\/\/secure.gravatar.com\/avatar\/7c7abf72cfde9902b6a60efe60c88d4c?s=96&d=mm&r=g","caption":"Mads Dreyer"},"description":"Skribent og fodboldn\u00f8rd, der lige nu fort\u00e6ller om alt og intet i fodboldverdenen p\u00e5 acefootball.com. Uddannet i kommunikation fra Aalborg Universitet.","sameAs":["https:\/\/www.linkedin.com\/in\/mads-dreyer-b9b08266\/"],"url":"https:\/\/acefootball.com\/da\/fodboldnyheder\/author\/mdnronaldo\/"}]}},"fimg_url":"https:\/\/acefootball.com\/da\/wp-content\/uploads\/sites\/2\/2020\/10\/Design-uden-navn-1-10.jpg","_links":{"self":[{"href":"https:\/\/acefootball.com\/da\/wp-json\/wp\/v2\/posts\/240913"}],"collection":[{"href":"https:\/\/acefootball.com\/da\/wp-json\/wp\/v2\/posts"}],"about":[{"href":"https:\/\/acefootball.com\/da\/wp-json\/wp\/v2\/types\/post"}],"author":[{"embeddable":true,"href":"https:\/\/acefootball.com\/da\/wp-json\/wp\/v2\/users\/705"}],"replies":[{"embeddable":true,"href":"https:\/\/acefootball.com\/da\/wp-json\/wp\/v2\/comments?post=240913"}],"version-history":[{"count":0,"href":"https:\/\/acefootball.com\/da\/wp-json\/wp\/v2\/posts\/240913\/revisions"}],"wp:featuredmedia":[{"embeddable":true,"href":"https:\/\/acefootball.com\/da\/wp-json\/wp\/v2\/media\/240915"}],"wp:attachment":[{"href":"https:\/\/acefootball.com\/da\/wp-json\/wp\/v2\/media?parent=240913"}],"wp:term":[{"taxonomy":"category","embeddable":true,"href":"https:\/\/acefootball.com\/da\/wp-json\/wp\/v2\/categories?post=240913"},{"taxonomy":"post_tag","embeddable":true,"href":"https:\/\/acefootball.com\/da\/wp-json\/wp\/v2\/tags?post=240913"}],"curies":[{"name":"wp","href":"https:\/\/api.w.org\/{rel}","templated":true}]}}