{"id":240910,"date":"2020-10-20T18:50:48","date_gmt":"2020-10-20T16:50:48","guid":{"rendered":"https:\/\/acefootball.com\/da\/?p=240910"},"modified":"2020-10-20T18:50:49","modified_gmt":"2020-10-20T16:50:49","slug":"skidt-real-nyt-sergio-ramos-ikke-med-i-champions-league-aabner","status":"publish","type":"post","link":"https:\/\/acefootball.com\/da\/fodboldnyheder\/skidt-real-nyt-sergio-ramos-ikke-med-i-champions-league-aabner\/","title":{"rendered":"Skidt Real-nyt: Sergio Ramos ikke med i Champions League-\u00e5bner"},"content":{"rendered":"\n<h2 id=\"h-sergio-ramos-er-ikke-med-i-real-madrid-truppen-til-champions-league-kampen-mod-shakhtar-efter-han-fik-en-skade-i-weekenden\">Sergio Ramos er ikke med i Real Madrid-truppen til Champions League-kampen mod Shakhtar, efter han fik en skade i weekenden<\/h2>\n\n\n\n<div class=\"wp-block-si-widget wp-block-si-widget--center\"><si-lb-widget widget-id=\"MatchInfoWithOddsV2\" data-nopadding=\"true\" data-across-all-tournaments=\"false\" data-limit=\"5\" width=\"440\" data-event-id=\"3461649\" data-provider=\"betfair\" data-card=\"true\"><\/si-lb-widget><\/div>\n\n\n\n<p>Real Madrid tager onsdag aften hul p\u00e5 Champions League-s\u00e6sonen, n\u00e5r de hjemme f\u00e5r bes\u00f8g af Shakhtar Donetsk, men det bliver uden anf\u00f8reren.<\/p>\n\n\n\n<p>Sergio Ramos er s\u00e5ledes ikke at finde blandt de 19 spillere, Zinedine Zidane har udtaget til opg\u00f8ret.<\/p>\n\n\n\n<figure class=\"wp-block-embed-twitter wp-block-embed is-type-rich is-provider-twitter\"><div class=\"wp-block-embed__wrapper\">\n<blockquote class=\"twitter-tweet\" data-width=\"550\" data-dnt=\"true\"><p lang=\"en\" dir=\"ltr\">\ud83d\udccb Our 19-man squad for the match against <a href=\"https:\/\/twitter.com\/FCShakhtar_eng?ref_src=twsrc%5Etfw\">@FCShakhtar_eng<\/a>!<a href=\"https:\/\/twitter.com\/hashtag\/RMUCL?src=hash&amp;ref_src=twsrc%5Etfw\">#RMUCL<\/a> | <a href=\"https:\/\/twitter.com\/hashtag\/HalaMadrid?src=hash&amp;ref_src=twsrc%5Etfw\">#HalaMadrid<\/a> <a href=\"https:\/\/t.co\/JFJP2jYJxz\">pic.twitter.com\/JFJP2jYJxz<\/a><\/p>&mdash; Real Madrid C.F. \ud83c\uddec\ud83c\udde7\ud83c\uddfa\ud83c\uddf8 (@realmadriden) <a href=\"https:\/\/twitter.com\/realmadriden\/status\/1318557003162259459?ref_src=twsrc%5Etfw\">October 20, 2020<\/a><\/blockquote><script async src=\"https:\/\/platform.twitter.com\/widgets.js\" charset=\"utf-8\"><\/script>\n<\/div><\/figure>\n\n\n\n<p>Udeladelsen skyldes formentlig en kn\u00e6skade, som Real-stjernen p\u00e5drog sig i l\u00f8rdagens 0-1-skuffelse mod C\u00e1diz.<\/p>\n\n\n\n<p>Sergio Ramos er blot \u00e9n af mange spillere p\u00e5 skadeslisten i Real Madrid, der ogs\u00e5 m\u00e5 undv\u00e6re Dani Carvajal, Martin \u00d8degaard, Eden Hazard og \u00c1lvaro Odriozola til morgendagens kamp.<\/p>\n","protected":false},"excerpt":{"rendered":"<p>Sergio Ramos er ikke med i Real Madrid-truppen til Champions League-kampen mod Shakhtar, efter han fik en skade i weekenden<\/p>\n","protected":false},"author":705,"featured_media":240912,"comment_status":"open","ping_status":"closed","sticky":false,"template":"","format":"standard","meta":{"om_disable_all_campaigns":false,"push_articles_ronaldo":{"active":false,"canonical":0,"publish":false},"force_updates":null},"categories":[8062],"tags":[206,303,85,655],"enet_tags":{"league":["42","87"],"team":["8633"],"player":["30962"],"sport_events":[3461649]},"yoast_head":"<!-- This site is optimized with the Yoast SEO plugin v18.3 - https:\/\/yoast.com\/wordpress\/plugins\/seo\/ -->\n<title>Skidt Real-nyt: Sergio Ramos ikke med i Champions League-\u00e5bner<\/title>\n<meta name=\"description\" content=\"Sergio Ramos er ikke med i Real Madrid-truppen til Champions League-kampen mod Shakhtar, efter han fik en skade i weekenden\" \/>\n<meta name=\"robots\" content=\"index, follow, max-snippet:-1, max-image-preview:large, max-video-preview:-1\" \/>\n<link rel=\"canonical\" href=\"https:\/\/acefootball.com\/da\/fodboldnyheder\/skidt-real-nyt-sergio-ramos-ikke-med-i-champions-league-aabner\/\" \/>\n<meta property=\"og:locale\" content=\"en_US\" \/>\n<meta property=\"og:type\" content=\"article\" \/>\n<meta property=\"og:title\" content=\"Skidt Real-nyt: Sergio Ramos ikke med i Champions League-\u00e5bner\" \/>\n<meta property=\"og:description\" content=\"Sergio Ramos er ikke med i Real Madrid-truppen til Champions League-kampen mod Shakhtar, efter han fik en skade i weekenden\" \/>\n<meta property=\"og:url\" content=\"https:\/\/acefootball.com\/da\/fodboldnyheder\/skidt-real-nyt-sergio-ramos-ikke-med-i-champions-league-aabner\/\" \/>\n<meta property=\"og:site_name\" content=\"Ace Football Danmark\" \/>\n<meta property=\"article:publisher\" content=\"https:\/\/www.facebook.com\/acefootballdk\" \/>\n<meta property=\"article:published_time\" content=\"2020-10-20T16:50:48+00:00\" \/>\n<meta property=\"article:modified_time\" content=\"2020-10-20T16:50:49+00:00\" \/>\n<meta property=\"og:image\" content=\"https:\/\/acefootball.com\/da\/wp-content\/uploads\/sites\/2\/2020\/10\/GettyImages-1253136572.jpg\" \/>\n\t<meta property=\"og:image:width\" content=\"1024\" \/>\n\t<meta property=\"og:image:height\" content=\"682\" \/>\n\t<meta property=\"og:image:type\" content=\"image\/jpeg\" \/>\n<meta name=\"twitter:card\" content=\"summary_large_image\" \/>\n<meta name=\"twitter:label1\" content=\"Written by\" \/>\n\t<meta name=\"twitter:data1\" content=\"Mads Dreyer\" \/>\n\t<meta name=\"twitter:label2\" content=\"Est. reading time\" \/>\n\t<meta name=\"twitter:data2\" content=\"1 minute\" \/>\n<script type=\"application\/ld+json\" class=\"yoast-schema-graph\">{\"@context\":\"https:\/\/schema.org\",\"@graph\":[{\"@type\":\"Organization\",\"@id\":\"https:\/\/acefootball.com\/da\/#organization\",\"name\":\"Ace Football\",\"url\":\"https:\/\/acefootball.com\/da\/\",\"sameAs\":[\"https:\/\/www.facebook.com\/acefootballdk\"],\"logo\":{\"@type\":\"ImageObject\",\"@id\":\"https:\/\/acefootball.com\/da\/#logo\",\"inLanguage\":\"en-US\",\"url\":\"https:\/\/acefootball.com\/da\/wp-content\/uploads\/sites\/2\/2020\/07\/Ace-Football-30-07-2020-2.png\",\"contentUrl\":\"https:\/\/acefootball.com\/da\/wp-content\/uploads\/sites\/2\/2020\/07\/Ace-Football-30-07-2020-2.png\",\"width\":1200,\"height\":600,\"caption\":\"Ace Football\"},\"image\":{\"@id\":\"https:\/\/acefootball.com\/da\/#logo\"}},{\"@type\":\"WebSite\",\"@id\":\"https:\/\/acefootball.com\/da\/#website\",\"url\":\"https:\/\/acefootball.com\/da\/\",\"name\":\"Ace Football Danmark\",\"description\":\"Nyheder, Spiltips &amp; Livescore\",\"publisher\":{\"@id\":\"https:\/\/acefootball.com\/da\/#organization\"},\"potentialAction\":[{\"@type\":\"SearchAction\",\"target\":{\"@type\":\"EntryPoint\",\"urlTemplate\":\"https:\/\/acefootball.com\/da\/?s={search_term_string}\"},\"query-input\":\"required name=search_term_string\"}],\"inLanguage\":\"en-US\"},{\"@type\":\"ImageObject\",\"@id\":\"https:\/\/acefootball.com\/da\/fodboldnyheder\/skidt-real-nyt-sergio-ramos-ikke-med-i-champions-league-aabner\/#primaryimage\",\"inLanguage\":\"en-US\",\"url\":\"https:\/\/acefootball.com\/da\/wp-content\/uploads\/sites\/2\/2020\/10\/GettyImages-1253136572.jpg\",\"contentUrl\":\"https:\/\/acefootball.com\/da\/wp-content\/uploads\/sites\/2\/2020\/10\/GettyImages-1253136572.jpg\",\"width\":1024,\"height\":682,\"caption\":\"BARCELONA, SPAIN - JUNE 28: Sergio Ramos of Real Madrid CF looks on during the Liga match between RCD Espanyol and Real Madrid CF at RCDE Stadium on June 28, 2020 in Barcelona, Spain. (Photo by David Ramos\/Getty Images)\"},{\"@type\":\"WebPage\",\"@id\":\"https:\/\/acefootball.com\/da\/fodboldnyheder\/skidt-real-nyt-sergio-ramos-ikke-med-i-champions-league-aabner\/#webpage\",\"url\":\"https:\/\/acefootball.com\/da\/fodboldnyheder\/skidt-real-nyt-sergio-ramos-ikke-med-i-champions-league-aabner\/\",\"name\":\"Skidt Real-nyt: Sergio Ramos ikke med i Champions League-\u00e5bner\",\"isPartOf\":{\"@id\":\"https:\/\/acefootball.com\/da\/#website\"},\"primaryImageOfPage\":{\"@id\":\"https:\/\/acefootball.com\/da\/fodboldnyheder\/skidt-real-nyt-sergio-ramos-ikke-med-i-champions-league-aabner\/#primaryimage\"},\"datePublished\":\"2020-10-20T16:50:48+00:00\",\"dateModified\":\"2020-10-20T16:50:49+00:00\",\"description\":\"Sergio Ramos er ikke med i Real Madrid-truppen til Champions League-kampen mod Shakhtar, efter han fik en skade i weekenden\",\"breadcrumb\":{\"@id\":\"https:\/\/acefootball.com\/da\/fodboldnyheder\/skidt-real-nyt-sergio-ramos-ikke-med-i-champions-league-aabner\/#breadcrumb\"},\"inLanguage\":\"en-US\",\"potentialAction\":[{\"@type\":\"ReadAction\",\"target\":[\"https:\/\/acefootball.com\/da\/fodboldnyheder\/skidt-real-nyt-sergio-ramos-ikke-med-i-champions-league-aabner\/\"]}]},{\"@type\":\"BreadcrumbList\",\"@id\":\"https:\/\/acefootball.com\/da\/fodboldnyheder\/skidt-real-nyt-sergio-ramos-ikke-med-i-champions-league-aabner\/#breadcrumb\",\"itemListElement\":[{\"@type\":\"ListItem\",\"position\":1,\"name\":\"Home\",\"item\":\"https:\/\/acefootball.com\/da\/\"},{\"@type\":\"ListItem\",\"position\":2,\"name\":\"Skidt Real-nyt: Sergio Ramos ikke med i Champions League-\u00e5bner\"}]},{\"@type\":\"Article\",\"@id\":\"https:\/\/acefootball.com\/da\/fodboldnyheder\/skidt-real-nyt-sergio-ramos-ikke-med-i-champions-league-aabner\/#article\",\"isPartOf\":{\"@id\":\"https:\/\/acefootball.com\/da\/fodboldnyheder\/skidt-real-nyt-sergio-ramos-ikke-med-i-champions-league-aabner\/#webpage\"},\"author\":{\"@id\":\"https:\/\/acefootball.com\/da\/#\/schema\/person\/ee67e9cf04a276f144100ffa722f10cd\"},\"headline\":\"Skidt Real-nyt: Sergio Ramos ikke med i Champions League-\u00e5bner\",\"datePublished\":\"2020-10-20T16:50:48+00:00\",\"dateModified\":\"2020-10-20T16:50:49+00:00\",\"mainEntityOfPage\":{\"@id\":\"https:\/\/acefootball.com\/da\/fodboldnyheder\/skidt-real-nyt-sergio-ramos-ikke-med-i-champions-league-aabner\/#webpage\"},\"wordCount\":129,\"commentCount\":0,\"publisher\":{\"@id\":\"https:\/\/acefootball.com\/da\/#organization\"},\"image\":{\"@id\":\"https:\/\/acefootball.com\/da\/fodboldnyheder\/skidt-real-nyt-sergio-ramos-ikke-med-i-champions-league-aabner\/#primaryimage\"},\"thumbnailUrl\":\"https:\/\/acefootball.com\/da\/wp-content\/uploads\/sites\/2\/2020\/10\/GettyImages-1253136572.jpg\",\"keywords\":[\"Champions League\",\"La Liga\",\"Real Madrid\",\"Sergio Ramos\"],\"articleSection\":[\"Kamp\"],\"inLanguage\":\"en-US\",\"potentialAction\":[{\"@type\":\"CommentAction\",\"name\":\"Comment\",\"target\":[\"https:\/\/acefootball.com\/da\/fodboldnyheder\/skidt-real-nyt-sergio-ramos-ikke-med-i-champions-league-aabner\/#respond\"]}]},{\"@type\":\"Person\",\"@id\":\"https:\/\/acefootball.com\/da\/#\/schema\/person\/ee67e9cf04a276f144100ffa722f10cd\",\"name\":\"Mads Dreyer\",\"image\":{\"@type\":\"ImageObject\",\"@id\":\"https:\/\/acefootball.com\/da\/#personlogo\",\"inLanguage\":\"en-US\",\"url\":\"https:\/\/secure.gravatar.com\/avatar\/7c7abf72cfde9902b6a60efe60c88d4c?s=96&d=mm&r=g\",\"contentUrl\":\"https:\/\/secure.gravatar.com\/avatar\/7c7abf72cfde9902b6a60efe60c88d4c?s=96&d=mm&r=g\",\"caption\":\"Mads Dreyer\"},\"description\":\"Skribent og fodboldn\u00f8rd, der lige nu fort\u00e6ller om alt og intet i fodboldverdenen p\u00e5 acefootball.com. Uddannet i kommunikation fra Aalborg Universitet.\",\"sameAs\":[\"https:\/\/www.linkedin.com\/in\/mads-dreyer-b9b08266\/\"],\"url\":\"https:\/\/acefootball.com\/da\/fodboldnyheder\/author\/mdnronaldo\/\"}]}<\/script>\n<!-- \/ Yoast SEO plugin. -->","yoast_head_json":{"title":"Skidt Real-nyt: Sergio Ramos ikke med i Champions League-\u00e5bner","description":"Sergio Ramos er ikke med i Real Madrid-truppen til Champions League-kampen mod Shakhtar, efter han fik en skade i weekenden","robots":{"index":"index","follow":"follow","max-snippet":"max-snippet:-1","max-image-preview":"max-image-preview:large","max-video-preview":"max-video-preview:-1"},"canonical":"https:\/\/acefootball.com\/da\/fodboldnyheder\/skidt-real-nyt-sergio-ramos-ikke-med-i-champions-league-aabner\/","og_locale":"en_US","og_type":"article","og_title":"Skidt Real-nyt: Sergio Ramos ikke med i Champions League-\u00e5bner","og_description":"Sergio Ramos er ikke med i Real Madrid-truppen til Champions League-kampen mod Shakhtar, efter han fik en skade i weekenden","og_url":"https:\/\/acefootball.com\/da\/fodboldnyheder\/skidt-real-nyt-sergio-ramos-ikke-med-i-champions-league-aabner\/","og_site_name":"Ace Football Danmark","article_publisher":"https:\/\/www.facebook.com\/acefootballdk","article_published_time":"2020-10-20T16:50:48+00:00","article_modified_time":"2020-10-20T16:50:49+00:00","og_image":[{"width":1024,"height":682,"url":"https:\/\/acefootball.com\/da\/wp-content\/uploads\/sites\/2\/2020\/10\/GettyImages-1253136572.jpg","type":"image\/jpeg"}],"twitter_card":"summary_large_image","twitter_misc":{"Written by":"Mads Dreyer","Est. reading time":"1 minute"},"schema":{"@context":"https:\/\/schema.org","@graph":[{"@type":"Organization","@id":"https:\/\/acefootball.com\/da\/#organization","name":"Ace Football","url":"https:\/\/acefootball.com\/da\/","sameAs":["https:\/\/www.facebook.com\/acefootballdk"],"logo":{"@type":"ImageObject","@id":"https:\/\/acefootball.com\/da\/#logo","inLanguage":"en-US","url":"https:\/\/acefootball.com\/da\/wp-content\/uploads\/sites\/2\/2020\/07\/Ace-Football-30-07-2020-2.png","contentUrl":"https:\/\/acefootball.com\/da\/wp-content\/uploads\/sites\/2\/2020\/07\/Ace-Football-30-07-2020-2.png","width":1200,"height":600,"caption":"Ace Football"},"image":{"@id":"https:\/\/acefootball.com\/da\/#logo"}},{"@type":"WebSite","@id":"https:\/\/acefootball.com\/da\/#website","url":"https:\/\/acefootball.com\/da\/","name":"Ace Football Danmark","description":"Nyheder, Spiltips &amp; Livescore","publisher":{"@id":"https:\/\/acefootball.com\/da\/#organization"},"potentialAction":[{"@type":"SearchAction","target":{"@type":"EntryPoint","urlTemplate":"https:\/\/acefootball.com\/da\/?s={search_term_string}"},"query-input":"required name=search_term_string"}],"inLanguage":"en-US"},{"@type":"ImageObject","@id":"https:\/\/acefootball.com\/da\/fodboldnyheder\/skidt-real-nyt-sergio-ramos-ikke-med-i-champions-league-aabner\/#primaryimage","inLanguage":"en-US","url":"https:\/\/acefootball.com\/da\/wp-content\/uploads\/sites\/2\/2020\/10\/GettyImages-1253136572.jpg","contentUrl":"https:\/\/acefootball.com\/da\/wp-content\/uploads\/sites\/2\/2020\/10\/GettyImages-1253136572.jpg","width":1024,"height":682,"caption":"BARCELONA, SPAIN - JUNE 28: Sergio Ramos of Real Madrid CF looks on during the Liga match between RCD Espanyol and Real Madrid CF at RCDE Stadium on June 28, 2020 in Barcelona, Spain. (Photo by David Ramos\/Getty Images)"},{"@type":"WebPage","@id":"https:\/\/acefootball.com\/da\/fodboldnyheder\/skidt-real-nyt-sergio-ramos-ikke-med-i-champions-league-aabner\/#webpage","url":"https:\/\/acefootball.com\/da\/fodboldnyheder\/skidt-real-nyt-sergio-ramos-ikke-med-i-champions-league-aabner\/","name":"Skidt Real-nyt: Sergio Ramos ikke med i Champions League-\u00e5bner","isPartOf":{"@id":"https:\/\/acefootball.com\/da\/#website"},"primaryImageOfPage":{"@id":"https:\/\/acefootball.com\/da\/fodboldnyheder\/skidt-real-nyt-sergio-ramos-ikke-med-i-champions-league-aabner\/#primaryimage"},"datePublished":"2020-10-20T16:50:48+00:00","dateModified":"2020-10-20T16:50:49+00:00","description":"Sergio Ramos er ikke med i Real Madrid-truppen til Champions League-kampen mod Shakhtar, efter han fik en skade i weekenden","breadcrumb":{"@id":"https:\/\/acefootball.com\/da\/fodboldnyheder\/skidt-real-nyt-sergio-ramos-ikke-med-i-champions-league-aabner\/#breadcrumb"},"inLanguage":"en-US","potentialAction":[{"@type":"ReadAction","target":["https:\/\/acefootball.com\/da\/fodboldnyheder\/skidt-real-nyt-sergio-ramos-ikke-med-i-champions-league-aabner\/"]}]},{"@type":"BreadcrumbList","@id":"https:\/\/acefootball.com\/da\/fodboldnyheder\/skidt-real-nyt-sergio-ramos-ikke-med-i-champions-league-aabner\/#breadcrumb","itemListElement":[{"@type":"ListItem","position":1,"name":"Home","item":"https:\/\/acefootball.com\/da\/"},{"@type":"ListItem","position":2,"name":"Skidt Real-nyt: Sergio Ramos ikke med i Champions League-\u00e5bner"}]},{"@type":"Article","@id":"https:\/\/acefootball.com\/da\/fodboldnyheder\/skidt-real-nyt-sergio-ramos-ikke-med-i-champions-league-aabner\/#article","isPartOf":{"@id":"https:\/\/acefootball.com\/da\/fodboldnyheder\/skidt-real-nyt-sergio-ramos-ikke-med-i-champions-league-aabner\/#webpage"},"author":{"@id":"https:\/\/acefootball.com\/da\/#\/schema\/person\/ee67e9cf04a276f144100ffa722f10cd"},"headline":"Skidt Real-nyt: Sergio Ramos ikke med i Champions League-\u00e5bner","datePublished":"2020-10-20T16:50:48+00:00","dateModified":"2020-10-20T16:50:49+00:00","mainEntityOfPage":{"@id":"https:\/\/acefootball.com\/da\/fodboldnyheder\/skidt-real-nyt-sergio-ramos-ikke-med-i-champions-league-aabner\/#webpage"},"wordCount":129,"commentCount":0,"publisher":{"@id":"https:\/\/acefootball.com\/da\/#organization"},"image":{"@id":"https:\/\/acefootball.com\/da\/fodboldnyheder\/skidt-real-nyt-sergio-ramos-ikke-med-i-champions-league-aabner\/#primaryimage"},"thumbnailUrl":"https:\/\/acefootball.com\/da\/wp-content\/uploads\/sites\/2\/2020\/10\/GettyImages-1253136572.jpg","keywords":["Champions League","La Liga","Real Madrid","Sergio Ramos"],"articleSection":["Kamp"],"inLanguage":"en-US","potentialAction":[{"@type":"CommentAction","name":"Comment","target":["https:\/\/acefootball.com\/da\/fodboldnyheder\/skidt-real-nyt-sergio-ramos-ikke-med-i-champions-league-aabner\/#respond"]}]},{"@type":"Person","@id":"https:\/\/acefootball.com\/da\/#\/schema\/person\/ee67e9cf04a276f144100ffa722f10cd","name":"Mads Dreyer","image":{"@type":"ImageObject","@id":"https:\/\/acefootball.com\/da\/#personlogo","inLanguage":"en-US","url":"https:\/\/secure.gravatar.com\/avatar\/7c7abf72cfde9902b6a60efe60c88d4c?s=96&d=mm&r=g","contentUrl":"https:\/\/secure.gravatar.com\/avatar\/7c7abf72cfde9902b6a60efe60c88d4c?s=96&d=mm&r=g","caption":"Mads Dreyer"},"description":"Skribent og fodboldn\u00f8rd, der lige nu fort\u00e6ller om alt og intet i fodboldverdenen p\u00e5 acefootball.com. Uddannet i kommunikation fra Aalborg Universitet.","sameAs":["https:\/\/www.linkedin.com\/in\/mads-dreyer-b9b08266\/"],"url":"https:\/\/acefootball.com\/da\/fodboldnyheder\/author\/mdnronaldo\/"}]}},"fimg_url":"https:\/\/acefootball.com\/da\/wp-content\/uploads\/sites\/2\/2020\/10\/GettyImages-1253136572.jpg","_links":{"self":[{"href":"https:\/\/acefootball.com\/da\/wp-json\/wp\/v2\/posts\/240910"}],"collection":[{"href":"https:\/\/acefootball.com\/da\/wp-json\/wp\/v2\/posts"}],"about":[{"href":"https:\/\/acefootball.com\/da\/wp-json\/wp\/v2\/types\/post"}],"author":[{"embeddable":true,"href":"https:\/\/acefootball.com\/da\/wp-json\/wp\/v2\/users\/705"}],"replies":[{"embeddable":true,"href":"https:\/\/acefootball.com\/da\/wp-json\/wp\/v2\/comments?post=240910"}],"version-history":[{"count":0,"href":"https:\/\/acefootball.com\/da\/wp-json\/wp\/v2\/posts\/240910\/revisions"}],"wp:featuredmedia":[{"embeddable":true,"href":"https:\/\/acefootball.com\/da\/wp-json\/wp\/v2\/media\/240912"}],"wp:attachment":[{"href":"https:\/\/acefootball.com\/da\/wp-json\/wp\/v2\/media?parent=240910"}],"wp:term":[{"taxonomy":"category","embeddable":true,"href":"https:\/\/acefootball.com\/da\/wp-json\/wp\/v2\/categories?post=240910"},{"taxonomy":"post_tag","embeddable":true,"href":"https:\/\/acefootball.com\/da\/wp-json\/wp\/v2\/tags?post=240910"}],"curies":[{"name":"wp","href":"https:\/\/api.w.org\/{rel}","templated":true}]}}