{"id":240907,"date":"2020-10-20T18:35:23","date_gmt":"2020-10-20T16:35:23","guid":{"rendered":"https:\/\/acefootball.com\/da\/?p=240907"},"modified":"2020-10-20T18:35:23","modified_gmt":"2020-10-20T16:35:23","slug":"vejle-forlaenger-med-defensiv-krumtap","status":"publish","type":"post","link":"https:\/\/acefootball.com\/da\/fodboldnyheder\/vejle-forlaenger-med-defensiv-krumtap\/","title":{"rendered":"Vejle forl\u00e6nger med defensiv krumtap"},"content":{"rendered":"\n<h2 id=\"h-vejle-boldklub-har-forl-nget-aftalen-med-den-defensive-styrmand-mads-greve-som-forts-tter-hos-superliga-oprykkerne-frem-til-2023\">Vejle Boldklub har forl\u00e6nget aftalen med den defensive styrmand, Mads Greve, som forts\u00e6tter hos Superliga-oprykkerne frem til 2023<\/h2>\n\n\n\n<p>Efter kun fem kampe i Superligaen har Vejle Boldklub valgt at forl\u00e6nge kontrakten med en af klubbens profiler.<\/p>\n\n\n\n<p>Forsvarsgeneralen Mads Greve har sat sin signatur p\u00e5 en forl\u00e6ngelse, der holder stopperen i klubben frem til sommeren 2023. Det oplyser Vejle p\u00e5 sin hjemmeside.<\/p>\n\n\n\n<figure class=\"wp-block-embed-twitter wp-block-embed is-type-rich is-provider-twitter\"><div class=\"wp-block-embed__wrapper\">\n<blockquote class=\"twitter-tweet\" data-width=\"550\" data-dnt=\"true\"><p lang=\"da\" dir=\"ltr\">Vejle Boldklub har d.d. forl\u00e6nget kontrakten med Mads Greve med to \u00e5r, s\u00e5 kontrakten l\u00f8ber frem til sommeren 2023. <br><br>L\u00e6s mere om forl\u00e6ngelsen i linket herunder.<a href=\"https:\/\/t.co\/83fqZzTjpW\">https:\/\/t.co\/83fqZzTjpW<\/a><a href=\"https:\/\/twitter.com\/hashtag\/VejleB?src=hash&amp;ref_src=twsrc%5Etfw\">#VejleB<\/a><a href=\"https:\/\/twitter.com\/hashtag\/Greve2023?src=hash&amp;ref_src=twsrc%5Etfw\">#Greve2023<\/a> <a href=\"https:\/\/t.co\/5eoMIDZSQi\">pic.twitter.com\/5eoMIDZSQi<\/a><\/p>&mdash; Vejle Boldklub (@Vejle_B) <a href=\"https:\/\/twitter.com\/Vejle_B\/status\/1318583790978084864?ref_src=twsrc%5Etfw\">October 20, 2020<\/a><\/blockquote><script async src=\"https:\/\/platform.twitter.com\/widgets.js\" charset=\"utf-8\"><\/script>\n<\/div><\/figure>\n\n\n\n<p>&#8220;Mads Greve har v\u00e6ret \u00e9n af holdets vigtigste spillere, lige siden han kom til klubben for mere end tre \u00e5r siden. Det kan vel t\u00e6lles p\u00e5 \u00e9n h\u00e5nd, hvor mange turneringskampe han ikke har v\u00e6ret til r\u00e5dighed i siden, og han har holder hver gang et h\u00f8jt niveau,&#8221; udtaler teknisk chef Jacob Kr\u00fcger.<\/p>\n\n\n\n<p>&#8220;Greve har passeret 30 \u00e5r, men han er 100 procent fit og tr\u00e6ner godt. Han v\u00e9d, hvordan man passer p\u00e5 sin krop som professionel fodboldspiller. Nu har jeg fulgt Mads t\u00e6t, siden han kom til Vendsyssel i 2013, og han er vel ikke set bedre end i de her \u00e5r, hvor karrieren topper.&#8221;<\/p>\n\n\n\n<p>Mads Greve kom til Vejle fra Vendsyssel i 2017 og har siden spillet 108 kampe for Superliga-oprykkerne.<\/p>\n","protected":false},"excerpt":{"rendered":"<p>Vejle Boldklub har forl\u00e6nget aftalen med den defensive styrmand, Mads Greve, som forts\u00e6tter hos Superliga-oprykkerne frem til 2023<\/p>\n","protected":false},"author":705,"featured_media":240908,"comment_status":"open","ping_status":"closed","sticky":false,"template":"","format":"standard","meta":{"om_disable_all_campaigns":false,"push_articles_ronaldo":{"active":false,"canonical":0,"publish":false},"force_updates":null},"categories":[1],"tags":[4415,588,521],"enet_tags":{"player":["127700"],"league":["46"],"team":["8231"],"sport_events":[]},"yoast_head":"<!-- This site is optimized with the Yoast SEO plugin v18.3 - https:\/\/yoast.com\/wordpress\/plugins\/seo\/ -->\n<title>Vejle forl\u00e6nger med defensiv krumtap<\/title>\n<meta name=\"description\" content=\"Vejle Boldklub har forl\u00e6nget aftalen med den defensive styrmand, Mads Greve, som forts\u00e6tter hos Superliga-oprykkerne frem til 2023\" \/>\n<meta name=\"robots\" content=\"index, follow, max-snippet:-1, max-image-preview:large, max-video-preview:-1\" \/>\n<link rel=\"canonical\" href=\"https:\/\/acefootball.com\/da\/fodboldnyheder\/vejle-forlaenger-med-defensiv-krumtap\/\" \/>\n<meta property=\"og:locale\" content=\"en_US\" \/>\n<meta property=\"og:type\" content=\"article\" \/>\n<meta property=\"og:title\" content=\"Vejle forl\u00e6nger med defensiv krumtap\" \/>\n<meta property=\"og:description\" content=\"Vejle Boldklub har forl\u00e6nget aftalen med den defensive styrmand, Mads Greve, som forts\u00e6tter hos Superliga-oprykkerne frem til 2023\" \/>\n<meta property=\"og:url\" content=\"https:\/\/acefootball.com\/da\/fodboldnyheder\/vejle-forlaenger-med-defensiv-krumtap\/\" \/>\n<meta property=\"og:site_name\" content=\"Ace Football Danmark\" \/>\n<meta property=\"article:publisher\" content=\"https:\/\/www.facebook.com\/acefootballdk\" \/>\n<meta property=\"article:published_time\" content=\"2020-10-20T16:35:23+00:00\" \/>\n<meta property=\"og:image\" content=\"https:\/\/acefootball.com\/da\/wp-content\/uploads\/sites\/2\/2020\/10\/GettyImages-1064614670.jpg\" \/>\n\t<meta property=\"og:image:width\" content=\"1024\" \/>\n\t<meta property=\"og:image:height\" content=\"693\" \/>\n\t<meta property=\"og:image:type\" content=\"image\/jpeg\" \/>\n<meta name=\"twitter:card\" content=\"summary_large_image\" \/>\n<meta name=\"twitter:label1\" content=\"Written by\" \/>\n\t<meta name=\"twitter:data1\" content=\"Mads Dreyer\" \/>\n\t<meta name=\"twitter:label2\" content=\"Est. reading time\" \/>\n\t<meta name=\"twitter:data2\" content=\"1 minute\" \/>\n<script type=\"application\/ld+json\" class=\"yoast-schema-graph\">{\"@context\":\"https:\/\/schema.org\",\"@graph\":[{\"@type\":\"Organization\",\"@id\":\"https:\/\/acefootball.com\/da\/#organization\",\"name\":\"Ace Football\",\"url\":\"https:\/\/acefootball.com\/da\/\",\"sameAs\":[\"https:\/\/www.facebook.com\/acefootballdk\"],\"logo\":{\"@type\":\"ImageObject\",\"@id\":\"https:\/\/acefootball.com\/da\/#logo\",\"inLanguage\":\"en-US\",\"url\":\"https:\/\/acefootball.com\/da\/wp-content\/uploads\/sites\/2\/2020\/07\/Ace-Football-30-07-2020-2.png\",\"contentUrl\":\"https:\/\/acefootball.com\/da\/wp-content\/uploads\/sites\/2\/2020\/07\/Ace-Football-30-07-2020-2.png\",\"width\":1200,\"height\":600,\"caption\":\"Ace Football\"},\"image\":{\"@id\":\"https:\/\/acefootball.com\/da\/#logo\"}},{\"@type\":\"WebSite\",\"@id\":\"https:\/\/acefootball.com\/da\/#website\",\"url\":\"https:\/\/acefootball.com\/da\/\",\"name\":\"Ace Football Danmark\",\"description\":\"Nyheder, Spiltips &amp; Livescore\",\"publisher\":{\"@id\":\"https:\/\/acefootball.com\/da\/#organization\"},\"potentialAction\":[{\"@type\":\"SearchAction\",\"target\":{\"@type\":\"EntryPoint\",\"urlTemplate\":\"https:\/\/acefootball.com\/da\/?s={search_term_string}\"},\"query-input\":\"required name=search_term_string\"}],\"inLanguage\":\"en-US\"},{\"@type\":\"ImageObject\",\"@id\":\"https:\/\/acefootball.com\/da\/fodboldnyheder\/vejle-forlaenger-med-defensiv-krumtap\/#primaryimage\",\"inLanguage\":\"en-US\",\"url\":\"https:\/\/acefootball.com\/da\/wp-content\/uploads\/sites\/2\/2020\/10\/GettyImages-1064614670.jpg\",\"contentUrl\":\"https:\/\/acefootball.com\/da\/wp-content\/uploads\/sites\/2\/2020\/10\/GettyImages-1064614670.jpg\",\"width\":1024,\"height\":693,\"caption\":\"VEJLE, DENMARK - NOVEMBER 23: Mads Greve of Vejle Boldklub and Wessam Abou Ali of AaB Aalborg compete for the ball during the Danish Superliga match between Vejle Boldklub and AaB Aalborg at Vejle Stadion on November 23, 2018 in Vejle, Denmark. (Photo by Lars Ronbog \/ FrontZoneSport via Getty Images)\"},{\"@type\":\"WebPage\",\"@id\":\"https:\/\/acefootball.com\/da\/fodboldnyheder\/vejle-forlaenger-med-defensiv-krumtap\/#webpage\",\"url\":\"https:\/\/acefootball.com\/da\/fodboldnyheder\/vejle-forlaenger-med-defensiv-krumtap\/\",\"name\":\"Vejle forl\u00e6nger med defensiv krumtap\",\"isPartOf\":{\"@id\":\"https:\/\/acefootball.com\/da\/#website\"},\"primaryImageOfPage\":{\"@id\":\"https:\/\/acefootball.com\/da\/fodboldnyheder\/vejle-forlaenger-med-defensiv-krumtap\/#primaryimage\"},\"datePublished\":\"2020-10-20T16:35:23+00:00\",\"dateModified\":\"2020-10-20T16:35:23+00:00\",\"description\":\"Vejle Boldklub har forl\u00e6nget aftalen med den defensive styrmand, Mads Greve, som forts\u00e6tter hos Superliga-oprykkerne frem til 2023\",\"breadcrumb\":{\"@id\":\"https:\/\/acefootball.com\/da\/fodboldnyheder\/vejle-forlaenger-med-defensiv-krumtap\/#breadcrumb\"},\"inLanguage\":\"en-US\",\"potentialAction\":[{\"@type\":\"ReadAction\",\"target\":[\"https:\/\/acefootball.com\/da\/fodboldnyheder\/vejle-forlaenger-med-defensiv-krumtap\/\"]}]},{\"@type\":\"BreadcrumbList\",\"@id\":\"https:\/\/acefootball.com\/da\/fodboldnyheder\/vejle-forlaenger-med-defensiv-krumtap\/#breadcrumb\",\"itemListElement\":[{\"@type\":\"ListItem\",\"position\":1,\"name\":\"Home\",\"item\":\"https:\/\/acefootball.com\/da\/\"},{\"@type\":\"ListItem\",\"position\":2,\"name\":\"Vejle forl\u00e6nger med defensiv krumtap\"}]},{\"@type\":\"Article\",\"@id\":\"https:\/\/acefootball.com\/da\/fodboldnyheder\/vejle-forlaenger-med-defensiv-krumtap\/#article\",\"isPartOf\":{\"@id\":\"https:\/\/acefootball.com\/da\/fodboldnyheder\/vejle-forlaenger-med-defensiv-krumtap\/#webpage\"},\"author\":{\"@id\":\"https:\/\/acefootball.com\/da\/#\/schema\/person\/ee67e9cf04a276f144100ffa722f10cd\"},\"headline\":\"Vejle forl\u00e6nger med defensiv krumtap\",\"datePublished\":\"2020-10-20T16:35:23+00:00\",\"dateModified\":\"2020-10-20T16:35:23+00:00\",\"mainEntityOfPage\":{\"@id\":\"https:\/\/acefootball.com\/da\/fodboldnyheder\/vejle-forlaenger-med-defensiv-krumtap\/#webpage\"},\"wordCount\":203,\"commentCount\":0,\"publisher\":{\"@id\":\"https:\/\/acefootball.com\/da\/#organization\"},\"image\":{\"@id\":\"https:\/\/acefootball.com\/da\/fodboldnyheder\/vejle-forlaenger-med-defensiv-krumtap\/#primaryimage\"},\"thumbnailUrl\":\"https:\/\/acefootball.com\/da\/wp-content\/uploads\/sites\/2\/2020\/10\/GettyImages-1064614670.jpg\",\"keywords\":[\"Mads Greve\",\"Superligaen\",\"Vejle Boldklub\"],\"articleSection\":[\"Nyhed\"],\"inLanguage\":\"en-US\",\"potentialAction\":[{\"@type\":\"CommentAction\",\"name\":\"Comment\",\"target\":[\"https:\/\/acefootball.com\/da\/fodboldnyheder\/vejle-forlaenger-med-defensiv-krumtap\/#respond\"]}]},{\"@type\":\"Person\",\"@id\":\"https:\/\/acefootball.com\/da\/#\/schema\/person\/ee67e9cf04a276f144100ffa722f10cd\",\"name\":\"Mads Dreyer\",\"image\":{\"@type\":\"ImageObject\",\"@id\":\"https:\/\/acefootball.com\/da\/#personlogo\",\"inLanguage\":\"en-US\",\"url\":\"https:\/\/secure.gravatar.com\/avatar\/7c7abf72cfde9902b6a60efe60c88d4c?s=96&d=mm&r=g\",\"contentUrl\":\"https:\/\/secure.gravatar.com\/avatar\/7c7abf72cfde9902b6a60efe60c88d4c?s=96&d=mm&r=g\",\"caption\":\"Mads Dreyer\"},\"description\":\"Skribent og fodboldn\u00f8rd, der lige nu fort\u00e6ller om alt og intet i fodboldverdenen p\u00e5 acefootball.com. Uddannet i kommunikation fra Aalborg Universitet.\",\"sameAs\":[\"https:\/\/www.linkedin.com\/in\/mads-dreyer-b9b08266\/\"],\"url\":\"https:\/\/acefootball.com\/da\/fodboldnyheder\/author\/mdnronaldo\/\"}]}<\/script>\n<!-- \/ Yoast SEO plugin. -->","yoast_head_json":{"title":"Vejle forl\u00e6nger med defensiv krumtap","description":"Vejle Boldklub har forl\u00e6nget aftalen med den defensive styrmand, Mads Greve, som forts\u00e6tter hos Superliga-oprykkerne frem til 2023","robots":{"index":"index","follow":"follow","max-snippet":"max-snippet:-1","max-image-preview":"max-image-preview:large","max-video-preview":"max-video-preview:-1"},"canonical":"https:\/\/acefootball.com\/da\/fodboldnyheder\/vejle-forlaenger-med-defensiv-krumtap\/","og_locale":"en_US","og_type":"article","og_title":"Vejle forl\u00e6nger med defensiv krumtap","og_description":"Vejle Boldklub har forl\u00e6nget aftalen med den defensive styrmand, Mads Greve, som forts\u00e6tter hos Superliga-oprykkerne frem til 2023","og_url":"https:\/\/acefootball.com\/da\/fodboldnyheder\/vejle-forlaenger-med-defensiv-krumtap\/","og_site_name":"Ace Football Danmark","article_publisher":"https:\/\/www.facebook.com\/acefootballdk","article_published_time":"2020-10-20T16:35:23+00:00","og_image":[{"width":1024,"height":693,"url":"https:\/\/acefootball.com\/da\/wp-content\/uploads\/sites\/2\/2020\/10\/GettyImages-1064614670.jpg","type":"image\/jpeg"}],"twitter_card":"summary_large_image","twitter_misc":{"Written by":"Mads Dreyer","Est. reading time":"1 minute"},"schema":{"@context":"https:\/\/schema.org","@graph":[{"@type":"Organization","@id":"https:\/\/acefootball.com\/da\/#organization","name":"Ace Football","url":"https:\/\/acefootball.com\/da\/","sameAs":["https:\/\/www.facebook.com\/acefootballdk"],"logo":{"@type":"ImageObject","@id":"https:\/\/acefootball.com\/da\/#logo","inLanguage":"en-US","url":"https:\/\/acefootball.com\/da\/wp-content\/uploads\/sites\/2\/2020\/07\/Ace-Football-30-07-2020-2.png","contentUrl":"https:\/\/acefootball.com\/da\/wp-content\/uploads\/sites\/2\/2020\/07\/Ace-Football-30-07-2020-2.png","width":1200,"height":600,"caption":"Ace Football"},"image":{"@id":"https:\/\/acefootball.com\/da\/#logo"}},{"@type":"WebSite","@id":"https:\/\/acefootball.com\/da\/#website","url":"https:\/\/acefootball.com\/da\/","name":"Ace Football Danmark","description":"Nyheder, Spiltips &amp; Livescore","publisher":{"@id":"https:\/\/acefootball.com\/da\/#organization"},"potentialAction":[{"@type":"SearchAction","target":{"@type":"EntryPoint","urlTemplate":"https:\/\/acefootball.com\/da\/?s={search_term_string}"},"query-input":"required name=search_term_string"}],"inLanguage":"en-US"},{"@type":"ImageObject","@id":"https:\/\/acefootball.com\/da\/fodboldnyheder\/vejle-forlaenger-med-defensiv-krumtap\/#primaryimage","inLanguage":"en-US","url":"https:\/\/acefootball.com\/da\/wp-content\/uploads\/sites\/2\/2020\/10\/GettyImages-1064614670.jpg","contentUrl":"https:\/\/acefootball.com\/da\/wp-content\/uploads\/sites\/2\/2020\/10\/GettyImages-1064614670.jpg","width":1024,"height":693,"caption":"VEJLE, DENMARK - NOVEMBER 23: Mads Greve of Vejle Boldklub and Wessam Abou Ali of AaB Aalborg compete for the ball during the Danish Superliga match between Vejle Boldklub and AaB Aalborg at Vejle Stadion on November 23, 2018 in Vejle, Denmark. (Photo by Lars Ronbog \/ FrontZoneSport via Getty Images)"},{"@type":"WebPage","@id":"https:\/\/acefootball.com\/da\/fodboldnyheder\/vejle-forlaenger-med-defensiv-krumtap\/#webpage","url":"https:\/\/acefootball.com\/da\/fodboldnyheder\/vejle-forlaenger-med-defensiv-krumtap\/","name":"Vejle forl\u00e6nger med defensiv krumtap","isPartOf":{"@id":"https:\/\/acefootball.com\/da\/#website"},"primaryImageOfPage":{"@id":"https:\/\/acefootball.com\/da\/fodboldnyheder\/vejle-forlaenger-med-defensiv-krumtap\/#primaryimage"},"datePublished":"2020-10-20T16:35:23+00:00","dateModified":"2020-10-20T16:35:23+00:00","description":"Vejle Boldklub har forl\u00e6nget aftalen med den defensive styrmand, Mads Greve, som forts\u00e6tter hos Superliga-oprykkerne frem til 2023","breadcrumb":{"@id":"https:\/\/acefootball.com\/da\/fodboldnyheder\/vejle-forlaenger-med-defensiv-krumtap\/#breadcrumb"},"inLanguage":"en-US","potentialAction":[{"@type":"ReadAction","target":["https:\/\/acefootball.com\/da\/fodboldnyheder\/vejle-forlaenger-med-defensiv-krumtap\/"]}]},{"@type":"BreadcrumbList","@id":"https:\/\/acefootball.com\/da\/fodboldnyheder\/vejle-forlaenger-med-defensiv-krumtap\/#breadcrumb","itemListElement":[{"@type":"ListItem","position":1,"name":"Home","item":"https:\/\/acefootball.com\/da\/"},{"@type":"ListItem","position":2,"name":"Vejle forl\u00e6nger med defensiv krumtap"}]},{"@type":"Article","@id":"https:\/\/acefootball.com\/da\/fodboldnyheder\/vejle-forlaenger-med-defensiv-krumtap\/#article","isPartOf":{"@id":"https:\/\/acefootball.com\/da\/fodboldnyheder\/vejle-forlaenger-med-defensiv-krumtap\/#webpage"},"author":{"@id":"https:\/\/acefootball.com\/da\/#\/schema\/person\/ee67e9cf04a276f144100ffa722f10cd"},"headline":"Vejle forl\u00e6nger med defensiv krumtap","datePublished":"2020-10-20T16:35:23+00:00","dateModified":"2020-10-20T16:35:23+00:00","mainEntityOfPage":{"@id":"https:\/\/acefootball.com\/da\/fodboldnyheder\/vejle-forlaenger-med-defensiv-krumtap\/#webpage"},"wordCount":203,"commentCount":0,"publisher":{"@id":"https:\/\/acefootball.com\/da\/#organization"},"image":{"@id":"https:\/\/acefootball.com\/da\/fodboldnyheder\/vejle-forlaenger-med-defensiv-krumtap\/#primaryimage"},"thumbnailUrl":"https:\/\/acefootball.com\/da\/wp-content\/uploads\/sites\/2\/2020\/10\/GettyImages-1064614670.jpg","keywords":["Mads Greve","Superligaen","Vejle Boldklub"],"articleSection":["Nyhed"],"inLanguage":"en-US","potentialAction":[{"@type":"CommentAction","name":"Comment","target":["https:\/\/acefootball.com\/da\/fodboldnyheder\/vejle-forlaenger-med-defensiv-krumtap\/#respond"]}]},{"@type":"Person","@id":"https:\/\/acefootball.com\/da\/#\/schema\/person\/ee67e9cf04a276f144100ffa722f10cd","name":"Mads Dreyer","image":{"@type":"ImageObject","@id":"https:\/\/acefootball.com\/da\/#personlogo","inLanguage":"en-US","url":"https:\/\/secure.gravatar.com\/avatar\/7c7abf72cfde9902b6a60efe60c88d4c?s=96&d=mm&r=g","contentUrl":"https:\/\/secure.gravatar.com\/avatar\/7c7abf72cfde9902b6a60efe60c88d4c?s=96&d=mm&r=g","caption":"Mads Dreyer"},"description":"Skribent og fodboldn\u00f8rd, der lige nu fort\u00e6ller om alt og intet i fodboldverdenen p\u00e5 acefootball.com. Uddannet i kommunikation fra Aalborg Universitet.","sameAs":["https:\/\/www.linkedin.com\/in\/mads-dreyer-b9b08266\/"],"url":"https:\/\/acefootball.com\/da\/fodboldnyheder\/author\/mdnronaldo\/"}]}},"fimg_url":"https:\/\/acefootball.com\/da\/wp-content\/uploads\/sites\/2\/2020\/10\/GettyImages-1064614670.jpg","_links":{"self":[{"href":"https:\/\/acefootball.com\/da\/wp-json\/wp\/v2\/posts\/240907"}],"collection":[{"href":"https:\/\/acefootball.com\/da\/wp-json\/wp\/v2\/posts"}],"about":[{"href":"https:\/\/acefootball.com\/da\/wp-json\/wp\/v2\/types\/post"}],"author":[{"embeddable":true,"href":"https:\/\/acefootball.com\/da\/wp-json\/wp\/v2\/users\/705"}],"replies":[{"embeddable":true,"href":"https:\/\/acefootball.com\/da\/wp-json\/wp\/v2\/comments?post=240907"}],"version-history":[{"count":0,"href":"https:\/\/acefootball.com\/da\/wp-json\/wp\/v2\/posts\/240907\/revisions"}],"wp:featuredmedia":[{"embeddable":true,"href":"https:\/\/acefootball.com\/da\/wp-json\/wp\/v2\/media\/240908"}],"wp:attachment":[{"href":"https:\/\/acefootball.com\/da\/wp-json\/wp\/v2\/media?parent=240907"}],"wp:term":[{"taxonomy":"category","embeddable":true,"href":"https:\/\/acefootball.com\/da\/wp-json\/wp\/v2\/categories?post=240907"},{"taxonomy":"post_tag","embeddable":true,"href":"https:\/\/acefootball.com\/da\/wp-json\/wp\/v2\/tags?post=240907"}],"curies":[{"name":"wp","href":"https:\/\/api.w.org\/{rel}","templated":true}]}}