{"id":240865,"date":"2020-10-20T14:57:35","date_gmt":"2020-10-20T12:57:35","guid":{"rendered":"https:\/\/acefootball.com\/da\/?p=240865"},"modified":"2020-10-20T14:57:36","modified_gmt":"2020-10-20T12:57:36","slug":"voldsomt-ozil-kommer-ikke-til-at-spille-premier-league-for-arsenal-i-aar","status":"publish","type":"post","link":"https:\/\/acefootball.com\/da\/fodboldnyheder\/voldsomt-ozil-kommer-ikke-til-at-spille-premier-league-for-arsenal-i-aar\/","title":{"rendered":"Voldsomt: \u00d6zil kommer ikke til at spille Premier League for Arsenal i \u00e5r"},"content":{"rendered":"\n<h2 id=\"h-arsenal-har-ogs-valgt-at-udelade-mesut-zil-fra-premier-league-truppen-for-efter-ret-akkurat-som-tilf-ldet-er-med-europa-league\">Arsenal har ogs\u00e5 valgt at udelade Mesut \u00d6zil fra Premier League-truppen for efter\u00e5ret, akkurat som tilf\u00e6ldet er med Europa League<\/h2>\n\n\n\n<p>Tidligere p\u00e5 m\u00e5neden indsendte Arsenal deres endelige trup til Europa League-gruppespillet, hvor man noget overraskende valgte at udelade stjernen Mesut \u00d6zil.<\/p>\n\n\n\n<figure class=\"wp-block-embed-wordpress wp-block-embed is-type-wp-embed is-provider-ace-football-danmark\"><div class=\"wp-block-embed__wrapper\">\n<blockquote class=\"wp-embedded-content\" data-secret=\"OqBUPX5YAx\"><a href=\"https:\/\/acefootball.com\/da\/fodboldnyheder\/arsenal-dropper-ozil-til-europa-league-trup\/\">Arsenal dropper \u00d6zil til Europa League-trup<\/a><\/blockquote><iframe class=\"wp-embedded-content\" sandbox=\"allow-scripts\" security=\"restricted\" style=\"position: absolute; clip: rect(1px, 1px, 1px, 1px);\" title=\"&#8220;Arsenal dropper \u00d6zil til Europa League-trup&#8221; &#8212; Ace Football Danmark\" src=\"https:\/\/acefootball.com\/da\/fodboldnyheder\/arsenal-dropper-ozil-til-europa-league-trup\/embed\/#?secret=OqBUPX5YAx\" data-secret=\"OqBUPX5YAx\" width=\"600\" height=\"338\" frameborder=\"0\" marginwidth=\"0\" marginheight=\"0\" scrolling=\"no\"><\/iframe>\n<\/div><\/figure>\n\n\n\n<p>Nu har London-klubben s\u00e5 ogs\u00e5 bekr\u00e6ftet deres 25-mandstrup for Premier League, og her er den l\u00f8ntunge tysker alts\u00e5 ogs\u00e5 blevet udeladt.<\/p>\n\n\n\n<p>Derfor tyder meget p\u00e5, at \u00d6zil har spillet sin sidste kamp for The Gunners, der alts\u00e5 har valgt at se helt bort fra ham i de to store turneringer.<\/p>\n\n\n\n<figure class=\"wp-block-embed-twitter wp-block-embed is-type-rich is-provider-twitter\"><div class=\"wp-block-embed__wrapper\">\n<blockquote class=\"twitter-tweet\" data-width=\"550\" data-dnt=\"true\"><p lang=\"en\" dir=\"ltr\">As expected, no Mesut Ozil in Arsenal&#39;s Premier League squad. Looks all but certain he has now played his last game for Arsenal.<a href=\"https:\/\/t.co\/n4eoe611uh\">https:\/\/t.co\/n4eoe611uh<\/a><\/p>&mdash; Charles Watts (@charles_watts) <a href=\"https:\/\/twitter.com\/charles_watts\/status\/1318526143734099968?ref_src=twsrc%5Etfw\">October 20, 2020<\/a><\/blockquote><script async src=\"https:\/\/platform.twitter.com\/widgets.js\" charset=\"utf-8\"><\/script>\n<\/div><\/figure>\n\n\n\n<p>Den 32-\u00e5rige kreat\u00f8r har kontrakt med Arsenal frem til n\u00e6ste sommer.<\/p>\n","protected":false},"excerpt":{"rendered":"<p>Arsenal har ogs\u00e5 valgt at udelade Mesut \u00d6zil fra Premier League-truppen for efter\u00e5ret akkurat som tilf\u00e6ldet er med Europa League<\/p>\n","protected":false},"author":74,"featured_media":240868,"comment_status":"open","ping_status":"closed","sticky":false,"template":"","format":"standard","meta":{"om_disable_all_campaigns":false,"push_articles_ronaldo":{"active":false,"canonical":0,"publish":false},"force_updates":null},"categories":[1],"tags":[227,788,134],"enet_tags":{"team":["9825"],"player":["36378"],"league":["47"],"sport_events":[]},"yoast_head":"<!-- This site is optimized with the Yoast SEO plugin v18.3 - https:\/\/yoast.com\/wordpress\/plugins\/seo\/ -->\n<title>Voldsomt: \u00d6zil kommer ikke til at spille Premier League for Arsenal i \u00e5r<\/title>\n<meta name=\"description\" content=\"Arsenal har ogs\u00e5 valgt at udelade Mesut \u00d6zil fra Premier League-truppen for efter\u00e5ret akkurat som tilf\u00e6ldet er med Europa League\" \/>\n<meta name=\"robots\" content=\"index, follow, max-snippet:-1, max-image-preview:large, max-video-preview:-1\" \/>\n<link rel=\"canonical\" href=\"https:\/\/acefootball.com\/da\/fodboldnyheder\/voldsomt-ozil-kommer-ikke-til-at-spille-premier-league-for-arsenal-i-aar\/\" \/>\n<meta property=\"og:locale\" content=\"en_US\" \/>\n<meta property=\"og:type\" content=\"article\" \/>\n<meta property=\"og:title\" content=\"Voldsomt: \u00d6zil kommer ikke til at spille Premier League for Arsenal i \u00e5r\" \/>\n<meta property=\"og:description\" content=\"Arsenal har ogs\u00e5 valgt at udelade Mesut \u00d6zil fra Premier League-truppen for efter\u00e5ret akkurat som tilf\u00e6ldet er med Europa League\" \/>\n<meta property=\"og:url\" content=\"https:\/\/acefootball.com\/da\/fodboldnyheder\/voldsomt-ozil-kommer-ikke-til-at-spille-premier-league-for-arsenal-i-aar\/\" \/>\n<meta property=\"og:site_name\" content=\"Ace Football Danmark\" \/>\n<meta property=\"article:publisher\" content=\"https:\/\/www.facebook.com\/acefootballdk\" \/>\n<meta property=\"article:published_time\" content=\"2020-10-20T12:57:35+00:00\" \/>\n<meta property=\"article:modified_time\" content=\"2020-10-20T12:57:36+00:00\" \/>\n<meta property=\"og:image\" content=\"https:\/\/acefootball.com\/da\/wp-content\/uploads\/sites\/2\/2020\/10\/GettyImages-1252458989.jpg\" \/>\n\t<meta property=\"og:image:width\" content=\"1024\" \/>\n\t<meta property=\"og:image:height\" content=\"696\" \/>\n\t<meta property=\"og:image:type\" content=\"image\/jpeg\" \/>\n<meta name=\"twitter:card\" content=\"summary_large_image\" \/>\n<meta name=\"twitter:label1\" content=\"Written by\" \/>\n\t<meta name=\"twitter:data1\" content=\"Patrick Hesselb\u00e6k\" \/>\n\t<meta name=\"twitter:label2\" content=\"Est. reading time\" \/>\n\t<meta name=\"twitter:data2\" content=\"1 minute\" \/>\n<script type=\"application\/ld+json\" class=\"yoast-schema-graph\">{\"@context\":\"https:\/\/schema.org\",\"@graph\":[{\"@type\":\"Organization\",\"@id\":\"https:\/\/acefootball.com\/da\/#organization\",\"name\":\"Ace Football\",\"url\":\"https:\/\/acefootball.com\/da\/\",\"sameAs\":[\"https:\/\/www.facebook.com\/acefootballdk\"],\"logo\":{\"@type\":\"ImageObject\",\"@id\":\"https:\/\/acefootball.com\/da\/#logo\",\"inLanguage\":\"en-US\",\"url\":\"https:\/\/acefootball.com\/da\/wp-content\/uploads\/sites\/2\/2020\/07\/Ace-Football-30-07-2020-2.png\",\"contentUrl\":\"https:\/\/acefootball.com\/da\/wp-content\/uploads\/sites\/2\/2020\/07\/Ace-Football-30-07-2020-2.png\",\"width\":1200,\"height\":600,\"caption\":\"Ace Football\"},\"image\":{\"@id\":\"https:\/\/acefootball.com\/da\/#logo\"}},{\"@type\":\"WebSite\",\"@id\":\"https:\/\/acefootball.com\/da\/#website\",\"url\":\"https:\/\/acefootball.com\/da\/\",\"name\":\"Ace Football Danmark\",\"description\":\"Nyheder, Spiltips &amp; Livescore\",\"publisher\":{\"@id\":\"https:\/\/acefootball.com\/da\/#organization\"},\"potentialAction\":[{\"@type\":\"SearchAction\",\"target\":{\"@type\":\"EntryPoint\",\"urlTemplate\":\"https:\/\/acefootball.com\/da\/?s={search_term_string}\"},\"query-input\":\"required name=search_term_string\"}],\"inLanguage\":\"en-US\"},{\"@type\":\"ImageObject\",\"@id\":\"https:\/\/acefootball.com\/da\/fodboldnyheder\/voldsomt-ozil-kommer-ikke-til-at-spille-premier-league-for-arsenal-i-aar\/#primaryimage\",\"inLanguage\":\"en-US\",\"url\":\"https:\/\/acefootball.com\/da\/wp-content\/uploads\/sites\/2\/2020\/10\/GettyImages-1252458989.jpg\",\"contentUrl\":\"https:\/\/acefootball.com\/da\/wp-content\/uploads\/sites\/2\/2020\/10\/GettyImages-1252458989.jpg\",\"width\":1024,\"height\":696,\"caption\":\"SOUTHAMPTON, ENGLAND - JUNE 25: Mesut Ozil of Arsenal sits in the stands under an umbrella during the Premier League match between Southampton FC and Arsenal FC at St Mary's Stadium on June 25, 2020 in Southampton, United Kingdom. (Photo by Catherine Ivill\/Getty Images)\"},{\"@type\":\"WebPage\",\"@id\":\"https:\/\/acefootball.com\/da\/fodboldnyheder\/voldsomt-ozil-kommer-ikke-til-at-spille-premier-league-for-arsenal-i-aar\/#webpage\",\"url\":\"https:\/\/acefootball.com\/da\/fodboldnyheder\/voldsomt-ozil-kommer-ikke-til-at-spille-premier-league-for-arsenal-i-aar\/\",\"name\":\"Voldsomt: \u00d6zil kommer ikke til at spille Premier League for Arsenal i \u00e5r\",\"isPartOf\":{\"@id\":\"https:\/\/acefootball.com\/da\/#website\"},\"primaryImageOfPage\":{\"@id\":\"https:\/\/acefootball.com\/da\/fodboldnyheder\/voldsomt-ozil-kommer-ikke-til-at-spille-premier-league-for-arsenal-i-aar\/#primaryimage\"},\"datePublished\":\"2020-10-20T12:57:35+00:00\",\"dateModified\":\"2020-10-20T12:57:36+00:00\",\"description\":\"Arsenal har ogs\u00e5 valgt at udelade Mesut \u00d6zil fra Premier League-truppen for efter\u00e5ret akkurat som tilf\u00e6ldet er med Europa League\",\"breadcrumb\":{\"@id\":\"https:\/\/acefootball.com\/da\/fodboldnyheder\/voldsomt-ozil-kommer-ikke-til-at-spille-premier-league-for-arsenal-i-aar\/#breadcrumb\"},\"inLanguage\":\"en-US\",\"potentialAction\":[{\"@type\":\"ReadAction\",\"target\":[\"https:\/\/acefootball.com\/da\/fodboldnyheder\/voldsomt-ozil-kommer-ikke-til-at-spille-premier-league-for-arsenal-i-aar\/\"]}]},{\"@type\":\"BreadcrumbList\",\"@id\":\"https:\/\/acefootball.com\/da\/fodboldnyheder\/voldsomt-ozil-kommer-ikke-til-at-spille-premier-league-for-arsenal-i-aar\/#breadcrumb\",\"itemListElement\":[{\"@type\":\"ListItem\",\"position\":1,\"name\":\"Home\",\"item\":\"https:\/\/acefootball.com\/da\/\"},{\"@type\":\"ListItem\",\"position\":2,\"name\":\"Voldsomt: \u00d6zil kommer ikke til at spille Premier League for Arsenal i \u00e5r\"}]},{\"@type\":\"Article\",\"@id\":\"https:\/\/acefootball.com\/da\/fodboldnyheder\/voldsomt-ozil-kommer-ikke-til-at-spille-premier-league-for-arsenal-i-aar\/#article\",\"isPartOf\":{\"@id\":\"https:\/\/acefootball.com\/da\/fodboldnyheder\/voldsomt-ozil-kommer-ikke-til-at-spille-premier-league-for-arsenal-i-aar\/#webpage\"},\"author\":{\"@id\":\"https:\/\/acefootball.com\/da\/#\/schema\/person\/fd6223a1c033400b41da7853ddf88c84\"},\"headline\":\"Voldsomt: \u00d6zil kommer ikke til at spille Premier League for Arsenal i \u00e5r\",\"datePublished\":\"2020-10-20T12:57:35+00:00\",\"dateModified\":\"2020-10-20T12:57:36+00:00\",\"mainEntityOfPage\":{\"@id\":\"https:\/\/acefootball.com\/da\/fodboldnyheder\/voldsomt-ozil-kommer-ikke-til-at-spille-premier-league-for-arsenal-i-aar\/#webpage\"},\"wordCount\":157,\"commentCount\":0,\"publisher\":{\"@id\":\"https:\/\/acefootball.com\/da\/#organization\"},\"image\":{\"@id\":\"https:\/\/acefootball.com\/da\/fodboldnyheder\/voldsomt-ozil-kommer-ikke-til-at-spille-premier-league-for-arsenal-i-aar\/#primaryimage\"},\"thumbnailUrl\":\"https:\/\/acefootball.com\/da\/wp-content\/uploads\/sites\/2\/2020\/10\/GettyImages-1252458989.jpg\",\"keywords\":[\"Arsenal\",\"Mesut \u00d6zil\",\"Premier League\"],\"articleSection\":[\"Nyhed\"],\"inLanguage\":\"en-US\",\"potentialAction\":[{\"@type\":\"CommentAction\",\"name\":\"Comment\",\"target\":[\"https:\/\/acefootball.com\/da\/fodboldnyheder\/voldsomt-ozil-kommer-ikke-til-at-spille-premier-league-for-arsenal-i-aar\/#respond\"]}]},{\"@type\":\"Person\",\"@id\":\"https:\/\/acefootball.com\/da\/#\/schema\/person\/fd6223a1c033400b41da7853ddf88c84\",\"name\":\"Patrick Hesselb\u00e6k\",\"image\":{\"@type\":\"ImageObject\",\"@id\":\"https:\/\/acefootball.com\/da\/#personlogo\",\"inLanguage\":\"en-US\",\"url\":\"https:\/\/secure.gravatar.com\/avatar\/7919060992759bffbffb199d6cbdce6f?s=96&d=mm&r=g\",\"contentUrl\":\"https:\/\/secure.gravatar.com\/avatar\/7919060992759bffbffb199d6cbdce6f?s=96&d=mm&r=g\",\"caption\":\"Patrick Hesselb\u00e6k\"},\"description\":\"Redakt\u00f8r p\u00e5 den danske Ace Football-redaktion. Uddannet i kommunikation fra Aalborg Universitet. Prim\u00e6rt fokus p\u00e5 den danske 3F Superliga og de st\u00f8rste europ\u00e6iske turneringer.\",\"sameAs\":[\"https:\/\/www.linkedin.com\/in\/patrick-hesselbk-2a4b1711a\/\"],\"url\":\"https:\/\/acefootball.com\/da\/fodboldnyheder\/author\/patrickhesselbaek\/\"}]}<\/script>\n<!-- \/ Yoast SEO plugin. -->","yoast_head_json":{"title":"Voldsomt: \u00d6zil kommer ikke til at spille Premier League for Arsenal i \u00e5r","description":"Arsenal har ogs\u00e5 valgt at udelade Mesut \u00d6zil fra Premier League-truppen for efter\u00e5ret akkurat som tilf\u00e6ldet er med Europa League","robots":{"index":"index","follow":"follow","max-snippet":"max-snippet:-1","max-image-preview":"max-image-preview:large","max-video-preview":"max-video-preview:-1"},"canonical":"https:\/\/acefootball.com\/da\/fodboldnyheder\/voldsomt-ozil-kommer-ikke-til-at-spille-premier-league-for-arsenal-i-aar\/","og_locale":"en_US","og_type":"article","og_title":"Voldsomt: \u00d6zil kommer ikke til at spille Premier League for Arsenal i \u00e5r","og_description":"Arsenal har ogs\u00e5 valgt at udelade Mesut \u00d6zil fra Premier League-truppen for efter\u00e5ret akkurat som tilf\u00e6ldet er med Europa League","og_url":"https:\/\/acefootball.com\/da\/fodboldnyheder\/voldsomt-ozil-kommer-ikke-til-at-spille-premier-league-for-arsenal-i-aar\/","og_site_name":"Ace Football Danmark","article_publisher":"https:\/\/www.facebook.com\/acefootballdk","article_published_time":"2020-10-20T12:57:35+00:00","article_modified_time":"2020-10-20T12:57:36+00:00","og_image":[{"width":1024,"height":696,"url":"https:\/\/acefootball.com\/da\/wp-content\/uploads\/sites\/2\/2020\/10\/GettyImages-1252458989.jpg","type":"image\/jpeg"}],"twitter_card":"summary_large_image","twitter_misc":{"Written by":"Patrick Hesselb\u00e6k","Est. reading time":"1 minute"},"schema":{"@context":"https:\/\/schema.org","@graph":[{"@type":"Organization","@id":"https:\/\/acefootball.com\/da\/#organization","name":"Ace Football","url":"https:\/\/acefootball.com\/da\/","sameAs":["https:\/\/www.facebook.com\/acefootballdk"],"logo":{"@type":"ImageObject","@id":"https:\/\/acefootball.com\/da\/#logo","inLanguage":"en-US","url":"https:\/\/acefootball.com\/da\/wp-content\/uploads\/sites\/2\/2020\/07\/Ace-Football-30-07-2020-2.png","contentUrl":"https:\/\/acefootball.com\/da\/wp-content\/uploads\/sites\/2\/2020\/07\/Ace-Football-30-07-2020-2.png","width":1200,"height":600,"caption":"Ace Football"},"image":{"@id":"https:\/\/acefootball.com\/da\/#logo"}},{"@type":"WebSite","@id":"https:\/\/acefootball.com\/da\/#website","url":"https:\/\/acefootball.com\/da\/","name":"Ace Football Danmark","description":"Nyheder, Spiltips &amp; Livescore","publisher":{"@id":"https:\/\/acefootball.com\/da\/#organization"},"potentialAction":[{"@type":"SearchAction","target":{"@type":"EntryPoint","urlTemplate":"https:\/\/acefootball.com\/da\/?s={search_term_string}"},"query-input":"required name=search_term_string"}],"inLanguage":"en-US"},{"@type":"ImageObject","@id":"https:\/\/acefootball.com\/da\/fodboldnyheder\/voldsomt-ozil-kommer-ikke-til-at-spille-premier-league-for-arsenal-i-aar\/#primaryimage","inLanguage":"en-US","url":"https:\/\/acefootball.com\/da\/wp-content\/uploads\/sites\/2\/2020\/10\/GettyImages-1252458989.jpg","contentUrl":"https:\/\/acefootball.com\/da\/wp-content\/uploads\/sites\/2\/2020\/10\/GettyImages-1252458989.jpg","width":1024,"height":696,"caption":"SOUTHAMPTON, ENGLAND - JUNE 25: Mesut Ozil of Arsenal sits in the stands under an umbrella during the Premier League match between Southampton FC and Arsenal FC at St Mary's Stadium on June 25, 2020 in Southampton, United Kingdom. (Photo by Catherine Ivill\/Getty Images)"},{"@type":"WebPage","@id":"https:\/\/acefootball.com\/da\/fodboldnyheder\/voldsomt-ozil-kommer-ikke-til-at-spille-premier-league-for-arsenal-i-aar\/#webpage","url":"https:\/\/acefootball.com\/da\/fodboldnyheder\/voldsomt-ozil-kommer-ikke-til-at-spille-premier-league-for-arsenal-i-aar\/","name":"Voldsomt: \u00d6zil kommer ikke til at spille Premier League for Arsenal i \u00e5r","isPartOf":{"@id":"https:\/\/acefootball.com\/da\/#website"},"primaryImageOfPage":{"@id":"https:\/\/acefootball.com\/da\/fodboldnyheder\/voldsomt-ozil-kommer-ikke-til-at-spille-premier-league-for-arsenal-i-aar\/#primaryimage"},"datePublished":"2020-10-20T12:57:35+00:00","dateModified":"2020-10-20T12:57:36+00:00","description":"Arsenal har ogs\u00e5 valgt at udelade Mesut \u00d6zil fra Premier League-truppen for efter\u00e5ret akkurat som tilf\u00e6ldet er med Europa League","breadcrumb":{"@id":"https:\/\/acefootball.com\/da\/fodboldnyheder\/voldsomt-ozil-kommer-ikke-til-at-spille-premier-league-for-arsenal-i-aar\/#breadcrumb"},"inLanguage":"en-US","potentialAction":[{"@type":"ReadAction","target":["https:\/\/acefootball.com\/da\/fodboldnyheder\/voldsomt-ozil-kommer-ikke-til-at-spille-premier-league-for-arsenal-i-aar\/"]}]},{"@type":"BreadcrumbList","@id":"https:\/\/acefootball.com\/da\/fodboldnyheder\/voldsomt-ozil-kommer-ikke-til-at-spille-premier-league-for-arsenal-i-aar\/#breadcrumb","itemListElement":[{"@type":"ListItem","position":1,"name":"Home","item":"https:\/\/acefootball.com\/da\/"},{"@type":"ListItem","position":2,"name":"Voldsomt: \u00d6zil kommer ikke til at spille Premier League for Arsenal i \u00e5r"}]},{"@type":"Article","@id":"https:\/\/acefootball.com\/da\/fodboldnyheder\/voldsomt-ozil-kommer-ikke-til-at-spille-premier-league-for-arsenal-i-aar\/#article","isPartOf":{"@id":"https:\/\/acefootball.com\/da\/fodboldnyheder\/voldsomt-ozil-kommer-ikke-til-at-spille-premier-league-for-arsenal-i-aar\/#webpage"},"author":{"@id":"https:\/\/acefootball.com\/da\/#\/schema\/person\/fd6223a1c033400b41da7853ddf88c84"},"headline":"Voldsomt: \u00d6zil kommer ikke til at spille Premier League for Arsenal i \u00e5r","datePublished":"2020-10-20T12:57:35+00:00","dateModified":"2020-10-20T12:57:36+00:00","mainEntityOfPage":{"@id":"https:\/\/acefootball.com\/da\/fodboldnyheder\/voldsomt-ozil-kommer-ikke-til-at-spille-premier-league-for-arsenal-i-aar\/#webpage"},"wordCount":157,"commentCount":0,"publisher":{"@id":"https:\/\/acefootball.com\/da\/#organization"},"image":{"@id":"https:\/\/acefootball.com\/da\/fodboldnyheder\/voldsomt-ozil-kommer-ikke-til-at-spille-premier-league-for-arsenal-i-aar\/#primaryimage"},"thumbnailUrl":"https:\/\/acefootball.com\/da\/wp-content\/uploads\/sites\/2\/2020\/10\/GettyImages-1252458989.jpg","keywords":["Arsenal","Mesut \u00d6zil","Premier League"],"articleSection":["Nyhed"],"inLanguage":"en-US","potentialAction":[{"@type":"CommentAction","name":"Comment","target":["https:\/\/acefootball.com\/da\/fodboldnyheder\/voldsomt-ozil-kommer-ikke-til-at-spille-premier-league-for-arsenal-i-aar\/#respond"]}]},{"@type":"Person","@id":"https:\/\/acefootball.com\/da\/#\/schema\/person\/fd6223a1c033400b41da7853ddf88c84","name":"Patrick Hesselb\u00e6k","image":{"@type":"ImageObject","@id":"https:\/\/acefootball.com\/da\/#personlogo","inLanguage":"en-US","url":"https:\/\/secure.gravatar.com\/avatar\/7919060992759bffbffb199d6cbdce6f?s=96&d=mm&r=g","contentUrl":"https:\/\/secure.gravatar.com\/avatar\/7919060992759bffbffb199d6cbdce6f?s=96&d=mm&r=g","caption":"Patrick Hesselb\u00e6k"},"description":"Redakt\u00f8r p\u00e5 den danske Ace Football-redaktion. Uddannet i kommunikation fra Aalborg Universitet. Prim\u00e6rt fokus p\u00e5 den danske 3F Superliga og de st\u00f8rste europ\u00e6iske turneringer.","sameAs":["https:\/\/www.linkedin.com\/in\/patrick-hesselbk-2a4b1711a\/"],"url":"https:\/\/acefootball.com\/da\/fodboldnyheder\/author\/patrickhesselbaek\/"}]}},"fimg_url":"https:\/\/acefootball.com\/da\/wp-content\/uploads\/sites\/2\/2020\/10\/GettyImages-1252458989.jpg","_links":{"self":[{"href":"https:\/\/acefootball.com\/da\/wp-json\/wp\/v2\/posts\/240865"}],"collection":[{"href":"https:\/\/acefootball.com\/da\/wp-json\/wp\/v2\/posts"}],"about":[{"href":"https:\/\/acefootball.com\/da\/wp-json\/wp\/v2\/types\/post"}],"author":[{"embeddable":true,"href":"https:\/\/acefootball.com\/da\/wp-json\/wp\/v2\/users\/74"}],"replies":[{"embeddable":true,"href":"https:\/\/acefootball.com\/da\/wp-json\/wp\/v2\/comments?post=240865"}],"version-history":[{"count":0,"href":"https:\/\/acefootball.com\/da\/wp-json\/wp\/v2\/posts\/240865\/revisions"}],"wp:featuredmedia":[{"embeddable":true,"href":"https:\/\/acefootball.com\/da\/wp-json\/wp\/v2\/media\/240868"}],"wp:attachment":[{"href":"https:\/\/acefootball.com\/da\/wp-json\/wp\/v2\/media?parent=240865"}],"wp:term":[{"taxonomy":"category","embeddable":true,"href":"https:\/\/acefootball.com\/da\/wp-json\/wp\/v2\/categories?post=240865"},{"taxonomy":"post_tag","embeddable":true,"href":"https:\/\/acefootball.com\/da\/wp-json\/wp\/v2\/tags?post=240865"}],"curies":[{"name":"wp","href":"https:\/\/api.w.org\/{rel}","templated":true}]}}