{"id":240815,"date":"2021-08-24T12:21:00","date_gmt":"2021-08-24T10:21:00","guid":{"rendered":"https:\/\/acefootball.com\/da\/?p=240815"},"modified":"2021-08-24T12:21:57","modified_gmt":"2021-08-24T10:21:57","slug":"throwback-da-prominent-broendby-hold-smaskede-fc-vestsjaelland-med-5-0","status":"publish","type":"post","link":"https:\/\/acefootball.com\/da\/fodboldnyheder\/throwback-da-prominent-broendby-hold-smaskede-fc-vestsjaelland-med-5-0\/","title":{"rendered":"Throwback: Da prominent Br\u00f8ndby-hold smaskede FC Vestsj\u00e6lland med 5-0"},"content":{"rendered":"\n<h2 id=\"h-tilbage-i-2014-havde-thomas-frank-en-r-kke-prominente-navne-i-sin-br-ndby-trup-og-s-rligt-i-n-kamp-ramte-de-bl-gule-et-t-rnh-jt-niveau\">Tilbage i 2014 havde Thomas Frank en r\u00e6kke prominente navne i sin Br\u00f8ndby-trup, og s\u00e6rligt i \u00e9n kamp ramte de bl\u00e5gule et t\u00e5rnh\u00f8jt niveau<\/h2>\n\n\n\n<p>For syv \u00e5r siden tog Br\u00f8ndby imod FC Vestsj\u00e6lland i Superligaen, og her stillede den dav\u00e6rende cheftr\u00e6ner Thomas Frank til start med et s\u00e6rdeles profilsp\u00e6kket bl\u00e5gult mandskab. <\/p>\n\n\n\n<p>Koryf\u00e6er som Daniel Agger, Thomas Kahlenberg og Johan Elmander var alle med, og sammen med flere andre store navne sikrede de en knusende hjemmesejr over FC Vestsj\u00e6lland.<\/p>\n\n\n\n<p>Herunder kan du se de startende 11 for Br\u00f8ndby. <\/p>\n\n\n\n<figure class=\"wp-block-image size-large\"><img loading=\"lazy\" width=\"478\" height=\"606\" src=\"https:\/\/acefootball.com\/da\/wp-content\/uploads\/sites\/2\/2020\/10\/image-2-1.png\" alt=\"\" class=\"wp-image-240818\" srcset=\"https:\/\/acefootball.com\/da\/wp-content\/uploads\/sites\/2\/2020\/10\/image-2-1.png 478w, https:\/\/acefootball.com\/da\/wp-content\/uploads\/sites\/2\/2020\/10\/image-2-1-237x300.png 237w\" sizes=\"(max-width: 478px) 100vw, 478px\" \/><\/figure>\n\n\n\n<p>I anden halvleg af opg\u00f8ret blev Mikkel Thygesen og Christian N\u00f8rgaard desuden skiftet ind for hjemmeholdet.<\/p>\n\n\n\n<p>Ogs\u00e5 hos modstanderen fra dengang var der et par interessante navne, som senere hen har skabt fine karrierer i Superligaen.<\/p>\n\n\n\n<figure class=\"wp-block-image size-large\"><img loading=\"lazy\" width=\"477\" height=\"600\" src=\"https:\/\/acefootball.com\/da\/wp-content\/uploads\/sites\/2\/2020\/10\/image-6-1.png\" alt=\"\" class=\"wp-image-240821\" srcset=\"https:\/\/acefootball.com\/da\/wp-content\/uploads\/sites\/2\/2020\/10\/image-6-1.png 477w, https:\/\/acefootball.com\/da\/wp-content\/uploads\/sites\/2\/2020\/10\/image-6-1-239x300.png 239w\" sizes=\"(max-width: 477px) 100vw, 477px\" \/><\/figure>\n\n\n\n<p>Opg\u00f8ret endte med en stensikker hjemmesejr p\u00e5 5-0. Nedenfor kan du se highlights fra opg\u00f8ret, som alts\u00e5 fandt sted for seks \u00e5r og \u00e9n dag siden.<\/p>\n\n\n\n<figure class=\"wp-block-embed is-type-video is-provider-youtube wp-block-embed-youtube wp-embed-aspect-16-9 wp-has-aspect-ratio\"><div class=\"wp-block-embed__wrapper\">\n<iframe loading=\"lazy\" title=\"Highlights; Br\u00f8ndby IF-FCV (5-0), 19-10-2014\" width=\"640\" height=\"360\" src=\"https:\/\/www.youtube.com\/embed\/LDS9rMtKFAU?feature=oembed\" frameborder=\"0\" allow=\"accelerometer; autoplay; clipboard-write; encrypted-media; gyroscope; picture-in-picture\" allowfullscreen><\/iframe>\n<\/div><\/figure>\n","protected":false},"excerpt":{"rendered":"<p>Tilbage i 2014 havde Thomas Frank en r\u00e6kke prominente navne i sin Br\u00f8ndby-trup, og s\u00e6rligt i \u00e9n kamp ramte de bl\u00e5gule et t\u00e5rnh\u00f8jt niveau<\/p>\n","protected":false},"author":914,"featured_media":240826,"comment_status":"open","ping_status":"closed","sticky":false,"template":"","format":"video","meta":{"om_disable_all_campaigns":false,"push_articles_ronaldo":{"active":false,"canonical":0,"publish":false},"force_updates":null},"categories":[2470],"tags":[53,3258,588],"enet_tags":{"team":["8595","9954"],"league":["46"],"sport_events":[]},"yoast_head":"<!-- This site is optimized with the Yoast SEO plugin v18.3 - https:\/\/yoast.com\/wordpress\/plugins\/seo\/ -->\n<title>Throwback: Da prominent Br\u00f8ndby-hold smaskede FC Vestsj\u00e6lland med 5-0<\/title>\n<meta name=\"description\" content=\"Tilbage i 2014 havde Thomas Frank en r\u00e6kke prominente navne i sin Br\u00f8ndby-trup, og s\u00e6rligt i \u00e9n kamp ramte de bl\u00e5gule et t\u00e5rnh\u00f8jt niveau\" \/>\n<meta name=\"robots\" content=\"index, follow, max-snippet:-1, max-image-preview:large, max-video-preview:-1\" \/>\n<link rel=\"canonical\" href=\"https:\/\/acefootball.com\/da\/fodboldnyheder\/throwback-da-prominent-broendby-hold-smaskede-fc-vestsjaelland-med-5-0\/\" \/>\n<meta property=\"og:locale\" content=\"en_US\" \/>\n<meta property=\"og:type\" content=\"article\" \/>\n<meta property=\"og:title\" content=\"Throwback: Da prominent Br\u00f8ndby-hold smaskede FC Vestsj\u00e6lland med 5-0\" \/>\n<meta property=\"og:description\" content=\"Tilbage i 2014 havde Thomas Frank en r\u00e6kke prominente navne i sin Br\u00f8ndby-trup, og s\u00e6rligt i \u00e9n kamp ramte de bl\u00e5gule et t\u00e5rnh\u00f8jt niveau\" \/>\n<meta property=\"og:url\" content=\"https:\/\/acefootball.com\/da\/fodboldnyheder\/throwback-da-prominent-broendby-hold-smaskede-fc-vestsjaelland-med-5-0\/\" \/>\n<meta property=\"og:site_name\" content=\"Ace Football Danmark\" \/>\n<meta property=\"article:publisher\" content=\"https:\/\/www.facebook.com\/acefootballdk\" \/>\n<meta property=\"article:published_time\" content=\"2021-08-24T10:21:00+00:00\" \/>\n<meta property=\"article:modified_time\" content=\"2021-08-24T10:21:57+00:00\" \/>\n<meta property=\"og:image\" content=\"https:\/\/acefootball.com\/da\/wp-content\/uploads\/sites\/2\/2020\/10\/Broendby-Vestsjaelland.jpg\" \/>\n\t<meta property=\"og:image:width\" content=\"1920\" \/>\n\t<meta property=\"og:image:height\" content=\"1262\" \/>\n\t<meta property=\"og:image:type\" content=\"image\/jpeg\" \/>\n<meta name=\"twitter:card\" content=\"summary_large_image\" \/>\n<meta name=\"twitter:label1\" content=\"Written by\" \/>\n\t<meta name=\"twitter:data1\" content=\"\" \/>\n\t<meta name=\"twitter:label2\" content=\"Est. reading time\" \/>\n\t<meta name=\"twitter:data2\" content=\"2 minutes\" \/>\n<script type=\"application\/ld+json\" class=\"yoast-schema-graph\">{\"@context\":\"https:\/\/schema.org\",\"@graph\":[{\"@type\":\"Organization\",\"@id\":\"https:\/\/acefootball.com\/da\/#organization\",\"name\":\"Ace Football\",\"url\":\"https:\/\/acefootball.com\/da\/\",\"sameAs\":[\"https:\/\/www.facebook.com\/acefootballdk\"],\"logo\":{\"@type\":\"ImageObject\",\"@id\":\"https:\/\/acefootball.com\/da\/#logo\",\"inLanguage\":\"en-US\",\"url\":\"https:\/\/acefootball.com\/da\/wp-content\/uploads\/sites\/2\/2020\/07\/Ace-Football-30-07-2020-2.png\",\"contentUrl\":\"https:\/\/acefootball.com\/da\/wp-content\/uploads\/sites\/2\/2020\/07\/Ace-Football-30-07-2020-2.png\",\"width\":1200,\"height\":600,\"caption\":\"Ace Football\"},\"image\":{\"@id\":\"https:\/\/acefootball.com\/da\/#logo\"}},{\"@type\":\"WebSite\",\"@id\":\"https:\/\/acefootball.com\/da\/#website\",\"url\":\"https:\/\/acefootball.com\/da\/\",\"name\":\"Ace Football Danmark\",\"description\":\"Nyheder, Spiltips &amp; Livescore\",\"publisher\":{\"@id\":\"https:\/\/acefootball.com\/da\/#organization\"},\"potentialAction\":[{\"@type\":\"SearchAction\",\"target\":{\"@type\":\"EntryPoint\",\"urlTemplate\":\"https:\/\/acefootball.com\/da\/?s={search_term_string}\"},\"query-input\":\"required name=search_term_string\"}],\"inLanguage\":\"en-US\"},{\"@type\":\"ImageObject\",\"@id\":\"https:\/\/acefootball.com\/da\/fodboldnyheder\/throwback-da-prominent-broendby-hold-smaskede-fc-vestsjaelland-med-5-0\/#primaryimage\",\"inLanguage\":\"en-US\",\"url\":\"https:\/\/acefootball.com\/da\/wp-content\/uploads\/sites\/2\/2020\/10\/Broendby-Vestsjaelland.jpg\",\"contentUrl\":\"https:\/\/acefootball.com\/da\/wp-content\/uploads\/sites\/2\/2020\/10\/Broendby-Vestsjaelland.jpg\",\"width\":1920,\"height\":1262,\"caption\":\"Foto: Viasat\"},{\"@type\":\"WebPage\",\"@id\":\"https:\/\/acefootball.com\/da\/fodboldnyheder\/throwback-da-prominent-broendby-hold-smaskede-fc-vestsjaelland-med-5-0\/#webpage\",\"url\":\"https:\/\/acefootball.com\/da\/fodboldnyheder\/throwback-da-prominent-broendby-hold-smaskede-fc-vestsjaelland-med-5-0\/\",\"name\":\"Throwback: Da prominent Br\u00f8ndby-hold smaskede FC Vestsj\u00e6lland med 5-0\",\"isPartOf\":{\"@id\":\"https:\/\/acefootball.com\/da\/#website\"},\"primaryImageOfPage\":{\"@id\":\"https:\/\/acefootball.com\/da\/fodboldnyheder\/throwback-da-prominent-broendby-hold-smaskede-fc-vestsjaelland-med-5-0\/#primaryimage\"},\"datePublished\":\"2021-08-24T10:21:00+00:00\",\"dateModified\":\"2021-08-24T10:21:57+00:00\",\"description\":\"Tilbage i 2014 havde Thomas Frank en r\u00e6kke prominente navne i sin Br\u00f8ndby-trup, og s\u00e6rligt i \u00e9n kamp ramte de bl\u00e5gule et t\u00e5rnh\u00f8jt niveau\",\"breadcrumb\":{\"@id\":\"https:\/\/acefootball.com\/da\/fodboldnyheder\/throwback-da-prominent-broendby-hold-smaskede-fc-vestsjaelland-med-5-0\/#breadcrumb\"},\"inLanguage\":\"en-US\",\"potentialAction\":[{\"@type\":\"ReadAction\",\"target\":[\"https:\/\/acefootball.com\/da\/fodboldnyheder\/throwback-da-prominent-broendby-hold-smaskede-fc-vestsjaelland-med-5-0\/\"]}]},{\"@type\":\"BreadcrumbList\",\"@id\":\"https:\/\/acefootball.com\/da\/fodboldnyheder\/throwback-da-prominent-broendby-hold-smaskede-fc-vestsjaelland-med-5-0\/#breadcrumb\",\"itemListElement\":[{\"@type\":\"ListItem\",\"position\":1,\"name\":\"Home\",\"item\":\"https:\/\/acefootball.com\/da\/\"},{\"@type\":\"ListItem\",\"position\":2,\"name\":\"Throwback: Da prominent Br\u00f8ndby-hold smaskede FC Vestsj\u00e6lland med 5-0\"}]},{\"@type\":\"Article\",\"@id\":\"https:\/\/acefootball.com\/da\/fodboldnyheder\/throwback-da-prominent-broendby-hold-smaskede-fc-vestsjaelland-med-5-0\/#article\",\"isPartOf\":{\"@id\":\"https:\/\/acefootball.com\/da\/fodboldnyheder\/throwback-da-prominent-broendby-hold-smaskede-fc-vestsjaelland-med-5-0\/#webpage\"},\"author\":{\"@id\":\"\"},\"headline\":\"Throwback: Da prominent Br\u00f8ndby-hold smaskede FC Vestsj\u00e6lland med 5-0\",\"datePublished\":\"2021-08-24T10:21:00+00:00\",\"dateModified\":\"2021-08-24T10:21:57+00:00\",\"mainEntityOfPage\":{\"@id\":\"https:\/\/acefootball.com\/da\/fodboldnyheder\/throwback-da-prominent-broendby-hold-smaskede-fc-vestsjaelland-med-5-0\/#webpage\"},\"wordCount\":186,\"commentCount\":0,\"publisher\":{\"@id\":\"https:\/\/acefootball.com\/da\/#organization\"},\"image\":{\"@id\":\"https:\/\/acefootball.com\/da\/fodboldnyheder\/throwback-da-prominent-broendby-hold-smaskede-fc-vestsjaelland-med-5-0\/#primaryimage\"},\"thumbnailUrl\":\"https:\/\/acefootball.com\/da\/wp-content\/uploads\/sites\/2\/2020\/10\/Broendby-Vestsjaelland.jpg\",\"keywords\":[\"Br\u00f8ndby IF\",\"FC Vestsj\u00e6lland\",\"Superligaen\"],\"articleSection\":[\"Offsite\"],\"inLanguage\":\"en-US\",\"potentialAction\":[{\"@type\":\"CommentAction\",\"name\":\"Comment\",\"target\":[\"https:\/\/acefootball.com\/da\/fodboldnyheder\/throwback-da-prominent-broendby-hold-smaskede-fc-vestsjaelland-med-5-0\/#respond\"]}]},{\"@type\":\"Person\",\"@id\":\"\",\"url\":\"https:\/\/acefootball.com\/da\/fodboldnyheder\/author\/\"}]}<\/script>\n<!-- \/ Yoast SEO plugin. -->","yoast_head_json":{"title":"Throwback: Da prominent Br\u00f8ndby-hold smaskede FC Vestsj\u00e6lland med 5-0","description":"Tilbage i 2014 havde Thomas Frank en r\u00e6kke prominente navne i sin Br\u00f8ndby-trup, og s\u00e6rligt i \u00e9n kamp ramte de bl\u00e5gule et t\u00e5rnh\u00f8jt niveau","robots":{"index":"index","follow":"follow","max-snippet":"max-snippet:-1","max-image-preview":"max-image-preview:large","max-video-preview":"max-video-preview:-1"},"canonical":"https:\/\/acefootball.com\/da\/fodboldnyheder\/throwback-da-prominent-broendby-hold-smaskede-fc-vestsjaelland-med-5-0\/","og_locale":"en_US","og_type":"article","og_title":"Throwback: Da prominent Br\u00f8ndby-hold smaskede FC Vestsj\u00e6lland med 5-0","og_description":"Tilbage i 2014 havde Thomas Frank en r\u00e6kke prominente navne i sin Br\u00f8ndby-trup, og s\u00e6rligt i \u00e9n kamp ramte de bl\u00e5gule et t\u00e5rnh\u00f8jt niveau","og_url":"https:\/\/acefootball.com\/da\/fodboldnyheder\/throwback-da-prominent-broendby-hold-smaskede-fc-vestsjaelland-med-5-0\/","og_site_name":"Ace Football Danmark","article_publisher":"https:\/\/www.facebook.com\/acefootballdk","article_published_time":"2021-08-24T10:21:00+00:00","article_modified_time":"2021-08-24T10:21:57+00:00","og_image":[{"width":1920,"height":1262,"url":"https:\/\/acefootball.com\/da\/wp-content\/uploads\/sites\/2\/2020\/10\/Broendby-Vestsjaelland.jpg","type":"image\/jpeg"}],"twitter_card":"summary_large_image","twitter_misc":{"Written by":"","Est. reading time":"2 minutes"},"schema":{"@context":"https:\/\/schema.org","@graph":[{"@type":"Organization","@id":"https:\/\/acefootball.com\/da\/#organization","name":"Ace Football","url":"https:\/\/acefootball.com\/da\/","sameAs":["https:\/\/www.facebook.com\/acefootballdk"],"logo":{"@type":"ImageObject","@id":"https:\/\/acefootball.com\/da\/#logo","inLanguage":"en-US","url":"https:\/\/acefootball.com\/da\/wp-content\/uploads\/sites\/2\/2020\/07\/Ace-Football-30-07-2020-2.png","contentUrl":"https:\/\/acefootball.com\/da\/wp-content\/uploads\/sites\/2\/2020\/07\/Ace-Football-30-07-2020-2.png","width":1200,"height":600,"caption":"Ace Football"},"image":{"@id":"https:\/\/acefootball.com\/da\/#logo"}},{"@type":"WebSite","@id":"https:\/\/acefootball.com\/da\/#website","url":"https:\/\/acefootball.com\/da\/","name":"Ace Football Danmark","description":"Nyheder, Spiltips &amp; Livescore","publisher":{"@id":"https:\/\/acefootball.com\/da\/#organization"},"potentialAction":[{"@type":"SearchAction","target":{"@type":"EntryPoint","urlTemplate":"https:\/\/acefootball.com\/da\/?s={search_term_string}"},"query-input":"required name=search_term_string"}],"inLanguage":"en-US"},{"@type":"ImageObject","@id":"https:\/\/acefootball.com\/da\/fodboldnyheder\/throwback-da-prominent-broendby-hold-smaskede-fc-vestsjaelland-med-5-0\/#primaryimage","inLanguage":"en-US","url":"https:\/\/acefootball.com\/da\/wp-content\/uploads\/sites\/2\/2020\/10\/Broendby-Vestsjaelland.jpg","contentUrl":"https:\/\/acefootball.com\/da\/wp-content\/uploads\/sites\/2\/2020\/10\/Broendby-Vestsjaelland.jpg","width":1920,"height":1262,"caption":"Foto: Viasat"},{"@type":"WebPage","@id":"https:\/\/acefootball.com\/da\/fodboldnyheder\/throwback-da-prominent-broendby-hold-smaskede-fc-vestsjaelland-med-5-0\/#webpage","url":"https:\/\/acefootball.com\/da\/fodboldnyheder\/throwback-da-prominent-broendby-hold-smaskede-fc-vestsjaelland-med-5-0\/","name":"Throwback: Da prominent Br\u00f8ndby-hold smaskede FC Vestsj\u00e6lland med 5-0","isPartOf":{"@id":"https:\/\/acefootball.com\/da\/#website"},"primaryImageOfPage":{"@id":"https:\/\/acefootball.com\/da\/fodboldnyheder\/throwback-da-prominent-broendby-hold-smaskede-fc-vestsjaelland-med-5-0\/#primaryimage"},"datePublished":"2021-08-24T10:21:00+00:00","dateModified":"2021-08-24T10:21:57+00:00","description":"Tilbage i 2014 havde Thomas Frank en r\u00e6kke prominente navne i sin Br\u00f8ndby-trup, og s\u00e6rligt i \u00e9n kamp ramte de bl\u00e5gule et t\u00e5rnh\u00f8jt niveau","breadcrumb":{"@id":"https:\/\/acefootball.com\/da\/fodboldnyheder\/throwback-da-prominent-broendby-hold-smaskede-fc-vestsjaelland-med-5-0\/#breadcrumb"},"inLanguage":"en-US","potentialAction":[{"@type":"ReadAction","target":["https:\/\/acefootball.com\/da\/fodboldnyheder\/throwback-da-prominent-broendby-hold-smaskede-fc-vestsjaelland-med-5-0\/"]}]},{"@type":"BreadcrumbList","@id":"https:\/\/acefootball.com\/da\/fodboldnyheder\/throwback-da-prominent-broendby-hold-smaskede-fc-vestsjaelland-med-5-0\/#breadcrumb","itemListElement":[{"@type":"ListItem","position":1,"name":"Home","item":"https:\/\/acefootball.com\/da\/"},{"@type":"ListItem","position":2,"name":"Throwback: Da prominent Br\u00f8ndby-hold smaskede FC Vestsj\u00e6lland med 5-0"}]},{"@type":"Article","@id":"https:\/\/acefootball.com\/da\/fodboldnyheder\/throwback-da-prominent-broendby-hold-smaskede-fc-vestsjaelland-med-5-0\/#article","isPartOf":{"@id":"https:\/\/acefootball.com\/da\/fodboldnyheder\/throwback-da-prominent-broendby-hold-smaskede-fc-vestsjaelland-med-5-0\/#webpage"},"author":{"@id":""},"headline":"Throwback: Da prominent Br\u00f8ndby-hold smaskede FC Vestsj\u00e6lland med 5-0","datePublished":"2021-08-24T10:21:00+00:00","dateModified":"2021-08-24T10:21:57+00:00","mainEntityOfPage":{"@id":"https:\/\/acefootball.com\/da\/fodboldnyheder\/throwback-da-prominent-broendby-hold-smaskede-fc-vestsjaelland-med-5-0\/#webpage"},"wordCount":186,"commentCount":0,"publisher":{"@id":"https:\/\/acefootball.com\/da\/#organization"},"image":{"@id":"https:\/\/acefootball.com\/da\/fodboldnyheder\/throwback-da-prominent-broendby-hold-smaskede-fc-vestsjaelland-med-5-0\/#primaryimage"},"thumbnailUrl":"https:\/\/acefootball.com\/da\/wp-content\/uploads\/sites\/2\/2020\/10\/Broendby-Vestsjaelland.jpg","keywords":["Br\u00f8ndby IF","FC Vestsj\u00e6lland","Superligaen"],"articleSection":["Offsite"],"inLanguage":"en-US","potentialAction":[{"@type":"CommentAction","name":"Comment","target":["https:\/\/acefootball.com\/da\/fodboldnyheder\/throwback-da-prominent-broendby-hold-smaskede-fc-vestsjaelland-med-5-0\/#respond"]}]},{"@type":"Person","@id":"","url":"https:\/\/acefootball.com\/da\/fodboldnyheder\/author\/"}]}},"fimg_url":"https:\/\/acefootball.com\/da\/wp-content\/uploads\/sites\/2\/2020\/10\/Broendby-Vestsjaelland.jpg","_links":{"self":[{"href":"https:\/\/acefootball.com\/da\/wp-json\/wp\/v2\/posts\/240815"}],"collection":[{"href":"https:\/\/acefootball.com\/da\/wp-json\/wp\/v2\/posts"}],"about":[{"href":"https:\/\/acefootball.com\/da\/wp-json\/wp\/v2\/types\/post"}],"author":[{"embeddable":true,"href":"https:\/\/acefootball.com\/da\/wp-json\/wp\/v2\/users\/914"}],"replies":[{"embeddable":true,"href":"https:\/\/acefootball.com\/da\/wp-json\/wp\/v2\/comments?post=240815"}],"version-history":[{"count":0,"href":"https:\/\/acefootball.com\/da\/wp-json\/wp\/v2\/posts\/240815\/revisions"}],"wp:featuredmedia":[{"embeddable":true,"href":"https:\/\/acefootball.com\/da\/wp-json\/wp\/v2\/media\/240826"}],"wp:attachment":[{"href":"https:\/\/acefootball.com\/da\/wp-json\/wp\/v2\/media?parent=240815"}],"wp:term":[{"taxonomy":"category","embeddable":true,"href":"https:\/\/acefootball.com\/da\/wp-json\/wp\/v2\/categories?post=240815"},{"taxonomy":"post_tag","embeddable":true,"href":"https:\/\/acefootball.com\/da\/wp-json\/wp\/v2\/tags?post=240815"}],"curies":[{"name":"wp","href":"https:\/\/api.w.org\/{rel}","templated":true}]}}