{"id":240795,"date":"2020-10-19T20:44:41","date_gmt":"2020-10-19T18:44:41","guid":{"rendered":"https:\/\/acefootball.com\/da\/?p=240795"},"modified":"2020-10-19T20:45:40","modified_gmt":"2020-10-19T18:45:40","slug":"aab-styrker-ledelsen-med-agf-chef","status":"publish","type":"post","link":"https:\/\/acefootball.com\/da\/fodboldnyheder\/aab-styrker-ledelsen-med-agf-chef\/","title":{"rendered":"AaB styrker ledelsen med AGF-chef"},"content":{"rendered":"\n<h2 id=\"h-aab-f-r-fra-nyt-r-tilgang-af-kommerciel-direkt-r-jesper-elkj-r-som-i-jeblikket-besidder-en-lignende-stilling-i-agf\">AaB f\u00e5r fra nyt\u00e5r tilgang af kommerciel direkt\u00f8r Jesper Elkj\u00e6r, som i \u00f8jeblikket besidder en lignende stilling i AGF<\/h2>\n\n\n\n<p>AGF har denne sommer v\u00e6ret p\u00e5 rov i AaB, hvor man har styrket spillertruppen med Patrick Olsen og S\u00f8ren Tengstedt.<\/p>\n\n\n\n<p>Nu ryger der dog ogs\u00e5 lidt den anden vej, men det er til geng\u00e6ld p\u00e5 ledelsesgangene, da AaB er n\u00e5et frem til en aftale med AGF&#8217;s kommercielle chef, Jesper Elkj\u00e6r.<\/p>\n\n\n\n<figure class=\"wp-block-embed-twitter wp-block-embed is-type-rich is-provider-twitter\"><div class=\"wp-block-embed__wrapper\">\n<blockquote class=\"twitter-tweet\" data-width=\"550\" data-dnt=\"true\"><p lang=\"da\" dir=\"ltr\"><a href=\"https:\/\/twitter.com\/hashtag\/AaB?src=hash&amp;ref_src=twsrc%5Etfw\">#AaB<\/a> styrker salgsstruktur med kommerciel direkt\u00f8r; pr. 1. januar 2021 tiltr\u00e6der nuv\u00e6rende kommerciel chef i AGF, Jesper Elkj\u00e6r, som kommerciel direkt\u00f8r i AaB: <a href=\"https:\/\/t.co\/SGBIIKZHXq\">https:\/\/t.co\/SGBIIKZHXq<\/a> <a href=\"https:\/\/twitter.com\/hashtag\/HeleNordjyllandsHold?src=hash&amp;ref_src=twsrc%5Etfw\">#HeleNordjyllandsHold<\/a> <a href=\"https:\/\/twitter.com\/hashtag\/sldk?src=hash&amp;ref_src=twsrc%5Etfw\">#sldk<\/a> <a href=\"https:\/\/t.co\/V8wsI0jP67\">pic.twitter.com\/V8wsI0jP67<\/a><\/p>&mdash; AaB (@aabsportdk) <a href=\"https:\/\/twitter.com\/aabsportdk\/status\/1318250338797953028?ref_src=twsrc%5Etfw\">October 19, 2020<\/a><\/blockquote><script async src=\"https:\/\/platform.twitter.com\/widgets.js\" charset=\"utf-8\"><\/script>\n<\/div><\/figure>\n\n\n\n<p>Elkj\u00e6r skal tiltr\u00e6de en stilling som kommerciel direkt\u00f8r i AaB og tiltr\u00e6der fra og med det nye \u00e5r.<\/p>\n\n\n\n<p>I AaB f\u00e5r Elkj\u00e6r som prim\u00e6re arbejdsopgaver at \u00f8ge salg og aktivering af klubbens st\u00f8rste sponsorkategorier.<\/p>\n","protected":false},"excerpt":{"rendered":"<p>AaB f\u00e5r fra nyt\u00e5r tilgang af kommerciel direkt\u00f8r Jesper Elkj\u00e6r, som i \u00f8jeblikket besidder en lignende stilling i AGF<\/p>\n","protected":false},"author":705,"featured_media":234530,"comment_status":"open","ping_status":"closed","sticky":false,"template":"","format":"standard","meta":{"om_disable_all_campaigns":false,"push_articles_ronaldo":{"active":false,"canonical":0,"publish":false},"force_updates":null},"categories":[1],"tags":[17,18,588],"enet_tags":{"team":["8470","8071"],"league":["46"],"sport_events":[]},"yoast_head":"<!-- This site is optimized with the Yoast SEO plugin v18.3 - https:\/\/yoast.com\/wordpress\/plugins\/seo\/ -->\n<title>AaB styrker ledelsen med AGF-chef<\/title>\n<meta name=\"description\" content=\"AaB f\u00e5r fra nyt\u00e5r tilgang af kommerciel direkt\u00f8r Jesper Elkj\u00e6r, som i \u00f8jeblikket besidder en lignende stilling i AGF\" \/>\n<meta name=\"robots\" content=\"index, follow, max-snippet:-1, max-image-preview:large, max-video-preview:-1\" \/>\n<link rel=\"canonical\" href=\"https:\/\/acefootball.com\/da\/fodboldnyheder\/aab-styrker-ledelsen-med-agf-chef\/\" \/>\n<meta property=\"og:locale\" content=\"en_US\" \/>\n<meta property=\"og:type\" content=\"article\" \/>\n<meta property=\"og:title\" content=\"AaB styrker ledelsen med AGF-chef\" \/>\n<meta property=\"og:description\" content=\"AaB f\u00e5r fra nyt\u00e5r tilgang af kommerciel direkt\u00f8r Jesper Elkj\u00e6r, som i \u00f8jeblikket besidder en lignende stilling i AGF\" \/>\n<meta property=\"og:url\" content=\"https:\/\/acefootball.com\/da\/fodboldnyheder\/aab-styrker-ledelsen-med-agf-chef\/\" \/>\n<meta property=\"og:site_name\" content=\"Ace Football Danmark\" \/>\n<meta property=\"article:publisher\" content=\"https:\/\/www.facebook.com\/acefootballdk\" \/>\n<meta property=\"article:published_time\" content=\"2020-10-19T18:44:41+00:00\" \/>\n<meta property=\"article:modified_time\" content=\"2020-10-19T18:45:40+00:00\" \/>\n<meta property=\"og:image\" content=\"https:\/\/acefootball.com\/da\/wp-content\/uploads\/sites\/2\/2020\/08\/GettyImages-1205101858.jpg\" \/>\n\t<meta property=\"og:image:width\" content=\"1024\" \/>\n\t<meta property=\"og:image:height\" content=\"676\" \/>\n\t<meta property=\"og:image:type\" content=\"image\/jpeg\" \/>\n<meta name=\"twitter:card\" content=\"summary_large_image\" \/>\n<meta name=\"twitter:label1\" content=\"Written by\" \/>\n\t<meta name=\"twitter:data1\" content=\"Mads Dreyer\" \/>\n\t<meta name=\"twitter:label2\" content=\"Est. reading time\" \/>\n\t<meta name=\"twitter:data2\" content=\"1 minute\" \/>\n<script type=\"application\/ld+json\" class=\"yoast-schema-graph\">{\"@context\":\"https:\/\/schema.org\",\"@graph\":[{\"@type\":\"Organization\",\"@id\":\"https:\/\/acefootball.com\/da\/#organization\",\"name\":\"Ace Football\",\"url\":\"https:\/\/acefootball.com\/da\/\",\"sameAs\":[\"https:\/\/www.facebook.com\/acefootballdk\"],\"logo\":{\"@type\":\"ImageObject\",\"@id\":\"https:\/\/acefootball.com\/da\/#logo\",\"inLanguage\":\"en-US\",\"url\":\"https:\/\/acefootball.com\/da\/wp-content\/uploads\/sites\/2\/2020\/07\/Ace-Football-30-07-2020-2.png\",\"contentUrl\":\"https:\/\/acefootball.com\/da\/wp-content\/uploads\/sites\/2\/2020\/07\/Ace-Football-30-07-2020-2.png\",\"width\":1200,\"height\":600,\"caption\":\"Ace Football\"},\"image\":{\"@id\":\"https:\/\/acefootball.com\/da\/#logo\"}},{\"@type\":\"WebSite\",\"@id\":\"https:\/\/acefootball.com\/da\/#website\",\"url\":\"https:\/\/acefootball.com\/da\/\",\"name\":\"Ace Football Danmark\",\"description\":\"Nyheder, Spiltips &amp; Livescore\",\"publisher\":{\"@id\":\"https:\/\/acefootball.com\/da\/#organization\"},\"potentialAction\":[{\"@type\":\"SearchAction\",\"target\":{\"@type\":\"EntryPoint\",\"urlTemplate\":\"https:\/\/acefootball.com\/da\/?s={search_term_string}\"},\"query-input\":\"required name=search_term_string\"}],\"inLanguage\":\"en-US\"},{\"@type\":\"ImageObject\",\"@id\":\"https:\/\/acefootball.com\/da\/fodboldnyheder\/aab-styrker-ledelsen-med-agf-chef\/#primaryimage\",\"inLanguage\":\"en-US\",\"url\":\"https:\/\/acefootball.com\/da\/wp-content\/uploads\/sites\/2\/2020\/08\/GettyImages-1205101858.jpg\",\"contentUrl\":\"https:\/\/acefootball.com\/da\/wp-content\/uploads\/sites\/2\/2020\/08\/GettyImages-1205101858.jpg\",\"width\":1024,\"height\":676,\"caption\":\"AALBORG, DENMARK - MARCH 04: Oliver Klitten of AaB Aalborg celebrates after the 2-0 goal during the Danish Cup Sydbank Pokalen Quarter Final match between AaB Aalborg and FC Copenhagen at Aalborg Portland Park on March 4, 2020 in Aalborg, Denmark. (Photo by Lars Ronbog \/ FrontZoneSport via Getty Images)\"},{\"@type\":\"WebPage\",\"@id\":\"https:\/\/acefootball.com\/da\/fodboldnyheder\/aab-styrker-ledelsen-med-agf-chef\/#webpage\",\"url\":\"https:\/\/acefootball.com\/da\/fodboldnyheder\/aab-styrker-ledelsen-med-agf-chef\/\",\"name\":\"AaB styrker ledelsen med AGF-chef\",\"isPartOf\":{\"@id\":\"https:\/\/acefootball.com\/da\/#website\"},\"primaryImageOfPage\":{\"@id\":\"https:\/\/acefootball.com\/da\/fodboldnyheder\/aab-styrker-ledelsen-med-agf-chef\/#primaryimage\"},\"datePublished\":\"2020-10-19T18:44:41+00:00\",\"dateModified\":\"2020-10-19T18:45:40+00:00\",\"description\":\"AaB f\u00e5r fra nyt\u00e5r tilgang af kommerciel direkt\u00f8r Jesper Elkj\u00e6r, som i \u00f8jeblikket besidder en lignende stilling i AGF\",\"breadcrumb\":{\"@id\":\"https:\/\/acefootball.com\/da\/fodboldnyheder\/aab-styrker-ledelsen-med-agf-chef\/#breadcrumb\"},\"inLanguage\":\"en-US\",\"potentialAction\":[{\"@type\":\"ReadAction\",\"target\":[\"https:\/\/acefootball.com\/da\/fodboldnyheder\/aab-styrker-ledelsen-med-agf-chef\/\"]}]},{\"@type\":\"BreadcrumbList\",\"@id\":\"https:\/\/acefootball.com\/da\/fodboldnyheder\/aab-styrker-ledelsen-med-agf-chef\/#breadcrumb\",\"itemListElement\":[{\"@type\":\"ListItem\",\"position\":1,\"name\":\"Home\",\"item\":\"https:\/\/acefootball.com\/da\/\"},{\"@type\":\"ListItem\",\"position\":2,\"name\":\"AaB styrker ledelsen med AGF-chef\"}]},{\"@type\":\"Article\",\"@id\":\"https:\/\/acefootball.com\/da\/fodboldnyheder\/aab-styrker-ledelsen-med-agf-chef\/#article\",\"isPartOf\":{\"@id\":\"https:\/\/acefootball.com\/da\/fodboldnyheder\/aab-styrker-ledelsen-med-agf-chef\/#webpage\"},\"author\":{\"@id\":\"https:\/\/acefootball.com\/da\/#\/schema\/person\/ee67e9cf04a276f144100ffa722f10cd\"},\"headline\":\"AaB styrker ledelsen med AGF-chef\",\"datePublished\":\"2020-10-19T18:44:41+00:00\",\"dateModified\":\"2020-10-19T18:45:40+00:00\",\"mainEntityOfPage\":{\"@id\":\"https:\/\/acefootball.com\/da\/fodboldnyheder\/aab-styrker-ledelsen-med-agf-chef\/#webpage\"},\"wordCount\":130,\"commentCount\":0,\"publisher\":{\"@id\":\"https:\/\/acefootball.com\/da\/#organization\"},\"image\":{\"@id\":\"https:\/\/acefootball.com\/da\/fodboldnyheder\/aab-styrker-ledelsen-med-agf-chef\/#primaryimage\"},\"thumbnailUrl\":\"https:\/\/acefootball.com\/da\/wp-content\/uploads\/sites\/2\/2020\/08\/GettyImages-1205101858.jpg\",\"keywords\":[\"AaB\",\"AGF\",\"Superligaen\"],\"articleSection\":[\"Nyhed\"],\"inLanguage\":\"en-US\",\"potentialAction\":[{\"@type\":\"CommentAction\",\"name\":\"Comment\",\"target\":[\"https:\/\/acefootball.com\/da\/fodboldnyheder\/aab-styrker-ledelsen-med-agf-chef\/#respond\"]}]},{\"@type\":\"Person\",\"@id\":\"https:\/\/acefootball.com\/da\/#\/schema\/person\/ee67e9cf04a276f144100ffa722f10cd\",\"name\":\"Mads Dreyer\",\"image\":{\"@type\":\"ImageObject\",\"@id\":\"https:\/\/acefootball.com\/da\/#personlogo\",\"inLanguage\":\"en-US\",\"url\":\"https:\/\/secure.gravatar.com\/avatar\/7c7abf72cfde9902b6a60efe60c88d4c?s=96&d=mm&r=g\",\"contentUrl\":\"https:\/\/secure.gravatar.com\/avatar\/7c7abf72cfde9902b6a60efe60c88d4c?s=96&d=mm&r=g\",\"caption\":\"Mads Dreyer\"},\"description\":\"Skribent og fodboldn\u00f8rd, der lige nu fort\u00e6ller om alt og intet i fodboldverdenen p\u00e5 acefootball.com. Uddannet i kommunikation fra Aalborg Universitet.\",\"sameAs\":[\"https:\/\/www.linkedin.com\/in\/mads-dreyer-b9b08266\/\"],\"url\":\"https:\/\/acefootball.com\/da\/fodboldnyheder\/author\/mdnronaldo\/\"}]}<\/script>\n<!-- \/ Yoast SEO plugin. -->","yoast_head_json":{"title":"AaB styrker ledelsen med AGF-chef","description":"AaB f\u00e5r fra nyt\u00e5r tilgang af kommerciel direkt\u00f8r Jesper Elkj\u00e6r, som i \u00f8jeblikket besidder en lignende stilling i AGF","robots":{"index":"index","follow":"follow","max-snippet":"max-snippet:-1","max-image-preview":"max-image-preview:large","max-video-preview":"max-video-preview:-1"},"canonical":"https:\/\/acefootball.com\/da\/fodboldnyheder\/aab-styrker-ledelsen-med-agf-chef\/","og_locale":"en_US","og_type":"article","og_title":"AaB styrker ledelsen med AGF-chef","og_description":"AaB f\u00e5r fra nyt\u00e5r tilgang af kommerciel direkt\u00f8r Jesper Elkj\u00e6r, som i \u00f8jeblikket besidder en lignende stilling i AGF","og_url":"https:\/\/acefootball.com\/da\/fodboldnyheder\/aab-styrker-ledelsen-med-agf-chef\/","og_site_name":"Ace Football Danmark","article_publisher":"https:\/\/www.facebook.com\/acefootballdk","article_published_time":"2020-10-19T18:44:41+00:00","article_modified_time":"2020-10-19T18:45:40+00:00","og_image":[{"width":1024,"height":676,"url":"https:\/\/acefootball.com\/da\/wp-content\/uploads\/sites\/2\/2020\/08\/GettyImages-1205101858.jpg","type":"image\/jpeg"}],"twitter_card":"summary_large_image","twitter_misc":{"Written by":"Mads Dreyer","Est. reading time":"1 minute"},"schema":{"@context":"https:\/\/schema.org","@graph":[{"@type":"Organization","@id":"https:\/\/acefootball.com\/da\/#organization","name":"Ace Football","url":"https:\/\/acefootball.com\/da\/","sameAs":["https:\/\/www.facebook.com\/acefootballdk"],"logo":{"@type":"ImageObject","@id":"https:\/\/acefootball.com\/da\/#logo","inLanguage":"en-US","url":"https:\/\/acefootball.com\/da\/wp-content\/uploads\/sites\/2\/2020\/07\/Ace-Football-30-07-2020-2.png","contentUrl":"https:\/\/acefootball.com\/da\/wp-content\/uploads\/sites\/2\/2020\/07\/Ace-Football-30-07-2020-2.png","width":1200,"height":600,"caption":"Ace Football"},"image":{"@id":"https:\/\/acefootball.com\/da\/#logo"}},{"@type":"WebSite","@id":"https:\/\/acefootball.com\/da\/#website","url":"https:\/\/acefootball.com\/da\/","name":"Ace Football Danmark","description":"Nyheder, Spiltips &amp; Livescore","publisher":{"@id":"https:\/\/acefootball.com\/da\/#organization"},"potentialAction":[{"@type":"SearchAction","target":{"@type":"EntryPoint","urlTemplate":"https:\/\/acefootball.com\/da\/?s={search_term_string}"},"query-input":"required name=search_term_string"}],"inLanguage":"en-US"},{"@type":"ImageObject","@id":"https:\/\/acefootball.com\/da\/fodboldnyheder\/aab-styrker-ledelsen-med-agf-chef\/#primaryimage","inLanguage":"en-US","url":"https:\/\/acefootball.com\/da\/wp-content\/uploads\/sites\/2\/2020\/08\/GettyImages-1205101858.jpg","contentUrl":"https:\/\/acefootball.com\/da\/wp-content\/uploads\/sites\/2\/2020\/08\/GettyImages-1205101858.jpg","width":1024,"height":676,"caption":"AALBORG, DENMARK - MARCH 04: Oliver Klitten of AaB Aalborg celebrates after the 2-0 goal during the Danish Cup Sydbank Pokalen Quarter Final match between AaB Aalborg and FC Copenhagen at Aalborg Portland Park on March 4, 2020 in Aalborg, Denmark. (Photo by Lars Ronbog \/ FrontZoneSport via Getty Images)"},{"@type":"WebPage","@id":"https:\/\/acefootball.com\/da\/fodboldnyheder\/aab-styrker-ledelsen-med-agf-chef\/#webpage","url":"https:\/\/acefootball.com\/da\/fodboldnyheder\/aab-styrker-ledelsen-med-agf-chef\/","name":"AaB styrker ledelsen med AGF-chef","isPartOf":{"@id":"https:\/\/acefootball.com\/da\/#website"},"primaryImageOfPage":{"@id":"https:\/\/acefootball.com\/da\/fodboldnyheder\/aab-styrker-ledelsen-med-agf-chef\/#primaryimage"},"datePublished":"2020-10-19T18:44:41+00:00","dateModified":"2020-10-19T18:45:40+00:00","description":"AaB f\u00e5r fra nyt\u00e5r tilgang af kommerciel direkt\u00f8r Jesper Elkj\u00e6r, som i \u00f8jeblikket besidder en lignende stilling i AGF","breadcrumb":{"@id":"https:\/\/acefootball.com\/da\/fodboldnyheder\/aab-styrker-ledelsen-med-agf-chef\/#breadcrumb"},"inLanguage":"en-US","potentialAction":[{"@type":"ReadAction","target":["https:\/\/acefootball.com\/da\/fodboldnyheder\/aab-styrker-ledelsen-med-agf-chef\/"]}]},{"@type":"BreadcrumbList","@id":"https:\/\/acefootball.com\/da\/fodboldnyheder\/aab-styrker-ledelsen-med-agf-chef\/#breadcrumb","itemListElement":[{"@type":"ListItem","position":1,"name":"Home","item":"https:\/\/acefootball.com\/da\/"},{"@type":"ListItem","position":2,"name":"AaB styrker ledelsen med AGF-chef"}]},{"@type":"Article","@id":"https:\/\/acefootball.com\/da\/fodboldnyheder\/aab-styrker-ledelsen-med-agf-chef\/#article","isPartOf":{"@id":"https:\/\/acefootball.com\/da\/fodboldnyheder\/aab-styrker-ledelsen-med-agf-chef\/#webpage"},"author":{"@id":"https:\/\/acefootball.com\/da\/#\/schema\/person\/ee67e9cf04a276f144100ffa722f10cd"},"headline":"AaB styrker ledelsen med AGF-chef","datePublished":"2020-10-19T18:44:41+00:00","dateModified":"2020-10-19T18:45:40+00:00","mainEntityOfPage":{"@id":"https:\/\/acefootball.com\/da\/fodboldnyheder\/aab-styrker-ledelsen-med-agf-chef\/#webpage"},"wordCount":130,"commentCount":0,"publisher":{"@id":"https:\/\/acefootball.com\/da\/#organization"},"image":{"@id":"https:\/\/acefootball.com\/da\/fodboldnyheder\/aab-styrker-ledelsen-med-agf-chef\/#primaryimage"},"thumbnailUrl":"https:\/\/acefootball.com\/da\/wp-content\/uploads\/sites\/2\/2020\/08\/GettyImages-1205101858.jpg","keywords":["AaB","AGF","Superligaen"],"articleSection":["Nyhed"],"inLanguage":"en-US","potentialAction":[{"@type":"CommentAction","name":"Comment","target":["https:\/\/acefootball.com\/da\/fodboldnyheder\/aab-styrker-ledelsen-med-agf-chef\/#respond"]}]},{"@type":"Person","@id":"https:\/\/acefootball.com\/da\/#\/schema\/person\/ee67e9cf04a276f144100ffa722f10cd","name":"Mads Dreyer","image":{"@type":"ImageObject","@id":"https:\/\/acefootball.com\/da\/#personlogo","inLanguage":"en-US","url":"https:\/\/secure.gravatar.com\/avatar\/7c7abf72cfde9902b6a60efe60c88d4c?s=96&d=mm&r=g","contentUrl":"https:\/\/secure.gravatar.com\/avatar\/7c7abf72cfde9902b6a60efe60c88d4c?s=96&d=mm&r=g","caption":"Mads Dreyer"},"description":"Skribent og fodboldn\u00f8rd, der lige nu fort\u00e6ller om alt og intet i fodboldverdenen p\u00e5 acefootball.com. Uddannet i kommunikation fra Aalborg Universitet.","sameAs":["https:\/\/www.linkedin.com\/in\/mads-dreyer-b9b08266\/"],"url":"https:\/\/acefootball.com\/da\/fodboldnyheder\/author\/mdnronaldo\/"}]}},"fimg_url":"https:\/\/acefootball.com\/da\/wp-content\/uploads\/sites\/2\/2020\/08\/GettyImages-1205101858.jpg","_links":{"self":[{"href":"https:\/\/acefootball.com\/da\/wp-json\/wp\/v2\/posts\/240795"}],"collection":[{"href":"https:\/\/acefootball.com\/da\/wp-json\/wp\/v2\/posts"}],"about":[{"href":"https:\/\/acefootball.com\/da\/wp-json\/wp\/v2\/types\/post"}],"author":[{"embeddable":true,"href":"https:\/\/acefootball.com\/da\/wp-json\/wp\/v2\/users\/705"}],"replies":[{"embeddable":true,"href":"https:\/\/acefootball.com\/da\/wp-json\/wp\/v2\/comments?post=240795"}],"version-history":[{"count":0,"href":"https:\/\/acefootball.com\/da\/wp-json\/wp\/v2\/posts\/240795\/revisions"}],"wp:featuredmedia":[{"embeddable":true,"href":"https:\/\/acefootball.com\/da\/wp-json\/wp\/v2\/media\/234530"}],"wp:attachment":[{"href":"https:\/\/acefootball.com\/da\/wp-json\/wp\/v2\/media?parent=240795"}],"wp:term":[{"taxonomy":"category","embeddable":true,"href":"https:\/\/acefootball.com\/da\/wp-json\/wp\/v2\/categories?post=240795"},{"taxonomy":"post_tag","embeddable":true,"href":"https:\/\/acefootball.com\/da\/wp-json\/wp\/v2\/tags?post=240795"}],"curies":[{"name":"wp","href":"https:\/\/api.w.org\/{rel}","templated":true}]}}