{"id":240791,"date":"2020-10-19T19:31:47","date_gmt":"2020-10-19T17:31:47","guid":{"rendered":"https:\/\/acefootball.com\/da\/?p=240791"},"modified":"2020-10-19T19:31:48","modified_gmt":"2020-10-19T17:31:48","slug":"diego-costa-misser-bayern-brag","status":"publish","type":"post","link":"https:\/\/acefootball.com\/da\/fodboldnyheder\/diego-costa-misser-bayern-brag\/","title":{"rendered":"Diego Costa misser Bayern-brag"},"content":{"rendered":"\n<h2 id=\"h-diego-costa-er-blevet-ramt-af-en-skade-i-l-ret-og-misser-derfor-formentlig-onsdagens-champions-league-kamp-mod-bayern-m-nchen\">Diego Costa er blevet ramt af en skade i l\u00e5ret og misser derfor formentlig onsdagens Champions League-kamp mod Bayern M\u00fcnchen<\/h2>\n\n\n\n<div class=\"wp-block-si-widget wp-block-si-widget--center\"><si-lb-widget widget-id=\"MatchInfoWithOddsV2\" data-nopadding=\"true\" data-across-all-tournaments=\"false\" data-limit=\"5\" width=\"440\" data-event-id=\"3461637\" data-provider=\"betfair\" data-card=\"true\"><\/si-lb-widget><\/div>\n\n\n\n<p>Atl\u00e9tico Madrid f\u00e5r brug for alle stjernerne, n\u00e5r de p\u00e5 onsdag skal en tur p\u00e5 bes\u00f8g hos Bayern M\u00fcnchen i \u00e5rets f\u00f8rste gruppekamp i Champions League.<\/p>\n\n\n\n<p>Men spanierne m\u00e5 efter alt at d\u00f8mme undv\u00e6re Diego Costa, som klubben  i dag melder ude med skade i l\u00e5ret.<\/p>\n\n\n\n<figure class=\"wp-block-embed-twitter wp-block-embed is-type-rich is-provider-twitter\"><div class=\"wp-block-embed__wrapper\">\n<blockquote class=\"twitter-tweet\" data-width=\"550\" data-dnt=\"true\"><p lang=\"en\" dir=\"ltr\">\ud83d\udccb <a href=\"https:\/\/twitter.com\/diegocosta?ref_src=twsrc%5Etfw\">@diegocosta<\/a> suffers muscle injury in the left thigh.<br><br>\u2139 <a href=\"https:\/\/t.co\/0Po9663pSn\">https:\/\/t.co\/0Po9663pSn<\/a><\/p>&mdash; Atl\u00e9tico de Madrid (@atletienglish) <a href=\"https:\/\/twitter.com\/atletienglish\/status\/1318179881654603778?ref_src=twsrc%5Etfw\">October 19, 2020<\/a><\/blockquote><script async src=\"https:\/\/platform.twitter.com\/widgets.js\" charset=\"utf-8\"><\/script>\n<\/div><\/figure>\n\n\n\n<p>Skaden kom i l\u00f8rdagens 2-0-sejr over Celta Vigo, som blev vundet p\u00e5 scoringer af Luis Su\u00e1rez og Yannick Carrasco.<\/p>\n\n\n\n<p>Atl\u00e9tico Madrid skriver intet om, hvor l\u00e6nge Diego Costa m\u00e5 sidde ude, men det bliver formentlig til et par uger. De f\u00f8lgende kampe er mod Real Betis, RB Salzburg og Osasuna.<\/p>\n","protected":false},"excerpt":{"rendered":"<p>Diego Costa er blevet ramt af en skade i l\u00e5ret og misser derfor formentlig onsdagens Champions League-kamp mod Bayern M\u00fcnchen<\/p>\n","protected":false},"author":705,"featured_media":235455,"comment_status":"open","ping_status":"closed","sticky":false,"template":"","format":"standard","meta":{"om_disable_all_campaigns":false,"push_articles_ronaldo":{"active":false,"canonical":0,"publish":false},"force_updates":null},"categories":[1],"tags":[75,74,206,484,303],"enet_tags":{"team":["9906","9823"],"league":["42","87"],"player":["19243"],"sport_events":[3461637]},"yoast_head":"<!-- This site is optimized with the Yoast SEO plugin v18.3 - https:\/\/yoast.com\/wordpress\/plugins\/seo\/ -->\n<title>Diego Costa misser Bayern-brag<\/title>\n<meta name=\"description\" content=\"Diego Costa er blevet ramt af en skade i l\u00e5ret og misser derfor formentlig onsdagens Champions League-kamp mod Bayern M\u00fcnchen\" \/>\n<meta name=\"robots\" content=\"index, follow, max-snippet:-1, max-image-preview:large, max-video-preview:-1\" \/>\n<link rel=\"canonical\" href=\"https:\/\/acefootball.com\/da\/fodboldnyheder\/diego-costa-misser-bayern-brag\/\" \/>\n<meta property=\"og:locale\" content=\"en_US\" \/>\n<meta property=\"og:type\" content=\"article\" \/>\n<meta property=\"og:title\" content=\"Diego Costa misser Bayern-brag\" \/>\n<meta property=\"og:description\" content=\"Diego Costa er blevet ramt af en skade i l\u00e5ret og misser derfor formentlig onsdagens Champions League-kamp mod Bayern M\u00fcnchen\" \/>\n<meta property=\"og:url\" content=\"https:\/\/acefootball.com\/da\/fodboldnyheder\/diego-costa-misser-bayern-brag\/\" \/>\n<meta property=\"og:site_name\" content=\"Ace Football Danmark\" \/>\n<meta property=\"article:publisher\" content=\"https:\/\/www.facebook.com\/acefootballdk\" \/>\n<meta property=\"article:published_time\" content=\"2020-10-19T17:31:47+00:00\" \/>\n<meta property=\"article:modified_time\" content=\"2020-10-19T17:31:48+00:00\" \/>\n<meta property=\"og:image\" content=\"https:\/\/acefootball.com\/da\/wp-content\/uploads\/sites\/2\/2020\/08\/GettyImages-1071877178.jpg\" \/>\n\t<meta property=\"og:image:width\" content=\"1024\" \/>\n\t<meta property=\"og:image:height\" content=\"689\" \/>\n\t<meta property=\"og:image:type\" content=\"image\/jpeg\" \/>\n<meta name=\"twitter:card\" content=\"summary_large_image\" \/>\n<meta name=\"twitter:label1\" content=\"Written by\" \/>\n\t<meta name=\"twitter:data1\" content=\"Mads Dreyer\" \/>\n\t<meta name=\"twitter:label2\" content=\"Est. reading time\" \/>\n\t<meta name=\"twitter:data2\" content=\"1 minute\" \/>\n<script type=\"application\/ld+json\" class=\"yoast-schema-graph\">{\"@context\":\"https:\/\/schema.org\",\"@graph\":[{\"@type\":\"Organization\",\"@id\":\"https:\/\/acefootball.com\/da\/#organization\",\"name\":\"Ace Football\",\"url\":\"https:\/\/acefootball.com\/da\/\",\"sameAs\":[\"https:\/\/www.facebook.com\/acefootballdk\"],\"logo\":{\"@type\":\"ImageObject\",\"@id\":\"https:\/\/acefootball.com\/da\/#logo\",\"inLanguage\":\"en-US\",\"url\":\"https:\/\/acefootball.com\/da\/wp-content\/uploads\/sites\/2\/2020\/07\/Ace-Football-30-07-2020-2.png\",\"contentUrl\":\"https:\/\/acefootball.com\/da\/wp-content\/uploads\/sites\/2\/2020\/07\/Ace-Football-30-07-2020-2.png\",\"width\":1200,\"height\":600,\"caption\":\"Ace Football\"},\"image\":{\"@id\":\"https:\/\/acefootball.com\/da\/#logo\"}},{\"@type\":\"WebSite\",\"@id\":\"https:\/\/acefootball.com\/da\/#website\",\"url\":\"https:\/\/acefootball.com\/da\/\",\"name\":\"Ace Football Danmark\",\"description\":\"Nyheder, Spiltips &amp; Livescore\",\"publisher\":{\"@id\":\"https:\/\/acefootball.com\/da\/#organization\"},\"potentialAction\":[{\"@type\":\"SearchAction\",\"target\":{\"@type\":\"EntryPoint\",\"urlTemplate\":\"https:\/\/acefootball.com\/da\/?s={search_term_string}\"},\"query-input\":\"required name=search_term_string\"}],\"inLanguage\":\"en-US\"},{\"@type\":\"ImageObject\",\"@id\":\"https:\/\/acefootball.com\/da\/fodboldnyheder\/diego-costa-misser-bayern-brag\/#primaryimage\",\"inLanguage\":\"en-US\",\"url\":\"https:\/\/acefootball.com\/da\/wp-content\/uploads\/sites\/2\/2020\/08\/GettyImages-1071877178.jpg\",\"contentUrl\":\"https:\/\/acefootball.com\/da\/wp-content\/uploads\/sites\/2\/2020\/08\/GettyImages-1071877178.jpg\",\"width\":1024,\"height\":689,\"caption\":\"MADRID, SPAIN - NOVEMBER 24: Diego Costa of Atletico Madrid (R) celebrates as he scores his team's first goal wit hteam mates during the La Liga match between Club Atletico de Madrid and FC Barcelona at Wanda Metropolitano on November 24, 2018 in Madrid, Spain. (Photo by Denis Doyle\/Getty Images)\"},{\"@type\":\"WebPage\",\"@id\":\"https:\/\/acefootball.com\/da\/fodboldnyheder\/diego-costa-misser-bayern-brag\/#webpage\",\"url\":\"https:\/\/acefootball.com\/da\/fodboldnyheder\/diego-costa-misser-bayern-brag\/\",\"name\":\"Diego Costa misser Bayern-brag\",\"isPartOf\":{\"@id\":\"https:\/\/acefootball.com\/da\/#website\"},\"primaryImageOfPage\":{\"@id\":\"https:\/\/acefootball.com\/da\/fodboldnyheder\/diego-costa-misser-bayern-brag\/#primaryimage\"},\"datePublished\":\"2020-10-19T17:31:47+00:00\",\"dateModified\":\"2020-10-19T17:31:48+00:00\",\"description\":\"Diego Costa er blevet ramt af en skade i l\u00e5ret og misser derfor formentlig onsdagens Champions League-kamp mod Bayern M\u00fcnchen\",\"breadcrumb\":{\"@id\":\"https:\/\/acefootball.com\/da\/fodboldnyheder\/diego-costa-misser-bayern-brag\/#breadcrumb\"},\"inLanguage\":\"en-US\",\"potentialAction\":[{\"@type\":\"ReadAction\",\"target\":[\"https:\/\/acefootball.com\/da\/fodboldnyheder\/diego-costa-misser-bayern-brag\/\"]}]},{\"@type\":\"BreadcrumbList\",\"@id\":\"https:\/\/acefootball.com\/da\/fodboldnyheder\/diego-costa-misser-bayern-brag\/#breadcrumb\",\"itemListElement\":[{\"@type\":\"ListItem\",\"position\":1,\"name\":\"Home\",\"item\":\"https:\/\/acefootball.com\/da\/\"},{\"@type\":\"ListItem\",\"position\":2,\"name\":\"Diego Costa misser Bayern-brag\"}]},{\"@type\":\"Article\",\"@id\":\"https:\/\/acefootball.com\/da\/fodboldnyheder\/diego-costa-misser-bayern-brag\/#article\",\"isPartOf\":{\"@id\":\"https:\/\/acefootball.com\/da\/fodboldnyheder\/diego-costa-misser-bayern-brag\/#webpage\"},\"author\":{\"@id\":\"https:\/\/acefootball.com\/da\/#\/schema\/person\/ee67e9cf04a276f144100ffa722f10cd\"},\"headline\":\"Diego Costa misser Bayern-brag\",\"datePublished\":\"2020-10-19T17:31:47+00:00\",\"dateModified\":\"2020-10-19T17:31:48+00:00\",\"mainEntityOfPage\":{\"@id\":\"https:\/\/acefootball.com\/da\/fodboldnyheder\/diego-costa-misser-bayern-brag\/#webpage\"},\"wordCount\":142,\"commentCount\":0,\"publisher\":{\"@id\":\"https:\/\/acefootball.com\/da\/#organization\"},\"image\":{\"@id\":\"https:\/\/acefootball.com\/da\/fodboldnyheder\/diego-costa-misser-bayern-brag\/#primaryimage\"},\"thumbnailUrl\":\"https:\/\/acefootball.com\/da\/wp-content\/uploads\/sites\/2\/2020\/08\/GettyImages-1071877178.jpg\",\"keywords\":[\"Atletico Madrid\",\"Bayern M\u00fcnchen\",\"Champions League\",\"Diego Costa\",\"La Liga\"],\"articleSection\":[\"Nyhed\"],\"inLanguage\":\"en-US\",\"potentialAction\":[{\"@type\":\"CommentAction\",\"name\":\"Comment\",\"target\":[\"https:\/\/acefootball.com\/da\/fodboldnyheder\/diego-costa-misser-bayern-brag\/#respond\"]}]},{\"@type\":\"Person\",\"@id\":\"https:\/\/acefootball.com\/da\/#\/schema\/person\/ee67e9cf04a276f144100ffa722f10cd\",\"name\":\"Mads Dreyer\",\"image\":{\"@type\":\"ImageObject\",\"@id\":\"https:\/\/acefootball.com\/da\/#personlogo\",\"inLanguage\":\"en-US\",\"url\":\"https:\/\/secure.gravatar.com\/avatar\/7c7abf72cfde9902b6a60efe60c88d4c?s=96&d=mm&r=g\",\"contentUrl\":\"https:\/\/secure.gravatar.com\/avatar\/7c7abf72cfde9902b6a60efe60c88d4c?s=96&d=mm&r=g\",\"caption\":\"Mads Dreyer\"},\"description\":\"Skribent og fodboldn\u00f8rd, der lige nu fort\u00e6ller om alt og intet i fodboldverdenen p\u00e5 acefootball.com. Uddannet i kommunikation fra Aalborg Universitet.\",\"sameAs\":[\"https:\/\/www.linkedin.com\/in\/mads-dreyer-b9b08266\/\"],\"url\":\"https:\/\/acefootball.com\/da\/fodboldnyheder\/author\/mdnronaldo\/\"}]}<\/script>\n<!-- \/ Yoast SEO plugin. -->","yoast_head_json":{"title":"Diego Costa misser Bayern-brag","description":"Diego Costa er blevet ramt af en skade i l\u00e5ret og misser derfor formentlig onsdagens Champions League-kamp mod Bayern M\u00fcnchen","robots":{"index":"index","follow":"follow","max-snippet":"max-snippet:-1","max-image-preview":"max-image-preview:large","max-video-preview":"max-video-preview:-1"},"canonical":"https:\/\/acefootball.com\/da\/fodboldnyheder\/diego-costa-misser-bayern-brag\/","og_locale":"en_US","og_type":"article","og_title":"Diego Costa misser Bayern-brag","og_description":"Diego Costa er blevet ramt af en skade i l\u00e5ret og misser derfor formentlig onsdagens Champions League-kamp mod Bayern M\u00fcnchen","og_url":"https:\/\/acefootball.com\/da\/fodboldnyheder\/diego-costa-misser-bayern-brag\/","og_site_name":"Ace Football Danmark","article_publisher":"https:\/\/www.facebook.com\/acefootballdk","article_published_time":"2020-10-19T17:31:47+00:00","article_modified_time":"2020-10-19T17:31:48+00:00","og_image":[{"width":1024,"height":689,"url":"https:\/\/acefootball.com\/da\/wp-content\/uploads\/sites\/2\/2020\/08\/GettyImages-1071877178.jpg","type":"image\/jpeg"}],"twitter_card":"summary_large_image","twitter_misc":{"Written by":"Mads Dreyer","Est. reading time":"1 minute"},"schema":{"@context":"https:\/\/schema.org","@graph":[{"@type":"Organization","@id":"https:\/\/acefootball.com\/da\/#organization","name":"Ace Football","url":"https:\/\/acefootball.com\/da\/","sameAs":["https:\/\/www.facebook.com\/acefootballdk"],"logo":{"@type":"ImageObject","@id":"https:\/\/acefootball.com\/da\/#logo","inLanguage":"en-US","url":"https:\/\/acefootball.com\/da\/wp-content\/uploads\/sites\/2\/2020\/07\/Ace-Football-30-07-2020-2.png","contentUrl":"https:\/\/acefootball.com\/da\/wp-content\/uploads\/sites\/2\/2020\/07\/Ace-Football-30-07-2020-2.png","width":1200,"height":600,"caption":"Ace Football"},"image":{"@id":"https:\/\/acefootball.com\/da\/#logo"}},{"@type":"WebSite","@id":"https:\/\/acefootball.com\/da\/#website","url":"https:\/\/acefootball.com\/da\/","name":"Ace Football Danmark","description":"Nyheder, Spiltips &amp; Livescore","publisher":{"@id":"https:\/\/acefootball.com\/da\/#organization"},"potentialAction":[{"@type":"SearchAction","target":{"@type":"EntryPoint","urlTemplate":"https:\/\/acefootball.com\/da\/?s={search_term_string}"},"query-input":"required name=search_term_string"}],"inLanguage":"en-US"},{"@type":"ImageObject","@id":"https:\/\/acefootball.com\/da\/fodboldnyheder\/diego-costa-misser-bayern-brag\/#primaryimage","inLanguage":"en-US","url":"https:\/\/acefootball.com\/da\/wp-content\/uploads\/sites\/2\/2020\/08\/GettyImages-1071877178.jpg","contentUrl":"https:\/\/acefootball.com\/da\/wp-content\/uploads\/sites\/2\/2020\/08\/GettyImages-1071877178.jpg","width":1024,"height":689,"caption":"MADRID, SPAIN - NOVEMBER 24: Diego Costa of Atletico Madrid (R) celebrates as he scores his team's first goal wit hteam mates during the La Liga match between Club Atletico de Madrid and FC Barcelona at Wanda Metropolitano on November 24, 2018 in Madrid, Spain. (Photo by Denis Doyle\/Getty Images)"},{"@type":"WebPage","@id":"https:\/\/acefootball.com\/da\/fodboldnyheder\/diego-costa-misser-bayern-brag\/#webpage","url":"https:\/\/acefootball.com\/da\/fodboldnyheder\/diego-costa-misser-bayern-brag\/","name":"Diego Costa misser Bayern-brag","isPartOf":{"@id":"https:\/\/acefootball.com\/da\/#website"},"primaryImageOfPage":{"@id":"https:\/\/acefootball.com\/da\/fodboldnyheder\/diego-costa-misser-bayern-brag\/#primaryimage"},"datePublished":"2020-10-19T17:31:47+00:00","dateModified":"2020-10-19T17:31:48+00:00","description":"Diego Costa er blevet ramt af en skade i l\u00e5ret og misser derfor formentlig onsdagens Champions League-kamp mod Bayern M\u00fcnchen","breadcrumb":{"@id":"https:\/\/acefootball.com\/da\/fodboldnyheder\/diego-costa-misser-bayern-brag\/#breadcrumb"},"inLanguage":"en-US","potentialAction":[{"@type":"ReadAction","target":["https:\/\/acefootball.com\/da\/fodboldnyheder\/diego-costa-misser-bayern-brag\/"]}]},{"@type":"BreadcrumbList","@id":"https:\/\/acefootball.com\/da\/fodboldnyheder\/diego-costa-misser-bayern-brag\/#breadcrumb","itemListElement":[{"@type":"ListItem","position":1,"name":"Home","item":"https:\/\/acefootball.com\/da\/"},{"@type":"ListItem","position":2,"name":"Diego Costa misser Bayern-brag"}]},{"@type":"Article","@id":"https:\/\/acefootball.com\/da\/fodboldnyheder\/diego-costa-misser-bayern-brag\/#article","isPartOf":{"@id":"https:\/\/acefootball.com\/da\/fodboldnyheder\/diego-costa-misser-bayern-brag\/#webpage"},"author":{"@id":"https:\/\/acefootball.com\/da\/#\/schema\/person\/ee67e9cf04a276f144100ffa722f10cd"},"headline":"Diego Costa misser Bayern-brag","datePublished":"2020-10-19T17:31:47+00:00","dateModified":"2020-10-19T17:31:48+00:00","mainEntityOfPage":{"@id":"https:\/\/acefootball.com\/da\/fodboldnyheder\/diego-costa-misser-bayern-brag\/#webpage"},"wordCount":142,"commentCount":0,"publisher":{"@id":"https:\/\/acefootball.com\/da\/#organization"},"image":{"@id":"https:\/\/acefootball.com\/da\/fodboldnyheder\/diego-costa-misser-bayern-brag\/#primaryimage"},"thumbnailUrl":"https:\/\/acefootball.com\/da\/wp-content\/uploads\/sites\/2\/2020\/08\/GettyImages-1071877178.jpg","keywords":["Atletico Madrid","Bayern M\u00fcnchen","Champions League","Diego Costa","La Liga"],"articleSection":["Nyhed"],"inLanguage":"en-US","potentialAction":[{"@type":"CommentAction","name":"Comment","target":["https:\/\/acefootball.com\/da\/fodboldnyheder\/diego-costa-misser-bayern-brag\/#respond"]}]},{"@type":"Person","@id":"https:\/\/acefootball.com\/da\/#\/schema\/person\/ee67e9cf04a276f144100ffa722f10cd","name":"Mads Dreyer","image":{"@type":"ImageObject","@id":"https:\/\/acefootball.com\/da\/#personlogo","inLanguage":"en-US","url":"https:\/\/secure.gravatar.com\/avatar\/7c7abf72cfde9902b6a60efe60c88d4c?s=96&d=mm&r=g","contentUrl":"https:\/\/secure.gravatar.com\/avatar\/7c7abf72cfde9902b6a60efe60c88d4c?s=96&d=mm&r=g","caption":"Mads Dreyer"},"description":"Skribent og fodboldn\u00f8rd, der lige nu fort\u00e6ller om alt og intet i fodboldverdenen p\u00e5 acefootball.com. Uddannet i kommunikation fra Aalborg Universitet.","sameAs":["https:\/\/www.linkedin.com\/in\/mads-dreyer-b9b08266\/"],"url":"https:\/\/acefootball.com\/da\/fodboldnyheder\/author\/mdnronaldo\/"}]}},"fimg_url":"https:\/\/acefootball.com\/da\/wp-content\/uploads\/sites\/2\/2020\/08\/GettyImages-1071877178.jpg","_links":{"self":[{"href":"https:\/\/acefootball.com\/da\/wp-json\/wp\/v2\/posts\/240791"}],"collection":[{"href":"https:\/\/acefootball.com\/da\/wp-json\/wp\/v2\/posts"}],"about":[{"href":"https:\/\/acefootball.com\/da\/wp-json\/wp\/v2\/types\/post"}],"author":[{"embeddable":true,"href":"https:\/\/acefootball.com\/da\/wp-json\/wp\/v2\/users\/705"}],"replies":[{"embeddable":true,"href":"https:\/\/acefootball.com\/da\/wp-json\/wp\/v2\/comments?post=240791"}],"version-history":[{"count":0,"href":"https:\/\/acefootball.com\/da\/wp-json\/wp\/v2\/posts\/240791\/revisions"}],"wp:featuredmedia":[{"embeddable":true,"href":"https:\/\/acefootball.com\/da\/wp-json\/wp\/v2\/media\/235455"}],"wp:attachment":[{"href":"https:\/\/acefootball.com\/da\/wp-json\/wp\/v2\/media?parent=240791"}],"wp:term":[{"taxonomy":"category","embeddable":true,"href":"https:\/\/acefootball.com\/da\/wp-json\/wp\/v2\/categories?post=240791"},{"taxonomy":"post_tag","embeddable":true,"href":"https:\/\/acefootball.com\/da\/wp-json\/wp\/v2\/tags?post=240791"}],"curies":[{"name":"wp","href":"https:\/\/api.w.org\/{rel}","templated":true}]}}