{"id":240786,"date":"2020-10-19T19:02:14","date_gmt":"2020-10-19T17:02:14","guid":{"rendered":"https:\/\/acefootball.com\/da\/?p=240786"},"modified":"2020-10-19T19:02:14","modified_gmt":"2020-10-19T17:02:14","slug":"klopp-venter-paa-van-dijk-som-en-hustru-med-en-mand-i-faengsel","status":"publish","type":"post","link":"https:\/\/acefootball.com\/da\/fodboldnyheder\/klopp-venter-paa-van-dijk-som-en-hustru-med-en-mand-i-faengsel\/","title":{"rendered":"Klopp venter p\u00e5 Van Dijk: Som en hustru med en mand i f\u00e6ngsel"},"content":{"rendered":"\n<h2 id=\"h-virgil-van-dijk-kan-meget-vel-misse-resten-af-s-sonen-med-en-alvorlig-kn-skade-som-han-p-drog-sig-i-weekendens-kamp-mod-everton\">Virgil van Dijk kan meget vel misse resten af s\u00e6sonen med en alvorlig kn\u00e6skade, som han p\u00e5drog sig i weekendens kamp mod Everton<\/h2>\n\n\n\n<div class=\"wp-block-si-widget wp-block-si-widget--center\"><si-lb-widget widget-id=\"MatchInfoWithOddsV2\" data-nopadding=\"true\" data-across-all-tournaments=\"false\" data-limit=\"5\" width=\"440\" data-event-id=\"3461675\" data-provider=\"betfair\" data-card=\"true\"><\/si-lb-widget><\/div>\n\n\n\n<p>Det s\u00e5 alt andet end godt ud for Virgil van Dijk, da han i l\u00f8rdagens Merseyside-derby st\u00f8dte sammen med Everton-m\u00e5lmand Jordan Pickford.<\/p>\n\n\n\n<p>Holl\u00e6nderen forlod banen med det samme, og de efterf\u00f8lgende meldinger fra Liverpool har ikke v\u00e6ret positive. Man venter stadig p\u00e5 en endelig tidshorisont, men i v\u00e6rste fald kan det betyde, at s\u00e6sonen er slut.<\/p>\n\n\n\n<p>Derfor er det forst\u00e5eligt, hvis Van Dijk ikke er i det bedste hum\u00f8r i disse dage, men manager J\u00fcrgen Klopp vil st\u00e5 ved sin forsvarsgenerals side hele vejen.<\/p>\n\n\n\n<figure class=\"wp-block-embed-wordpress wp-block-embed is-type-wp-embed is-provider-ace-football-danmark\"><div class=\"wp-block-embed__wrapper\">\n<blockquote class=\"wp-embedded-content\" data-secret=\"7q6OOVsOWM\"><a href=\"https:\/\/acefootball.com\/da\/fodboldnyheder\/twitter-raser-everton-keeper-slipper-for-roedt-efter-van-dijk-nedsabling\/\">Twitter raser: Everton-keeper slipper for r\u00f8dt efter Van Dijk-nedsabling<\/a><\/blockquote><iframe class=\"wp-embedded-content\" sandbox=\"allow-scripts\" security=\"restricted\" style=\"position: absolute; clip: rect(1px, 1px, 1px, 1px);\" title=\"&#8220;Twitter raser: Everton-keeper slipper for r\u00f8dt efter Van Dijk-nedsabling&#8221; &#8212; Ace Football Danmark\" src=\"https:\/\/acefootball.com\/da\/fodboldnyheder\/twitter-raser-everton-keeper-slipper-for-roedt-efter-van-dijk-nedsabling\/embed\/#?secret=7q6OOVsOWM\" data-secret=\"7q6OOVsOWM\" width=\"600\" height=\"338\" frameborder=\"0\" marginwidth=\"0\" marginheight=\"0\" scrolling=\"no\"><\/iframe>\n<\/div><\/figure>\n\n\n\n<p>&#8220;Det er altid det samme. Spilleren vil gerne v\u00e6re alene, n\u00e5r det sker. Det har jeg v\u00e6ret med l\u00e6nge nok til at forst\u00e5. Jeg har ogs\u00e5 selv haft pr\u00e6cis den samme skade, og s\u00e5 er man ikke s\u00e5 snaksalig,&#8221; udtaler Klopp til <a href=\"https:\/\/www.liverpoolfc.com\/news\/first-team\/412588-jurgen-klopp-virgil-van-dijk-injury-recovery-support\" target=\"_blank\" rel=\"noreferrer noopener\">klubbens hjemmeside<\/a>.<\/p>\n\n\n\n<p>&#8220;Men vi er selvf\u00f8lgelig i kontakt. Vi er der for ham, og han ved, at vi kommer til at vente p\u00e5 ham som en god hustru, der venter p\u00e5 sin mand i f\u00e6ngslet, og s\u00e5 vil vi pr\u00f8ve at g\u00f8re alt s\u00e5 let for ham, som muligt.&#8221;<\/p>\n\n\n\n<figure class=\"wp-block-embed-wordpress wp-block-embed is-type-wp-embed is-provider-ace-football-danmark\"><div class=\"wp-block-embed__wrapper\">\n<blockquote class=\"wp-embedded-content\" data-secret=\"KESWTxAm9c\"><a href=\"https:\/\/acefootball.com\/da\/fodboldnyheder\/klopp-om-thiago-skade-ikke-i-naerheden-af-van-dijk\/\">Klopp om Thiago-skade: Ikke i n\u00e6rheden af Van Dijk<\/a><\/blockquote><iframe class=\"wp-embedded-content\" sandbox=\"allow-scripts\" security=\"restricted\" style=\"position: absolute; clip: rect(1px, 1px, 1px, 1px);\" title=\"&#8220;Klopp om Thiago-skade: Ikke i n\u00e6rheden af Van Dijk&#8221; &#8212; Ace Football Danmark\" src=\"https:\/\/acefootball.com\/da\/fodboldnyheder\/klopp-om-thiago-skade-ikke-i-naerheden-af-van-dijk\/embed\/#?secret=KESWTxAm9c\" data-secret=\"KESWTxAm9c\" width=\"600\" height=\"338\" frameborder=\"0\" marginwidth=\"0\" marginheight=\"0\" scrolling=\"no\"><\/iframe>\n<\/div><\/figure>\n\n\n\n<p>Virgil van Dijk skal i gennem en operation i kn\u00e6et, men det er endnu ikke besluttet, hvorn\u00e5r den skal finde sted.<\/p>\n","protected":false},"excerpt":{"rendered":"<p>Virgil van Dijk kan meget vel misse resten af s\u00e6sonen med en alvorlig kn\u00e6skade, som han p\u00e5drog sig i weekendens kamp mod Everton<\/p>\n","protected":false},"author":705,"featured_media":240789,"comment_status":"open","ping_status":"closed","sticky":false,"template":"","format":"standard","meta":{"om_disable_all_campaigns":false,"push_articles_ronaldo":{"active":false,"canonical":0,"publish":false},"force_updates":null},"categories":[8204],"tags":[135,132,134,573],"enet_tags":{"player":["78660","209405"],"team":["8650"],"league":["47"],"sport_events":[3461675]},"yoast_head":"<!-- This site is optimized with the Yoast SEO plugin v18.3 - https:\/\/yoast.com\/wordpress\/plugins\/seo\/ -->\n<title>Klopp venter p\u00e5 Van Dijk: Som en hustru med en mand i f\u00e6ngsel<\/title>\n<meta name=\"description\" content=\"Virgil van Dijk kan meget vel misse resten af s\u00e6sonen med en alvorlig kn\u00e6skade, som han p\u00e5drog sig i weekendens kamp mod Everton\" \/>\n<meta name=\"robots\" content=\"index, follow, max-snippet:-1, max-image-preview:large, max-video-preview:-1\" \/>\n<link rel=\"canonical\" href=\"https:\/\/acefootball.com\/da\/fodboldnyheder\/klopp-venter-paa-van-dijk-som-en-hustru-med-en-mand-i-faengsel\/\" \/>\n<meta property=\"og:locale\" content=\"en_US\" \/>\n<meta property=\"og:type\" content=\"article\" \/>\n<meta property=\"og:title\" content=\"Klopp venter p\u00e5 Van Dijk: Som en hustru med en mand i f\u00e6ngsel\" \/>\n<meta property=\"og:description\" content=\"Virgil van Dijk kan meget vel misse resten af s\u00e6sonen med en alvorlig kn\u00e6skade, som han p\u00e5drog sig i weekendens kamp mod Everton\" \/>\n<meta property=\"og:url\" content=\"https:\/\/acefootball.com\/da\/fodboldnyheder\/klopp-venter-paa-van-dijk-som-en-hustru-med-en-mand-i-faengsel\/\" \/>\n<meta property=\"og:site_name\" content=\"Ace Football Danmark\" \/>\n<meta property=\"article:publisher\" content=\"https:\/\/www.facebook.com\/acefootballdk\" \/>\n<meta property=\"article:published_time\" content=\"2020-10-19T17:02:14+00:00\" \/>\n<meta property=\"og:image\" content=\"https:\/\/acefootball.com\/da\/wp-content\/uploads\/sites\/2\/2020\/10\/GettyImages-1182282609.jpg\" \/>\n\t<meta property=\"og:image:width\" content=\"1024\" \/>\n\t<meta property=\"og:image:height\" content=\"755\" \/>\n\t<meta property=\"og:image:type\" content=\"image\/jpeg\" \/>\n<meta name=\"twitter:card\" content=\"summary_large_image\" \/>\n<meta name=\"twitter:label1\" content=\"Written by\" \/>\n\t<meta name=\"twitter:data1\" content=\"Mads Dreyer\" \/>\n\t<meta name=\"twitter:label2\" content=\"Est. reading time\" \/>\n\t<meta name=\"twitter:data2\" content=\"1 minute\" \/>\n<script type=\"application\/ld+json\" class=\"yoast-schema-graph\">{\"@context\":\"https:\/\/schema.org\",\"@graph\":[{\"@type\":\"Organization\",\"@id\":\"https:\/\/acefootball.com\/da\/#organization\",\"name\":\"Ace Football\",\"url\":\"https:\/\/acefootball.com\/da\/\",\"sameAs\":[\"https:\/\/www.facebook.com\/acefootballdk\"],\"logo\":{\"@type\":\"ImageObject\",\"@id\":\"https:\/\/acefootball.com\/da\/#logo\",\"inLanguage\":\"en-US\",\"url\":\"https:\/\/acefootball.com\/da\/wp-content\/uploads\/sites\/2\/2020\/07\/Ace-Football-30-07-2020-2.png\",\"contentUrl\":\"https:\/\/acefootball.com\/da\/wp-content\/uploads\/sites\/2\/2020\/07\/Ace-Football-30-07-2020-2.png\",\"width\":1200,\"height\":600,\"caption\":\"Ace Football\"},\"image\":{\"@id\":\"https:\/\/acefootball.com\/da\/#logo\"}},{\"@type\":\"WebSite\",\"@id\":\"https:\/\/acefootball.com\/da\/#website\",\"url\":\"https:\/\/acefootball.com\/da\/\",\"name\":\"Ace Football Danmark\",\"description\":\"Nyheder, Spiltips &amp; Livescore\",\"publisher\":{\"@id\":\"https:\/\/acefootball.com\/da\/#organization\"},\"potentialAction\":[{\"@type\":\"SearchAction\",\"target\":{\"@type\":\"EntryPoint\",\"urlTemplate\":\"https:\/\/acefootball.com\/da\/?s={search_term_string}\"},\"query-input\":\"required name=search_term_string\"}],\"inLanguage\":\"en-US\"},{\"@type\":\"ImageObject\",\"@id\":\"https:\/\/acefootball.com\/da\/fodboldnyheder\/klopp-venter-paa-van-dijk-som-en-hustru-med-en-mand-i-faengsel\/#primaryimage\",\"inLanguage\":\"en-US\",\"url\":\"https:\/\/acefootball.com\/da\/wp-content\/uploads\/sites\/2\/2020\/10\/GettyImages-1182282609.jpg\",\"contentUrl\":\"https:\/\/acefootball.com\/da\/wp-content\/uploads\/sites\/2\/2020\/10\/GettyImages-1182282609.jpg\",\"width\":1024,\"height\":755,\"caption\":\"MANCHESTER, ENGLAND - OCTOBER 20: Jurgen Klopp, Manager of Liverpool and Virgil van Dijk of Liverpool look on during the Premier League match between Manchester United and Liverpool FC at Old Trafford on October 20, 2019 in Manchester, United Kingdom. (Photo by Alex Livesey\/Getty Images)\"},{\"@type\":\"WebPage\",\"@id\":\"https:\/\/acefootball.com\/da\/fodboldnyheder\/klopp-venter-paa-van-dijk-som-en-hustru-med-en-mand-i-faengsel\/#webpage\",\"url\":\"https:\/\/acefootball.com\/da\/fodboldnyheder\/klopp-venter-paa-van-dijk-som-en-hustru-med-en-mand-i-faengsel\/\",\"name\":\"Klopp venter p\u00e5 Van Dijk: Som en hustru med en mand i f\u00e6ngsel\",\"isPartOf\":{\"@id\":\"https:\/\/acefootball.com\/da\/#website\"},\"primaryImageOfPage\":{\"@id\":\"https:\/\/acefootball.com\/da\/fodboldnyheder\/klopp-venter-paa-van-dijk-som-en-hustru-med-en-mand-i-faengsel\/#primaryimage\"},\"datePublished\":\"2020-10-19T17:02:14+00:00\",\"dateModified\":\"2020-10-19T17:02:14+00:00\",\"description\":\"Virgil van Dijk kan meget vel misse resten af s\u00e6sonen med en alvorlig kn\u00e6skade, som han p\u00e5drog sig i weekendens kamp mod Everton\",\"breadcrumb\":{\"@id\":\"https:\/\/acefootball.com\/da\/fodboldnyheder\/klopp-venter-paa-van-dijk-som-en-hustru-med-en-mand-i-faengsel\/#breadcrumb\"},\"inLanguage\":\"en-US\",\"potentialAction\":[{\"@type\":\"ReadAction\",\"target\":[\"https:\/\/acefootball.com\/da\/fodboldnyheder\/klopp-venter-paa-van-dijk-som-en-hustru-med-en-mand-i-faengsel\/\"]}]},{\"@type\":\"BreadcrumbList\",\"@id\":\"https:\/\/acefootball.com\/da\/fodboldnyheder\/klopp-venter-paa-van-dijk-som-en-hustru-med-en-mand-i-faengsel\/#breadcrumb\",\"itemListElement\":[{\"@type\":\"ListItem\",\"position\":1,\"name\":\"Home\",\"item\":\"https:\/\/acefootball.com\/da\/\"},{\"@type\":\"ListItem\",\"position\":2,\"name\":\"Klopp venter p\u00e5 Van Dijk: Som en hustru med en mand i f\u00e6ngsel\"}]},{\"@type\":\"Article\",\"@id\":\"https:\/\/acefootball.com\/da\/fodboldnyheder\/klopp-venter-paa-van-dijk-som-en-hustru-med-en-mand-i-faengsel\/#article\",\"isPartOf\":{\"@id\":\"https:\/\/acefootball.com\/da\/fodboldnyheder\/klopp-venter-paa-van-dijk-som-en-hustru-med-en-mand-i-faengsel\/#webpage\"},\"author\":{\"@id\":\"https:\/\/acefootball.com\/da\/#\/schema\/person\/ee67e9cf04a276f144100ffa722f10cd\"},\"headline\":\"Klopp venter p\u00e5 Van Dijk: Som en hustru med en mand i f\u00e6ngsel\",\"datePublished\":\"2020-10-19T17:02:14+00:00\",\"dateModified\":\"2020-10-19T17:02:14+00:00\",\"mainEntityOfPage\":{\"@id\":\"https:\/\/acefootball.com\/da\/fodboldnyheder\/klopp-venter-paa-van-dijk-som-en-hustru-med-en-mand-i-faengsel\/#webpage\"},\"wordCount\":270,\"commentCount\":0,\"publisher\":{\"@id\":\"https:\/\/acefootball.com\/da\/#organization\"},\"image\":{\"@id\":\"https:\/\/acefootball.com\/da\/fodboldnyheder\/klopp-venter-paa-van-dijk-som-en-hustru-med-en-mand-i-faengsel\/#primaryimage\"},\"thumbnailUrl\":\"https:\/\/acefootball.com\/da\/wp-content\/uploads\/sites\/2\/2020\/10\/GettyImages-1182282609.jpg\",\"keywords\":[\"J\u00fcrgen Klopp\",\"Liverpool\",\"Premier League\",\"Virgil van Dijk\"],\"articleSection\":[\"Udtalelse\"],\"inLanguage\":\"en-US\",\"potentialAction\":[{\"@type\":\"CommentAction\",\"name\":\"Comment\",\"target\":[\"https:\/\/acefootball.com\/da\/fodboldnyheder\/klopp-venter-paa-van-dijk-som-en-hustru-med-en-mand-i-faengsel\/#respond\"]}]},{\"@type\":\"Person\",\"@id\":\"https:\/\/acefootball.com\/da\/#\/schema\/person\/ee67e9cf04a276f144100ffa722f10cd\",\"name\":\"Mads Dreyer\",\"image\":{\"@type\":\"ImageObject\",\"@id\":\"https:\/\/acefootball.com\/da\/#personlogo\",\"inLanguage\":\"en-US\",\"url\":\"https:\/\/secure.gravatar.com\/avatar\/7c7abf72cfde9902b6a60efe60c88d4c?s=96&d=mm&r=g\",\"contentUrl\":\"https:\/\/secure.gravatar.com\/avatar\/7c7abf72cfde9902b6a60efe60c88d4c?s=96&d=mm&r=g\",\"caption\":\"Mads Dreyer\"},\"description\":\"Skribent og fodboldn\u00f8rd, der lige nu fort\u00e6ller om alt og intet i fodboldverdenen p\u00e5 acefootball.com. Uddannet i kommunikation fra Aalborg Universitet.\",\"sameAs\":[\"https:\/\/www.linkedin.com\/in\/mads-dreyer-b9b08266\/\"],\"url\":\"https:\/\/acefootball.com\/da\/fodboldnyheder\/author\/mdnronaldo\/\"}]}<\/script>\n<!-- \/ Yoast SEO plugin. -->","yoast_head_json":{"title":"Klopp venter p\u00e5 Van Dijk: Som en hustru med en mand i f\u00e6ngsel","description":"Virgil van Dijk kan meget vel misse resten af s\u00e6sonen med en alvorlig kn\u00e6skade, som han p\u00e5drog sig i weekendens kamp mod Everton","robots":{"index":"index","follow":"follow","max-snippet":"max-snippet:-1","max-image-preview":"max-image-preview:large","max-video-preview":"max-video-preview:-1"},"canonical":"https:\/\/acefootball.com\/da\/fodboldnyheder\/klopp-venter-paa-van-dijk-som-en-hustru-med-en-mand-i-faengsel\/","og_locale":"en_US","og_type":"article","og_title":"Klopp venter p\u00e5 Van Dijk: Som en hustru med en mand i f\u00e6ngsel","og_description":"Virgil van Dijk kan meget vel misse resten af s\u00e6sonen med en alvorlig kn\u00e6skade, som han p\u00e5drog sig i weekendens kamp mod Everton","og_url":"https:\/\/acefootball.com\/da\/fodboldnyheder\/klopp-venter-paa-van-dijk-som-en-hustru-med-en-mand-i-faengsel\/","og_site_name":"Ace Football Danmark","article_publisher":"https:\/\/www.facebook.com\/acefootballdk","article_published_time":"2020-10-19T17:02:14+00:00","og_image":[{"width":1024,"height":755,"url":"https:\/\/acefootball.com\/da\/wp-content\/uploads\/sites\/2\/2020\/10\/GettyImages-1182282609.jpg","type":"image\/jpeg"}],"twitter_card":"summary_large_image","twitter_misc":{"Written by":"Mads Dreyer","Est. reading time":"1 minute"},"schema":{"@context":"https:\/\/schema.org","@graph":[{"@type":"Organization","@id":"https:\/\/acefootball.com\/da\/#organization","name":"Ace Football","url":"https:\/\/acefootball.com\/da\/","sameAs":["https:\/\/www.facebook.com\/acefootballdk"],"logo":{"@type":"ImageObject","@id":"https:\/\/acefootball.com\/da\/#logo","inLanguage":"en-US","url":"https:\/\/acefootball.com\/da\/wp-content\/uploads\/sites\/2\/2020\/07\/Ace-Football-30-07-2020-2.png","contentUrl":"https:\/\/acefootball.com\/da\/wp-content\/uploads\/sites\/2\/2020\/07\/Ace-Football-30-07-2020-2.png","width":1200,"height":600,"caption":"Ace Football"},"image":{"@id":"https:\/\/acefootball.com\/da\/#logo"}},{"@type":"WebSite","@id":"https:\/\/acefootball.com\/da\/#website","url":"https:\/\/acefootball.com\/da\/","name":"Ace Football Danmark","description":"Nyheder, Spiltips &amp; Livescore","publisher":{"@id":"https:\/\/acefootball.com\/da\/#organization"},"potentialAction":[{"@type":"SearchAction","target":{"@type":"EntryPoint","urlTemplate":"https:\/\/acefootball.com\/da\/?s={search_term_string}"},"query-input":"required name=search_term_string"}],"inLanguage":"en-US"},{"@type":"ImageObject","@id":"https:\/\/acefootball.com\/da\/fodboldnyheder\/klopp-venter-paa-van-dijk-som-en-hustru-med-en-mand-i-faengsel\/#primaryimage","inLanguage":"en-US","url":"https:\/\/acefootball.com\/da\/wp-content\/uploads\/sites\/2\/2020\/10\/GettyImages-1182282609.jpg","contentUrl":"https:\/\/acefootball.com\/da\/wp-content\/uploads\/sites\/2\/2020\/10\/GettyImages-1182282609.jpg","width":1024,"height":755,"caption":"MANCHESTER, ENGLAND - OCTOBER 20: Jurgen Klopp, Manager of Liverpool and Virgil van Dijk of Liverpool look on during the Premier League match between Manchester United and Liverpool FC at Old Trafford on October 20, 2019 in Manchester, United Kingdom. (Photo by Alex Livesey\/Getty Images)"},{"@type":"WebPage","@id":"https:\/\/acefootball.com\/da\/fodboldnyheder\/klopp-venter-paa-van-dijk-som-en-hustru-med-en-mand-i-faengsel\/#webpage","url":"https:\/\/acefootball.com\/da\/fodboldnyheder\/klopp-venter-paa-van-dijk-som-en-hustru-med-en-mand-i-faengsel\/","name":"Klopp venter p\u00e5 Van Dijk: Som en hustru med en mand i f\u00e6ngsel","isPartOf":{"@id":"https:\/\/acefootball.com\/da\/#website"},"primaryImageOfPage":{"@id":"https:\/\/acefootball.com\/da\/fodboldnyheder\/klopp-venter-paa-van-dijk-som-en-hustru-med-en-mand-i-faengsel\/#primaryimage"},"datePublished":"2020-10-19T17:02:14+00:00","dateModified":"2020-10-19T17:02:14+00:00","description":"Virgil van Dijk kan meget vel misse resten af s\u00e6sonen med en alvorlig kn\u00e6skade, som han p\u00e5drog sig i weekendens kamp mod Everton","breadcrumb":{"@id":"https:\/\/acefootball.com\/da\/fodboldnyheder\/klopp-venter-paa-van-dijk-som-en-hustru-med-en-mand-i-faengsel\/#breadcrumb"},"inLanguage":"en-US","potentialAction":[{"@type":"ReadAction","target":["https:\/\/acefootball.com\/da\/fodboldnyheder\/klopp-venter-paa-van-dijk-som-en-hustru-med-en-mand-i-faengsel\/"]}]},{"@type":"BreadcrumbList","@id":"https:\/\/acefootball.com\/da\/fodboldnyheder\/klopp-venter-paa-van-dijk-som-en-hustru-med-en-mand-i-faengsel\/#breadcrumb","itemListElement":[{"@type":"ListItem","position":1,"name":"Home","item":"https:\/\/acefootball.com\/da\/"},{"@type":"ListItem","position":2,"name":"Klopp venter p\u00e5 Van Dijk: Som en hustru med en mand i f\u00e6ngsel"}]},{"@type":"Article","@id":"https:\/\/acefootball.com\/da\/fodboldnyheder\/klopp-venter-paa-van-dijk-som-en-hustru-med-en-mand-i-faengsel\/#article","isPartOf":{"@id":"https:\/\/acefootball.com\/da\/fodboldnyheder\/klopp-venter-paa-van-dijk-som-en-hustru-med-en-mand-i-faengsel\/#webpage"},"author":{"@id":"https:\/\/acefootball.com\/da\/#\/schema\/person\/ee67e9cf04a276f144100ffa722f10cd"},"headline":"Klopp venter p\u00e5 Van Dijk: Som en hustru med en mand i f\u00e6ngsel","datePublished":"2020-10-19T17:02:14+00:00","dateModified":"2020-10-19T17:02:14+00:00","mainEntityOfPage":{"@id":"https:\/\/acefootball.com\/da\/fodboldnyheder\/klopp-venter-paa-van-dijk-som-en-hustru-med-en-mand-i-faengsel\/#webpage"},"wordCount":270,"commentCount":0,"publisher":{"@id":"https:\/\/acefootball.com\/da\/#organization"},"image":{"@id":"https:\/\/acefootball.com\/da\/fodboldnyheder\/klopp-venter-paa-van-dijk-som-en-hustru-med-en-mand-i-faengsel\/#primaryimage"},"thumbnailUrl":"https:\/\/acefootball.com\/da\/wp-content\/uploads\/sites\/2\/2020\/10\/GettyImages-1182282609.jpg","keywords":["J\u00fcrgen Klopp","Liverpool","Premier League","Virgil van Dijk"],"articleSection":["Udtalelse"],"inLanguage":"en-US","potentialAction":[{"@type":"CommentAction","name":"Comment","target":["https:\/\/acefootball.com\/da\/fodboldnyheder\/klopp-venter-paa-van-dijk-som-en-hustru-med-en-mand-i-faengsel\/#respond"]}]},{"@type":"Person","@id":"https:\/\/acefootball.com\/da\/#\/schema\/person\/ee67e9cf04a276f144100ffa722f10cd","name":"Mads Dreyer","image":{"@type":"ImageObject","@id":"https:\/\/acefootball.com\/da\/#personlogo","inLanguage":"en-US","url":"https:\/\/secure.gravatar.com\/avatar\/7c7abf72cfde9902b6a60efe60c88d4c?s=96&d=mm&r=g","contentUrl":"https:\/\/secure.gravatar.com\/avatar\/7c7abf72cfde9902b6a60efe60c88d4c?s=96&d=mm&r=g","caption":"Mads Dreyer"},"description":"Skribent og fodboldn\u00f8rd, der lige nu fort\u00e6ller om alt og intet i fodboldverdenen p\u00e5 acefootball.com. Uddannet i kommunikation fra Aalborg Universitet.","sameAs":["https:\/\/www.linkedin.com\/in\/mads-dreyer-b9b08266\/"],"url":"https:\/\/acefootball.com\/da\/fodboldnyheder\/author\/mdnronaldo\/"}]}},"fimg_url":"https:\/\/acefootball.com\/da\/wp-content\/uploads\/sites\/2\/2020\/10\/GettyImages-1182282609.jpg","_links":{"self":[{"href":"https:\/\/acefootball.com\/da\/wp-json\/wp\/v2\/posts\/240786"}],"collection":[{"href":"https:\/\/acefootball.com\/da\/wp-json\/wp\/v2\/posts"}],"about":[{"href":"https:\/\/acefootball.com\/da\/wp-json\/wp\/v2\/types\/post"}],"author":[{"embeddable":true,"href":"https:\/\/acefootball.com\/da\/wp-json\/wp\/v2\/users\/705"}],"replies":[{"embeddable":true,"href":"https:\/\/acefootball.com\/da\/wp-json\/wp\/v2\/comments?post=240786"}],"version-history":[{"count":0,"href":"https:\/\/acefootball.com\/da\/wp-json\/wp\/v2\/posts\/240786\/revisions"}],"wp:featuredmedia":[{"embeddable":true,"href":"https:\/\/acefootball.com\/da\/wp-json\/wp\/v2\/media\/240789"}],"wp:attachment":[{"href":"https:\/\/acefootball.com\/da\/wp-json\/wp\/v2\/media?parent=240786"}],"wp:term":[{"taxonomy":"category","embeddable":true,"href":"https:\/\/acefootball.com\/da\/wp-json\/wp\/v2\/categories?post=240786"},{"taxonomy":"post_tag","embeddable":true,"href":"https:\/\/acefootball.com\/da\/wp-json\/wp\/v2\/tags?post=240786"}],"curies":[{"name":"wp","href":"https:\/\/api.w.org\/{rel}","templated":true}]}}