{"id":240783,"date":"2020-10-19T18:11:02","date_gmt":"2020-10-19T16:11:02","guid":{"rendered":"https:\/\/acefootball.com\/da\/?p=240783"},"modified":"2020-10-19T18:12:54","modified_gmt":"2020-10-19T16:12:54","slug":"startsopstillinger-fc-nordsjaelland-randers-fc","status":"publish","type":"post","link":"https:\/\/acefootball.com\/da\/fodboldnyheder\/startsopstillinger-fc-nordsjaelland-randers-fc\/","title":{"rendered":"Startsopstillinger: FC Nordsj\u00e6lland &#8211; Randers FC"},"content":{"rendered":"\n<h2 id=\"h-der-er-udkommet-startopstillinger-til-aftenens-superliga-opg-r-mellem-fc-nordsj-lland-og-randers-fc-se-dem-her\">Der er udkommet startopstillinger til aftenens Superliga-opg\u00f8r mellem FC Nordsj\u00e6lland og Randers FC. Se dem her<\/h2>\n\n\n\n<div class=\"wp-block-si-widget wp-block-si-widget--center\"><si-lb-widget widget-id=\"MatchInfoWithOdds\" data-nopadding=\"true\" data-card=\"true\" width=\"440\" data-event-id=\"3389100\" data-provider=\"betfair\"><\/si-lb-widget><\/div>\n\n\n\n<p>Superligaens femte runde afsluttes mandag aften med opg\u00f8ret mellem FC Nordsj\u00e6lland og Randers FC, der brager sammen p\u00e5 Right to Dream Park.<\/p>\n\n\n\n<p>Der er nu udkommet startopstillinger fra begge mandskaber, og dem kan du se herunder:<\/p>\n\n\n\n<figure class=\"wp-block-embed-twitter wp-block-embed is-type-rich is-provider-twitter\"><div class=\"wp-block-embed__wrapper\">\n<blockquote class=\"twitter-tweet\" data-width=\"550\" data-dnt=\"true\"><p lang=\"da\" dir=\"ltr\">Dagens startopstilling er klar! \ud83d\udc40  <br><br>Vi spiller klokken 19.00 og kampen kan ses p\u00e5 TV3 Sport eller Viaplay \ud83d\udcfa<a href=\"https:\/\/twitter.com\/hashtag\/sldk?src=hash&amp;ref_src=twsrc%5Etfw\">#sldk<\/a> | <a href=\"https:\/\/twitter.com\/hashtag\/FCNRFC?src=hash&amp;ref_src=twsrc%5Etfw\">#FCNRFC<\/a> | <a href=\"https:\/\/twitter.com\/hashtag\/fcndk?src=hash&amp;ref_src=twsrc%5Etfw\">#fcndk<\/a> <a href=\"https:\/\/t.co\/lUA2VR44bW\">pic.twitter.com\/lUA2VR44bW<\/a><\/p>&mdash; FC Nordsj\u00e6lland \ud83d\udc2f (@FCNordsjaelland) <a href=\"https:\/\/twitter.com\/FCNordsjaelland\/status\/1318221110962458625?ref_src=twsrc%5Etfw\">October 19, 2020<\/a><\/blockquote><script async src=\"https:\/\/platform.twitter.com\/widgets.js\" charset=\"utf-8\"><\/script>\n<\/div><\/figure>\n\n\n\n<figure class=\"wp-block-embed-twitter wp-block-embed is-type-rich is-provider-twitter\"><div class=\"wp-block-embed__wrapper\">\n<blockquote class=\"twitter-tweet\" data-width=\"550\" data-dnt=\"true\"><p lang=\"da\" dir=\"ltr\">Start 1\ufe0f\u20e31\ufe0f\u20e3\u2019eren mod <a href=\"https:\/\/twitter.com\/FCNordsjaelland?ref_src=twsrc%5Etfw\">@FCNordsjaelland<\/a> !<br><br>Kom s\u00e5 Randers FC! \ud83d\udcaa\ud83c\udffc\ud83d\udc99<a href=\"https:\/\/twitter.com\/hashtag\/randersfc?src=hash&amp;ref_src=twsrc%5Etfw\">#randersfc<\/a> <a href=\"https:\/\/twitter.com\/hashtag\/sldk?src=hash&amp;ref_src=twsrc%5Etfw\">#sldk<\/a> <a href=\"https:\/\/t.co\/g1StXDu3ga\">pic.twitter.com\/g1StXDu3ga<\/a><\/p>&mdash; Randers FC (@Randers_FC) <a href=\"https:\/\/twitter.com\/Randers_FC\/status\/1318220640986562562?ref_src=twsrc%5Etfw\">October 19, 2020<\/a><\/blockquote><script async src=\"https:\/\/platform.twitter.com\/widgets.js\" charset=\"utf-8\"><\/script>\n<\/div><\/figure>\n","protected":false},"excerpt":{"rendered":"<p>Der er udkommet startopstillinger til aftenens Superliga-opg\u00f8r mellem FC Nordsj\u00e6lland og Randers FC. Se dem her<\/p>\n","protected":false},"author":705,"featured_media":238728,"comment_status":"open","ping_status":"closed","sticky":false,"template":"","format":"standard","meta":{"om_disable_all_campaigns":false,"push_articles_ronaldo":{"active":false,"canonical":0,"publish":false},"force_updates":null},"categories":[8062],"tags":[47,22,588],"enet_tags":{"team":["10202","8410"],"league":["46"],"sport_events":[3389100]},"yoast_head":"<!-- This site is optimized with the Yoast SEO plugin v18.3 - https:\/\/yoast.com\/wordpress\/plugins\/seo\/ -->\n<title>Startsopstillinger: FC Nordsj\u00e6lland - Randers FC<\/title>\n<meta name=\"description\" content=\"Der er udkommet startopstillinger til aftenens Superliga-opg\u00f8r mellem FC Nordsj\u00e6lland og Randers FC. Se dem her\" \/>\n<meta name=\"robots\" content=\"index, follow, max-snippet:-1, max-image-preview:large, max-video-preview:-1\" \/>\n<link rel=\"canonical\" href=\"https:\/\/acefootball.com\/da\/fodboldnyheder\/startsopstillinger-fc-nordsjaelland-randers-fc\/\" \/>\n<meta property=\"og:locale\" content=\"en_US\" \/>\n<meta property=\"og:type\" content=\"article\" \/>\n<meta property=\"og:title\" content=\"Startsopstillinger: FC Nordsj\u00e6lland - Randers FC\" \/>\n<meta property=\"og:description\" content=\"Der er udkommet startopstillinger til aftenens Superliga-opg\u00f8r mellem FC Nordsj\u00e6lland og Randers FC. Se dem her\" \/>\n<meta property=\"og:url\" content=\"https:\/\/acefootball.com\/da\/fodboldnyheder\/startsopstillinger-fc-nordsjaelland-randers-fc\/\" \/>\n<meta property=\"og:site_name\" content=\"Ace Football Danmark\" \/>\n<meta property=\"article:publisher\" content=\"https:\/\/www.facebook.com\/acefootballdk\" \/>\n<meta property=\"article:published_time\" content=\"2020-10-19T16:11:02+00:00\" \/>\n<meta property=\"article:modified_time\" content=\"2020-10-19T16:12:54+00:00\" \/>\n<meta property=\"og:image\" content=\"https:\/\/acefootball.com\/da\/wp-content\/uploads\/sites\/2\/2020\/09\/20200928-211138-L_68Mb.jpg\" \/>\n\t<meta property=\"og:image:width\" content=\"1000\" \/>\n\t<meta property=\"og:image:height\" content=\"563\" \/>\n\t<meta property=\"og:image:type\" content=\"image\/jpeg\" \/>\n<meta name=\"twitter:card\" content=\"summary_large_image\" \/>\n<meta name=\"twitter:label1\" content=\"Written by\" \/>\n\t<meta name=\"twitter:data1\" content=\"Mads Dreyer\" \/>\n<script type=\"application\/ld+json\" class=\"yoast-schema-graph\">{\"@context\":\"https:\/\/schema.org\",\"@graph\":[{\"@type\":\"Organization\",\"@id\":\"https:\/\/acefootball.com\/da\/#organization\",\"name\":\"Ace Football\",\"url\":\"https:\/\/acefootball.com\/da\/\",\"sameAs\":[\"https:\/\/www.facebook.com\/acefootballdk\"],\"logo\":{\"@type\":\"ImageObject\",\"@id\":\"https:\/\/acefootball.com\/da\/#logo\",\"inLanguage\":\"en-US\",\"url\":\"https:\/\/acefootball.com\/da\/wp-content\/uploads\/sites\/2\/2020\/07\/Ace-Football-30-07-2020-2.png\",\"contentUrl\":\"https:\/\/acefootball.com\/da\/wp-content\/uploads\/sites\/2\/2020\/07\/Ace-Football-30-07-2020-2.png\",\"width\":1200,\"height\":600,\"caption\":\"Ace Football\"},\"image\":{\"@id\":\"https:\/\/acefootball.com\/da\/#logo\"}},{\"@type\":\"WebSite\",\"@id\":\"https:\/\/acefootball.com\/da\/#website\",\"url\":\"https:\/\/acefootball.com\/da\/\",\"name\":\"Ace Football Danmark\",\"description\":\"Nyheder, Spiltips &amp; Livescore\",\"publisher\":{\"@id\":\"https:\/\/acefootball.com\/da\/#organization\"},\"potentialAction\":[{\"@type\":\"SearchAction\",\"target\":{\"@type\":\"EntryPoint\",\"urlTemplate\":\"https:\/\/acefootball.com\/da\/?s={search_term_string}\"},\"query-input\":\"required name=search_term_string\"}],\"inLanguage\":\"en-US\"},{\"@type\":\"ImageObject\",\"@id\":\"https:\/\/acefootball.com\/da\/fodboldnyheder\/startsopstillinger-fc-nordsjaelland-randers-fc\/#primaryimage\",\"inLanguage\":\"en-US\",\"url\":\"https:\/\/acefootball.com\/da\/wp-content\/uploads\/sites\/2\/2020\/09\/20200928-211138-L_68Mb.jpg\",\"contentUrl\":\"https:\/\/acefootball.com\/da\/wp-content\/uploads\/sites\/2\/2020\/09\/20200928-211138-L_68Mb.jpg\",\"width\":1000,\"height\":563,\"caption\":\"(Foto: Liselotte Sabroe\/Ritzau Scanpix)\"},{\"@type\":\"WebPage\",\"@id\":\"https:\/\/acefootball.com\/da\/fodboldnyheder\/startsopstillinger-fc-nordsjaelland-randers-fc\/#webpage\",\"url\":\"https:\/\/acefootball.com\/da\/fodboldnyheder\/startsopstillinger-fc-nordsjaelland-randers-fc\/\",\"name\":\"Startsopstillinger: FC Nordsj\u00e6lland - Randers FC\",\"isPartOf\":{\"@id\":\"https:\/\/acefootball.com\/da\/#website\"},\"primaryImageOfPage\":{\"@id\":\"https:\/\/acefootball.com\/da\/fodboldnyheder\/startsopstillinger-fc-nordsjaelland-randers-fc\/#primaryimage\"},\"datePublished\":\"2020-10-19T16:11:02+00:00\",\"dateModified\":\"2020-10-19T16:12:54+00:00\",\"description\":\"Der er udkommet startopstillinger til aftenens Superliga-opg\u00f8r mellem FC Nordsj\u00e6lland og Randers FC. Se dem her\",\"breadcrumb\":{\"@id\":\"https:\/\/acefootball.com\/da\/fodboldnyheder\/startsopstillinger-fc-nordsjaelland-randers-fc\/#breadcrumb\"},\"inLanguage\":\"en-US\",\"potentialAction\":[{\"@type\":\"ReadAction\",\"target\":[\"https:\/\/acefootball.com\/da\/fodboldnyheder\/startsopstillinger-fc-nordsjaelland-randers-fc\/\"]}]},{\"@type\":\"BreadcrumbList\",\"@id\":\"https:\/\/acefootball.com\/da\/fodboldnyheder\/startsopstillinger-fc-nordsjaelland-randers-fc\/#breadcrumb\",\"itemListElement\":[{\"@type\":\"ListItem\",\"position\":1,\"name\":\"Home\",\"item\":\"https:\/\/acefootball.com\/da\/\"},{\"@type\":\"ListItem\",\"position\":2,\"name\":\"Startsopstillinger: FC Nordsj\u00e6lland &#8211; Randers FC\"}]},{\"@type\":\"Article\",\"@id\":\"https:\/\/acefootball.com\/da\/fodboldnyheder\/startsopstillinger-fc-nordsjaelland-randers-fc\/#article\",\"isPartOf\":{\"@id\":\"https:\/\/acefootball.com\/da\/fodboldnyheder\/startsopstillinger-fc-nordsjaelland-randers-fc\/#webpage\"},\"author\":{\"@id\":\"https:\/\/acefootball.com\/da\/#\/schema\/person\/ee67e9cf04a276f144100ffa722f10cd\"},\"headline\":\"Startsopstillinger: FC Nordsj\u00e6lland &#8211; Randers FC\",\"datePublished\":\"2020-10-19T16:11:02+00:00\",\"dateModified\":\"2020-10-19T16:12:54+00:00\",\"mainEntityOfPage\":{\"@id\":\"https:\/\/acefootball.com\/da\/fodboldnyheder\/startsopstillinger-fc-nordsjaelland-randers-fc\/#webpage\"},\"wordCount\":74,\"commentCount\":0,\"publisher\":{\"@id\":\"https:\/\/acefootball.com\/da\/#organization\"},\"image\":{\"@id\":\"https:\/\/acefootball.com\/da\/fodboldnyheder\/startsopstillinger-fc-nordsjaelland-randers-fc\/#primaryimage\"},\"thumbnailUrl\":\"https:\/\/acefootball.com\/da\/wp-content\/uploads\/sites\/2\/2020\/09\/20200928-211138-L_68Mb.jpg\",\"keywords\":[\"FC Nordsj\u00e6lland\",\"Randers FC\",\"Superligaen\"],\"articleSection\":[\"Kamp\"],\"inLanguage\":\"en-US\",\"potentialAction\":[{\"@type\":\"CommentAction\",\"name\":\"Comment\",\"target\":[\"https:\/\/acefootball.com\/da\/fodboldnyheder\/startsopstillinger-fc-nordsjaelland-randers-fc\/#respond\"]}]},{\"@type\":\"Person\",\"@id\":\"https:\/\/acefootball.com\/da\/#\/schema\/person\/ee67e9cf04a276f144100ffa722f10cd\",\"name\":\"Mads Dreyer\",\"image\":{\"@type\":\"ImageObject\",\"@id\":\"https:\/\/acefootball.com\/da\/#personlogo\",\"inLanguage\":\"en-US\",\"url\":\"https:\/\/secure.gravatar.com\/avatar\/7c7abf72cfde9902b6a60efe60c88d4c?s=96&d=mm&r=g\",\"contentUrl\":\"https:\/\/secure.gravatar.com\/avatar\/7c7abf72cfde9902b6a60efe60c88d4c?s=96&d=mm&r=g\",\"caption\":\"Mads Dreyer\"},\"description\":\"Skribent og fodboldn\u00f8rd, der lige nu fort\u00e6ller om alt og intet i fodboldverdenen p\u00e5 acefootball.com. Uddannet i kommunikation fra Aalborg Universitet.\",\"sameAs\":[\"https:\/\/www.linkedin.com\/in\/mads-dreyer-b9b08266\/\"],\"url\":\"https:\/\/acefootball.com\/da\/fodboldnyheder\/author\/mdnronaldo\/\"}]}<\/script>\n<!-- \/ Yoast SEO plugin. -->","yoast_head_json":{"title":"Startsopstillinger: FC Nordsj\u00e6lland - Randers FC","description":"Der er udkommet startopstillinger til aftenens Superliga-opg\u00f8r mellem FC Nordsj\u00e6lland og Randers FC. Se dem her","robots":{"index":"index","follow":"follow","max-snippet":"max-snippet:-1","max-image-preview":"max-image-preview:large","max-video-preview":"max-video-preview:-1"},"canonical":"https:\/\/acefootball.com\/da\/fodboldnyheder\/startsopstillinger-fc-nordsjaelland-randers-fc\/","og_locale":"en_US","og_type":"article","og_title":"Startsopstillinger: FC Nordsj\u00e6lland - Randers FC","og_description":"Der er udkommet startopstillinger til aftenens Superliga-opg\u00f8r mellem FC Nordsj\u00e6lland og Randers FC. Se dem her","og_url":"https:\/\/acefootball.com\/da\/fodboldnyheder\/startsopstillinger-fc-nordsjaelland-randers-fc\/","og_site_name":"Ace Football Danmark","article_publisher":"https:\/\/www.facebook.com\/acefootballdk","article_published_time":"2020-10-19T16:11:02+00:00","article_modified_time":"2020-10-19T16:12:54+00:00","og_image":[{"width":1000,"height":563,"url":"https:\/\/acefootball.com\/da\/wp-content\/uploads\/sites\/2\/2020\/09\/20200928-211138-L_68Mb.jpg","type":"image\/jpeg"}],"twitter_card":"summary_large_image","twitter_misc":{"Written by":"Mads Dreyer"},"schema":{"@context":"https:\/\/schema.org","@graph":[{"@type":"Organization","@id":"https:\/\/acefootball.com\/da\/#organization","name":"Ace Football","url":"https:\/\/acefootball.com\/da\/","sameAs":["https:\/\/www.facebook.com\/acefootballdk"],"logo":{"@type":"ImageObject","@id":"https:\/\/acefootball.com\/da\/#logo","inLanguage":"en-US","url":"https:\/\/acefootball.com\/da\/wp-content\/uploads\/sites\/2\/2020\/07\/Ace-Football-30-07-2020-2.png","contentUrl":"https:\/\/acefootball.com\/da\/wp-content\/uploads\/sites\/2\/2020\/07\/Ace-Football-30-07-2020-2.png","width":1200,"height":600,"caption":"Ace Football"},"image":{"@id":"https:\/\/acefootball.com\/da\/#logo"}},{"@type":"WebSite","@id":"https:\/\/acefootball.com\/da\/#website","url":"https:\/\/acefootball.com\/da\/","name":"Ace Football Danmark","description":"Nyheder, Spiltips &amp; Livescore","publisher":{"@id":"https:\/\/acefootball.com\/da\/#organization"},"potentialAction":[{"@type":"SearchAction","target":{"@type":"EntryPoint","urlTemplate":"https:\/\/acefootball.com\/da\/?s={search_term_string}"},"query-input":"required name=search_term_string"}],"inLanguage":"en-US"},{"@type":"ImageObject","@id":"https:\/\/acefootball.com\/da\/fodboldnyheder\/startsopstillinger-fc-nordsjaelland-randers-fc\/#primaryimage","inLanguage":"en-US","url":"https:\/\/acefootball.com\/da\/wp-content\/uploads\/sites\/2\/2020\/09\/20200928-211138-L_68Mb.jpg","contentUrl":"https:\/\/acefootball.com\/da\/wp-content\/uploads\/sites\/2\/2020\/09\/20200928-211138-L_68Mb.jpg","width":1000,"height":563,"caption":"(Foto: Liselotte Sabroe\/Ritzau Scanpix)"},{"@type":"WebPage","@id":"https:\/\/acefootball.com\/da\/fodboldnyheder\/startsopstillinger-fc-nordsjaelland-randers-fc\/#webpage","url":"https:\/\/acefootball.com\/da\/fodboldnyheder\/startsopstillinger-fc-nordsjaelland-randers-fc\/","name":"Startsopstillinger: FC Nordsj\u00e6lland - Randers FC","isPartOf":{"@id":"https:\/\/acefootball.com\/da\/#website"},"primaryImageOfPage":{"@id":"https:\/\/acefootball.com\/da\/fodboldnyheder\/startsopstillinger-fc-nordsjaelland-randers-fc\/#primaryimage"},"datePublished":"2020-10-19T16:11:02+00:00","dateModified":"2020-10-19T16:12:54+00:00","description":"Der er udkommet startopstillinger til aftenens Superliga-opg\u00f8r mellem FC Nordsj\u00e6lland og Randers FC. Se dem her","breadcrumb":{"@id":"https:\/\/acefootball.com\/da\/fodboldnyheder\/startsopstillinger-fc-nordsjaelland-randers-fc\/#breadcrumb"},"inLanguage":"en-US","potentialAction":[{"@type":"ReadAction","target":["https:\/\/acefootball.com\/da\/fodboldnyheder\/startsopstillinger-fc-nordsjaelland-randers-fc\/"]}]},{"@type":"BreadcrumbList","@id":"https:\/\/acefootball.com\/da\/fodboldnyheder\/startsopstillinger-fc-nordsjaelland-randers-fc\/#breadcrumb","itemListElement":[{"@type":"ListItem","position":1,"name":"Home","item":"https:\/\/acefootball.com\/da\/"},{"@type":"ListItem","position":2,"name":"Startsopstillinger: FC Nordsj\u00e6lland &#8211; Randers FC"}]},{"@type":"Article","@id":"https:\/\/acefootball.com\/da\/fodboldnyheder\/startsopstillinger-fc-nordsjaelland-randers-fc\/#article","isPartOf":{"@id":"https:\/\/acefootball.com\/da\/fodboldnyheder\/startsopstillinger-fc-nordsjaelland-randers-fc\/#webpage"},"author":{"@id":"https:\/\/acefootball.com\/da\/#\/schema\/person\/ee67e9cf04a276f144100ffa722f10cd"},"headline":"Startsopstillinger: FC Nordsj\u00e6lland &#8211; Randers FC","datePublished":"2020-10-19T16:11:02+00:00","dateModified":"2020-10-19T16:12:54+00:00","mainEntityOfPage":{"@id":"https:\/\/acefootball.com\/da\/fodboldnyheder\/startsopstillinger-fc-nordsjaelland-randers-fc\/#webpage"},"wordCount":74,"commentCount":0,"publisher":{"@id":"https:\/\/acefootball.com\/da\/#organization"},"image":{"@id":"https:\/\/acefootball.com\/da\/fodboldnyheder\/startsopstillinger-fc-nordsjaelland-randers-fc\/#primaryimage"},"thumbnailUrl":"https:\/\/acefootball.com\/da\/wp-content\/uploads\/sites\/2\/2020\/09\/20200928-211138-L_68Mb.jpg","keywords":["FC Nordsj\u00e6lland","Randers FC","Superligaen"],"articleSection":["Kamp"],"inLanguage":"en-US","potentialAction":[{"@type":"CommentAction","name":"Comment","target":["https:\/\/acefootball.com\/da\/fodboldnyheder\/startsopstillinger-fc-nordsjaelland-randers-fc\/#respond"]}]},{"@type":"Person","@id":"https:\/\/acefootball.com\/da\/#\/schema\/person\/ee67e9cf04a276f144100ffa722f10cd","name":"Mads Dreyer","image":{"@type":"ImageObject","@id":"https:\/\/acefootball.com\/da\/#personlogo","inLanguage":"en-US","url":"https:\/\/secure.gravatar.com\/avatar\/7c7abf72cfde9902b6a60efe60c88d4c?s=96&d=mm&r=g","contentUrl":"https:\/\/secure.gravatar.com\/avatar\/7c7abf72cfde9902b6a60efe60c88d4c?s=96&d=mm&r=g","caption":"Mads Dreyer"},"description":"Skribent og fodboldn\u00f8rd, der lige nu fort\u00e6ller om alt og intet i fodboldverdenen p\u00e5 acefootball.com. Uddannet i kommunikation fra Aalborg Universitet.","sameAs":["https:\/\/www.linkedin.com\/in\/mads-dreyer-b9b08266\/"],"url":"https:\/\/acefootball.com\/da\/fodboldnyheder\/author\/mdnronaldo\/"}]}},"fimg_url":"https:\/\/acefootball.com\/da\/wp-content\/uploads\/sites\/2\/2020\/09\/20200928-211138-L_68Mb.jpg","_links":{"self":[{"href":"https:\/\/acefootball.com\/da\/wp-json\/wp\/v2\/posts\/240783"}],"collection":[{"href":"https:\/\/acefootball.com\/da\/wp-json\/wp\/v2\/posts"}],"about":[{"href":"https:\/\/acefootball.com\/da\/wp-json\/wp\/v2\/types\/post"}],"author":[{"embeddable":true,"href":"https:\/\/acefootball.com\/da\/wp-json\/wp\/v2\/users\/705"}],"replies":[{"embeddable":true,"href":"https:\/\/acefootball.com\/da\/wp-json\/wp\/v2\/comments?post=240783"}],"version-history":[{"count":0,"href":"https:\/\/acefootball.com\/da\/wp-json\/wp\/v2\/posts\/240783\/revisions"}],"wp:featuredmedia":[{"embeddable":true,"href":"https:\/\/acefootball.com\/da\/wp-json\/wp\/v2\/media\/238728"}],"wp:attachment":[{"href":"https:\/\/acefootball.com\/da\/wp-json\/wp\/v2\/media?parent=240783"}],"wp:term":[{"taxonomy":"category","embeddable":true,"href":"https:\/\/acefootball.com\/da\/wp-json\/wp\/v2\/categories?post=240783"},{"taxonomy":"post_tag","embeddable":true,"href":"https:\/\/acefootball.com\/da\/wp-json\/wp\/v2\/tags?post=240783"}],"curies":[{"name":"wp","href":"https:\/\/api.w.org\/{rel}","templated":true}]}}