{"id":240781,"date":"2020-10-19T17:53:15","date_gmt":"2020-10-19T15:53:15","guid":{"rendered":"https:\/\/acefootball.com\/da\/?p=240781"},"modified":"2020-10-19T17:54:39","modified_gmt":"2020-10-19T15:54:39","slug":"riddersholm-hylder-solbakken-jeg-kommer-til-at-savne-ham","status":"publish","type":"post","link":"https:\/\/acefootball.com\/da\/fodboldnyheder\/riddersholm-hylder-solbakken-jeg-kommer-til-at-savne-ham\/","title":{"rendered":"Riddersholm hylder Solbakken: Jeg kommer til at savne ham"},"content":{"rendered":"\n<h2 id=\"h-glen-riddersholm-ytrer-stor-respekt-for-st-le-solbakken-som-har-v-ret-med-til-at-flytte-dansk-fodbold-til-nye-h-jder\">Glen Riddersholm ytrer stor respekt for St\u00e5le Solbakken, som har v\u00e6ret med til at flytte dansk fodbold til nye h\u00f8jder<\/h2>\n\n\n\n<p>Der har i gennem flere \u00e5r v\u00e6ret t\u00e6ndt godt op under kedlerne, n\u00e5r Glen Riddersholm og St\u00e5le Solbakken har krydset klinger i Superligaen.<\/p>\n\n\n\n<p>Det er dog slut nu, efter nordmanden for lidt over en uge siden blev fyret i FC K\u00f8benhavn, og det er noget, der \u00e6rgrer Riddersholm, som kun har rosende ord at sige om &#8216;rivalen&#8217;.<\/p>\n\n\n\n<p>&#8220;I nyere tid er han jo en af de mest indflydelsesrige og markante personligheder i dansk fodbold, og det har man som kollega den allerdybeste og st\u00f8rste respekt for, og overraskelsen var lige s\u00e5 stor for mig som for alle andre,&#8221; udtaler Riddersholm til <a href=\"https:\/\/www.eurosport.dk\/fodbold\/3f-superliga\/2020-2021\/riddersholm-kommer-til-at-savne-duellerne-med-stale-han-har-vaeret-med-til-at-flytte-dansk-fodbold_vid1372867\/video.shtml\" target=\"_blank\" rel=\"noreferrer noopener\">Eurosport<\/a>.<\/p>\n\n\n\n<figure class=\"wp-block-embed-wordpress wp-block-embed is-type-wp-embed is-provider-ace-football-danmark\"><div class=\"wp-block-embed__wrapper\">\n<blockquote class=\"wp-embedded-content\" data-secret=\"NR29sqonnn\"><a href=\"https:\/\/acefootball.com\/da\/fodboldnyheder\/bidsk-toefting-gaar-i-koedet-paa-kvist-maerkelig-maade-at-optraede-paa\/\">Bidsk T\u00f8fting g\u00e5r i k\u00f8det p\u00e5 Kvist: M\u00e6rkelig m\u00e5de at optr\u00e6de p\u00e5<\/a><\/blockquote><iframe class=\"wp-embedded-content\" sandbox=\"allow-scripts\" security=\"restricted\" style=\"position: absolute; clip: rect(1px, 1px, 1px, 1px);\" title=\"&#8220;Bidsk T\u00f8fting g\u00e5r i k\u00f8det p\u00e5 Kvist: M\u00e6rkelig m\u00e5de at optr\u00e6de p\u00e5&#8221; &#8212; Ace Football Danmark\" src=\"https:\/\/acefootball.com\/da\/fodboldnyheder\/bidsk-toefting-gaar-i-koedet-paa-kvist-maerkelig-maade-at-optraede-paa\/embed\/#?secret=NR29sqonnn\" data-secret=\"NR29sqonnn\" width=\"600\" height=\"338\" frameborder=\"0\" marginwidth=\"0\" marginheight=\"0\" scrolling=\"no\"><\/iframe>\n<\/div><\/figure>\n\n\n\n<p>&#8220;Han har jo v\u00e6ret med til at flytte FC K\u00f8benhavn, men han har ogs\u00e5 v\u00e6ret med til at flytte dansk fodbold og vise, hvad man kan, b\u00e5de internationalt men ogs\u00e5 nationalt, med strukturer og kulturer og en masse andre ting.&#8221;<\/p>\n\n\n\n<p>&#8220;Han har jo, i hvert fald for mig som kollega, v\u00e6ret \u00e9n, man har kigget til for at se, hvad der skal til for at v\u00e6re b\u00e6redygtig. Jeg kommer til at savne ham i Superligaen, fordi vi har brug for st\u00e6rke personligheder, der kan flytte dansk fodbold, og det har St\u00e5le om nogen v\u00e6ret garant for.&#8221;<\/p>\n\n\n\n<p>Seneste duel mellem Riddersholm og Solbakken var i november sidste \u00e5r, hvor FC K\u00f8benhavn tog en 3-0-sejr i Parken.<\/p>\n","protected":false},"excerpt":{"rendered":"<p>Glen Riddersholm ytrer stor respekt for St\u00e5le Solbakken, som har v\u00e6ret med til at flytte dansk fodbold til nye h\u00f8jder<\/p>\n","protected":false},"author":705,"featured_media":235325,"comment_status":"open","ping_status":"closed","sticky":false,"template":"","format":"standard","meta":{"om_disable_all_campaigns":false,"push_articles_ronaldo":{"active":false,"canonical":0,"publish":false},"force_updates":null},"categories":[8204],"tags":[16,154,24,182,588],"enet_tags":{"team":["8391","8487"],"player":["260308","78638"],"league":["46"],"sport_events":[]},"yoast_head":"<!-- This site is optimized with the Yoast SEO plugin v18.3 - https:\/\/yoast.com\/wordpress\/plugins\/seo\/ -->\n<title>Riddersholm hylder Solbakken: Jeg kommer til at savne ham<\/title>\n<meta name=\"description\" content=\"Glen Riddersholm ytrer stor respekt for St\u00e5le Solbakken, som har v\u00e6ret med til at flytte dansk fodbold til nye h\u00f8jder\" \/>\n<meta name=\"robots\" content=\"index, follow, max-snippet:-1, max-image-preview:large, max-video-preview:-1\" \/>\n<link rel=\"canonical\" href=\"https:\/\/acefootball.com\/da\/fodboldnyheder\/riddersholm-hylder-solbakken-jeg-kommer-til-at-savne-ham\/\" \/>\n<meta property=\"og:locale\" content=\"en_US\" \/>\n<meta property=\"og:type\" content=\"article\" \/>\n<meta property=\"og:title\" content=\"Riddersholm hylder Solbakken: Jeg kommer til at savne ham\" \/>\n<meta property=\"og:description\" content=\"Glen Riddersholm ytrer stor respekt for St\u00e5le Solbakken, som har v\u00e6ret med til at flytte dansk fodbold til nye h\u00f8jder\" \/>\n<meta property=\"og:url\" content=\"https:\/\/acefootball.com\/da\/fodboldnyheder\/riddersholm-hylder-solbakken-jeg-kommer-til-at-savne-ham\/\" \/>\n<meta property=\"og:site_name\" content=\"Ace Football Danmark\" \/>\n<meta property=\"article:publisher\" content=\"https:\/\/www.facebook.com\/acefootballdk\" \/>\n<meta property=\"article:published_time\" content=\"2020-10-19T15:53:15+00:00\" \/>\n<meta property=\"article:modified_time\" content=\"2020-10-19T15:54:39+00:00\" \/>\n<meta property=\"og:image\" content=\"https:\/\/acefootball.com\/da\/wp-content\/uploads\/sites\/2\/2020\/08\/GettyImages-1179860976.jpg\" \/>\n\t<meta property=\"og:image:width\" content=\"1024\" \/>\n\t<meta property=\"og:image:height\" content=\"676\" \/>\n\t<meta property=\"og:image:type\" content=\"image\/jpeg\" \/>\n<meta name=\"twitter:card\" content=\"summary_large_image\" \/>\n<meta name=\"twitter:label1\" content=\"Written by\" \/>\n\t<meta name=\"twitter:data1\" content=\"Mads Dreyer\" \/>\n\t<meta name=\"twitter:label2\" content=\"Est. reading time\" \/>\n\t<meta name=\"twitter:data2\" content=\"1 minute\" \/>\n<script type=\"application\/ld+json\" class=\"yoast-schema-graph\">{\"@context\":\"https:\/\/schema.org\",\"@graph\":[{\"@type\":\"Organization\",\"@id\":\"https:\/\/acefootball.com\/da\/#organization\",\"name\":\"Ace Football\",\"url\":\"https:\/\/acefootball.com\/da\/\",\"sameAs\":[\"https:\/\/www.facebook.com\/acefootballdk\"],\"logo\":{\"@type\":\"ImageObject\",\"@id\":\"https:\/\/acefootball.com\/da\/#logo\",\"inLanguage\":\"en-US\",\"url\":\"https:\/\/acefootball.com\/da\/wp-content\/uploads\/sites\/2\/2020\/07\/Ace-Football-30-07-2020-2.png\",\"contentUrl\":\"https:\/\/acefootball.com\/da\/wp-content\/uploads\/sites\/2\/2020\/07\/Ace-Football-30-07-2020-2.png\",\"width\":1200,\"height\":600,\"caption\":\"Ace Football\"},\"image\":{\"@id\":\"https:\/\/acefootball.com\/da\/#logo\"}},{\"@type\":\"WebSite\",\"@id\":\"https:\/\/acefootball.com\/da\/#website\",\"url\":\"https:\/\/acefootball.com\/da\/\",\"name\":\"Ace Football Danmark\",\"description\":\"Nyheder, Spiltips &amp; Livescore\",\"publisher\":{\"@id\":\"https:\/\/acefootball.com\/da\/#organization\"},\"potentialAction\":[{\"@type\":\"SearchAction\",\"target\":{\"@type\":\"EntryPoint\",\"urlTemplate\":\"https:\/\/acefootball.com\/da\/?s={search_term_string}\"},\"query-input\":\"required name=search_term_string\"}],\"inLanguage\":\"en-US\"},{\"@type\":\"ImageObject\",\"@id\":\"https:\/\/acefootball.com\/da\/fodboldnyheder\/riddersholm-hylder-solbakken-jeg-kommer-til-at-savne-ham\/#primaryimage\",\"inLanguage\":\"en-US\",\"url\":\"https:\/\/acefootball.com\/da\/wp-content\/uploads\/sites\/2\/2020\/08\/GettyImages-1179860976.jpg\",\"contentUrl\":\"https:\/\/acefootball.com\/da\/wp-content\/uploads\/sites\/2\/2020\/08\/GettyImages-1179860976.jpg\",\"width\":1024,\"height\":676,\"caption\":\"COPENHAGEN, DENMARK - NOVEMBER 03: Stale Solbakken, head coach of FC Copenhagen and Glen Riddersholm, head coach of Sonderjyske shake hands prior to the Danish 3F Superliga match between FC Copenhagen and Sonderjyske at Telia Parken on November 3, 2019 in Copenhagen, Denmark. (Photo by Lars Ronbog \/ FrontZoneSport via Getty Images)\"},{\"@type\":\"WebPage\",\"@id\":\"https:\/\/acefootball.com\/da\/fodboldnyheder\/riddersholm-hylder-solbakken-jeg-kommer-til-at-savne-ham\/#webpage\",\"url\":\"https:\/\/acefootball.com\/da\/fodboldnyheder\/riddersholm-hylder-solbakken-jeg-kommer-til-at-savne-ham\/\",\"name\":\"Riddersholm hylder Solbakken: Jeg kommer til at savne ham\",\"isPartOf\":{\"@id\":\"https:\/\/acefootball.com\/da\/#website\"},\"primaryImageOfPage\":{\"@id\":\"https:\/\/acefootball.com\/da\/fodboldnyheder\/riddersholm-hylder-solbakken-jeg-kommer-til-at-savne-ham\/#primaryimage\"},\"datePublished\":\"2020-10-19T15:53:15+00:00\",\"dateModified\":\"2020-10-19T15:54:39+00:00\",\"description\":\"Glen Riddersholm ytrer stor respekt for St\u00e5le Solbakken, som har v\u00e6ret med til at flytte dansk fodbold til nye h\u00f8jder\",\"breadcrumb\":{\"@id\":\"https:\/\/acefootball.com\/da\/fodboldnyheder\/riddersholm-hylder-solbakken-jeg-kommer-til-at-savne-ham\/#breadcrumb\"},\"inLanguage\":\"en-US\",\"potentialAction\":[{\"@type\":\"ReadAction\",\"target\":[\"https:\/\/acefootball.com\/da\/fodboldnyheder\/riddersholm-hylder-solbakken-jeg-kommer-til-at-savne-ham\/\"]}]},{\"@type\":\"BreadcrumbList\",\"@id\":\"https:\/\/acefootball.com\/da\/fodboldnyheder\/riddersholm-hylder-solbakken-jeg-kommer-til-at-savne-ham\/#breadcrumb\",\"itemListElement\":[{\"@type\":\"ListItem\",\"position\":1,\"name\":\"Home\",\"item\":\"https:\/\/acefootball.com\/da\/\"},{\"@type\":\"ListItem\",\"position\":2,\"name\":\"Riddersholm hylder Solbakken: Jeg kommer til at savne ham\"}]},{\"@type\":\"Article\",\"@id\":\"https:\/\/acefootball.com\/da\/fodboldnyheder\/riddersholm-hylder-solbakken-jeg-kommer-til-at-savne-ham\/#article\",\"isPartOf\":{\"@id\":\"https:\/\/acefootball.com\/da\/fodboldnyheder\/riddersholm-hylder-solbakken-jeg-kommer-til-at-savne-ham\/#webpage\"},\"author\":{\"@id\":\"https:\/\/acefootball.com\/da\/#\/schema\/person\/ee67e9cf04a276f144100ffa722f10cd\"},\"headline\":\"Riddersholm hylder Solbakken: Jeg kommer til at savne ham\",\"datePublished\":\"2020-10-19T15:53:15+00:00\",\"dateModified\":\"2020-10-19T15:54:39+00:00\",\"mainEntityOfPage\":{\"@id\":\"https:\/\/acefootball.com\/da\/fodboldnyheder\/riddersholm-hylder-solbakken-jeg-kommer-til-at-savne-ham\/#webpage\"},\"wordCount\":273,\"commentCount\":0,\"publisher\":{\"@id\":\"https:\/\/acefootball.com\/da\/#organization\"},\"image\":{\"@id\":\"https:\/\/acefootball.com\/da\/fodboldnyheder\/riddersholm-hylder-solbakken-jeg-kommer-til-at-savne-ham\/#primaryimage\"},\"thumbnailUrl\":\"https:\/\/acefootball.com\/da\/wp-content\/uploads\/sites\/2\/2020\/08\/GettyImages-1179860976.jpg\",\"keywords\":[\"FC K\u00f8benhavn\",\"Glen Riddersholm\",\"S\u00f8nderjyskE\",\"St\u00e5le Solbakken\",\"Superligaen\"],\"articleSection\":[\"Udtalelse\"],\"inLanguage\":\"en-US\",\"potentialAction\":[{\"@type\":\"CommentAction\",\"name\":\"Comment\",\"target\":[\"https:\/\/acefootball.com\/da\/fodboldnyheder\/riddersholm-hylder-solbakken-jeg-kommer-til-at-savne-ham\/#respond\"]}]},{\"@type\":\"Person\",\"@id\":\"https:\/\/acefootball.com\/da\/#\/schema\/person\/ee67e9cf04a276f144100ffa722f10cd\",\"name\":\"Mads Dreyer\",\"image\":{\"@type\":\"ImageObject\",\"@id\":\"https:\/\/acefootball.com\/da\/#personlogo\",\"inLanguage\":\"en-US\",\"url\":\"https:\/\/secure.gravatar.com\/avatar\/7c7abf72cfde9902b6a60efe60c88d4c?s=96&d=mm&r=g\",\"contentUrl\":\"https:\/\/secure.gravatar.com\/avatar\/7c7abf72cfde9902b6a60efe60c88d4c?s=96&d=mm&r=g\",\"caption\":\"Mads Dreyer\"},\"description\":\"Skribent og fodboldn\u00f8rd, der lige nu fort\u00e6ller om alt og intet i fodboldverdenen p\u00e5 acefootball.com. Uddannet i kommunikation fra Aalborg Universitet.\",\"sameAs\":[\"https:\/\/www.linkedin.com\/in\/mads-dreyer-b9b08266\/\"],\"url\":\"https:\/\/acefootball.com\/da\/fodboldnyheder\/author\/mdnronaldo\/\"}]}<\/script>\n<!-- \/ Yoast SEO plugin. -->","yoast_head_json":{"title":"Riddersholm hylder Solbakken: Jeg kommer til at savne ham","description":"Glen Riddersholm ytrer stor respekt for St\u00e5le Solbakken, som har v\u00e6ret med til at flytte dansk fodbold til nye h\u00f8jder","robots":{"index":"index","follow":"follow","max-snippet":"max-snippet:-1","max-image-preview":"max-image-preview:large","max-video-preview":"max-video-preview:-1"},"canonical":"https:\/\/acefootball.com\/da\/fodboldnyheder\/riddersholm-hylder-solbakken-jeg-kommer-til-at-savne-ham\/","og_locale":"en_US","og_type":"article","og_title":"Riddersholm hylder Solbakken: Jeg kommer til at savne ham","og_description":"Glen Riddersholm ytrer stor respekt for St\u00e5le Solbakken, som har v\u00e6ret med til at flytte dansk fodbold til nye h\u00f8jder","og_url":"https:\/\/acefootball.com\/da\/fodboldnyheder\/riddersholm-hylder-solbakken-jeg-kommer-til-at-savne-ham\/","og_site_name":"Ace Football Danmark","article_publisher":"https:\/\/www.facebook.com\/acefootballdk","article_published_time":"2020-10-19T15:53:15+00:00","article_modified_time":"2020-10-19T15:54:39+00:00","og_image":[{"width":1024,"height":676,"url":"https:\/\/acefootball.com\/da\/wp-content\/uploads\/sites\/2\/2020\/08\/GettyImages-1179860976.jpg","type":"image\/jpeg"}],"twitter_card":"summary_large_image","twitter_misc":{"Written by":"Mads Dreyer","Est. reading time":"1 minute"},"schema":{"@context":"https:\/\/schema.org","@graph":[{"@type":"Organization","@id":"https:\/\/acefootball.com\/da\/#organization","name":"Ace Football","url":"https:\/\/acefootball.com\/da\/","sameAs":["https:\/\/www.facebook.com\/acefootballdk"],"logo":{"@type":"ImageObject","@id":"https:\/\/acefootball.com\/da\/#logo","inLanguage":"en-US","url":"https:\/\/acefootball.com\/da\/wp-content\/uploads\/sites\/2\/2020\/07\/Ace-Football-30-07-2020-2.png","contentUrl":"https:\/\/acefootball.com\/da\/wp-content\/uploads\/sites\/2\/2020\/07\/Ace-Football-30-07-2020-2.png","width":1200,"height":600,"caption":"Ace Football"},"image":{"@id":"https:\/\/acefootball.com\/da\/#logo"}},{"@type":"WebSite","@id":"https:\/\/acefootball.com\/da\/#website","url":"https:\/\/acefootball.com\/da\/","name":"Ace Football Danmark","description":"Nyheder, Spiltips &amp; Livescore","publisher":{"@id":"https:\/\/acefootball.com\/da\/#organization"},"potentialAction":[{"@type":"SearchAction","target":{"@type":"EntryPoint","urlTemplate":"https:\/\/acefootball.com\/da\/?s={search_term_string}"},"query-input":"required name=search_term_string"}],"inLanguage":"en-US"},{"@type":"ImageObject","@id":"https:\/\/acefootball.com\/da\/fodboldnyheder\/riddersholm-hylder-solbakken-jeg-kommer-til-at-savne-ham\/#primaryimage","inLanguage":"en-US","url":"https:\/\/acefootball.com\/da\/wp-content\/uploads\/sites\/2\/2020\/08\/GettyImages-1179860976.jpg","contentUrl":"https:\/\/acefootball.com\/da\/wp-content\/uploads\/sites\/2\/2020\/08\/GettyImages-1179860976.jpg","width":1024,"height":676,"caption":"COPENHAGEN, DENMARK - NOVEMBER 03: Stale Solbakken, head coach of FC Copenhagen and Glen Riddersholm, head coach of Sonderjyske shake hands prior to the Danish 3F Superliga match between FC Copenhagen and Sonderjyske at Telia Parken on November 3, 2019 in Copenhagen, Denmark. (Photo by Lars Ronbog \/ FrontZoneSport via Getty Images)"},{"@type":"WebPage","@id":"https:\/\/acefootball.com\/da\/fodboldnyheder\/riddersholm-hylder-solbakken-jeg-kommer-til-at-savne-ham\/#webpage","url":"https:\/\/acefootball.com\/da\/fodboldnyheder\/riddersholm-hylder-solbakken-jeg-kommer-til-at-savne-ham\/","name":"Riddersholm hylder Solbakken: Jeg kommer til at savne ham","isPartOf":{"@id":"https:\/\/acefootball.com\/da\/#website"},"primaryImageOfPage":{"@id":"https:\/\/acefootball.com\/da\/fodboldnyheder\/riddersholm-hylder-solbakken-jeg-kommer-til-at-savne-ham\/#primaryimage"},"datePublished":"2020-10-19T15:53:15+00:00","dateModified":"2020-10-19T15:54:39+00:00","description":"Glen Riddersholm ytrer stor respekt for St\u00e5le Solbakken, som har v\u00e6ret med til at flytte dansk fodbold til nye h\u00f8jder","breadcrumb":{"@id":"https:\/\/acefootball.com\/da\/fodboldnyheder\/riddersholm-hylder-solbakken-jeg-kommer-til-at-savne-ham\/#breadcrumb"},"inLanguage":"en-US","potentialAction":[{"@type":"ReadAction","target":["https:\/\/acefootball.com\/da\/fodboldnyheder\/riddersholm-hylder-solbakken-jeg-kommer-til-at-savne-ham\/"]}]},{"@type":"BreadcrumbList","@id":"https:\/\/acefootball.com\/da\/fodboldnyheder\/riddersholm-hylder-solbakken-jeg-kommer-til-at-savne-ham\/#breadcrumb","itemListElement":[{"@type":"ListItem","position":1,"name":"Home","item":"https:\/\/acefootball.com\/da\/"},{"@type":"ListItem","position":2,"name":"Riddersholm hylder Solbakken: Jeg kommer til at savne ham"}]},{"@type":"Article","@id":"https:\/\/acefootball.com\/da\/fodboldnyheder\/riddersholm-hylder-solbakken-jeg-kommer-til-at-savne-ham\/#article","isPartOf":{"@id":"https:\/\/acefootball.com\/da\/fodboldnyheder\/riddersholm-hylder-solbakken-jeg-kommer-til-at-savne-ham\/#webpage"},"author":{"@id":"https:\/\/acefootball.com\/da\/#\/schema\/person\/ee67e9cf04a276f144100ffa722f10cd"},"headline":"Riddersholm hylder Solbakken: Jeg kommer til at savne ham","datePublished":"2020-10-19T15:53:15+00:00","dateModified":"2020-10-19T15:54:39+00:00","mainEntityOfPage":{"@id":"https:\/\/acefootball.com\/da\/fodboldnyheder\/riddersholm-hylder-solbakken-jeg-kommer-til-at-savne-ham\/#webpage"},"wordCount":273,"commentCount":0,"publisher":{"@id":"https:\/\/acefootball.com\/da\/#organization"},"image":{"@id":"https:\/\/acefootball.com\/da\/fodboldnyheder\/riddersholm-hylder-solbakken-jeg-kommer-til-at-savne-ham\/#primaryimage"},"thumbnailUrl":"https:\/\/acefootball.com\/da\/wp-content\/uploads\/sites\/2\/2020\/08\/GettyImages-1179860976.jpg","keywords":["FC K\u00f8benhavn","Glen Riddersholm","S\u00f8nderjyskE","St\u00e5le Solbakken","Superligaen"],"articleSection":["Udtalelse"],"inLanguage":"en-US","potentialAction":[{"@type":"CommentAction","name":"Comment","target":["https:\/\/acefootball.com\/da\/fodboldnyheder\/riddersholm-hylder-solbakken-jeg-kommer-til-at-savne-ham\/#respond"]}]},{"@type":"Person","@id":"https:\/\/acefootball.com\/da\/#\/schema\/person\/ee67e9cf04a276f144100ffa722f10cd","name":"Mads Dreyer","image":{"@type":"ImageObject","@id":"https:\/\/acefootball.com\/da\/#personlogo","inLanguage":"en-US","url":"https:\/\/secure.gravatar.com\/avatar\/7c7abf72cfde9902b6a60efe60c88d4c?s=96&d=mm&r=g","contentUrl":"https:\/\/secure.gravatar.com\/avatar\/7c7abf72cfde9902b6a60efe60c88d4c?s=96&d=mm&r=g","caption":"Mads Dreyer"},"description":"Skribent og fodboldn\u00f8rd, der lige nu fort\u00e6ller om alt og intet i fodboldverdenen p\u00e5 acefootball.com. Uddannet i kommunikation fra Aalborg Universitet.","sameAs":["https:\/\/www.linkedin.com\/in\/mads-dreyer-b9b08266\/"],"url":"https:\/\/acefootball.com\/da\/fodboldnyheder\/author\/mdnronaldo\/"}]}},"fimg_url":"https:\/\/acefootball.com\/da\/wp-content\/uploads\/sites\/2\/2020\/08\/GettyImages-1179860976.jpg","_links":{"self":[{"href":"https:\/\/acefootball.com\/da\/wp-json\/wp\/v2\/posts\/240781"}],"collection":[{"href":"https:\/\/acefootball.com\/da\/wp-json\/wp\/v2\/posts"}],"about":[{"href":"https:\/\/acefootball.com\/da\/wp-json\/wp\/v2\/types\/post"}],"author":[{"embeddable":true,"href":"https:\/\/acefootball.com\/da\/wp-json\/wp\/v2\/users\/705"}],"replies":[{"embeddable":true,"href":"https:\/\/acefootball.com\/da\/wp-json\/wp\/v2\/comments?post=240781"}],"version-history":[{"count":0,"href":"https:\/\/acefootball.com\/da\/wp-json\/wp\/v2\/posts\/240781\/revisions"}],"wp:featuredmedia":[{"embeddable":true,"href":"https:\/\/acefootball.com\/da\/wp-json\/wp\/v2\/media\/235325"}],"wp:attachment":[{"href":"https:\/\/acefootball.com\/da\/wp-json\/wp\/v2\/media?parent=240781"}],"wp:term":[{"taxonomy":"category","embeddable":true,"href":"https:\/\/acefootball.com\/da\/wp-json\/wp\/v2\/categories?post=240781"},{"taxonomy":"post_tag","embeddable":true,"href":"https:\/\/acefootball.com\/da\/wp-json\/wp\/v2\/tags?post=240781"}],"curies":[{"name":"wp","href":"https:\/\/api.w.org\/{rel}","templated":true}]}}