{"id":240778,"date":"2020-10-19T16:40:32","date_gmt":"2020-10-19T14:40:32","guid":{"rendered":"https:\/\/acefootball.com\/da\/?p=240778"},"modified":"2020-10-19T16:40:33","modified_gmt":"2020-10-19T14:40:33","slug":"medie-vraget-agf-keeper-vil-hjem-til-sverige","status":"publish","type":"post","link":"https:\/\/acefootball.com\/da\/fodboldnyheder\/medie-vraget-agf-keeper-vil-hjem-til-sverige\/","title":{"rendered":"Medie: Vraget AGF-keeper vil hjem til Sverige"},"content":{"rendered":"\n<h2 id=\"h-william-eskelinen-har-mistet-pladsen-i-agf-m-let-og-nu-er-han-efter-sigende-klar-til-at-tage-konsekvensen-og-skifte-allerede-i-januar\">William Eskelinen har mistet pladsen i AGF-m\u00e5let, og nu er han efter sigende klar til at tage konsekvensen og skifte allerede i januar<\/h2>\n\n\n\n<p>Da AGF for f\u00e5 uger siden hentede Kamil Grabara tilbage til klubben, gik han direkte i startopstillingen, hvilket bet\u00f8d, at William Eskelinen formentlig m\u00e5 tage til takke med en reserverolle.<\/p>\n\n\n\n<p>Det virker det ikke til, at svenskeren er tilfreds med, for if\u00f8lge mediet <a href=\"https:\/\/fotbolldirekt.se\/2020\/10\/19\/avslojar-ingar-inte-i-planerna-kan-gora-allsvensk-comeback\" target=\"_blank\" rel=\"noreferrer noopener\">fotbolldirekt.se<\/a> er han nu klar til at afbryde kontrakten p\u00e5 Fredensvang.<\/p>\n\n\n\n<p>Mediet skriver, at Eskelinen allerede til januar kan forlade AGF, og han skulle selv g\u00e5 med \u00f8nsker om at vende tilbage til Allsvenskan. Inden skiftet til Danmark var Djurg\u00e5rden efter sigende ude med sn\u00f8ren.<\/p>\n\n\n\n<div class=\"wp-block-si-widget wp-block-si-widget--center\"><si-lb-widget widget-id=\"PlayerSeasonStatsSnap\" data-hide-controls=\"false\" width=\"440\" data-player-id=\"444247\"><\/si-lb-widget><\/div>\n\n\n\n<p>Den 24-\u00e5rige m\u00e5lmand har i sin tid i Superligaen v\u00e6ret st\u00e6rkt kritiseret efter flere tvivlsomme pr\u00e6stationer. AGF har dog altid konsekvent forsvaret ham.<\/p>\n\n\n\n<p>William Eskelinen har kontrakt frem til sommeren 2024.<\/p>\n","protected":false},"excerpt":{"rendered":"<p>William Eskelinen har mistet pladsen i AGF-m\u00e5let, og nu er han efter sigende klar til at tage konsekvensen og skifte allerede i januar<\/p>\n","protected":false},"author":705,"featured_media":240779,"comment_status":"open","ping_status":"closed","sticky":false,"template":"","format":"standard","meta":{"om_disable_all_campaigns":false,"push_articles_ronaldo":{"active":false,"canonical":0,"publish":false},"force_updates":null},"categories":[7],"tags":[18,1073,588,7679],"enet_tags":{"team":["8071"],"league":["67","46"],"player":["444247"],"sport_events":[]},"yoast_head":"<!-- This site is optimized with the Yoast SEO plugin v18.3 - https:\/\/yoast.com\/wordpress\/plugins\/seo\/ -->\n<title>Medie: Vraget AGF-keeper vil hjem til Sverige<\/title>\n<meta name=\"description\" content=\"William Eskelinen har mistet pladsen i AGF-m\u00e5let, og nu er han efter sigende klar til at tage konsekvensen og skifte allerede i januar\" \/>\n<meta name=\"robots\" content=\"index, follow, max-snippet:-1, max-image-preview:large, max-video-preview:-1\" \/>\n<link rel=\"canonical\" href=\"https:\/\/acefootball.com\/da\/fodboldnyheder\/medie-vraget-agf-keeper-vil-hjem-til-sverige\/\" \/>\n<meta property=\"og:locale\" content=\"en_US\" \/>\n<meta property=\"og:type\" content=\"article\" \/>\n<meta property=\"og:title\" content=\"Medie: Vraget AGF-keeper vil hjem til Sverige\" \/>\n<meta property=\"og:description\" content=\"William Eskelinen har mistet pladsen i AGF-m\u00e5let, og nu er han efter sigende klar til at tage konsekvensen og skifte allerede i januar\" \/>\n<meta property=\"og:url\" content=\"https:\/\/acefootball.com\/da\/fodboldnyheder\/medie-vraget-agf-keeper-vil-hjem-til-sverige\/\" \/>\n<meta property=\"og:site_name\" content=\"Ace Football Danmark\" \/>\n<meta property=\"article:publisher\" content=\"https:\/\/www.facebook.com\/acefootballdk\" \/>\n<meta property=\"article:published_time\" content=\"2020-10-19T14:40:32+00:00\" \/>\n<meta property=\"article:modified_time\" content=\"2020-10-19T14:40:33+00:00\" \/>\n<meta property=\"og:image\" content=\"https:\/\/acefootball.com\/da\/wp-content\/uploads\/sites\/2\/2020\/10\/GettyImages-1228620766.jpg\" \/>\n\t<meta property=\"og:image:width\" content=\"1024\" \/>\n\t<meta property=\"og:image:height\" content=\"683\" \/>\n\t<meta property=\"og:image:type\" content=\"image\/jpeg\" \/>\n<meta name=\"twitter:card\" content=\"summary_large_image\" \/>\n<meta name=\"twitter:label1\" content=\"Written by\" \/>\n\t<meta name=\"twitter:data1\" content=\"Mads Dreyer\" \/>\n\t<meta name=\"twitter:label2\" content=\"Est. reading time\" \/>\n\t<meta name=\"twitter:data2\" content=\"1 minute\" \/>\n<script type=\"application\/ld+json\" class=\"yoast-schema-graph\">{\"@context\":\"https:\/\/schema.org\",\"@graph\":[{\"@type\":\"Organization\",\"@id\":\"https:\/\/acefootball.com\/da\/#organization\",\"name\":\"Ace Football\",\"url\":\"https:\/\/acefootball.com\/da\/\",\"sameAs\":[\"https:\/\/www.facebook.com\/acefootballdk\"],\"logo\":{\"@type\":\"ImageObject\",\"@id\":\"https:\/\/acefootball.com\/da\/#logo\",\"inLanguage\":\"en-US\",\"url\":\"https:\/\/acefootball.com\/da\/wp-content\/uploads\/sites\/2\/2020\/07\/Ace-Football-30-07-2020-2.png\",\"contentUrl\":\"https:\/\/acefootball.com\/da\/wp-content\/uploads\/sites\/2\/2020\/07\/Ace-Football-30-07-2020-2.png\",\"width\":1200,\"height\":600,\"caption\":\"Ace Football\"},\"image\":{\"@id\":\"https:\/\/acefootball.com\/da\/#logo\"}},{\"@type\":\"WebSite\",\"@id\":\"https:\/\/acefootball.com\/da\/#website\",\"url\":\"https:\/\/acefootball.com\/da\/\",\"name\":\"Ace Football Danmark\",\"description\":\"Nyheder, Spiltips &amp; Livescore\",\"publisher\":{\"@id\":\"https:\/\/acefootball.com\/da\/#organization\"},\"potentialAction\":[{\"@type\":\"SearchAction\",\"target\":{\"@type\":\"EntryPoint\",\"urlTemplate\":\"https:\/\/acefootball.com\/da\/?s={search_term_string}\"},\"query-input\":\"required name=search_term_string\"}],\"inLanguage\":\"en-US\"},{\"@type\":\"ImageObject\",\"@id\":\"https:\/\/acefootball.com\/da\/fodboldnyheder\/medie-vraget-agf-keeper-vil-hjem-til-sverige\/#primaryimage\",\"inLanguage\":\"en-US\",\"url\":\"https:\/\/acefootball.com\/da\/wp-content\/uploads\/sites\/2\/2020\/10\/GettyImages-1228620766.jpg\",\"contentUrl\":\"https:\/\/acefootball.com\/da\/wp-content\/uploads\/sites\/2\/2020\/10\/GettyImages-1228620766.jpg\",\"width\":1024,\"height\":683,\"caption\":\"RANDERS, DENMARK - SEPTEMBER 20: (L to R) Goalkeeper William Eskelinen of AGF Arhus and Alhaji Kamara of Randers FC compete for the ball during the Danish 3F Superliga match between Randers FC and AGF Arhus at Cepheus Park Randers on September 20, 2020 in Randers, Denmark. (Photo by Jan Christensen \/ FrontzoneSport via Getty Images)\"},{\"@type\":\"WebPage\",\"@id\":\"https:\/\/acefootball.com\/da\/fodboldnyheder\/medie-vraget-agf-keeper-vil-hjem-til-sverige\/#webpage\",\"url\":\"https:\/\/acefootball.com\/da\/fodboldnyheder\/medie-vraget-agf-keeper-vil-hjem-til-sverige\/\",\"name\":\"Medie: Vraget AGF-keeper vil hjem til Sverige\",\"isPartOf\":{\"@id\":\"https:\/\/acefootball.com\/da\/#website\"},\"primaryImageOfPage\":{\"@id\":\"https:\/\/acefootball.com\/da\/fodboldnyheder\/medie-vraget-agf-keeper-vil-hjem-til-sverige\/#primaryimage\"},\"datePublished\":\"2020-10-19T14:40:32+00:00\",\"dateModified\":\"2020-10-19T14:40:33+00:00\",\"description\":\"William Eskelinen har mistet pladsen i AGF-m\u00e5let, og nu er han efter sigende klar til at tage konsekvensen og skifte allerede i januar\",\"breadcrumb\":{\"@id\":\"https:\/\/acefootball.com\/da\/fodboldnyheder\/medie-vraget-agf-keeper-vil-hjem-til-sverige\/#breadcrumb\"},\"inLanguage\":\"en-US\",\"potentialAction\":[{\"@type\":\"ReadAction\",\"target\":[\"https:\/\/acefootball.com\/da\/fodboldnyheder\/medie-vraget-agf-keeper-vil-hjem-til-sverige\/\"]}]},{\"@type\":\"BreadcrumbList\",\"@id\":\"https:\/\/acefootball.com\/da\/fodboldnyheder\/medie-vraget-agf-keeper-vil-hjem-til-sverige\/#breadcrumb\",\"itemListElement\":[{\"@type\":\"ListItem\",\"position\":1,\"name\":\"Home\",\"item\":\"https:\/\/acefootball.com\/da\/\"},{\"@type\":\"ListItem\",\"position\":2,\"name\":\"Medie: Vraget AGF-keeper vil hjem til Sverige\"}]},{\"@type\":\"Article\",\"@id\":\"https:\/\/acefootball.com\/da\/fodboldnyheder\/medie-vraget-agf-keeper-vil-hjem-til-sverige\/#article\",\"isPartOf\":{\"@id\":\"https:\/\/acefootball.com\/da\/fodboldnyheder\/medie-vraget-agf-keeper-vil-hjem-til-sverige\/#webpage\"},\"author\":{\"@id\":\"https:\/\/acefootball.com\/da\/#\/schema\/person\/ee67e9cf04a276f144100ffa722f10cd\"},\"headline\":\"Medie: Vraget AGF-keeper vil hjem til Sverige\",\"datePublished\":\"2020-10-19T14:40:32+00:00\",\"dateModified\":\"2020-10-19T14:40:33+00:00\",\"mainEntityOfPage\":{\"@id\":\"https:\/\/acefootball.com\/da\/fodboldnyheder\/medie-vraget-agf-keeper-vil-hjem-til-sverige\/#webpage\"},\"wordCount\":159,\"commentCount\":0,\"publisher\":{\"@id\":\"https:\/\/acefootball.com\/da\/#organization\"},\"image\":{\"@id\":\"https:\/\/acefootball.com\/da\/fodboldnyheder\/medie-vraget-agf-keeper-vil-hjem-til-sverige\/#primaryimage\"},\"thumbnailUrl\":\"https:\/\/acefootball.com\/da\/wp-content\/uploads\/sites\/2\/2020\/10\/GettyImages-1228620766.jpg\",\"keywords\":[\"AGF\",\"Allsvenskan\",\"Superligaen\",\"William Eskelinen\"],\"articleSection\":[\"Transfer\"],\"inLanguage\":\"en-US\",\"potentialAction\":[{\"@type\":\"CommentAction\",\"name\":\"Comment\",\"target\":[\"https:\/\/acefootball.com\/da\/fodboldnyheder\/medie-vraget-agf-keeper-vil-hjem-til-sverige\/#respond\"]}]},{\"@type\":\"Person\",\"@id\":\"https:\/\/acefootball.com\/da\/#\/schema\/person\/ee67e9cf04a276f144100ffa722f10cd\",\"name\":\"Mads Dreyer\",\"image\":{\"@type\":\"ImageObject\",\"@id\":\"https:\/\/acefootball.com\/da\/#personlogo\",\"inLanguage\":\"en-US\",\"url\":\"https:\/\/secure.gravatar.com\/avatar\/7c7abf72cfde9902b6a60efe60c88d4c?s=96&d=mm&r=g\",\"contentUrl\":\"https:\/\/secure.gravatar.com\/avatar\/7c7abf72cfde9902b6a60efe60c88d4c?s=96&d=mm&r=g\",\"caption\":\"Mads Dreyer\"},\"description\":\"Skribent og fodboldn\u00f8rd, der lige nu fort\u00e6ller om alt og intet i fodboldverdenen p\u00e5 acefootball.com. Uddannet i kommunikation fra Aalborg Universitet.\",\"sameAs\":[\"https:\/\/www.linkedin.com\/in\/mads-dreyer-b9b08266\/\"],\"url\":\"https:\/\/acefootball.com\/da\/fodboldnyheder\/author\/mdnronaldo\/\"}]}<\/script>\n<!-- \/ Yoast SEO plugin. -->","yoast_head_json":{"title":"Medie: Vraget AGF-keeper vil hjem til Sverige","description":"William Eskelinen har mistet pladsen i AGF-m\u00e5let, og nu er han efter sigende klar til at tage konsekvensen og skifte allerede i januar","robots":{"index":"index","follow":"follow","max-snippet":"max-snippet:-1","max-image-preview":"max-image-preview:large","max-video-preview":"max-video-preview:-1"},"canonical":"https:\/\/acefootball.com\/da\/fodboldnyheder\/medie-vraget-agf-keeper-vil-hjem-til-sverige\/","og_locale":"en_US","og_type":"article","og_title":"Medie: Vraget AGF-keeper vil hjem til Sverige","og_description":"William Eskelinen har mistet pladsen i AGF-m\u00e5let, og nu er han efter sigende klar til at tage konsekvensen og skifte allerede i januar","og_url":"https:\/\/acefootball.com\/da\/fodboldnyheder\/medie-vraget-agf-keeper-vil-hjem-til-sverige\/","og_site_name":"Ace Football Danmark","article_publisher":"https:\/\/www.facebook.com\/acefootballdk","article_published_time":"2020-10-19T14:40:32+00:00","article_modified_time":"2020-10-19T14:40:33+00:00","og_image":[{"width":1024,"height":683,"url":"https:\/\/acefootball.com\/da\/wp-content\/uploads\/sites\/2\/2020\/10\/GettyImages-1228620766.jpg","type":"image\/jpeg"}],"twitter_card":"summary_large_image","twitter_misc":{"Written by":"Mads Dreyer","Est. reading time":"1 minute"},"schema":{"@context":"https:\/\/schema.org","@graph":[{"@type":"Organization","@id":"https:\/\/acefootball.com\/da\/#organization","name":"Ace Football","url":"https:\/\/acefootball.com\/da\/","sameAs":["https:\/\/www.facebook.com\/acefootballdk"],"logo":{"@type":"ImageObject","@id":"https:\/\/acefootball.com\/da\/#logo","inLanguage":"en-US","url":"https:\/\/acefootball.com\/da\/wp-content\/uploads\/sites\/2\/2020\/07\/Ace-Football-30-07-2020-2.png","contentUrl":"https:\/\/acefootball.com\/da\/wp-content\/uploads\/sites\/2\/2020\/07\/Ace-Football-30-07-2020-2.png","width":1200,"height":600,"caption":"Ace Football"},"image":{"@id":"https:\/\/acefootball.com\/da\/#logo"}},{"@type":"WebSite","@id":"https:\/\/acefootball.com\/da\/#website","url":"https:\/\/acefootball.com\/da\/","name":"Ace Football Danmark","description":"Nyheder, Spiltips &amp; Livescore","publisher":{"@id":"https:\/\/acefootball.com\/da\/#organization"},"potentialAction":[{"@type":"SearchAction","target":{"@type":"EntryPoint","urlTemplate":"https:\/\/acefootball.com\/da\/?s={search_term_string}"},"query-input":"required name=search_term_string"}],"inLanguage":"en-US"},{"@type":"ImageObject","@id":"https:\/\/acefootball.com\/da\/fodboldnyheder\/medie-vraget-agf-keeper-vil-hjem-til-sverige\/#primaryimage","inLanguage":"en-US","url":"https:\/\/acefootball.com\/da\/wp-content\/uploads\/sites\/2\/2020\/10\/GettyImages-1228620766.jpg","contentUrl":"https:\/\/acefootball.com\/da\/wp-content\/uploads\/sites\/2\/2020\/10\/GettyImages-1228620766.jpg","width":1024,"height":683,"caption":"RANDERS, DENMARK - SEPTEMBER 20: (L to R) Goalkeeper William Eskelinen of AGF Arhus and Alhaji Kamara of Randers FC compete for the ball during the Danish 3F Superliga match between Randers FC and AGF Arhus at Cepheus Park Randers on September 20, 2020 in Randers, Denmark. (Photo by Jan Christensen \/ FrontzoneSport via Getty Images)"},{"@type":"WebPage","@id":"https:\/\/acefootball.com\/da\/fodboldnyheder\/medie-vraget-agf-keeper-vil-hjem-til-sverige\/#webpage","url":"https:\/\/acefootball.com\/da\/fodboldnyheder\/medie-vraget-agf-keeper-vil-hjem-til-sverige\/","name":"Medie: Vraget AGF-keeper vil hjem til Sverige","isPartOf":{"@id":"https:\/\/acefootball.com\/da\/#website"},"primaryImageOfPage":{"@id":"https:\/\/acefootball.com\/da\/fodboldnyheder\/medie-vraget-agf-keeper-vil-hjem-til-sverige\/#primaryimage"},"datePublished":"2020-10-19T14:40:32+00:00","dateModified":"2020-10-19T14:40:33+00:00","description":"William Eskelinen har mistet pladsen i AGF-m\u00e5let, og nu er han efter sigende klar til at tage konsekvensen og skifte allerede i januar","breadcrumb":{"@id":"https:\/\/acefootball.com\/da\/fodboldnyheder\/medie-vraget-agf-keeper-vil-hjem-til-sverige\/#breadcrumb"},"inLanguage":"en-US","potentialAction":[{"@type":"ReadAction","target":["https:\/\/acefootball.com\/da\/fodboldnyheder\/medie-vraget-agf-keeper-vil-hjem-til-sverige\/"]}]},{"@type":"BreadcrumbList","@id":"https:\/\/acefootball.com\/da\/fodboldnyheder\/medie-vraget-agf-keeper-vil-hjem-til-sverige\/#breadcrumb","itemListElement":[{"@type":"ListItem","position":1,"name":"Home","item":"https:\/\/acefootball.com\/da\/"},{"@type":"ListItem","position":2,"name":"Medie: Vraget AGF-keeper vil hjem til Sverige"}]},{"@type":"Article","@id":"https:\/\/acefootball.com\/da\/fodboldnyheder\/medie-vraget-agf-keeper-vil-hjem-til-sverige\/#article","isPartOf":{"@id":"https:\/\/acefootball.com\/da\/fodboldnyheder\/medie-vraget-agf-keeper-vil-hjem-til-sverige\/#webpage"},"author":{"@id":"https:\/\/acefootball.com\/da\/#\/schema\/person\/ee67e9cf04a276f144100ffa722f10cd"},"headline":"Medie: Vraget AGF-keeper vil hjem til Sverige","datePublished":"2020-10-19T14:40:32+00:00","dateModified":"2020-10-19T14:40:33+00:00","mainEntityOfPage":{"@id":"https:\/\/acefootball.com\/da\/fodboldnyheder\/medie-vraget-agf-keeper-vil-hjem-til-sverige\/#webpage"},"wordCount":159,"commentCount":0,"publisher":{"@id":"https:\/\/acefootball.com\/da\/#organization"},"image":{"@id":"https:\/\/acefootball.com\/da\/fodboldnyheder\/medie-vraget-agf-keeper-vil-hjem-til-sverige\/#primaryimage"},"thumbnailUrl":"https:\/\/acefootball.com\/da\/wp-content\/uploads\/sites\/2\/2020\/10\/GettyImages-1228620766.jpg","keywords":["AGF","Allsvenskan","Superligaen","William Eskelinen"],"articleSection":["Transfer"],"inLanguage":"en-US","potentialAction":[{"@type":"CommentAction","name":"Comment","target":["https:\/\/acefootball.com\/da\/fodboldnyheder\/medie-vraget-agf-keeper-vil-hjem-til-sverige\/#respond"]}]},{"@type":"Person","@id":"https:\/\/acefootball.com\/da\/#\/schema\/person\/ee67e9cf04a276f144100ffa722f10cd","name":"Mads Dreyer","image":{"@type":"ImageObject","@id":"https:\/\/acefootball.com\/da\/#personlogo","inLanguage":"en-US","url":"https:\/\/secure.gravatar.com\/avatar\/7c7abf72cfde9902b6a60efe60c88d4c?s=96&d=mm&r=g","contentUrl":"https:\/\/secure.gravatar.com\/avatar\/7c7abf72cfde9902b6a60efe60c88d4c?s=96&d=mm&r=g","caption":"Mads Dreyer"},"description":"Skribent og fodboldn\u00f8rd, der lige nu fort\u00e6ller om alt og intet i fodboldverdenen p\u00e5 acefootball.com. Uddannet i kommunikation fra Aalborg Universitet.","sameAs":["https:\/\/www.linkedin.com\/in\/mads-dreyer-b9b08266\/"],"url":"https:\/\/acefootball.com\/da\/fodboldnyheder\/author\/mdnronaldo\/"}]}},"fimg_url":"https:\/\/acefootball.com\/da\/wp-content\/uploads\/sites\/2\/2020\/10\/GettyImages-1228620766.jpg","_links":{"self":[{"href":"https:\/\/acefootball.com\/da\/wp-json\/wp\/v2\/posts\/240778"}],"collection":[{"href":"https:\/\/acefootball.com\/da\/wp-json\/wp\/v2\/posts"}],"about":[{"href":"https:\/\/acefootball.com\/da\/wp-json\/wp\/v2\/types\/post"}],"author":[{"embeddable":true,"href":"https:\/\/acefootball.com\/da\/wp-json\/wp\/v2\/users\/705"}],"replies":[{"embeddable":true,"href":"https:\/\/acefootball.com\/da\/wp-json\/wp\/v2\/comments?post=240778"}],"version-history":[{"count":0,"href":"https:\/\/acefootball.com\/da\/wp-json\/wp\/v2\/posts\/240778\/revisions"}],"wp:featuredmedia":[{"embeddable":true,"href":"https:\/\/acefootball.com\/da\/wp-json\/wp\/v2\/media\/240779"}],"wp:attachment":[{"href":"https:\/\/acefootball.com\/da\/wp-json\/wp\/v2\/media?parent=240778"}],"wp:term":[{"taxonomy":"category","embeddable":true,"href":"https:\/\/acefootball.com\/da\/wp-json\/wp\/v2\/categories?post=240778"},{"taxonomy":"post_tag","embeddable":true,"href":"https:\/\/acefootball.com\/da\/wp-json\/wp\/v2\/tags?post=240778"}],"curies":[{"name":"wp","href":"https:\/\/api.w.org\/{rel}","templated":true}]}}