{"id":240776,"date":"2020-10-19T16:25:11","date_gmt":"2020-10-19T14:25:11","guid":{"rendered":"https:\/\/acefootball.com\/da\/?p=240776"},"modified":"2020-10-19T16:25:12","modified_gmt":"2020-10-19T14:25:12","slug":"klopp-om-thiago-skade-ikke-i-naerheden-af-van-dijk","status":"publish","type":"post","link":"https:\/\/acefootball.com\/da\/fodboldnyheder\/klopp-om-thiago-skade-ikke-i-naerheden-af-van-dijk\/","title":{"rendered":"Klopp om Thiago-skade: Ikke i n\u00e6rheden af Van Dijk"},"content":{"rendered":"\n<h2 id=\"h-thiago-blev-m-dt-af-en-jerntackling-af-richarlison-i-l-rdagens-merseyside-derby-men-j-rgen-klopp-forsikrer-at-det-ikke-er-s-slemt-som-frygtet\">Thiago blev m\u00f8dt af en jerntackling af Richarlison i l\u00f8rdagens Merseyside-derby, men J\u00fcrgen Klopp forsikrer, at det ikke er s\u00e5 slemt som frygtet<\/h2>\n\n\n\n<div class=\"wp-block-si-widget wp-block-si-widget--center\"><si-lb-widget widget-id=\"MatchInfoWithOddsV2\" data-nopadding=\"true\" data-across-all-tournaments=\"false\" data-limit=\"5\" width=\"440\" data-event-id=\"3411391\" data-card=\"true\"><\/si-lb-widget><\/div>\n\n\n\n<p>L\u00f8rdagens Merseyside-derby gik h\u00e5rdt ud over et par af Liverpool-spillerne, da b\u00e5de Virgil van Dijk og Thiago m\u00e5tte forlade banen med knubs.<\/p>\n\n\n\n<p>Slemt ser det dog ud for holl\u00e6nderen, der muligvis kan v\u00e6re f\u00e6rdig for s\u00e6sonen. Derimod er der opmuntrende nyt for Thiago, der blev nedlagt af Richarlison i kampens d\u00f8ende minutter.<\/p>\n\n\n\n<p>&#8220;Han fik et h\u00e5rdt slag, men nu m\u00e5 vise. Det er ikke i n\u00e6rheden af at v\u00e6re lige s\u00e5 slemt som med Virgil van Dijk. Men om han er klar til onsdag? Det ved jeg ikke endnu. Vi m\u00e5 se,&#8221; fort\u00e6ller J\u00fcrgen Klopp til <a href=\"https:\/\/www.liverpoolfc.com\/news\/first-team\/412574-lfc-fitness-update-klopp-on-thiago-injury-keita-return-alisson-and-ox\" target=\"_blank\" rel=\"noreferrer noopener\">Liverpools hjemmeside<\/a>.<\/p>\n\n\n\n<figure class=\"wp-block-embed-wordpress wp-block-embed is-type-wp-embed is-provider-ace-football-danmark\"><div class=\"wp-block-embed__wrapper\">\n<blockquote class=\"wp-embedded-content\" data-secret=\"HgXuiVf7VK\"><a href=\"https:\/\/acefootball.com\/da\/fodboldnyheder\/saa-du-det-everton-spiller-jokede-med-roedt-kort-mod-liverpool\/\">S\u00e5 du det? Everton-spiller jokede med r\u00f8dt kort mod Liverpool<\/a><\/blockquote><iframe class=\"wp-embedded-content\" sandbox=\"allow-scripts\" security=\"restricted\" style=\"position: absolute; clip: rect(1px, 1px, 1px, 1px);\" title=\"&#8220;S\u00e5 du det? Everton-spiller jokede med r\u00f8dt kort mod Liverpool&#8221; &#8212; Ace Football Danmark\" src=\"https:\/\/acefootball.com\/da\/fodboldnyheder\/saa-du-det-everton-spiller-jokede-med-roedt-kort-mod-liverpool\/embed\/#?secret=HgXuiVf7VK\" data-secret=\"HgXuiVf7VK\" width=\"600\" height=\"338\" frameborder=\"0\" marginwidth=\"0\" marginheight=\"0\" scrolling=\"no\"><\/iframe>\n<\/div><\/figure>\n\n\n\n<p>Dermed \u00e5bner cheftr\u00e6neren op for, at midtbaneindk\u00f8bet allerede kan v\u00e6re i spil til onsdagens Champions League-kamp mod Ajax. Der mangler dog fortsat at komme svar p\u00e5 forskellige tests.<\/p>\n\n\n\n<p>Mere sikkert er det dog, at Naby Keita bliver klar, da han har testet negativ i den seneste coronapr\u00f8ve.<\/p>\n","protected":false},"excerpt":{"rendered":"<p>Thiago blev m\u00f8dt af en jerntackling af Richarlison i l\u00f8rdagens Merseyside-derby, men J\u00fcrgen Klopp forsikrer, at det ikke er s\u00e5 slemt som frygtet<\/p>\n","protected":false},"author":705,"featured_media":237946,"comment_status":"open","ping_status":"closed","sticky":false,"template":"","format":"standard","meta":{"om_disable_all_campaigns":false,"push_articles_ronaldo":{"active":false,"canonical":0,"publish":false},"force_updates":null},"categories":[8204],"tags":[135,132,134,1381],"enet_tags":{"player":["78660","172949"],"team":["8650"],"league":["47"],"sport_events":[3411391]},"yoast_head":"<!-- This site is optimized with the Yoast SEO plugin v18.3 - https:\/\/yoast.com\/wordpress\/plugins\/seo\/ -->\n<title>Klopp om Thiago-skade: Ikke i n\u00e6rheden af Van Dijk<\/title>\n<meta name=\"description\" content=\"Thiago blev m\u00f8dt af en jerntackling af Richarlison i l\u00f8rdagens Merseyside-derby, men J\u00fcrgen Klopp kommer nu med en positiv opdatering\" \/>\n<meta name=\"robots\" content=\"index, follow, max-snippet:-1, max-image-preview:large, max-video-preview:-1\" \/>\n<link rel=\"canonical\" href=\"https:\/\/acefootball.com\/da\/fodboldnyheder\/klopp-om-thiago-skade-ikke-i-naerheden-af-van-dijk\/\" \/>\n<meta property=\"og:locale\" content=\"en_US\" \/>\n<meta property=\"og:type\" content=\"article\" \/>\n<meta property=\"og:title\" content=\"Klopp om Thiago-skade: Ikke i n\u00e6rheden af Van Dijk\" \/>\n<meta property=\"og:description\" content=\"Thiago blev m\u00f8dt af en jerntackling af Richarlison i l\u00f8rdagens Merseyside-derby, men J\u00fcrgen Klopp kommer nu med en positiv opdatering\" \/>\n<meta property=\"og:url\" content=\"https:\/\/acefootball.com\/da\/fodboldnyheder\/klopp-om-thiago-skade-ikke-i-naerheden-af-van-dijk\/\" \/>\n<meta property=\"og:site_name\" content=\"Ace Football Danmark\" \/>\n<meta property=\"article:publisher\" content=\"https:\/\/www.facebook.com\/acefootballdk\" \/>\n<meta property=\"article:published_time\" content=\"2020-10-19T14:25:11+00:00\" \/>\n<meta property=\"article:modified_time\" content=\"2020-10-19T14:25:12+00:00\" \/>\n<meta property=\"og:image\" content=\"https:\/\/acefootball.com\/da\/wp-content\/uploads\/sites\/2\/2020\/09\/GettyImages-1273765728.jpg\" \/>\n\t<meta property=\"og:image:width\" content=\"1024\" \/>\n\t<meta property=\"og:image:height\" content=\"701\" \/>\n\t<meta property=\"og:image:type\" content=\"image\/jpeg\" \/>\n<meta name=\"twitter:card\" content=\"summary_large_image\" \/>\n<meta name=\"twitter:label1\" content=\"Written by\" \/>\n\t<meta name=\"twitter:data1\" content=\"Mads Dreyer\" \/>\n\t<meta name=\"twitter:label2\" content=\"Est. reading time\" \/>\n\t<meta name=\"twitter:data2\" content=\"1 minute\" \/>\n<script type=\"application\/ld+json\" class=\"yoast-schema-graph\">{\"@context\":\"https:\/\/schema.org\",\"@graph\":[{\"@type\":\"Organization\",\"@id\":\"https:\/\/acefootball.com\/da\/#organization\",\"name\":\"Ace Football\",\"url\":\"https:\/\/acefootball.com\/da\/\",\"sameAs\":[\"https:\/\/www.facebook.com\/acefootballdk\"],\"logo\":{\"@type\":\"ImageObject\",\"@id\":\"https:\/\/acefootball.com\/da\/#logo\",\"inLanguage\":\"en-US\",\"url\":\"https:\/\/acefootball.com\/da\/wp-content\/uploads\/sites\/2\/2020\/07\/Ace-Football-30-07-2020-2.png\",\"contentUrl\":\"https:\/\/acefootball.com\/da\/wp-content\/uploads\/sites\/2\/2020\/07\/Ace-Football-30-07-2020-2.png\",\"width\":1200,\"height\":600,\"caption\":\"Ace Football\"},\"image\":{\"@id\":\"https:\/\/acefootball.com\/da\/#logo\"}},{\"@type\":\"WebSite\",\"@id\":\"https:\/\/acefootball.com\/da\/#website\",\"url\":\"https:\/\/acefootball.com\/da\/\",\"name\":\"Ace Football Danmark\",\"description\":\"Nyheder, Spiltips &amp; Livescore\",\"publisher\":{\"@id\":\"https:\/\/acefootball.com\/da\/#organization\"},\"potentialAction\":[{\"@type\":\"SearchAction\",\"target\":{\"@type\":\"EntryPoint\",\"urlTemplate\":\"https:\/\/acefootball.com\/da\/?s={search_term_string}\"},\"query-input\":\"required name=search_term_string\"}],\"inLanguage\":\"en-US\"},{\"@type\":\"ImageObject\",\"@id\":\"https:\/\/acefootball.com\/da\/fodboldnyheder\/klopp-om-thiago-skade-ikke-i-naerheden-af-van-dijk\/#primaryimage\",\"inLanguage\":\"en-US\",\"url\":\"https:\/\/acefootball.com\/da\/wp-content\/uploads\/sites\/2\/2020\/09\/GettyImages-1273765728.jpg\",\"contentUrl\":\"https:\/\/acefootball.com\/da\/wp-content\/uploads\/sites\/2\/2020\/09\/GettyImages-1273765728.jpg\",\"width\":1024,\"height\":701,\"caption\":\"LONDON, ENGLAND - SEPTEMBER 20: Thiago Alcantara of Liverpool in action during the Premier League match between Chelsea and Liverpool at Stamford Bridge on September 20, 2020 in London, England. (Photo by Michael Regan\/Getty Images)\"},{\"@type\":\"WebPage\",\"@id\":\"https:\/\/acefootball.com\/da\/fodboldnyheder\/klopp-om-thiago-skade-ikke-i-naerheden-af-van-dijk\/#webpage\",\"url\":\"https:\/\/acefootball.com\/da\/fodboldnyheder\/klopp-om-thiago-skade-ikke-i-naerheden-af-van-dijk\/\",\"name\":\"Klopp om Thiago-skade: Ikke i n\u00e6rheden af Van Dijk\",\"isPartOf\":{\"@id\":\"https:\/\/acefootball.com\/da\/#website\"},\"primaryImageOfPage\":{\"@id\":\"https:\/\/acefootball.com\/da\/fodboldnyheder\/klopp-om-thiago-skade-ikke-i-naerheden-af-van-dijk\/#primaryimage\"},\"datePublished\":\"2020-10-19T14:25:11+00:00\",\"dateModified\":\"2020-10-19T14:25:12+00:00\",\"description\":\"Thiago blev m\u00f8dt af en jerntackling af Richarlison i l\u00f8rdagens Merseyside-derby, men J\u00fcrgen Klopp kommer nu med en positiv opdatering\",\"breadcrumb\":{\"@id\":\"https:\/\/acefootball.com\/da\/fodboldnyheder\/klopp-om-thiago-skade-ikke-i-naerheden-af-van-dijk\/#breadcrumb\"},\"inLanguage\":\"en-US\",\"potentialAction\":[{\"@type\":\"ReadAction\",\"target\":[\"https:\/\/acefootball.com\/da\/fodboldnyheder\/klopp-om-thiago-skade-ikke-i-naerheden-af-van-dijk\/\"]}]},{\"@type\":\"BreadcrumbList\",\"@id\":\"https:\/\/acefootball.com\/da\/fodboldnyheder\/klopp-om-thiago-skade-ikke-i-naerheden-af-van-dijk\/#breadcrumb\",\"itemListElement\":[{\"@type\":\"ListItem\",\"position\":1,\"name\":\"Home\",\"item\":\"https:\/\/acefootball.com\/da\/\"},{\"@type\":\"ListItem\",\"position\":2,\"name\":\"Klopp om Thiago-skade: Ikke i n\u00e6rheden af Van Dijk\"}]},{\"@type\":\"Article\",\"@id\":\"https:\/\/acefootball.com\/da\/fodboldnyheder\/klopp-om-thiago-skade-ikke-i-naerheden-af-van-dijk\/#article\",\"isPartOf\":{\"@id\":\"https:\/\/acefootball.com\/da\/fodboldnyheder\/klopp-om-thiago-skade-ikke-i-naerheden-af-van-dijk\/#webpage\"},\"author\":{\"@id\":\"https:\/\/acefootball.com\/da\/#\/schema\/person\/ee67e9cf04a276f144100ffa722f10cd\"},\"headline\":\"Klopp om Thiago-skade: Ikke i n\u00e6rheden af Van Dijk\",\"datePublished\":\"2020-10-19T14:25:11+00:00\",\"dateModified\":\"2020-10-19T14:25:12+00:00\",\"mainEntityOfPage\":{\"@id\":\"https:\/\/acefootball.com\/da\/fodboldnyheder\/klopp-om-thiago-skade-ikke-i-naerheden-af-van-dijk\/#webpage\"},\"wordCount\":205,\"commentCount\":0,\"publisher\":{\"@id\":\"https:\/\/acefootball.com\/da\/#organization\"},\"image\":{\"@id\":\"https:\/\/acefootball.com\/da\/fodboldnyheder\/klopp-om-thiago-skade-ikke-i-naerheden-af-van-dijk\/#primaryimage\"},\"thumbnailUrl\":\"https:\/\/acefootball.com\/da\/wp-content\/uploads\/sites\/2\/2020\/09\/GettyImages-1273765728.jpg\",\"keywords\":[\"J\u00fcrgen Klopp\",\"Liverpool\",\"Premier League\",\"Thiago Alc\u00e2ntara\"],\"articleSection\":[\"Udtalelse\"],\"inLanguage\":\"en-US\",\"potentialAction\":[{\"@type\":\"CommentAction\",\"name\":\"Comment\",\"target\":[\"https:\/\/acefootball.com\/da\/fodboldnyheder\/klopp-om-thiago-skade-ikke-i-naerheden-af-van-dijk\/#respond\"]}]},{\"@type\":\"Person\",\"@id\":\"https:\/\/acefootball.com\/da\/#\/schema\/person\/ee67e9cf04a276f144100ffa722f10cd\",\"name\":\"Mads Dreyer\",\"image\":{\"@type\":\"ImageObject\",\"@id\":\"https:\/\/acefootball.com\/da\/#personlogo\",\"inLanguage\":\"en-US\",\"url\":\"https:\/\/secure.gravatar.com\/avatar\/7c7abf72cfde9902b6a60efe60c88d4c?s=96&d=mm&r=g\",\"contentUrl\":\"https:\/\/secure.gravatar.com\/avatar\/7c7abf72cfde9902b6a60efe60c88d4c?s=96&d=mm&r=g\",\"caption\":\"Mads Dreyer\"},\"description\":\"Skribent og fodboldn\u00f8rd, der lige nu fort\u00e6ller om alt og intet i fodboldverdenen p\u00e5 acefootball.com. Uddannet i kommunikation fra Aalborg Universitet.\",\"sameAs\":[\"https:\/\/www.linkedin.com\/in\/mads-dreyer-b9b08266\/\"],\"url\":\"https:\/\/acefootball.com\/da\/fodboldnyheder\/author\/mdnronaldo\/\"}]}<\/script>\n<!-- \/ Yoast SEO plugin. -->","yoast_head_json":{"title":"Klopp om Thiago-skade: Ikke i n\u00e6rheden af Van Dijk","description":"Thiago blev m\u00f8dt af en jerntackling af Richarlison i l\u00f8rdagens Merseyside-derby, men J\u00fcrgen Klopp kommer nu med en positiv opdatering","robots":{"index":"index","follow":"follow","max-snippet":"max-snippet:-1","max-image-preview":"max-image-preview:large","max-video-preview":"max-video-preview:-1"},"canonical":"https:\/\/acefootball.com\/da\/fodboldnyheder\/klopp-om-thiago-skade-ikke-i-naerheden-af-van-dijk\/","og_locale":"en_US","og_type":"article","og_title":"Klopp om Thiago-skade: Ikke i n\u00e6rheden af Van Dijk","og_description":"Thiago blev m\u00f8dt af en jerntackling af Richarlison i l\u00f8rdagens Merseyside-derby, men J\u00fcrgen Klopp kommer nu med en positiv opdatering","og_url":"https:\/\/acefootball.com\/da\/fodboldnyheder\/klopp-om-thiago-skade-ikke-i-naerheden-af-van-dijk\/","og_site_name":"Ace Football Danmark","article_publisher":"https:\/\/www.facebook.com\/acefootballdk","article_published_time":"2020-10-19T14:25:11+00:00","article_modified_time":"2020-10-19T14:25:12+00:00","og_image":[{"width":1024,"height":701,"url":"https:\/\/acefootball.com\/da\/wp-content\/uploads\/sites\/2\/2020\/09\/GettyImages-1273765728.jpg","type":"image\/jpeg"}],"twitter_card":"summary_large_image","twitter_misc":{"Written by":"Mads Dreyer","Est. reading time":"1 minute"},"schema":{"@context":"https:\/\/schema.org","@graph":[{"@type":"Organization","@id":"https:\/\/acefootball.com\/da\/#organization","name":"Ace Football","url":"https:\/\/acefootball.com\/da\/","sameAs":["https:\/\/www.facebook.com\/acefootballdk"],"logo":{"@type":"ImageObject","@id":"https:\/\/acefootball.com\/da\/#logo","inLanguage":"en-US","url":"https:\/\/acefootball.com\/da\/wp-content\/uploads\/sites\/2\/2020\/07\/Ace-Football-30-07-2020-2.png","contentUrl":"https:\/\/acefootball.com\/da\/wp-content\/uploads\/sites\/2\/2020\/07\/Ace-Football-30-07-2020-2.png","width":1200,"height":600,"caption":"Ace Football"},"image":{"@id":"https:\/\/acefootball.com\/da\/#logo"}},{"@type":"WebSite","@id":"https:\/\/acefootball.com\/da\/#website","url":"https:\/\/acefootball.com\/da\/","name":"Ace Football Danmark","description":"Nyheder, Spiltips &amp; Livescore","publisher":{"@id":"https:\/\/acefootball.com\/da\/#organization"},"potentialAction":[{"@type":"SearchAction","target":{"@type":"EntryPoint","urlTemplate":"https:\/\/acefootball.com\/da\/?s={search_term_string}"},"query-input":"required name=search_term_string"}],"inLanguage":"en-US"},{"@type":"ImageObject","@id":"https:\/\/acefootball.com\/da\/fodboldnyheder\/klopp-om-thiago-skade-ikke-i-naerheden-af-van-dijk\/#primaryimage","inLanguage":"en-US","url":"https:\/\/acefootball.com\/da\/wp-content\/uploads\/sites\/2\/2020\/09\/GettyImages-1273765728.jpg","contentUrl":"https:\/\/acefootball.com\/da\/wp-content\/uploads\/sites\/2\/2020\/09\/GettyImages-1273765728.jpg","width":1024,"height":701,"caption":"LONDON, ENGLAND - SEPTEMBER 20: Thiago Alcantara of Liverpool in action during the Premier League match between Chelsea and Liverpool at Stamford Bridge on September 20, 2020 in London, England. (Photo by Michael Regan\/Getty Images)"},{"@type":"WebPage","@id":"https:\/\/acefootball.com\/da\/fodboldnyheder\/klopp-om-thiago-skade-ikke-i-naerheden-af-van-dijk\/#webpage","url":"https:\/\/acefootball.com\/da\/fodboldnyheder\/klopp-om-thiago-skade-ikke-i-naerheden-af-van-dijk\/","name":"Klopp om Thiago-skade: Ikke i n\u00e6rheden af Van Dijk","isPartOf":{"@id":"https:\/\/acefootball.com\/da\/#website"},"primaryImageOfPage":{"@id":"https:\/\/acefootball.com\/da\/fodboldnyheder\/klopp-om-thiago-skade-ikke-i-naerheden-af-van-dijk\/#primaryimage"},"datePublished":"2020-10-19T14:25:11+00:00","dateModified":"2020-10-19T14:25:12+00:00","description":"Thiago blev m\u00f8dt af en jerntackling af Richarlison i l\u00f8rdagens Merseyside-derby, men J\u00fcrgen Klopp kommer nu med en positiv opdatering","breadcrumb":{"@id":"https:\/\/acefootball.com\/da\/fodboldnyheder\/klopp-om-thiago-skade-ikke-i-naerheden-af-van-dijk\/#breadcrumb"},"inLanguage":"en-US","potentialAction":[{"@type":"ReadAction","target":["https:\/\/acefootball.com\/da\/fodboldnyheder\/klopp-om-thiago-skade-ikke-i-naerheden-af-van-dijk\/"]}]},{"@type":"BreadcrumbList","@id":"https:\/\/acefootball.com\/da\/fodboldnyheder\/klopp-om-thiago-skade-ikke-i-naerheden-af-van-dijk\/#breadcrumb","itemListElement":[{"@type":"ListItem","position":1,"name":"Home","item":"https:\/\/acefootball.com\/da\/"},{"@type":"ListItem","position":2,"name":"Klopp om Thiago-skade: Ikke i n\u00e6rheden af Van Dijk"}]},{"@type":"Article","@id":"https:\/\/acefootball.com\/da\/fodboldnyheder\/klopp-om-thiago-skade-ikke-i-naerheden-af-van-dijk\/#article","isPartOf":{"@id":"https:\/\/acefootball.com\/da\/fodboldnyheder\/klopp-om-thiago-skade-ikke-i-naerheden-af-van-dijk\/#webpage"},"author":{"@id":"https:\/\/acefootball.com\/da\/#\/schema\/person\/ee67e9cf04a276f144100ffa722f10cd"},"headline":"Klopp om Thiago-skade: Ikke i n\u00e6rheden af Van Dijk","datePublished":"2020-10-19T14:25:11+00:00","dateModified":"2020-10-19T14:25:12+00:00","mainEntityOfPage":{"@id":"https:\/\/acefootball.com\/da\/fodboldnyheder\/klopp-om-thiago-skade-ikke-i-naerheden-af-van-dijk\/#webpage"},"wordCount":205,"commentCount":0,"publisher":{"@id":"https:\/\/acefootball.com\/da\/#organization"},"image":{"@id":"https:\/\/acefootball.com\/da\/fodboldnyheder\/klopp-om-thiago-skade-ikke-i-naerheden-af-van-dijk\/#primaryimage"},"thumbnailUrl":"https:\/\/acefootball.com\/da\/wp-content\/uploads\/sites\/2\/2020\/09\/GettyImages-1273765728.jpg","keywords":["J\u00fcrgen Klopp","Liverpool","Premier League","Thiago Alc\u00e2ntara"],"articleSection":["Udtalelse"],"inLanguage":"en-US","potentialAction":[{"@type":"CommentAction","name":"Comment","target":["https:\/\/acefootball.com\/da\/fodboldnyheder\/klopp-om-thiago-skade-ikke-i-naerheden-af-van-dijk\/#respond"]}]},{"@type":"Person","@id":"https:\/\/acefootball.com\/da\/#\/schema\/person\/ee67e9cf04a276f144100ffa722f10cd","name":"Mads Dreyer","image":{"@type":"ImageObject","@id":"https:\/\/acefootball.com\/da\/#personlogo","inLanguage":"en-US","url":"https:\/\/secure.gravatar.com\/avatar\/7c7abf72cfde9902b6a60efe60c88d4c?s=96&d=mm&r=g","contentUrl":"https:\/\/secure.gravatar.com\/avatar\/7c7abf72cfde9902b6a60efe60c88d4c?s=96&d=mm&r=g","caption":"Mads Dreyer"},"description":"Skribent og fodboldn\u00f8rd, der lige nu fort\u00e6ller om alt og intet i fodboldverdenen p\u00e5 acefootball.com. Uddannet i kommunikation fra Aalborg Universitet.","sameAs":["https:\/\/www.linkedin.com\/in\/mads-dreyer-b9b08266\/"],"url":"https:\/\/acefootball.com\/da\/fodboldnyheder\/author\/mdnronaldo\/"}]}},"fimg_url":"https:\/\/acefootball.com\/da\/wp-content\/uploads\/sites\/2\/2020\/09\/GettyImages-1273765728.jpg","_links":{"self":[{"href":"https:\/\/acefootball.com\/da\/wp-json\/wp\/v2\/posts\/240776"}],"collection":[{"href":"https:\/\/acefootball.com\/da\/wp-json\/wp\/v2\/posts"}],"about":[{"href":"https:\/\/acefootball.com\/da\/wp-json\/wp\/v2\/types\/post"}],"author":[{"embeddable":true,"href":"https:\/\/acefootball.com\/da\/wp-json\/wp\/v2\/users\/705"}],"replies":[{"embeddable":true,"href":"https:\/\/acefootball.com\/da\/wp-json\/wp\/v2\/comments?post=240776"}],"version-history":[{"count":0,"href":"https:\/\/acefootball.com\/da\/wp-json\/wp\/v2\/posts\/240776\/revisions"}],"wp:featuredmedia":[{"embeddable":true,"href":"https:\/\/acefootball.com\/da\/wp-json\/wp\/v2\/media\/237946"}],"wp:attachment":[{"href":"https:\/\/acefootball.com\/da\/wp-json\/wp\/v2\/media?parent=240776"}],"wp:term":[{"taxonomy":"category","embeddable":true,"href":"https:\/\/acefootball.com\/da\/wp-json\/wp\/v2\/categories?post=240776"},{"taxonomy":"post_tag","embeddable":true,"href":"https:\/\/acefootball.com\/da\/wp-json\/wp\/v2\/tags?post=240776"}],"curies":[{"name":"wp","href":"https:\/\/api.w.org\/{rel}","templated":true}]}}