{"id":240755,"date":"2020-10-19T13:43:24","date_gmt":"2020-10-19T11:43:24","guid":{"rendered":"https:\/\/acefootball.com\/da\/?p=240755"},"modified":"2020-10-19T13:43:24","modified_gmt":"2020-10-19T11:43:24","slug":"bidsk-toefting-gaar-i-koedet-paa-kvist-maerkelig-maade-at-optraede-paa","status":"publish","type":"post","link":"https:\/\/acefootball.com\/da\/fodboldnyheder\/bidsk-toefting-gaar-i-koedet-paa-kvist-maerkelig-maade-at-optraede-paa\/","title":{"rendered":"Bidsk T\u00f8fting g\u00e5r i k\u00f8det p\u00e5 Kvist: M\u00e6rkelig m\u00e5de at optr\u00e6de p\u00e5"},"content":{"rendered":"\n<h2 id=\"h-tv3-sports-ekspert-stig-t-fting-er-ikke-fan-af-den-m-de-som-william-kvist-pr-senterede-sig-selv-p-i-et-interview-med-tv-kanalen\">TV3 Sports ekspert Stig T\u00f8fting er ikke fan af den m\u00e5de, som William Kvist pr\u00e6senterede sig selv p\u00e5 i et interview med tv-kanalen<\/h2>\n\n\n\n<p>Krisen kradser i FC K\u00f8benhavn efter l\u00e6ngere tid med d\u00e5rlige resultater og deraf fyringen af St\u00e5le Solbakken.<\/p>\n\n\n\n<p>Forud for s\u00f8ndagens kamp mod AaB stillede William Kvist, som har p\u00e5taget sig et midlertidigt ansvar for den sportslige drift, op til interview og svarede p\u00e5 en r\u00e6kke sp\u00f8rgsm\u00e5l, som efterf\u00f8lgende er blevet debatteret vidt og bredt.<\/p>\n\n\n\n<figure class=\"wp-block-embed-wordpress wp-block-embed is-type-wp-embed is-provider-ace-football-danmark\"><div class=\"wp-block-embed__wrapper\">\n<blockquote class=\"wp-embedded-content\" data-secret=\"Z8Ja2p3ljC\"><a href=\"https:\/\/acefootball.com\/da\/fodboldnyheder\/kvist-saves-over-efter-spydig-kommentar-dumsmart-og-arrogant\/\">Kvist saves over efter spydig kommentar: Dumsmart og arrogant<\/a><\/blockquote><iframe class=\"wp-embedded-content\" sandbox=\"allow-scripts\" security=\"restricted\" style=\"position: absolute; clip: rect(1px, 1px, 1px, 1px);\" title=\"&#8220;Kvist saves over efter spydig kommentar: Dumsmart og arrogant&#8221; &#8212; Ace Football Danmark\" src=\"https:\/\/acefootball.com\/da\/fodboldnyheder\/kvist-saves-over-efter-spydig-kommentar-dumsmart-og-arrogant\/embed\/#?secret=Z8Ja2p3ljC\" data-secret=\"Z8Ja2p3ljC\" width=\"600\" height=\"338\" frameborder=\"0\" marginwidth=\"0\" marginheight=\"0\" scrolling=\"no\"><\/iframe>\n<\/div><\/figure>\n\n\n\n<p>FCK-mandens fremtoning faldt heller ikke i god jord hos TV3 Sports ekspert Stig T\u00f8fting.<\/p>\n\n\n\n<p>&#8220;Bare hans attitude&#8230; Han st\u00e5r og drikker kaffe midt i det hele. Det kan godt v\u00e6re, at St\u00e5le Solbakken har smidt mikrofonerne flere gange, som jeg ogs\u00e5 har v\u00e6ret efter ham med, men jeg synes, det er en m\u00e6rkelig m\u00e5de at optr\u00e6de p\u00e5,&#8221; siger T\u00f8fting if\u00f8lge <a href=\"https:\/\/www.tipsbladet.dk\/nyhed\/superliga\/toefting-revser-william-kvist-han-staar-og-drikker-kaffe-midt-i-det-hele\" target=\"_blank\" rel=\"noreferrer noopener\">Tipsbladet.<\/a><\/p>\n\n\n\n<p>FC K\u00f8benhavn tabte s\u00f8ndagens opg\u00f8r mod AaB med 1-2. <\/p>\n\n\n\n<p><\/p>\n","protected":false},"excerpt":{"rendered":"<p>TV3 Sports ekspert Stig T\u00f8fting er ikke fan af den m\u00e5de, som William Kvist pr\u00e6senterede sig selv p\u00e5 i et interview med tv-kanalen<\/p>\n","protected":false},"author":347,"featured_media":240757,"comment_status":"open","ping_status":"closed","sticky":false,"template":"","format":"standard","meta":{"om_disable_all_campaigns":false,"push_articles_ronaldo":{"active":false,"canonical":0,"publish":false},"force_updates":null},"categories":[8204],"tags":[16,183,588,781],"enet_tags":{"team":["8391"],"league":["46"],"player":["26782"],"sport_events":[]},"yoast_head":"<!-- This site is optimized with the Yoast SEO plugin v18.3 - https:\/\/yoast.com\/wordpress\/plugins\/seo\/ -->\n<title>Bidsk T\u00f8fting g\u00e5r i k\u00f8det p\u00e5 Kvist: M\u00e6rkelig m\u00e5de at optr\u00e6de p\u00e5<\/title>\n<meta name=\"description\" content=\"TV3 Sports ekspert Stig T\u00f8fting er ikke fan af den m\u00e5de, som William Kvist pr\u00e6senterede sig selv p\u00e5 i et interview med tv-kanalen\" \/>\n<meta name=\"robots\" content=\"index, follow, max-snippet:-1, max-image-preview:large, max-video-preview:-1\" \/>\n<link rel=\"canonical\" href=\"https:\/\/acefootball.com\/da\/fodboldnyheder\/bidsk-toefting-gaar-i-koedet-paa-kvist-maerkelig-maade-at-optraede-paa\/\" \/>\n<meta property=\"og:locale\" content=\"en_US\" \/>\n<meta property=\"og:type\" content=\"article\" \/>\n<meta property=\"og:title\" content=\"Bidsk T\u00f8fting g\u00e5r i k\u00f8det p\u00e5 Kvist: M\u00e6rkelig m\u00e5de at optr\u00e6de p\u00e5\" \/>\n<meta property=\"og:description\" content=\"TV3 Sports ekspert Stig T\u00f8fting er ikke fan af den m\u00e5de, som William Kvist pr\u00e6senterede sig selv p\u00e5 i et interview med tv-kanalen\" \/>\n<meta property=\"og:url\" content=\"https:\/\/acefootball.com\/da\/fodboldnyheder\/bidsk-toefting-gaar-i-koedet-paa-kvist-maerkelig-maade-at-optraede-paa\/\" \/>\n<meta property=\"og:site_name\" content=\"Ace Football Danmark\" \/>\n<meta property=\"article:publisher\" content=\"https:\/\/www.facebook.com\/acefootballdk\" \/>\n<meta property=\"article:published_time\" content=\"2020-10-19T11:43:24+00:00\" \/>\n<meta property=\"og:image\" content=\"https:\/\/acefootball.com\/da\/wp-content\/uploads\/sites\/2\/2020\/10\/GettyImages-1229154450.jpg\" \/>\n\t<meta property=\"og:image:width\" content=\"1024\" \/>\n\t<meta property=\"og:image:height\" content=\"683\" \/>\n\t<meta property=\"og:image:type\" content=\"image\/jpeg\" \/>\n<meta name=\"twitter:card\" content=\"summary_large_image\" \/>\n<meta name=\"twitter:label1\" content=\"Written by\" \/>\n\t<meta name=\"twitter:data1\" content=\"Nicolaj M. J\u00f8rgensen\" \/>\n\t<meta name=\"twitter:label2\" content=\"Est. reading time\" \/>\n\t<meta name=\"twitter:data2\" content=\"1 minute\" \/>\n<script type=\"application\/ld+json\" class=\"yoast-schema-graph\">{\"@context\":\"https:\/\/schema.org\",\"@graph\":[{\"@type\":\"Organization\",\"@id\":\"https:\/\/acefootball.com\/da\/#organization\",\"name\":\"Ace Football\",\"url\":\"https:\/\/acefootball.com\/da\/\",\"sameAs\":[\"https:\/\/www.facebook.com\/acefootballdk\"],\"logo\":{\"@type\":\"ImageObject\",\"@id\":\"https:\/\/acefootball.com\/da\/#logo\",\"inLanguage\":\"en-US\",\"url\":\"https:\/\/acefootball.com\/da\/wp-content\/uploads\/sites\/2\/2020\/07\/Ace-Football-30-07-2020-2.png\",\"contentUrl\":\"https:\/\/acefootball.com\/da\/wp-content\/uploads\/sites\/2\/2020\/07\/Ace-Football-30-07-2020-2.png\",\"width\":1200,\"height\":600,\"caption\":\"Ace Football\"},\"image\":{\"@id\":\"https:\/\/acefootball.com\/da\/#logo\"}},{\"@type\":\"WebSite\",\"@id\":\"https:\/\/acefootball.com\/da\/#website\",\"url\":\"https:\/\/acefootball.com\/da\/\",\"name\":\"Ace Football Danmark\",\"description\":\"Nyheder, Spiltips &amp; Livescore\",\"publisher\":{\"@id\":\"https:\/\/acefootball.com\/da\/#organization\"},\"potentialAction\":[{\"@type\":\"SearchAction\",\"target\":{\"@type\":\"EntryPoint\",\"urlTemplate\":\"https:\/\/acefootball.com\/da\/?s={search_term_string}\"},\"query-input\":\"required name=search_term_string\"}],\"inLanguage\":\"en-US\"},{\"@type\":\"ImageObject\",\"@id\":\"https:\/\/acefootball.com\/da\/fodboldnyheder\/bidsk-toefting-gaar-i-koedet-paa-kvist-maerkelig-maade-at-optraede-paa\/#primaryimage\",\"inLanguage\":\"en-US\",\"url\":\"https:\/\/acefootball.com\/da\/wp-content\/uploads\/sites\/2\/2020\/10\/GettyImages-1229154450.jpg\",\"contentUrl\":\"https:\/\/acefootball.com\/da\/wp-content\/uploads\/sites\/2\/2020\/10\/GettyImages-1229154450.jpg\",\"width\":1024,\"height\":683,\"caption\":\"COPENHAGEN, DENMARK - OCTOBER 18: William Kvist, coach of FC Copenhagen look frustrated during the Danish 3F Superliga match between FC Copenhagen and AaB Aalborg at Parken Stadium on October 18, 2020 in Copenhagen, Denmark. (Photo by Jan Christensen \/ FrontzoneSport via Getty Images)\"},{\"@type\":\"WebPage\",\"@id\":\"https:\/\/acefootball.com\/da\/fodboldnyheder\/bidsk-toefting-gaar-i-koedet-paa-kvist-maerkelig-maade-at-optraede-paa\/#webpage\",\"url\":\"https:\/\/acefootball.com\/da\/fodboldnyheder\/bidsk-toefting-gaar-i-koedet-paa-kvist-maerkelig-maade-at-optraede-paa\/\",\"name\":\"Bidsk T\u00f8fting g\u00e5r i k\u00f8det p\u00e5 Kvist: M\u00e6rkelig m\u00e5de at optr\u00e6de p\u00e5\",\"isPartOf\":{\"@id\":\"https:\/\/acefootball.com\/da\/#website\"},\"primaryImageOfPage\":{\"@id\":\"https:\/\/acefootball.com\/da\/fodboldnyheder\/bidsk-toefting-gaar-i-koedet-paa-kvist-maerkelig-maade-at-optraede-paa\/#primaryimage\"},\"datePublished\":\"2020-10-19T11:43:24+00:00\",\"dateModified\":\"2020-10-19T11:43:24+00:00\",\"description\":\"TV3 Sports ekspert Stig T\u00f8fting er ikke fan af den m\u00e5de, som William Kvist pr\u00e6senterede sig selv p\u00e5 i et interview med tv-kanalen\",\"breadcrumb\":{\"@id\":\"https:\/\/acefootball.com\/da\/fodboldnyheder\/bidsk-toefting-gaar-i-koedet-paa-kvist-maerkelig-maade-at-optraede-paa\/#breadcrumb\"},\"inLanguage\":\"en-US\",\"potentialAction\":[{\"@type\":\"ReadAction\",\"target\":[\"https:\/\/acefootball.com\/da\/fodboldnyheder\/bidsk-toefting-gaar-i-koedet-paa-kvist-maerkelig-maade-at-optraede-paa\/\"]}]},{\"@type\":\"BreadcrumbList\",\"@id\":\"https:\/\/acefootball.com\/da\/fodboldnyheder\/bidsk-toefting-gaar-i-koedet-paa-kvist-maerkelig-maade-at-optraede-paa\/#breadcrumb\",\"itemListElement\":[{\"@type\":\"ListItem\",\"position\":1,\"name\":\"Home\",\"item\":\"https:\/\/acefootball.com\/da\/\"},{\"@type\":\"ListItem\",\"position\":2,\"name\":\"Bidsk T\u00f8fting g\u00e5r i k\u00f8det p\u00e5 Kvist: M\u00e6rkelig m\u00e5de at optr\u00e6de p\u00e5\"}]},{\"@type\":\"Article\",\"@id\":\"https:\/\/acefootball.com\/da\/fodboldnyheder\/bidsk-toefting-gaar-i-koedet-paa-kvist-maerkelig-maade-at-optraede-paa\/#article\",\"isPartOf\":{\"@id\":\"https:\/\/acefootball.com\/da\/fodboldnyheder\/bidsk-toefting-gaar-i-koedet-paa-kvist-maerkelig-maade-at-optraede-paa\/#webpage\"},\"author\":{\"@id\":\"https:\/\/acefootball.com\/da\/#\/schema\/person\/cc86c6803d8c93f30230e4dbed2a3844\"},\"headline\":\"Bidsk T\u00f8fting g\u00e5r i k\u00f8det p\u00e5 Kvist: M\u00e6rkelig m\u00e5de at optr\u00e6de p\u00e5\",\"datePublished\":\"2020-10-19T11:43:24+00:00\",\"dateModified\":\"2020-10-19T11:43:24+00:00\",\"mainEntityOfPage\":{\"@id\":\"https:\/\/acefootball.com\/da\/fodboldnyheder\/bidsk-toefting-gaar-i-koedet-paa-kvist-maerkelig-maade-at-optraede-paa\/#webpage\"},\"wordCount\":197,\"commentCount\":0,\"publisher\":{\"@id\":\"https:\/\/acefootball.com\/da\/#organization\"},\"image\":{\"@id\":\"https:\/\/acefootball.com\/da\/fodboldnyheder\/bidsk-toefting-gaar-i-koedet-paa-kvist-maerkelig-maade-at-optraede-paa\/#primaryimage\"},\"thumbnailUrl\":\"https:\/\/acefootball.com\/da\/wp-content\/uploads\/sites\/2\/2020\/10\/GettyImages-1229154450.jpg\",\"keywords\":[\"FC K\u00f8benhavn\",\"Stig T\u00f8fting\",\"Superligaen\",\"William Kvist\"],\"articleSection\":[\"Udtalelse\"],\"inLanguage\":\"en-US\",\"potentialAction\":[{\"@type\":\"CommentAction\",\"name\":\"Comment\",\"target\":[\"https:\/\/acefootball.com\/da\/fodboldnyheder\/bidsk-toefting-gaar-i-koedet-paa-kvist-maerkelig-maade-at-optraede-paa\/#respond\"]}]},{\"@type\":\"Person\",\"@id\":\"https:\/\/acefootball.com\/da\/#\/schema\/person\/cc86c6803d8c93f30230e4dbed2a3844\",\"name\":\"Nicolaj M. J\u00f8rgensen\",\"image\":{\"@type\":\"ImageObject\",\"@id\":\"https:\/\/acefootball.com\/da\/#personlogo\",\"inLanguage\":\"en-US\",\"url\":\"https:\/\/secure.gravatar.com\/avatar\/757fd92a7fd5c1d31c37aee3425e7f74?s=96&d=mm&r=g\",\"contentUrl\":\"https:\/\/secure.gravatar.com\/avatar\/757fd92a7fd5c1d31c37aee3425e7f74?s=96&d=mm&r=g\",\"caption\":\"Nicolaj M. J\u00f8rgensen\"},\"url\":\"https:\/\/acefootball.com\/da\/fodboldnyheder\/author\/nicolajmortenj\/\"}]}<\/script>\n<!-- \/ Yoast SEO plugin. -->","yoast_head_json":{"title":"Bidsk T\u00f8fting g\u00e5r i k\u00f8det p\u00e5 Kvist: M\u00e6rkelig m\u00e5de at optr\u00e6de p\u00e5","description":"TV3 Sports ekspert Stig T\u00f8fting er ikke fan af den m\u00e5de, som William Kvist pr\u00e6senterede sig selv p\u00e5 i et interview med tv-kanalen","robots":{"index":"index","follow":"follow","max-snippet":"max-snippet:-1","max-image-preview":"max-image-preview:large","max-video-preview":"max-video-preview:-1"},"canonical":"https:\/\/acefootball.com\/da\/fodboldnyheder\/bidsk-toefting-gaar-i-koedet-paa-kvist-maerkelig-maade-at-optraede-paa\/","og_locale":"en_US","og_type":"article","og_title":"Bidsk T\u00f8fting g\u00e5r i k\u00f8det p\u00e5 Kvist: M\u00e6rkelig m\u00e5de at optr\u00e6de p\u00e5","og_description":"TV3 Sports ekspert Stig T\u00f8fting er ikke fan af den m\u00e5de, som William Kvist pr\u00e6senterede sig selv p\u00e5 i et interview med tv-kanalen","og_url":"https:\/\/acefootball.com\/da\/fodboldnyheder\/bidsk-toefting-gaar-i-koedet-paa-kvist-maerkelig-maade-at-optraede-paa\/","og_site_name":"Ace Football Danmark","article_publisher":"https:\/\/www.facebook.com\/acefootballdk","article_published_time":"2020-10-19T11:43:24+00:00","og_image":[{"width":1024,"height":683,"url":"https:\/\/acefootball.com\/da\/wp-content\/uploads\/sites\/2\/2020\/10\/GettyImages-1229154450.jpg","type":"image\/jpeg"}],"twitter_card":"summary_large_image","twitter_misc":{"Written by":"Nicolaj M. J\u00f8rgensen","Est. reading time":"1 minute"},"schema":{"@context":"https:\/\/schema.org","@graph":[{"@type":"Organization","@id":"https:\/\/acefootball.com\/da\/#organization","name":"Ace Football","url":"https:\/\/acefootball.com\/da\/","sameAs":["https:\/\/www.facebook.com\/acefootballdk"],"logo":{"@type":"ImageObject","@id":"https:\/\/acefootball.com\/da\/#logo","inLanguage":"en-US","url":"https:\/\/acefootball.com\/da\/wp-content\/uploads\/sites\/2\/2020\/07\/Ace-Football-30-07-2020-2.png","contentUrl":"https:\/\/acefootball.com\/da\/wp-content\/uploads\/sites\/2\/2020\/07\/Ace-Football-30-07-2020-2.png","width":1200,"height":600,"caption":"Ace Football"},"image":{"@id":"https:\/\/acefootball.com\/da\/#logo"}},{"@type":"WebSite","@id":"https:\/\/acefootball.com\/da\/#website","url":"https:\/\/acefootball.com\/da\/","name":"Ace Football Danmark","description":"Nyheder, Spiltips &amp; Livescore","publisher":{"@id":"https:\/\/acefootball.com\/da\/#organization"},"potentialAction":[{"@type":"SearchAction","target":{"@type":"EntryPoint","urlTemplate":"https:\/\/acefootball.com\/da\/?s={search_term_string}"},"query-input":"required name=search_term_string"}],"inLanguage":"en-US"},{"@type":"ImageObject","@id":"https:\/\/acefootball.com\/da\/fodboldnyheder\/bidsk-toefting-gaar-i-koedet-paa-kvist-maerkelig-maade-at-optraede-paa\/#primaryimage","inLanguage":"en-US","url":"https:\/\/acefootball.com\/da\/wp-content\/uploads\/sites\/2\/2020\/10\/GettyImages-1229154450.jpg","contentUrl":"https:\/\/acefootball.com\/da\/wp-content\/uploads\/sites\/2\/2020\/10\/GettyImages-1229154450.jpg","width":1024,"height":683,"caption":"COPENHAGEN, DENMARK - OCTOBER 18: William Kvist, coach of FC Copenhagen look frustrated during the Danish 3F Superliga match between FC Copenhagen and AaB Aalborg at Parken Stadium on October 18, 2020 in Copenhagen, Denmark. (Photo by Jan Christensen \/ FrontzoneSport via Getty Images)"},{"@type":"WebPage","@id":"https:\/\/acefootball.com\/da\/fodboldnyheder\/bidsk-toefting-gaar-i-koedet-paa-kvist-maerkelig-maade-at-optraede-paa\/#webpage","url":"https:\/\/acefootball.com\/da\/fodboldnyheder\/bidsk-toefting-gaar-i-koedet-paa-kvist-maerkelig-maade-at-optraede-paa\/","name":"Bidsk T\u00f8fting g\u00e5r i k\u00f8det p\u00e5 Kvist: M\u00e6rkelig m\u00e5de at optr\u00e6de p\u00e5","isPartOf":{"@id":"https:\/\/acefootball.com\/da\/#website"},"primaryImageOfPage":{"@id":"https:\/\/acefootball.com\/da\/fodboldnyheder\/bidsk-toefting-gaar-i-koedet-paa-kvist-maerkelig-maade-at-optraede-paa\/#primaryimage"},"datePublished":"2020-10-19T11:43:24+00:00","dateModified":"2020-10-19T11:43:24+00:00","description":"TV3 Sports ekspert Stig T\u00f8fting er ikke fan af den m\u00e5de, som William Kvist pr\u00e6senterede sig selv p\u00e5 i et interview med tv-kanalen","breadcrumb":{"@id":"https:\/\/acefootball.com\/da\/fodboldnyheder\/bidsk-toefting-gaar-i-koedet-paa-kvist-maerkelig-maade-at-optraede-paa\/#breadcrumb"},"inLanguage":"en-US","potentialAction":[{"@type":"ReadAction","target":["https:\/\/acefootball.com\/da\/fodboldnyheder\/bidsk-toefting-gaar-i-koedet-paa-kvist-maerkelig-maade-at-optraede-paa\/"]}]},{"@type":"BreadcrumbList","@id":"https:\/\/acefootball.com\/da\/fodboldnyheder\/bidsk-toefting-gaar-i-koedet-paa-kvist-maerkelig-maade-at-optraede-paa\/#breadcrumb","itemListElement":[{"@type":"ListItem","position":1,"name":"Home","item":"https:\/\/acefootball.com\/da\/"},{"@type":"ListItem","position":2,"name":"Bidsk T\u00f8fting g\u00e5r i k\u00f8det p\u00e5 Kvist: M\u00e6rkelig m\u00e5de at optr\u00e6de p\u00e5"}]},{"@type":"Article","@id":"https:\/\/acefootball.com\/da\/fodboldnyheder\/bidsk-toefting-gaar-i-koedet-paa-kvist-maerkelig-maade-at-optraede-paa\/#article","isPartOf":{"@id":"https:\/\/acefootball.com\/da\/fodboldnyheder\/bidsk-toefting-gaar-i-koedet-paa-kvist-maerkelig-maade-at-optraede-paa\/#webpage"},"author":{"@id":"https:\/\/acefootball.com\/da\/#\/schema\/person\/cc86c6803d8c93f30230e4dbed2a3844"},"headline":"Bidsk T\u00f8fting g\u00e5r i k\u00f8det p\u00e5 Kvist: M\u00e6rkelig m\u00e5de at optr\u00e6de p\u00e5","datePublished":"2020-10-19T11:43:24+00:00","dateModified":"2020-10-19T11:43:24+00:00","mainEntityOfPage":{"@id":"https:\/\/acefootball.com\/da\/fodboldnyheder\/bidsk-toefting-gaar-i-koedet-paa-kvist-maerkelig-maade-at-optraede-paa\/#webpage"},"wordCount":197,"commentCount":0,"publisher":{"@id":"https:\/\/acefootball.com\/da\/#organization"},"image":{"@id":"https:\/\/acefootball.com\/da\/fodboldnyheder\/bidsk-toefting-gaar-i-koedet-paa-kvist-maerkelig-maade-at-optraede-paa\/#primaryimage"},"thumbnailUrl":"https:\/\/acefootball.com\/da\/wp-content\/uploads\/sites\/2\/2020\/10\/GettyImages-1229154450.jpg","keywords":["FC K\u00f8benhavn","Stig T\u00f8fting","Superligaen","William Kvist"],"articleSection":["Udtalelse"],"inLanguage":"en-US","potentialAction":[{"@type":"CommentAction","name":"Comment","target":["https:\/\/acefootball.com\/da\/fodboldnyheder\/bidsk-toefting-gaar-i-koedet-paa-kvist-maerkelig-maade-at-optraede-paa\/#respond"]}]},{"@type":"Person","@id":"https:\/\/acefootball.com\/da\/#\/schema\/person\/cc86c6803d8c93f30230e4dbed2a3844","name":"Nicolaj M. J\u00f8rgensen","image":{"@type":"ImageObject","@id":"https:\/\/acefootball.com\/da\/#personlogo","inLanguage":"en-US","url":"https:\/\/secure.gravatar.com\/avatar\/757fd92a7fd5c1d31c37aee3425e7f74?s=96&d=mm&r=g","contentUrl":"https:\/\/secure.gravatar.com\/avatar\/757fd92a7fd5c1d31c37aee3425e7f74?s=96&d=mm&r=g","caption":"Nicolaj M. J\u00f8rgensen"},"url":"https:\/\/acefootball.com\/da\/fodboldnyheder\/author\/nicolajmortenj\/"}]}},"fimg_url":"https:\/\/acefootball.com\/da\/wp-content\/uploads\/sites\/2\/2020\/10\/GettyImages-1229154450.jpg","_links":{"self":[{"href":"https:\/\/acefootball.com\/da\/wp-json\/wp\/v2\/posts\/240755"}],"collection":[{"href":"https:\/\/acefootball.com\/da\/wp-json\/wp\/v2\/posts"}],"about":[{"href":"https:\/\/acefootball.com\/da\/wp-json\/wp\/v2\/types\/post"}],"author":[{"embeddable":true,"href":"https:\/\/acefootball.com\/da\/wp-json\/wp\/v2\/users\/347"}],"replies":[{"embeddable":true,"href":"https:\/\/acefootball.com\/da\/wp-json\/wp\/v2\/comments?post=240755"}],"version-history":[{"count":0,"href":"https:\/\/acefootball.com\/da\/wp-json\/wp\/v2\/posts\/240755\/revisions"}],"wp:featuredmedia":[{"embeddable":true,"href":"https:\/\/acefootball.com\/da\/wp-json\/wp\/v2\/media\/240757"}],"wp:attachment":[{"href":"https:\/\/acefootball.com\/da\/wp-json\/wp\/v2\/media?parent=240755"}],"wp:term":[{"taxonomy":"category","embeddable":true,"href":"https:\/\/acefootball.com\/da\/wp-json\/wp\/v2\/categories?post=240755"},{"taxonomy":"post_tag","embeddable":true,"href":"https:\/\/acefootball.com\/da\/wp-json\/wp\/v2\/tags?post=240755"}],"curies":[{"name":"wp","href":"https:\/\/api.w.org\/{rel}","templated":true}]}}