{"id":240667,"date":"2020-10-18T21:20:49","date_gmt":"2020-10-18T19:20:49","guid":{"rendered":"https:\/\/acefootball.com\/da\/?p=240667"},"modified":"2020-10-18T21:20:50","modified_gmt":"2020-10-18T19:20:50","slug":"superliga-seere-kan-ikke-forstaa-det-hvad-fnden-laver-kvist-der","status":"publish","type":"post","link":"https:\/\/acefootball.com\/da\/fodboldnyheder\/superliga-seere-kan-ikke-forstaa-det-hvad-fnden-laver-kvist-der\/","title":{"rendered":"Superliga-seere kan ikke forst\u00e5 det: Hvad f*nden laver Kvist d\u00e9r?"},"content":{"rendered":"\n<h2 id=\"h-william-kvist-havde-i-aftenens-superliga-kamp-mod-aab-valgt-at-tage-plads-p-fck-b-nken-til-trods-for-at-han-ikke-er-en-del-af-tr-nerstaben\">William Kvist havde i aftenens Superliga-kamp mod AaB valgt at tage plads p\u00e5 FCK-b\u00e6nken til trods for, at han ikke er en del af tr\u00e6nerstaben<\/h2>\n\n\n\n<div class=\"wp-block-si-widget wp-block-si-widget--center\"><si-lb-widget widget-id=\"MatchInfoWithOdds\" data-nopadding=\"true\" data-card=\"true\" width=\"440\" data-event-id=\"3389096\" data-theme-appearance=\"dark\"><\/si-lb-widget><\/div>\n\n\n\n<p>FC K\u00f8benhavn skuffede f\u00e6lt i deres f\u00f8rste kamp efter fyringen af St\u00e5le Solbakken ved at tabe med 1-2 hjemme mod AaB i en kamp, hvor norske Iver Fossum scorede begge nordjydernes m\u00e5l, mens Rasmus Falk reducerede dybt inde i overtiden for hovedstadsklubben.<\/p>\n\n\n\n<p>Opg\u00f8ret var desuden Hjalte Bo N\u00f8rregaards f\u00f8rste som midlertidig cheftr\u00e6ner i klubben, hvorfor han selvf\u00f8lgelig havde taget plads ved FCK-b\u00e6nken.<\/p>\n\n\n\n<p>Der var dog ogs\u00e5 en anden kendt FCK-skikkelse, der sad umiddelbart ved siden af, og det er den tidligere anf\u00f8rer og nuv\u00e6rende sportslige ansvarlige i klubben William Kvist.<\/p>\n\n\n\n<p>Kampens seere havde dog meget sv\u00e6rt ved at se, hvad en sportslig leder dog skal sidde p\u00e5 b\u00e6nken for. Herunder kan du l\u00e6se nogle af kommentarerne fra seere, der ikke helt forst\u00e5r situationen.<\/p>\n\n\n\n<figure class=\"wp-block-embed-twitter wp-block-embed is-type-rich is-provider-twitter\"><div class=\"wp-block-embed__wrapper\">\n<blockquote class=\"twitter-tweet\" data-width=\"550\" data-dnt=\"true\"><p lang=\"da\" dir=\"ltr\">Tror Kvist at han er Guds gave til fodbolden\/fck siden han kommer men k\u00e6kke kommentarer efter at have v\u00e6ret med til at fyre Superligaens mest succesfulde tr\u00e6ner og samtidig indtager plads p\u00e5 b\u00e6nken som sportslig ansvarlig <a href=\"https:\/\/twitter.com\/hashtag\/fckAab?src=hash&amp;ref_src=twsrc%5Etfw\">#fckAab<\/a> <a href=\"https:\/\/twitter.com\/hashtag\/sldk?src=hash&amp;ref_src=twsrc%5Etfw\">#sldk<\/a><\/p>&mdash; Blaugrana_DK (@tvj504) <a href=\"https:\/\/twitter.com\/tvj504\/status\/1317868875158007809?ref_src=twsrc%5Etfw\">October 18, 2020<\/a><\/blockquote><script async src=\"https:\/\/platform.twitter.com\/widgets.js\" charset=\"utf-8\"><\/script>\n<\/div><\/figure>\n\n\n\n<figure class=\"wp-block-embed-twitter wp-block-embed is-type-rich is-provider-twitter\"><div class=\"wp-block-embed__wrapper\">\n<blockquote class=\"twitter-tweet\" data-width=\"550\" data-dnt=\"true\"><p lang=\"da\" dir=\"ltr\">Alts\u00e5 hvad fanden laver Kvist p\u00e5 b\u00e6nken????<\/p>&mdash; Dux (@Mtruesen) <a href=\"https:\/\/twitter.com\/Mtruesen\/status\/1317868310273425408?ref_src=twsrc%5Etfw\">October 18, 2020<\/a><\/blockquote><script async src=\"https:\/\/platform.twitter.com\/widgets.js\" charset=\"utf-8\"><\/script>\n<\/div><\/figure>\n\n\n\n<figure class=\"wp-block-embed-twitter wp-block-embed is-type-rich is-provider-twitter\"><div class=\"wp-block-embed__wrapper\">\n<blockquote class=\"twitter-tweet\" data-width=\"550\" data-dnt=\"true\"><p lang=\"da\" dir=\"ltr\">Jeg er sgu nysgerrig, hvad laver William Kvist p\u00e5 b\u00e6nken? Jeg troede tanken var, at der skulle v\u00e6re flere personer om beslutningerne og ansvaret, men b\u00e5de sportslig leder og assistenttr\u00e6ner? Man m\u00e5 da sige at alt er i h\u00e6nderne p\u00e5 Hjalte og Kvist. <a href=\"https:\/\/twitter.com\/hashtag\/fcklive?src=hash&amp;ref_src=twsrc%5Etfw\">#fcklive<\/a><\/p>&mdash; Jonatan Nitsche Folkver (@Folkver) <a href=\"https:\/\/twitter.com\/Folkver\/status\/1317869058528870402?ref_src=twsrc%5Etfw\">October 18, 2020<\/a><\/blockquote><script async src=\"https:\/\/platform.twitter.com\/widgets.js\" charset=\"utf-8\"><\/script>\n<\/div><\/figure>\n\n\n\n<figure class=\"wp-block-image size-large is-resized\"><img loading=\"lazy\" src=\"https:\/\/acefootball.com\/da\/wp-content\/uploads\/sites\/2\/2020\/10\/Skaermbillede-2020-10-18-kl.-21.18.05.png\" alt=\"\" class=\"wp-image-240676\" width=\"393\" height=\"456\" srcset=\"https:\/\/acefootball.com\/da\/wp-content\/uploads\/sites\/2\/2020\/10\/Skaermbillede-2020-10-18-kl.-21.18.05.png 634w, https:\/\/acefootball.com\/da\/wp-content\/uploads\/sites\/2\/2020\/10\/Skaermbillede-2020-10-18-kl.-21.18.05-258x300.png 258w\" sizes=\"(max-width: 393px) 100vw, 393px\" \/><\/figure>\n\n\n\n<p><\/p>\n","protected":false},"excerpt":{"rendered":"<p>William Kvist havde i aftenens Superliga-kamp mod AaB valgt at tage plads p\u00e5 FCK-b\u00e6nken til trods for, at han ikke er en del af tr\u00e6nerstaben<\/p>\n","protected":false},"author":74,"featured_media":240673,"comment_status":"open","ping_status":"closed","sticky":false,"template":"","format":"standard","meta":{"om_disable_all_campaigns":false,"push_articles_ronaldo":{"active":false,"canonical":0,"publish":false},"force_updates":null},"categories":[8060],"tags":[16,588,781],"enet_tags":{"team":["8391"],"league":["46"],"player":["26782"],"sport_events":[3389096]},"yoast_head":"<!-- This site is optimized with the Yoast SEO plugin v18.3 - https:\/\/yoast.com\/wordpress\/plugins\/seo\/ -->\n<title>Superliga-seere kan ikke forst\u00e5 det: Hvad f*nden laver Kvist d\u00e9r?<\/title>\n<meta name=\"description\" content=\"William Kvist havde i aftenens Superliga-kamp mod AaB valgt at tage plads p\u00e5 FCK-b\u00e6nken til trods for, at han ikke er en del af tr\u00e6nerstaben\" \/>\n<meta name=\"robots\" content=\"index, follow, max-snippet:-1, max-image-preview:large, max-video-preview:-1\" \/>\n<link rel=\"canonical\" href=\"https:\/\/acefootball.com\/da\/fodboldnyheder\/superliga-seere-kan-ikke-forstaa-det-hvad-fnden-laver-kvist-der\/\" \/>\n<meta property=\"og:locale\" content=\"en_US\" \/>\n<meta property=\"og:type\" content=\"article\" \/>\n<meta property=\"og:title\" content=\"Superliga-seere kan ikke forst\u00e5 det: Hvad f*nden laver Kvist d\u00e9r?\" \/>\n<meta property=\"og:description\" content=\"William Kvist havde i aftenens Superliga-kamp mod AaB valgt at tage plads p\u00e5 FCK-b\u00e6nken til trods for, at han ikke er en del af tr\u00e6nerstaben\" \/>\n<meta property=\"og:url\" content=\"https:\/\/acefootball.com\/da\/fodboldnyheder\/superliga-seere-kan-ikke-forstaa-det-hvad-fnden-laver-kvist-der\/\" \/>\n<meta property=\"og:site_name\" content=\"Ace Football Danmark\" \/>\n<meta property=\"article:publisher\" content=\"https:\/\/www.facebook.com\/acefootballdk\" \/>\n<meta property=\"article:published_time\" content=\"2020-10-18T19:20:49+00:00\" \/>\n<meta property=\"article:modified_time\" content=\"2020-10-18T19:20:50+00:00\" \/>\n<meta property=\"og:image\" content=\"https:\/\/acefootball.com\/da\/wp-content\/uploads\/sites\/2\/2020\/10\/GettyImages-1229153751.jpg\" \/>\n\t<meta property=\"og:image:width\" content=\"1024\" \/>\n\t<meta property=\"og:image:height\" content=\"683\" \/>\n\t<meta property=\"og:image:type\" content=\"image\/jpeg\" \/>\n<meta name=\"twitter:card\" content=\"summary_large_image\" \/>\n<meta name=\"twitter:label1\" content=\"Written by\" \/>\n\t<meta name=\"twitter:data1\" content=\"Patrick Hesselb\u00e6k\" \/>\n\t<meta name=\"twitter:label2\" content=\"Est. reading time\" \/>\n\t<meta name=\"twitter:data2\" content=\"1 minute\" \/>\n<script type=\"application\/ld+json\" class=\"yoast-schema-graph\">{\"@context\":\"https:\/\/schema.org\",\"@graph\":[{\"@type\":\"Organization\",\"@id\":\"https:\/\/acefootball.com\/da\/#organization\",\"name\":\"Ace Football\",\"url\":\"https:\/\/acefootball.com\/da\/\",\"sameAs\":[\"https:\/\/www.facebook.com\/acefootballdk\"],\"logo\":{\"@type\":\"ImageObject\",\"@id\":\"https:\/\/acefootball.com\/da\/#logo\",\"inLanguage\":\"en-US\",\"url\":\"https:\/\/acefootball.com\/da\/wp-content\/uploads\/sites\/2\/2020\/07\/Ace-Football-30-07-2020-2.png\",\"contentUrl\":\"https:\/\/acefootball.com\/da\/wp-content\/uploads\/sites\/2\/2020\/07\/Ace-Football-30-07-2020-2.png\",\"width\":1200,\"height\":600,\"caption\":\"Ace Football\"},\"image\":{\"@id\":\"https:\/\/acefootball.com\/da\/#logo\"}},{\"@type\":\"WebSite\",\"@id\":\"https:\/\/acefootball.com\/da\/#website\",\"url\":\"https:\/\/acefootball.com\/da\/\",\"name\":\"Ace Football Danmark\",\"description\":\"Nyheder, Spiltips &amp; Livescore\",\"publisher\":{\"@id\":\"https:\/\/acefootball.com\/da\/#organization\"},\"potentialAction\":[{\"@type\":\"SearchAction\",\"target\":{\"@type\":\"EntryPoint\",\"urlTemplate\":\"https:\/\/acefootball.com\/da\/?s={search_term_string}\"},\"query-input\":\"required name=search_term_string\"}],\"inLanguage\":\"en-US\"},{\"@type\":\"ImageObject\",\"@id\":\"https:\/\/acefootball.com\/da\/fodboldnyheder\/superliga-seere-kan-ikke-forstaa-det-hvad-fnden-laver-kvist-der\/#primaryimage\",\"inLanguage\":\"en-US\",\"url\":\"https:\/\/acefootball.com\/da\/wp-content\/uploads\/sites\/2\/2020\/10\/GettyImages-1229153751.jpg\",\"contentUrl\":\"https:\/\/acefootball.com\/da\/wp-content\/uploads\/sites\/2\/2020\/10\/GettyImages-1229153751.jpg\",\"width\":1024,\"height\":683,\"caption\":\"COPENHAGEN, DENMARK - OCTOBER 18: William Kvist, coach of FC Copenhagen the Danish 3F Superliga match between FC Copenhagen and AaB Aalborg at Parken Stadium on October 18, 2020 in Copenhagen, Denmark. (Photo by Jan Christensen \/ FrontzoneSport via Getty Images)\"},{\"@type\":\"WebPage\",\"@id\":\"https:\/\/acefootball.com\/da\/fodboldnyheder\/superliga-seere-kan-ikke-forstaa-det-hvad-fnden-laver-kvist-der\/#webpage\",\"url\":\"https:\/\/acefootball.com\/da\/fodboldnyheder\/superliga-seere-kan-ikke-forstaa-det-hvad-fnden-laver-kvist-der\/\",\"name\":\"Superliga-seere kan ikke forst\u00e5 det: Hvad f*nden laver Kvist d\u00e9r?\",\"isPartOf\":{\"@id\":\"https:\/\/acefootball.com\/da\/#website\"},\"primaryImageOfPage\":{\"@id\":\"https:\/\/acefootball.com\/da\/fodboldnyheder\/superliga-seere-kan-ikke-forstaa-det-hvad-fnden-laver-kvist-der\/#primaryimage\"},\"datePublished\":\"2020-10-18T19:20:49+00:00\",\"dateModified\":\"2020-10-18T19:20:50+00:00\",\"description\":\"William Kvist havde i aftenens Superliga-kamp mod AaB valgt at tage plads p\u00e5 FCK-b\u00e6nken til trods for, at han ikke er en del af tr\u00e6nerstaben\",\"breadcrumb\":{\"@id\":\"https:\/\/acefootball.com\/da\/fodboldnyheder\/superliga-seere-kan-ikke-forstaa-det-hvad-fnden-laver-kvist-der\/#breadcrumb\"},\"inLanguage\":\"en-US\",\"potentialAction\":[{\"@type\":\"ReadAction\",\"target\":[\"https:\/\/acefootball.com\/da\/fodboldnyheder\/superliga-seere-kan-ikke-forstaa-det-hvad-fnden-laver-kvist-der\/\"]}]},{\"@type\":\"BreadcrumbList\",\"@id\":\"https:\/\/acefootball.com\/da\/fodboldnyheder\/superliga-seere-kan-ikke-forstaa-det-hvad-fnden-laver-kvist-der\/#breadcrumb\",\"itemListElement\":[{\"@type\":\"ListItem\",\"position\":1,\"name\":\"Home\",\"item\":\"https:\/\/acefootball.com\/da\/\"},{\"@type\":\"ListItem\",\"position\":2,\"name\":\"Superliga-seere kan ikke forst\u00e5 det: Hvad f*nden laver Kvist d\u00e9r?\"}]},{\"@type\":\"Article\",\"@id\":\"https:\/\/acefootball.com\/da\/fodboldnyheder\/superliga-seere-kan-ikke-forstaa-det-hvad-fnden-laver-kvist-der\/#article\",\"isPartOf\":{\"@id\":\"https:\/\/acefootball.com\/da\/fodboldnyheder\/superliga-seere-kan-ikke-forstaa-det-hvad-fnden-laver-kvist-der\/#webpage\"},\"author\":{\"@id\":\"https:\/\/acefootball.com\/da\/#\/schema\/person\/fd6223a1c033400b41da7853ddf88c84\"},\"headline\":\"Superliga-seere kan ikke forst\u00e5 det: Hvad f*nden laver Kvist d\u00e9r?\",\"datePublished\":\"2020-10-18T19:20:49+00:00\",\"dateModified\":\"2020-10-18T19:20:50+00:00\",\"mainEntityOfPage\":{\"@id\":\"https:\/\/acefootball.com\/da\/fodboldnyheder\/superliga-seere-kan-ikke-forstaa-det-hvad-fnden-laver-kvist-der\/#webpage\"},\"wordCount\":269,\"commentCount\":0,\"publisher\":{\"@id\":\"https:\/\/acefootball.com\/da\/#organization\"},\"image\":{\"@id\":\"https:\/\/acefootball.com\/da\/fodboldnyheder\/superliga-seere-kan-ikke-forstaa-det-hvad-fnden-laver-kvist-der\/#primaryimage\"},\"thumbnailUrl\":\"https:\/\/acefootball.com\/da\/wp-content\/uploads\/sites\/2\/2020\/10\/GettyImages-1229153751.jpg\",\"keywords\":[\"FC K\u00f8benhavn\",\"Superligaen\",\"William Kvist\"],\"articleSection\":[\"Reaktion\"],\"inLanguage\":\"en-US\",\"potentialAction\":[{\"@type\":\"CommentAction\",\"name\":\"Comment\",\"target\":[\"https:\/\/acefootball.com\/da\/fodboldnyheder\/superliga-seere-kan-ikke-forstaa-det-hvad-fnden-laver-kvist-der\/#respond\"]}]},{\"@type\":\"Person\",\"@id\":\"https:\/\/acefootball.com\/da\/#\/schema\/person\/fd6223a1c033400b41da7853ddf88c84\",\"name\":\"Patrick Hesselb\u00e6k\",\"image\":{\"@type\":\"ImageObject\",\"@id\":\"https:\/\/acefootball.com\/da\/#personlogo\",\"inLanguage\":\"en-US\",\"url\":\"https:\/\/secure.gravatar.com\/avatar\/7919060992759bffbffb199d6cbdce6f?s=96&d=mm&r=g\",\"contentUrl\":\"https:\/\/secure.gravatar.com\/avatar\/7919060992759bffbffb199d6cbdce6f?s=96&d=mm&r=g\",\"caption\":\"Patrick Hesselb\u00e6k\"},\"description\":\"Redakt\u00f8r p\u00e5 den danske Ace Football-redaktion. Uddannet i kommunikation fra Aalborg Universitet. Prim\u00e6rt fokus p\u00e5 den danske 3F Superliga og de st\u00f8rste europ\u00e6iske turneringer.\",\"sameAs\":[\"https:\/\/www.linkedin.com\/in\/patrick-hesselbk-2a4b1711a\/\"],\"url\":\"https:\/\/acefootball.com\/da\/fodboldnyheder\/author\/patrickhesselbaek\/\"}]}<\/script>\n<!-- \/ Yoast SEO plugin. -->","yoast_head_json":{"title":"Superliga-seere kan ikke forst\u00e5 det: Hvad f*nden laver Kvist d\u00e9r?","description":"William Kvist havde i aftenens Superliga-kamp mod AaB valgt at tage plads p\u00e5 FCK-b\u00e6nken til trods for, at han ikke er en del af tr\u00e6nerstaben","robots":{"index":"index","follow":"follow","max-snippet":"max-snippet:-1","max-image-preview":"max-image-preview:large","max-video-preview":"max-video-preview:-1"},"canonical":"https:\/\/acefootball.com\/da\/fodboldnyheder\/superliga-seere-kan-ikke-forstaa-det-hvad-fnden-laver-kvist-der\/","og_locale":"en_US","og_type":"article","og_title":"Superliga-seere kan ikke forst\u00e5 det: Hvad f*nden laver Kvist d\u00e9r?","og_description":"William Kvist havde i aftenens Superliga-kamp mod AaB valgt at tage plads p\u00e5 FCK-b\u00e6nken til trods for, at han ikke er en del af tr\u00e6nerstaben","og_url":"https:\/\/acefootball.com\/da\/fodboldnyheder\/superliga-seere-kan-ikke-forstaa-det-hvad-fnden-laver-kvist-der\/","og_site_name":"Ace Football Danmark","article_publisher":"https:\/\/www.facebook.com\/acefootballdk","article_published_time":"2020-10-18T19:20:49+00:00","article_modified_time":"2020-10-18T19:20:50+00:00","og_image":[{"width":1024,"height":683,"url":"https:\/\/acefootball.com\/da\/wp-content\/uploads\/sites\/2\/2020\/10\/GettyImages-1229153751.jpg","type":"image\/jpeg"}],"twitter_card":"summary_large_image","twitter_misc":{"Written by":"Patrick Hesselb\u00e6k","Est. reading time":"1 minute"},"schema":{"@context":"https:\/\/schema.org","@graph":[{"@type":"Organization","@id":"https:\/\/acefootball.com\/da\/#organization","name":"Ace Football","url":"https:\/\/acefootball.com\/da\/","sameAs":["https:\/\/www.facebook.com\/acefootballdk"],"logo":{"@type":"ImageObject","@id":"https:\/\/acefootball.com\/da\/#logo","inLanguage":"en-US","url":"https:\/\/acefootball.com\/da\/wp-content\/uploads\/sites\/2\/2020\/07\/Ace-Football-30-07-2020-2.png","contentUrl":"https:\/\/acefootball.com\/da\/wp-content\/uploads\/sites\/2\/2020\/07\/Ace-Football-30-07-2020-2.png","width":1200,"height":600,"caption":"Ace Football"},"image":{"@id":"https:\/\/acefootball.com\/da\/#logo"}},{"@type":"WebSite","@id":"https:\/\/acefootball.com\/da\/#website","url":"https:\/\/acefootball.com\/da\/","name":"Ace Football Danmark","description":"Nyheder, Spiltips &amp; Livescore","publisher":{"@id":"https:\/\/acefootball.com\/da\/#organization"},"potentialAction":[{"@type":"SearchAction","target":{"@type":"EntryPoint","urlTemplate":"https:\/\/acefootball.com\/da\/?s={search_term_string}"},"query-input":"required name=search_term_string"}],"inLanguage":"en-US"},{"@type":"ImageObject","@id":"https:\/\/acefootball.com\/da\/fodboldnyheder\/superliga-seere-kan-ikke-forstaa-det-hvad-fnden-laver-kvist-der\/#primaryimage","inLanguage":"en-US","url":"https:\/\/acefootball.com\/da\/wp-content\/uploads\/sites\/2\/2020\/10\/GettyImages-1229153751.jpg","contentUrl":"https:\/\/acefootball.com\/da\/wp-content\/uploads\/sites\/2\/2020\/10\/GettyImages-1229153751.jpg","width":1024,"height":683,"caption":"COPENHAGEN, DENMARK - OCTOBER 18: William Kvist, coach of FC Copenhagen the Danish 3F Superliga match between FC Copenhagen and AaB Aalborg at Parken Stadium on October 18, 2020 in Copenhagen, Denmark. (Photo by Jan Christensen \/ FrontzoneSport via Getty Images)"},{"@type":"WebPage","@id":"https:\/\/acefootball.com\/da\/fodboldnyheder\/superliga-seere-kan-ikke-forstaa-det-hvad-fnden-laver-kvist-der\/#webpage","url":"https:\/\/acefootball.com\/da\/fodboldnyheder\/superliga-seere-kan-ikke-forstaa-det-hvad-fnden-laver-kvist-der\/","name":"Superliga-seere kan ikke forst\u00e5 det: Hvad f*nden laver Kvist d\u00e9r?","isPartOf":{"@id":"https:\/\/acefootball.com\/da\/#website"},"primaryImageOfPage":{"@id":"https:\/\/acefootball.com\/da\/fodboldnyheder\/superliga-seere-kan-ikke-forstaa-det-hvad-fnden-laver-kvist-der\/#primaryimage"},"datePublished":"2020-10-18T19:20:49+00:00","dateModified":"2020-10-18T19:20:50+00:00","description":"William Kvist havde i aftenens Superliga-kamp mod AaB valgt at tage plads p\u00e5 FCK-b\u00e6nken til trods for, at han ikke er en del af tr\u00e6nerstaben","breadcrumb":{"@id":"https:\/\/acefootball.com\/da\/fodboldnyheder\/superliga-seere-kan-ikke-forstaa-det-hvad-fnden-laver-kvist-der\/#breadcrumb"},"inLanguage":"en-US","potentialAction":[{"@type":"ReadAction","target":["https:\/\/acefootball.com\/da\/fodboldnyheder\/superliga-seere-kan-ikke-forstaa-det-hvad-fnden-laver-kvist-der\/"]}]},{"@type":"BreadcrumbList","@id":"https:\/\/acefootball.com\/da\/fodboldnyheder\/superliga-seere-kan-ikke-forstaa-det-hvad-fnden-laver-kvist-der\/#breadcrumb","itemListElement":[{"@type":"ListItem","position":1,"name":"Home","item":"https:\/\/acefootball.com\/da\/"},{"@type":"ListItem","position":2,"name":"Superliga-seere kan ikke forst\u00e5 det: Hvad f*nden laver Kvist d\u00e9r?"}]},{"@type":"Article","@id":"https:\/\/acefootball.com\/da\/fodboldnyheder\/superliga-seere-kan-ikke-forstaa-det-hvad-fnden-laver-kvist-der\/#article","isPartOf":{"@id":"https:\/\/acefootball.com\/da\/fodboldnyheder\/superliga-seere-kan-ikke-forstaa-det-hvad-fnden-laver-kvist-der\/#webpage"},"author":{"@id":"https:\/\/acefootball.com\/da\/#\/schema\/person\/fd6223a1c033400b41da7853ddf88c84"},"headline":"Superliga-seere kan ikke forst\u00e5 det: Hvad f*nden laver Kvist d\u00e9r?","datePublished":"2020-10-18T19:20:49+00:00","dateModified":"2020-10-18T19:20:50+00:00","mainEntityOfPage":{"@id":"https:\/\/acefootball.com\/da\/fodboldnyheder\/superliga-seere-kan-ikke-forstaa-det-hvad-fnden-laver-kvist-der\/#webpage"},"wordCount":269,"commentCount":0,"publisher":{"@id":"https:\/\/acefootball.com\/da\/#organization"},"image":{"@id":"https:\/\/acefootball.com\/da\/fodboldnyheder\/superliga-seere-kan-ikke-forstaa-det-hvad-fnden-laver-kvist-der\/#primaryimage"},"thumbnailUrl":"https:\/\/acefootball.com\/da\/wp-content\/uploads\/sites\/2\/2020\/10\/GettyImages-1229153751.jpg","keywords":["FC K\u00f8benhavn","Superligaen","William Kvist"],"articleSection":["Reaktion"],"inLanguage":"en-US","potentialAction":[{"@type":"CommentAction","name":"Comment","target":["https:\/\/acefootball.com\/da\/fodboldnyheder\/superliga-seere-kan-ikke-forstaa-det-hvad-fnden-laver-kvist-der\/#respond"]}]},{"@type":"Person","@id":"https:\/\/acefootball.com\/da\/#\/schema\/person\/fd6223a1c033400b41da7853ddf88c84","name":"Patrick Hesselb\u00e6k","image":{"@type":"ImageObject","@id":"https:\/\/acefootball.com\/da\/#personlogo","inLanguage":"en-US","url":"https:\/\/secure.gravatar.com\/avatar\/7919060992759bffbffb199d6cbdce6f?s=96&d=mm&r=g","contentUrl":"https:\/\/secure.gravatar.com\/avatar\/7919060992759bffbffb199d6cbdce6f?s=96&d=mm&r=g","caption":"Patrick Hesselb\u00e6k"},"description":"Redakt\u00f8r p\u00e5 den danske Ace Football-redaktion. Uddannet i kommunikation fra Aalborg Universitet. Prim\u00e6rt fokus p\u00e5 den danske 3F Superliga og de st\u00f8rste europ\u00e6iske turneringer.","sameAs":["https:\/\/www.linkedin.com\/in\/patrick-hesselbk-2a4b1711a\/"],"url":"https:\/\/acefootball.com\/da\/fodboldnyheder\/author\/patrickhesselbaek\/"}]}},"fimg_url":"https:\/\/acefootball.com\/da\/wp-content\/uploads\/sites\/2\/2020\/10\/GettyImages-1229153751.jpg","_links":{"self":[{"href":"https:\/\/acefootball.com\/da\/wp-json\/wp\/v2\/posts\/240667"}],"collection":[{"href":"https:\/\/acefootball.com\/da\/wp-json\/wp\/v2\/posts"}],"about":[{"href":"https:\/\/acefootball.com\/da\/wp-json\/wp\/v2\/types\/post"}],"author":[{"embeddable":true,"href":"https:\/\/acefootball.com\/da\/wp-json\/wp\/v2\/users\/74"}],"replies":[{"embeddable":true,"href":"https:\/\/acefootball.com\/da\/wp-json\/wp\/v2\/comments?post=240667"}],"version-history":[{"count":0,"href":"https:\/\/acefootball.com\/da\/wp-json\/wp\/v2\/posts\/240667\/revisions"}],"wp:featuredmedia":[{"embeddable":true,"href":"https:\/\/acefootball.com\/da\/wp-json\/wp\/v2\/media\/240673"}],"wp:attachment":[{"href":"https:\/\/acefootball.com\/da\/wp-json\/wp\/v2\/media?parent=240667"}],"wp:term":[{"taxonomy":"category","embeddable":true,"href":"https:\/\/acefootball.com\/da\/wp-json\/wp\/v2\/categories?post=240667"},{"taxonomy":"post_tag","embeddable":true,"href":"https:\/\/acefootball.com\/da\/wp-json\/wp\/v2\/tags?post=240667"}],"curies":[{"name":"wp","href":"https:\/\/api.w.org\/{rel}","templated":true}]}}