{"id":240560,"date":"2020-10-17T15:31:26","date_gmt":"2020-10-17T13:31:26","guid":{"rendered":"https:\/\/acefootball.com\/da\/?p=240560"},"modified":"2020-10-17T15:31:27","modified_gmt":"2020-10-17T13:31:27","slug":"soenderjyske-nyindkoeb-kan-debutere-mod-broendby","status":"publish","type":"post","link":"https:\/\/acefootball.com\/da\/fodboldnyheder\/soenderjyske-nyindkoeb-kan-debutere-mod-broendby\/","title":{"rendered":"S\u00f8nderjyskE-nyindk\u00f8b kan debutere mod Br\u00f8ndby"},"content":{"rendered":"\n<h2 id=\"h-s-nderjyske-har-udtaget-nyindk-bet-philipp-schmiedl-der-kan-f-debut-i-s-ndagens-superliga-kamp-mod-br-ndby\">S\u00f8nderjyskE har udtaget nyindk\u00f8bet Philipp Schmiedl, der kan f\u00e5 debut i s\u00f8ndagens Superliga-kamp mod Br\u00f8ndby<\/h2>\n\n\n\n<div class=\"wp-block-si-widget wp-block-si-widget--center\"><si-lb-widget widget-id=\"MatchInfoWithOddsV2\" data-nopadding=\"true\" data-across-all-tournaments=\"false\" data-limit=\"5\" width=\"440\" data-event-id=\"3389099\" data-provider=\"betfair\" data-card=\"true\" data-theme-appearance=\"dark\"><\/si-lb-widget><\/div>\n\n\n\n<p>Superligaen vender i denne weekend tilbage efter landskampspausen, og det sker blandt andet med opg\u00f8ret mellem S\u00f8nderjyskE og Br\u00f8ndby s\u00f8ndag eftermiddag.<\/p>\n\n\n\n<p>Her f\u00e5r vi muligvis en debutant p\u00e5 banen, da S\u00f8nderjyskE har inkluderet nyindk\u00f8bet Philipp Schmiedl i truppen. \u00d8strigeren kom til denne sommer fra Altach i hjemlandet.<\/p>\n\n\n\n<p>S\u00e5ledes ser S\u00f8nderjyskEs trup ud:<\/p>\n\n\n\n<p>1 Lawrence Thomas<br>2 Stefan Gartenmann<br>4 Isak Olafsson<br>5 Marc Dal Hende<br>6 Philipp Schmiedl<br>7 Julius Eskesen<br>9 Alexander Bah<br>10 Anders K. Jacobsen<br>12 Pierre Kanstrup<br>15 Johan Absalonsen<br>20 Peter Christiansen<br>21 Jeppe Simonsen<br>22 Emil Frederiksen<br>24 Rasmus Vinderslev<br>25 Haji Wright<br>27 Nicolai Fl\u00f8<br>26&nbsp;Patrick Banggaard<br>29 Victor Mpindi<br>90 Mads Alb\u00e6k<\/p>\n","protected":false},"excerpt":{"rendered":"<p>S\u00f8nderjyskE har udtaget nyindk\u00f8bet Philipp Schmiedl, der kan f\u00e5 debut i s\u00f8ndagens Superliga-kamp mod Br\u00f8ndby<\/p>\n","protected":false},"author":705,"featured_media":239883,"comment_status":"open","ping_status":"closed","sticky":false,"template":"","format":"standard","meta":{"om_disable_all_campaigns":false,"push_articles_ronaldo":{"active":false,"canonical":0,"publish":false},"force_updates":null},"categories":[8062],"tags":[24,588],"enet_tags":{"team":["8487"],"league":["46"],"sport_events":[3389099]},"yoast_head":"<!-- This site is optimized with the Yoast SEO plugin v18.3 - https:\/\/yoast.com\/wordpress\/plugins\/seo\/ -->\n<title>S\u00f8nderjyskE-nyindk\u00f8b kan debutere mod Br\u00f8ndby<\/title>\n<meta name=\"description\" content=\"S\u00f8nderjyskE har udtaget nyindk\u00f8bet Philipp Schmiedl, der kan f\u00e5 debut i s\u00f8ndagens Superliga-kamp mod Br\u00f8ndby\" \/>\n<meta name=\"robots\" content=\"index, follow, max-snippet:-1, max-image-preview:large, max-video-preview:-1\" \/>\n<link rel=\"canonical\" href=\"https:\/\/acefootball.com\/da\/fodboldnyheder\/soenderjyske-nyindkoeb-kan-debutere-mod-broendby\/\" \/>\n<meta property=\"og:locale\" content=\"en_US\" \/>\n<meta property=\"og:type\" content=\"article\" \/>\n<meta property=\"og:title\" content=\"S\u00f8nderjyskE-nyindk\u00f8b kan debutere mod Br\u00f8ndby\" \/>\n<meta property=\"og:description\" content=\"S\u00f8nderjyskE har udtaget nyindk\u00f8bet Philipp Schmiedl, der kan f\u00e5 debut i s\u00f8ndagens Superliga-kamp mod Br\u00f8ndby\" \/>\n<meta property=\"og:url\" content=\"https:\/\/acefootball.com\/da\/fodboldnyheder\/soenderjyske-nyindkoeb-kan-debutere-mod-broendby\/\" \/>\n<meta property=\"og:site_name\" content=\"Ace Football Danmark\" \/>\n<meta property=\"article:publisher\" content=\"https:\/\/www.facebook.com\/acefootballdk\" \/>\n<meta property=\"article:published_time\" content=\"2020-10-17T13:31:26+00:00\" \/>\n<meta property=\"article:modified_time\" content=\"2020-10-17T13:31:27+00:00\" \/>\n<meta property=\"og:image\" content=\"https:\/\/acefootball.com\/da\/wp-content\/uploads\/sites\/2\/2020\/10\/GettyImages-1223851476.jpg\" \/>\n\t<meta property=\"og:image:width\" content=\"1024\" \/>\n\t<meta property=\"og:image:height\" content=\"696\" \/>\n\t<meta property=\"og:image:type\" content=\"image\/jpeg\" \/>\n<meta name=\"twitter:card\" content=\"summary_large_image\" \/>\n<meta name=\"twitter:label1\" content=\"Written by\" \/>\n\t<meta name=\"twitter:data1\" content=\"Mads Dreyer\" \/>\n\t<meta name=\"twitter:label2\" content=\"Est. reading time\" \/>\n\t<meta name=\"twitter:data2\" content=\"1 minute\" \/>\n<script type=\"application\/ld+json\" class=\"yoast-schema-graph\">{\"@context\":\"https:\/\/schema.org\",\"@graph\":[{\"@type\":\"Organization\",\"@id\":\"https:\/\/acefootball.com\/da\/#organization\",\"name\":\"Ace Football\",\"url\":\"https:\/\/acefootball.com\/da\/\",\"sameAs\":[\"https:\/\/www.facebook.com\/acefootballdk\"],\"logo\":{\"@type\":\"ImageObject\",\"@id\":\"https:\/\/acefootball.com\/da\/#logo\",\"inLanguage\":\"en-US\",\"url\":\"https:\/\/acefootball.com\/da\/wp-content\/uploads\/sites\/2\/2020\/07\/Ace-Football-30-07-2020-2.png\",\"contentUrl\":\"https:\/\/acefootball.com\/da\/wp-content\/uploads\/sites\/2\/2020\/07\/Ace-Football-30-07-2020-2.png\",\"width\":1200,\"height\":600,\"caption\":\"Ace Football\"},\"image\":{\"@id\":\"https:\/\/acefootball.com\/da\/#logo\"}},{\"@type\":\"WebSite\",\"@id\":\"https:\/\/acefootball.com\/da\/#website\",\"url\":\"https:\/\/acefootball.com\/da\/\",\"name\":\"Ace Football Danmark\",\"description\":\"Nyheder, Spiltips &amp; Livescore\",\"publisher\":{\"@id\":\"https:\/\/acefootball.com\/da\/#organization\"},\"potentialAction\":[{\"@type\":\"SearchAction\",\"target\":{\"@type\":\"EntryPoint\",\"urlTemplate\":\"https:\/\/acefootball.com\/da\/?s={search_term_string}\"},\"query-input\":\"required name=search_term_string\"}],\"inLanguage\":\"en-US\"},{\"@type\":\"ImageObject\",\"@id\":\"https:\/\/acefootball.com\/da\/fodboldnyheder\/soenderjyske-nyindkoeb-kan-debutere-mod-broendby\/#primaryimage\",\"inLanguage\":\"en-US\",\"url\":\"https:\/\/acefootball.com\/da\/wp-content\/uploads\/sites\/2\/2020\/10\/GettyImages-1223851476.jpg\",\"contentUrl\":\"https:\/\/acefootball.com\/da\/wp-content\/uploads\/sites\/2\/2020\/10\/GettyImages-1223851476.jpg\",\"width\":1024,\"height\":696,\"caption\":\"ESBJERG, DENMARK - JULY 01: Glen Riddersholm, head coach of Sonderjyske celebrates as cup winner after the Danish Cup Final Sydbankpokalen match between AaB Aalborg and Sonderjyske at Blue Water Arena on July 1, 2020 in Esbjerg, Denmark. (Photo by Lars Ronbog \/ FrontZoneSport via Getty Images)\"},{\"@type\":\"WebPage\",\"@id\":\"https:\/\/acefootball.com\/da\/fodboldnyheder\/soenderjyske-nyindkoeb-kan-debutere-mod-broendby\/#webpage\",\"url\":\"https:\/\/acefootball.com\/da\/fodboldnyheder\/soenderjyske-nyindkoeb-kan-debutere-mod-broendby\/\",\"name\":\"S\u00f8nderjyskE-nyindk\u00f8b kan debutere mod Br\u00f8ndby\",\"isPartOf\":{\"@id\":\"https:\/\/acefootball.com\/da\/#website\"},\"primaryImageOfPage\":{\"@id\":\"https:\/\/acefootball.com\/da\/fodboldnyheder\/soenderjyske-nyindkoeb-kan-debutere-mod-broendby\/#primaryimage\"},\"datePublished\":\"2020-10-17T13:31:26+00:00\",\"dateModified\":\"2020-10-17T13:31:27+00:00\",\"description\":\"S\u00f8nderjyskE har udtaget nyindk\u00f8bet Philipp Schmiedl, der kan f\u00e5 debut i s\u00f8ndagens Superliga-kamp mod Br\u00f8ndby\",\"breadcrumb\":{\"@id\":\"https:\/\/acefootball.com\/da\/fodboldnyheder\/soenderjyske-nyindkoeb-kan-debutere-mod-broendby\/#breadcrumb\"},\"inLanguage\":\"en-US\",\"potentialAction\":[{\"@type\":\"ReadAction\",\"target\":[\"https:\/\/acefootball.com\/da\/fodboldnyheder\/soenderjyske-nyindkoeb-kan-debutere-mod-broendby\/\"]}]},{\"@type\":\"BreadcrumbList\",\"@id\":\"https:\/\/acefootball.com\/da\/fodboldnyheder\/soenderjyske-nyindkoeb-kan-debutere-mod-broendby\/#breadcrumb\",\"itemListElement\":[{\"@type\":\"ListItem\",\"position\":1,\"name\":\"Home\",\"item\":\"https:\/\/acefootball.com\/da\/\"},{\"@type\":\"ListItem\",\"position\":2,\"name\":\"S\u00f8nderjyskE-nyindk\u00f8b kan debutere mod Br\u00f8ndby\"}]},{\"@type\":\"Article\",\"@id\":\"https:\/\/acefootball.com\/da\/fodboldnyheder\/soenderjyske-nyindkoeb-kan-debutere-mod-broendby\/#article\",\"isPartOf\":{\"@id\":\"https:\/\/acefootball.com\/da\/fodboldnyheder\/soenderjyske-nyindkoeb-kan-debutere-mod-broendby\/#webpage\"},\"author\":{\"@id\":\"https:\/\/acefootball.com\/da\/#\/schema\/person\/ee67e9cf04a276f144100ffa722f10cd\"},\"headline\":\"S\u00f8nderjyskE-nyindk\u00f8b kan debutere mod Br\u00f8ndby\",\"datePublished\":\"2020-10-17T13:31:26+00:00\",\"dateModified\":\"2020-10-17T13:31:27+00:00\",\"mainEntityOfPage\":{\"@id\":\"https:\/\/acefootball.com\/da\/fodboldnyheder\/soenderjyske-nyindkoeb-kan-debutere-mod-broendby\/#webpage\"},\"wordCount\":130,\"commentCount\":0,\"publisher\":{\"@id\":\"https:\/\/acefootball.com\/da\/#organization\"},\"image\":{\"@id\":\"https:\/\/acefootball.com\/da\/fodboldnyheder\/soenderjyske-nyindkoeb-kan-debutere-mod-broendby\/#primaryimage\"},\"thumbnailUrl\":\"https:\/\/acefootball.com\/da\/wp-content\/uploads\/sites\/2\/2020\/10\/GettyImages-1223851476.jpg\",\"keywords\":[\"S\u00f8nderjyskE\",\"Superligaen\"],\"articleSection\":[\"Kamp\"],\"inLanguage\":\"en-US\",\"potentialAction\":[{\"@type\":\"CommentAction\",\"name\":\"Comment\",\"target\":[\"https:\/\/acefootball.com\/da\/fodboldnyheder\/soenderjyske-nyindkoeb-kan-debutere-mod-broendby\/#respond\"]}]},{\"@type\":\"Person\",\"@id\":\"https:\/\/acefootball.com\/da\/#\/schema\/person\/ee67e9cf04a276f144100ffa722f10cd\",\"name\":\"Mads Dreyer\",\"image\":{\"@type\":\"ImageObject\",\"@id\":\"https:\/\/acefootball.com\/da\/#personlogo\",\"inLanguage\":\"en-US\",\"url\":\"https:\/\/secure.gravatar.com\/avatar\/7c7abf72cfde9902b6a60efe60c88d4c?s=96&d=mm&r=g\",\"contentUrl\":\"https:\/\/secure.gravatar.com\/avatar\/7c7abf72cfde9902b6a60efe60c88d4c?s=96&d=mm&r=g\",\"caption\":\"Mads Dreyer\"},\"description\":\"Skribent og fodboldn\u00f8rd, der lige nu fort\u00e6ller om alt og intet i fodboldverdenen p\u00e5 acefootball.com. Uddannet i kommunikation fra Aalborg Universitet.\",\"sameAs\":[\"https:\/\/www.linkedin.com\/in\/mads-dreyer-b9b08266\/\"],\"url\":\"https:\/\/acefootball.com\/da\/fodboldnyheder\/author\/mdnronaldo\/\"}]}<\/script>\n<!-- \/ Yoast SEO plugin. -->","yoast_head_json":{"title":"S\u00f8nderjyskE-nyindk\u00f8b kan debutere mod Br\u00f8ndby","description":"S\u00f8nderjyskE har udtaget nyindk\u00f8bet Philipp Schmiedl, der kan f\u00e5 debut i s\u00f8ndagens Superliga-kamp mod Br\u00f8ndby","robots":{"index":"index","follow":"follow","max-snippet":"max-snippet:-1","max-image-preview":"max-image-preview:large","max-video-preview":"max-video-preview:-1"},"canonical":"https:\/\/acefootball.com\/da\/fodboldnyheder\/soenderjyske-nyindkoeb-kan-debutere-mod-broendby\/","og_locale":"en_US","og_type":"article","og_title":"S\u00f8nderjyskE-nyindk\u00f8b kan debutere mod Br\u00f8ndby","og_description":"S\u00f8nderjyskE har udtaget nyindk\u00f8bet Philipp Schmiedl, der kan f\u00e5 debut i s\u00f8ndagens Superliga-kamp mod Br\u00f8ndby","og_url":"https:\/\/acefootball.com\/da\/fodboldnyheder\/soenderjyske-nyindkoeb-kan-debutere-mod-broendby\/","og_site_name":"Ace Football Danmark","article_publisher":"https:\/\/www.facebook.com\/acefootballdk","article_published_time":"2020-10-17T13:31:26+00:00","article_modified_time":"2020-10-17T13:31:27+00:00","og_image":[{"width":1024,"height":696,"url":"https:\/\/acefootball.com\/da\/wp-content\/uploads\/sites\/2\/2020\/10\/GettyImages-1223851476.jpg","type":"image\/jpeg"}],"twitter_card":"summary_large_image","twitter_misc":{"Written by":"Mads Dreyer","Est. reading time":"1 minute"},"schema":{"@context":"https:\/\/schema.org","@graph":[{"@type":"Organization","@id":"https:\/\/acefootball.com\/da\/#organization","name":"Ace Football","url":"https:\/\/acefootball.com\/da\/","sameAs":["https:\/\/www.facebook.com\/acefootballdk"],"logo":{"@type":"ImageObject","@id":"https:\/\/acefootball.com\/da\/#logo","inLanguage":"en-US","url":"https:\/\/acefootball.com\/da\/wp-content\/uploads\/sites\/2\/2020\/07\/Ace-Football-30-07-2020-2.png","contentUrl":"https:\/\/acefootball.com\/da\/wp-content\/uploads\/sites\/2\/2020\/07\/Ace-Football-30-07-2020-2.png","width":1200,"height":600,"caption":"Ace Football"},"image":{"@id":"https:\/\/acefootball.com\/da\/#logo"}},{"@type":"WebSite","@id":"https:\/\/acefootball.com\/da\/#website","url":"https:\/\/acefootball.com\/da\/","name":"Ace Football Danmark","description":"Nyheder, Spiltips &amp; Livescore","publisher":{"@id":"https:\/\/acefootball.com\/da\/#organization"},"potentialAction":[{"@type":"SearchAction","target":{"@type":"EntryPoint","urlTemplate":"https:\/\/acefootball.com\/da\/?s={search_term_string}"},"query-input":"required name=search_term_string"}],"inLanguage":"en-US"},{"@type":"ImageObject","@id":"https:\/\/acefootball.com\/da\/fodboldnyheder\/soenderjyske-nyindkoeb-kan-debutere-mod-broendby\/#primaryimage","inLanguage":"en-US","url":"https:\/\/acefootball.com\/da\/wp-content\/uploads\/sites\/2\/2020\/10\/GettyImages-1223851476.jpg","contentUrl":"https:\/\/acefootball.com\/da\/wp-content\/uploads\/sites\/2\/2020\/10\/GettyImages-1223851476.jpg","width":1024,"height":696,"caption":"ESBJERG, DENMARK - JULY 01: Glen Riddersholm, head coach of Sonderjyske celebrates as cup winner after the Danish Cup Final Sydbankpokalen match between AaB Aalborg and Sonderjyske at Blue Water Arena on July 1, 2020 in Esbjerg, Denmark. (Photo by Lars Ronbog \/ FrontZoneSport via Getty Images)"},{"@type":"WebPage","@id":"https:\/\/acefootball.com\/da\/fodboldnyheder\/soenderjyske-nyindkoeb-kan-debutere-mod-broendby\/#webpage","url":"https:\/\/acefootball.com\/da\/fodboldnyheder\/soenderjyske-nyindkoeb-kan-debutere-mod-broendby\/","name":"S\u00f8nderjyskE-nyindk\u00f8b kan debutere mod Br\u00f8ndby","isPartOf":{"@id":"https:\/\/acefootball.com\/da\/#website"},"primaryImageOfPage":{"@id":"https:\/\/acefootball.com\/da\/fodboldnyheder\/soenderjyske-nyindkoeb-kan-debutere-mod-broendby\/#primaryimage"},"datePublished":"2020-10-17T13:31:26+00:00","dateModified":"2020-10-17T13:31:27+00:00","description":"S\u00f8nderjyskE har udtaget nyindk\u00f8bet Philipp Schmiedl, der kan f\u00e5 debut i s\u00f8ndagens Superliga-kamp mod Br\u00f8ndby","breadcrumb":{"@id":"https:\/\/acefootball.com\/da\/fodboldnyheder\/soenderjyske-nyindkoeb-kan-debutere-mod-broendby\/#breadcrumb"},"inLanguage":"en-US","potentialAction":[{"@type":"ReadAction","target":["https:\/\/acefootball.com\/da\/fodboldnyheder\/soenderjyske-nyindkoeb-kan-debutere-mod-broendby\/"]}]},{"@type":"BreadcrumbList","@id":"https:\/\/acefootball.com\/da\/fodboldnyheder\/soenderjyske-nyindkoeb-kan-debutere-mod-broendby\/#breadcrumb","itemListElement":[{"@type":"ListItem","position":1,"name":"Home","item":"https:\/\/acefootball.com\/da\/"},{"@type":"ListItem","position":2,"name":"S\u00f8nderjyskE-nyindk\u00f8b kan debutere mod Br\u00f8ndby"}]},{"@type":"Article","@id":"https:\/\/acefootball.com\/da\/fodboldnyheder\/soenderjyske-nyindkoeb-kan-debutere-mod-broendby\/#article","isPartOf":{"@id":"https:\/\/acefootball.com\/da\/fodboldnyheder\/soenderjyske-nyindkoeb-kan-debutere-mod-broendby\/#webpage"},"author":{"@id":"https:\/\/acefootball.com\/da\/#\/schema\/person\/ee67e9cf04a276f144100ffa722f10cd"},"headline":"S\u00f8nderjyskE-nyindk\u00f8b kan debutere mod Br\u00f8ndby","datePublished":"2020-10-17T13:31:26+00:00","dateModified":"2020-10-17T13:31:27+00:00","mainEntityOfPage":{"@id":"https:\/\/acefootball.com\/da\/fodboldnyheder\/soenderjyske-nyindkoeb-kan-debutere-mod-broendby\/#webpage"},"wordCount":130,"commentCount":0,"publisher":{"@id":"https:\/\/acefootball.com\/da\/#organization"},"image":{"@id":"https:\/\/acefootball.com\/da\/fodboldnyheder\/soenderjyske-nyindkoeb-kan-debutere-mod-broendby\/#primaryimage"},"thumbnailUrl":"https:\/\/acefootball.com\/da\/wp-content\/uploads\/sites\/2\/2020\/10\/GettyImages-1223851476.jpg","keywords":["S\u00f8nderjyskE","Superligaen"],"articleSection":["Kamp"],"inLanguage":"en-US","potentialAction":[{"@type":"CommentAction","name":"Comment","target":["https:\/\/acefootball.com\/da\/fodboldnyheder\/soenderjyske-nyindkoeb-kan-debutere-mod-broendby\/#respond"]}]},{"@type":"Person","@id":"https:\/\/acefootball.com\/da\/#\/schema\/person\/ee67e9cf04a276f144100ffa722f10cd","name":"Mads Dreyer","image":{"@type":"ImageObject","@id":"https:\/\/acefootball.com\/da\/#personlogo","inLanguage":"en-US","url":"https:\/\/secure.gravatar.com\/avatar\/7c7abf72cfde9902b6a60efe60c88d4c?s=96&d=mm&r=g","contentUrl":"https:\/\/secure.gravatar.com\/avatar\/7c7abf72cfde9902b6a60efe60c88d4c?s=96&d=mm&r=g","caption":"Mads Dreyer"},"description":"Skribent og fodboldn\u00f8rd, der lige nu fort\u00e6ller om alt og intet i fodboldverdenen p\u00e5 acefootball.com. Uddannet i kommunikation fra Aalborg Universitet.","sameAs":["https:\/\/www.linkedin.com\/in\/mads-dreyer-b9b08266\/"],"url":"https:\/\/acefootball.com\/da\/fodboldnyheder\/author\/mdnronaldo\/"}]}},"fimg_url":"https:\/\/acefootball.com\/da\/wp-content\/uploads\/sites\/2\/2020\/10\/GettyImages-1223851476.jpg","_links":{"self":[{"href":"https:\/\/acefootball.com\/da\/wp-json\/wp\/v2\/posts\/240560"}],"collection":[{"href":"https:\/\/acefootball.com\/da\/wp-json\/wp\/v2\/posts"}],"about":[{"href":"https:\/\/acefootball.com\/da\/wp-json\/wp\/v2\/types\/post"}],"author":[{"embeddable":true,"href":"https:\/\/acefootball.com\/da\/wp-json\/wp\/v2\/users\/705"}],"replies":[{"embeddable":true,"href":"https:\/\/acefootball.com\/da\/wp-json\/wp\/v2\/comments?post=240560"}],"version-history":[{"count":0,"href":"https:\/\/acefootball.com\/da\/wp-json\/wp\/v2\/posts\/240560\/revisions"}],"wp:featuredmedia":[{"embeddable":true,"href":"https:\/\/acefootball.com\/da\/wp-json\/wp\/v2\/media\/239883"}],"wp:attachment":[{"href":"https:\/\/acefootball.com\/da\/wp-json\/wp\/v2\/media?parent=240560"}],"wp:term":[{"taxonomy":"category","embeddable":true,"href":"https:\/\/acefootball.com\/da\/wp-json\/wp\/v2\/categories?post=240560"},{"taxonomy":"post_tag","embeddable":true,"href":"https:\/\/acefootball.com\/da\/wp-json\/wp\/v2\/tags?post=240560"}],"curies":[{"name":"wp","href":"https:\/\/api.w.org\/{rel}","templated":true}]}}