{"id":240543,"date":"2020-10-17T13:48:06","date_gmt":"2020-10-17T11:48:06","guid":{"rendered":"https:\/\/acefootball.com\/da\/?p=240543"},"modified":"2020-10-17T13:48:07","modified_gmt":"2020-10-17T11:48:07","slug":"italienske-medier-enige-eriksen-paa-baenken-kjaer-starter","status":"publish","type":"post","link":"https:\/\/acefootball.com\/da\/fodboldnyheder\/italienske-medier-enige-eriksen-paa-baenken-kjaer-starter\/","title":{"rendered":"Italienske medier enige: Eriksen p\u00e5 b\u00e6nken &#8211; Kj\u00e6r starter"},"content":{"rendered":"\n<h2 id=\"h-flere-italienske-medier-regner-ikke-med-at-det-bliver-til-en-startplads-for-christian-eriksen-i-derbyet-mellem-inter-og-ac-milan\">Flere italienske medier regner ikke med, at det bliver til en startplads for Christian Eriksen i derbyet mellem Inter og AC Milan<\/h2>\n\n\n\n<div class=\"wp-block-si-widget wp-block-si-widget--center\"><si-lb-widget widget-id=\"MatchInfoWithOddsV2\" data-nopadding=\"true\" data-across-all-tournaments=\"false\" data-limit=\"5\" width=\"440\" data-event-id=\"3428908\" data-provider=\"betfair\" data-card=\"true\" data-theme-appearance=\"dark\"><\/si-lb-widget><\/div>\n\n\n\n<p>Der er linet op til lidt af et brag i den italienske Serie A, n\u00e5r \u00e6rkerivalerne fra Inter og AC Milan i aften t\u00f8rner sammen p\u00e5 Giuseppe Meazza (San Siro).<\/p>\n\n\n\n<p>Her kunne man h\u00e5be p\u00e5 at se en jubilarduel mellem Simon Kj\u00e6r og Christian Eriksen fra startfl\u00f8jtet, men s\u00e5dan bliver det formentlig ikke.<\/p>\n\n\n\n<p>I hvert fald er flere italienske medier, heriblandt <a href=\"https:\/\/www.gazzetta.it\/Calcio\/Serie-A\/17-10-2020\/inter-milan-probabili-formazioni-dove-vederla-diretta-39064670318.shtml\" target=\"_blank\" rel=\"noreferrer noopener\">Gazzetta dello Sport<\/a>, enige om, at Eriksen ikke kommer til at starte opg\u00f8ret.<\/p>\n\n\n\n<p>Inter-tr\u00e6ner Antonio Conte har ellers talt i positive vender om midtbanespillerens position p\u00e5 holdet i denne s\u00e6son, men n\u00e5r der skal stilles i st\u00e6rkest mulige opstilling, ser han fortsat ud til st\u00e5 bagerst i k\u00f8en.<\/p>\n\n\n\n<figure class=\"wp-block-embed-wordpress wp-block-embed is-type-wp-embed is-provider-ace-football-danmark\"><div class=\"wp-block-embed__wrapper\">\n<blockquote class=\"wp-embedded-content\" data-secret=\"dOMMrw9wlS\"><a href=\"https:\/\/acefootball.com\/da\/fodboldnyheder\/conte-giver-positivt-svar-paa-eriksen-udmelding\/\">Conte giver positivt svar p\u00e5 Eriksen-udmelding<\/a><\/blockquote><iframe class=\"wp-embedded-content\" sandbox=\"allow-scripts\" security=\"restricted\" style=\"position: absolute; clip: rect(1px, 1px, 1px, 1px);\" title=\"&#8220;Conte giver positivt svar p\u00e5 Eriksen-udmelding&#8221; &#8212; Ace Football Danmark\" src=\"https:\/\/acefootball.com\/da\/fodboldnyheder\/conte-giver-positivt-svar-paa-eriksen-udmelding\/embed\/#?secret=dOMMrw9wlS\" data-secret=\"dOMMrw9wlS\" width=\"600\" height=\"338\" frameborder=\"0\" marginwidth=\"0\" marginheight=\"0\" scrolling=\"no\"><\/iframe>\n<\/div><\/figure>\n\n\n\n<p>I stedet er der fuld forventning om, at Simon Kj\u00e6r nok en gang starter i midterforsvaret hos AC Milan.<\/p>\n","protected":false},"excerpt":{"rendered":"<p>Flere italienske medier regner ikke med, at det bliver til en startplads for Christian Eriksen i derbyet mellem Inter og AC Milan<\/p>\n","protected":false},"author":705,"featured_media":238330,"comment_status":"open","ping_status":"closed","sticky":false,"template":"","format":"standard","meta":{"om_disable_all_campaigns":false,"push_articles_ronaldo":{"active":false,"canonical":0,"publish":false},"force_updates":null},"categories":[8062],"tags":[66,478,394,131,363],"enet_tags":{"team":["8564","8636"],"player":["157723","35112"],"league":["55"],"sport_events":[3428908]},"yoast_head":"<!-- This site is optimized with the Yoast SEO plugin v18.3 - https:\/\/yoast.com\/wordpress\/plugins\/seo\/ -->\n<title>Italienske medier enige: Eriksen p\u00e5 b\u00e6nken - Kj\u00e6r starter<\/title>\n<meta name=\"description\" content=\"Flere italienske medier regner ikke med, at det bliver til en startplads for Christian Eriksen i derbyet mellem Inter og AC Milan\" \/>\n<meta name=\"robots\" content=\"index, follow, max-snippet:-1, max-image-preview:large, max-video-preview:-1\" \/>\n<link rel=\"canonical\" href=\"https:\/\/acefootball.com\/da\/fodboldnyheder\/italienske-medier-enige-eriksen-paa-baenken-kjaer-starter\/\" \/>\n<meta property=\"og:locale\" content=\"en_US\" \/>\n<meta property=\"og:type\" content=\"article\" \/>\n<meta property=\"og:title\" content=\"Italienske medier enige: Eriksen p\u00e5 b\u00e6nken - Kj\u00e6r starter\" \/>\n<meta property=\"og:description\" content=\"Flere italienske medier regner ikke med, at det bliver til en startplads for Christian Eriksen i derbyet mellem Inter og AC Milan\" \/>\n<meta property=\"og:url\" content=\"https:\/\/acefootball.com\/da\/fodboldnyheder\/italienske-medier-enige-eriksen-paa-baenken-kjaer-starter\/\" \/>\n<meta property=\"og:site_name\" content=\"Ace Football Danmark\" \/>\n<meta property=\"article:publisher\" content=\"https:\/\/www.facebook.com\/acefootballdk\" \/>\n<meta property=\"article:published_time\" content=\"2020-10-17T11:48:06+00:00\" \/>\n<meta property=\"article:modified_time\" content=\"2020-10-17T11:48:07+00:00\" \/>\n<meta property=\"og:image\" content=\"https:\/\/acefootball.com\/da\/wp-content\/uploads\/sites\/2\/2020\/09\/GettyImages-1228595649.jpg\" \/>\n\t<meta property=\"og:image:width\" content=\"1024\" \/>\n\t<meta property=\"og:image:height\" content=\"696\" \/>\n\t<meta property=\"og:image:type\" content=\"image\/jpeg\" \/>\n<meta name=\"twitter:card\" content=\"summary_large_image\" \/>\n<meta name=\"twitter:label1\" content=\"Written by\" \/>\n\t<meta name=\"twitter:data1\" content=\"Mads Dreyer\" \/>\n\t<meta name=\"twitter:label2\" content=\"Est. reading time\" \/>\n\t<meta name=\"twitter:data2\" content=\"1 minute\" \/>\n<script type=\"application\/ld+json\" class=\"yoast-schema-graph\">{\"@context\":\"https:\/\/schema.org\",\"@graph\":[{\"@type\":\"Organization\",\"@id\":\"https:\/\/acefootball.com\/da\/#organization\",\"name\":\"Ace Football\",\"url\":\"https:\/\/acefootball.com\/da\/\",\"sameAs\":[\"https:\/\/www.facebook.com\/acefootballdk\"],\"logo\":{\"@type\":\"ImageObject\",\"@id\":\"https:\/\/acefootball.com\/da\/#logo\",\"inLanguage\":\"en-US\",\"url\":\"https:\/\/acefootball.com\/da\/wp-content\/uploads\/sites\/2\/2020\/07\/Ace-Football-30-07-2020-2.png\",\"contentUrl\":\"https:\/\/acefootball.com\/da\/wp-content\/uploads\/sites\/2\/2020\/07\/Ace-Football-30-07-2020-2.png\",\"width\":1200,\"height\":600,\"caption\":\"Ace Football\"},\"image\":{\"@id\":\"https:\/\/acefootball.com\/da\/#logo\"}},{\"@type\":\"WebSite\",\"@id\":\"https:\/\/acefootball.com\/da\/#website\",\"url\":\"https:\/\/acefootball.com\/da\/\",\"name\":\"Ace Football Danmark\",\"description\":\"Nyheder, Spiltips &amp; Livescore\",\"publisher\":{\"@id\":\"https:\/\/acefootball.com\/da\/#organization\"},\"potentialAction\":[{\"@type\":\"SearchAction\",\"target\":{\"@type\":\"EntryPoint\",\"urlTemplate\":\"https:\/\/acefootball.com\/da\/?s={search_term_string}\"},\"query-input\":\"required name=search_term_string\"}],\"inLanguage\":\"en-US\"},{\"@type\":\"ImageObject\",\"@id\":\"https:\/\/acefootball.com\/da\/fodboldnyheder\/italienske-medier-enige-eriksen-paa-baenken-kjaer-starter\/#primaryimage\",\"inLanguage\":\"en-US\",\"url\":\"https:\/\/acefootball.com\/da\/wp-content\/uploads\/sites\/2\/2020\/09\/GettyImages-1228595649.jpg\",\"contentUrl\":\"https:\/\/acefootball.com\/da\/wp-content\/uploads\/sites\/2\/2020\/09\/GettyImages-1228595649.jpg\",\"width\":1024,\"height\":696,\"caption\":\"MILAN, ITALY - SEPTEMBER 19: Christian Eriksen of FC Internazionale reacts during the friendly match between FC Internazionale and SC Pisa at Stadio Giuseppe Meazza on September 19, 2020 in Milan, Italy. (Photo by Marco Luzzani\/Getty Images)\"},{\"@type\":\"WebPage\",\"@id\":\"https:\/\/acefootball.com\/da\/fodboldnyheder\/italienske-medier-enige-eriksen-paa-baenken-kjaer-starter\/#webpage\",\"url\":\"https:\/\/acefootball.com\/da\/fodboldnyheder\/italienske-medier-enige-eriksen-paa-baenken-kjaer-starter\/\",\"name\":\"Italienske medier enige: Eriksen p\u00e5 b\u00e6nken - Kj\u00e6r starter\",\"isPartOf\":{\"@id\":\"https:\/\/acefootball.com\/da\/#website\"},\"primaryImageOfPage\":{\"@id\":\"https:\/\/acefootball.com\/da\/fodboldnyheder\/italienske-medier-enige-eriksen-paa-baenken-kjaer-starter\/#primaryimage\"},\"datePublished\":\"2020-10-17T11:48:06+00:00\",\"dateModified\":\"2020-10-17T11:48:07+00:00\",\"description\":\"Flere italienske medier regner ikke med, at det bliver til en startplads for Christian Eriksen i derbyet mellem Inter og AC Milan\",\"breadcrumb\":{\"@id\":\"https:\/\/acefootball.com\/da\/fodboldnyheder\/italienske-medier-enige-eriksen-paa-baenken-kjaer-starter\/#breadcrumb\"},\"inLanguage\":\"en-US\",\"potentialAction\":[{\"@type\":\"ReadAction\",\"target\":[\"https:\/\/acefootball.com\/da\/fodboldnyheder\/italienske-medier-enige-eriksen-paa-baenken-kjaer-starter\/\"]}]},{\"@type\":\"BreadcrumbList\",\"@id\":\"https:\/\/acefootball.com\/da\/fodboldnyheder\/italienske-medier-enige-eriksen-paa-baenken-kjaer-starter\/#breadcrumb\",\"itemListElement\":[{\"@type\":\"ListItem\",\"position\":1,\"name\":\"Home\",\"item\":\"https:\/\/acefootball.com\/da\/\"},{\"@type\":\"ListItem\",\"position\":2,\"name\":\"Italienske medier enige: Eriksen p\u00e5 b\u00e6nken &#8211; Kj\u00e6r starter\"}]},{\"@type\":\"Article\",\"@id\":\"https:\/\/acefootball.com\/da\/fodboldnyheder\/italienske-medier-enige-eriksen-paa-baenken-kjaer-starter\/#article\",\"isPartOf\":{\"@id\":\"https:\/\/acefootball.com\/da\/fodboldnyheder\/italienske-medier-enige-eriksen-paa-baenken-kjaer-starter\/#webpage\"},\"author\":{\"@id\":\"https:\/\/acefootball.com\/da\/#\/schema\/person\/ee67e9cf04a276f144100ffa722f10cd\"},\"headline\":\"Italienske medier enige: Eriksen p\u00e5 b\u00e6nken &#8211; Kj\u00e6r starter\",\"datePublished\":\"2020-10-17T11:48:06+00:00\",\"dateModified\":\"2020-10-17T11:48:07+00:00\",\"mainEntityOfPage\":{\"@id\":\"https:\/\/acefootball.com\/da\/fodboldnyheder\/italienske-medier-enige-eriksen-paa-baenken-kjaer-starter\/#webpage\"},\"wordCount\":180,\"commentCount\":0,\"publisher\":{\"@id\":\"https:\/\/acefootball.com\/da\/#organization\"},\"image\":{\"@id\":\"https:\/\/acefootball.com\/da\/fodboldnyheder\/italienske-medier-enige-eriksen-paa-baenken-kjaer-starter\/#primaryimage\"},\"thumbnailUrl\":\"https:\/\/acefootball.com\/da\/wp-content\/uploads\/sites\/2\/2020\/09\/GettyImages-1228595649.jpg\",\"keywords\":[\"AC Milan\",\"Christian Eriksen\",\"Inter Milan\",\"Serie A\",\"Simon Kj\u00e6r\"],\"articleSection\":[\"Kamp\"],\"inLanguage\":\"en-US\",\"potentialAction\":[{\"@type\":\"CommentAction\",\"name\":\"Comment\",\"target\":[\"https:\/\/acefootball.com\/da\/fodboldnyheder\/italienske-medier-enige-eriksen-paa-baenken-kjaer-starter\/#respond\"]}]},{\"@type\":\"Person\",\"@id\":\"https:\/\/acefootball.com\/da\/#\/schema\/person\/ee67e9cf04a276f144100ffa722f10cd\",\"name\":\"Mads Dreyer\",\"image\":{\"@type\":\"ImageObject\",\"@id\":\"https:\/\/acefootball.com\/da\/#personlogo\",\"inLanguage\":\"en-US\",\"url\":\"https:\/\/secure.gravatar.com\/avatar\/7c7abf72cfde9902b6a60efe60c88d4c?s=96&d=mm&r=g\",\"contentUrl\":\"https:\/\/secure.gravatar.com\/avatar\/7c7abf72cfde9902b6a60efe60c88d4c?s=96&d=mm&r=g\",\"caption\":\"Mads Dreyer\"},\"description\":\"Skribent og fodboldn\u00f8rd, der lige nu fort\u00e6ller om alt og intet i fodboldverdenen p\u00e5 acefootball.com. Uddannet i kommunikation fra Aalborg Universitet.\",\"sameAs\":[\"https:\/\/www.linkedin.com\/in\/mads-dreyer-b9b08266\/\"],\"url\":\"https:\/\/acefootball.com\/da\/fodboldnyheder\/author\/mdnronaldo\/\"}]}<\/script>\n<!-- \/ Yoast SEO plugin. -->","yoast_head_json":{"title":"Italienske medier enige: Eriksen p\u00e5 b\u00e6nken - Kj\u00e6r starter","description":"Flere italienske medier regner ikke med, at det bliver til en startplads for Christian Eriksen i derbyet mellem Inter og AC Milan","robots":{"index":"index","follow":"follow","max-snippet":"max-snippet:-1","max-image-preview":"max-image-preview:large","max-video-preview":"max-video-preview:-1"},"canonical":"https:\/\/acefootball.com\/da\/fodboldnyheder\/italienske-medier-enige-eriksen-paa-baenken-kjaer-starter\/","og_locale":"en_US","og_type":"article","og_title":"Italienske medier enige: Eriksen p\u00e5 b\u00e6nken - Kj\u00e6r starter","og_description":"Flere italienske medier regner ikke med, at det bliver til en startplads for Christian Eriksen i derbyet mellem Inter og AC Milan","og_url":"https:\/\/acefootball.com\/da\/fodboldnyheder\/italienske-medier-enige-eriksen-paa-baenken-kjaer-starter\/","og_site_name":"Ace Football Danmark","article_publisher":"https:\/\/www.facebook.com\/acefootballdk","article_published_time":"2020-10-17T11:48:06+00:00","article_modified_time":"2020-10-17T11:48:07+00:00","og_image":[{"width":1024,"height":696,"url":"https:\/\/acefootball.com\/da\/wp-content\/uploads\/sites\/2\/2020\/09\/GettyImages-1228595649.jpg","type":"image\/jpeg"}],"twitter_card":"summary_large_image","twitter_misc":{"Written by":"Mads Dreyer","Est. reading time":"1 minute"},"schema":{"@context":"https:\/\/schema.org","@graph":[{"@type":"Organization","@id":"https:\/\/acefootball.com\/da\/#organization","name":"Ace Football","url":"https:\/\/acefootball.com\/da\/","sameAs":["https:\/\/www.facebook.com\/acefootballdk"],"logo":{"@type":"ImageObject","@id":"https:\/\/acefootball.com\/da\/#logo","inLanguage":"en-US","url":"https:\/\/acefootball.com\/da\/wp-content\/uploads\/sites\/2\/2020\/07\/Ace-Football-30-07-2020-2.png","contentUrl":"https:\/\/acefootball.com\/da\/wp-content\/uploads\/sites\/2\/2020\/07\/Ace-Football-30-07-2020-2.png","width":1200,"height":600,"caption":"Ace Football"},"image":{"@id":"https:\/\/acefootball.com\/da\/#logo"}},{"@type":"WebSite","@id":"https:\/\/acefootball.com\/da\/#website","url":"https:\/\/acefootball.com\/da\/","name":"Ace Football Danmark","description":"Nyheder, Spiltips &amp; Livescore","publisher":{"@id":"https:\/\/acefootball.com\/da\/#organization"},"potentialAction":[{"@type":"SearchAction","target":{"@type":"EntryPoint","urlTemplate":"https:\/\/acefootball.com\/da\/?s={search_term_string}"},"query-input":"required name=search_term_string"}],"inLanguage":"en-US"},{"@type":"ImageObject","@id":"https:\/\/acefootball.com\/da\/fodboldnyheder\/italienske-medier-enige-eriksen-paa-baenken-kjaer-starter\/#primaryimage","inLanguage":"en-US","url":"https:\/\/acefootball.com\/da\/wp-content\/uploads\/sites\/2\/2020\/09\/GettyImages-1228595649.jpg","contentUrl":"https:\/\/acefootball.com\/da\/wp-content\/uploads\/sites\/2\/2020\/09\/GettyImages-1228595649.jpg","width":1024,"height":696,"caption":"MILAN, ITALY - SEPTEMBER 19: Christian Eriksen of FC Internazionale reacts during the friendly match between FC Internazionale and SC Pisa at Stadio Giuseppe Meazza on September 19, 2020 in Milan, Italy. (Photo by Marco Luzzani\/Getty Images)"},{"@type":"WebPage","@id":"https:\/\/acefootball.com\/da\/fodboldnyheder\/italienske-medier-enige-eriksen-paa-baenken-kjaer-starter\/#webpage","url":"https:\/\/acefootball.com\/da\/fodboldnyheder\/italienske-medier-enige-eriksen-paa-baenken-kjaer-starter\/","name":"Italienske medier enige: Eriksen p\u00e5 b\u00e6nken - Kj\u00e6r starter","isPartOf":{"@id":"https:\/\/acefootball.com\/da\/#website"},"primaryImageOfPage":{"@id":"https:\/\/acefootball.com\/da\/fodboldnyheder\/italienske-medier-enige-eriksen-paa-baenken-kjaer-starter\/#primaryimage"},"datePublished":"2020-10-17T11:48:06+00:00","dateModified":"2020-10-17T11:48:07+00:00","description":"Flere italienske medier regner ikke med, at det bliver til en startplads for Christian Eriksen i derbyet mellem Inter og AC Milan","breadcrumb":{"@id":"https:\/\/acefootball.com\/da\/fodboldnyheder\/italienske-medier-enige-eriksen-paa-baenken-kjaer-starter\/#breadcrumb"},"inLanguage":"en-US","potentialAction":[{"@type":"ReadAction","target":["https:\/\/acefootball.com\/da\/fodboldnyheder\/italienske-medier-enige-eriksen-paa-baenken-kjaer-starter\/"]}]},{"@type":"BreadcrumbList","@id":"https:\/\/acefootball.com\/da\/fodboldnyheder\/italienske-medier-enige-eriksen-paa-baenken-kjaer-starter\/#breadcrumb","itemListElement":[{"@type":"ListItem","position":1,"name":"Home","item":"https:\/\/acefootball.com\/da\/"},{"@type":"ListItem","position":2,"name":"Italienske medier enige: Eriksen p\u00e5 b\u00e6nken &#8211; Kj\u00e6r starter"}]},{"@type":"Article","@id":"https:\/\/acefootball.com\/da\/fodboldnyheder\/italienske-medier-enige-eriksen-paa-baenken-kjaer-starter\/#article","isPartOf":{"@id":"https:\/\/acefootball.com\/da\/fodboldnyheder\/italienske-medier-enige-eriksen-paa-baenken-kjaer-starter\/#webpage"},"author":{"@id":"https:\/\/acefootball.com\/da\/#\/schema\/person\/ee67e9cf04a276f144100ffa722f10cd"},"headline":"Italienske medier enige: Eriksen p\u00e5 b\u00e6nken &#8211; Kj\u00e6r starter","datePublished":"2020-10-17T11:48:06+00:00","dateModified":"2020-10-17T11:48:07+00:00","mainEntityOfPage":{"@id":"https:\/\/acefootball.com\/da\/fodboldnyheder\/italienske-medier-enige-eriksen-paa-baenken-kjaer-starter\/#webpage"},"wordCount":180,"commentCount":0,"publisher":{"@id":"https:\/\/acefootball.com\/da\/#organization"},"image":{"@id":"https:\/\/acefootball.com\/da\/fodboldnyheder\/italienske-medier-enige-eriksen-paa-baenken-kjaer-starter\/#primaryimage"},"thumbnailUrl":"https:\/\/acefootball.com\/da\/wp-content\/uploads\/sites\/2\/2020\/09\/GettyImages-1228595649.jpg","keywords":["AC Milan","Christian Eriksen","Inter Milan","Serie A","Simon Kj\u00e6r"],"articleSection":["Kamp"],"inLanguage":"en-US","potentialAction":[{"@type":"CommentAction","name":"Comment","target":["https:\/\/acefootball.com\/da\/fodboldnyheder\/italienske-medier-enige-eriksen-paa-baenken-kjaer-starter\/#respond"]}]},{"@type":"Person","@id":"https:\/\/acefootball.com\/da\/#\/schema\/person\/ee67e9cf04a276f144100ffa722f10cd","name":"Mads Dreyer","image":{"@type":"ImageObject","@id":"https:\/\/acefootball.com\/da\/#personlogo","inLanguage":"en-US","url":"https:\/\/secure.gravatar.com\/avatar\/7c7abf72cfde9902b6a60efe60c88d4c?s=96&d=mm&r=g","contentUrl":"https:\/\/secure.gravatar.com\/avatar\/7c7abf72cfde9902b6a60efe60c88d4c?s=96&d=mm&r=g","caption":"Mads Dreyer"},"description":"Skribent og fodboldn\u00f8rd, der lige nu fort\u00e6ller om alt og intet i fodboldverdenen p\u00e5 acefootball.com. Uddannet i kommunikation fra Aalborg Universitet.","sameAs":["https:\/\/www.linkedin.com\/in\/mads-dreyer-b9b08266\/"],"url":"https:\/\/acefootball.com\/da\/fodboldnyheder\/author\/mdnronaldo\/"}]}},"fimg_url":"https:\/\/acefootball.com\/da\/wp-content\/uploads\/sites\/2\/2020\/09\/GettyImages-1228595649.jpg","_links":{"self":[{"href":"https:\/\/acefootball.com\/da\/wp-json\/wp\/v2\/posts\/240543"}],"collection":[{"href":"https:\/\/acefootball.com\/da\/wp-json\/wp\/v2\/posts"}],"about":[{"href":"https:\/\/acefootball.com\/da\/wp-json\/wp\/v2\/types\/post"}],"author":[{"embeddable":true,"href":"https:\/\/acefootball.com\/da\/wp-json\/wp\/v2\/users\/705"}],"replies":[{"embeddable":true,"href":"https:\/\/acefootball.com\/da\/wp-json\/wp\/v2\/comments?post=240543"}],"version-history":[{"count":0,"href":"https:\/\/acefootball.com\/da\/wp-json\/wp\/v2\/posts\/240543\/revisions"}],"wp:featuredmedia":[{"embeddable":true,"href":"https:\/\/acefootball.com\/da\/wp-json\/wp\/v2\/media\/238330"}],"wp:attachment":[{"href":"https:\/\/acefootball.com\/da\/wp-json\/wp\/v2\/media?parent=240543"}],"wp:term":[{"taxonomy":"category","embeddable":true,"href":"https:\/\/acefootball.com\/da\/wp-json\/wp\/v2\/categories?post=240543"},{"taxonomy":"post_tag","embeddable":true,"href":"https:\/\/acefootball.com\/da\/wp-json\/wp\/v2\/tags?post=240543"}],"curies":[{"name":"wp","href":"https:\/\/api.w.org\/{rel}","templated":true}]}}