{"id":240535,"date":"2020-10-17T12:18:51","date_gmt":"2020-10-17T10:18:51","guid":{"rendered":"https:\/\/acefootball.com\/da\/?p=240535"},"modified":"2020-10-17T12:18:52","modified_gmt":"2020-10-17T10:18:52","slug":"superliga-islaendinge-er-sendt-i-corona-karantaene","status":"publish","type":"post","link":"https:\/\/acefootball.com\/da\/fodboldnyheder\/superliga-islaendinge-er-sendt-i-corona-karantaene\/","title":{"rendered":"Superliga-isl\u00e6ndinge er sendt i corona-karant\u00e6ne"},"content":{"rendered":"\n<h2 id=\"h-b-de-ob-og-s-nderjyske-har-sendt-en-spiller-i-corona-karant-ne-efter-der-er-konstateret-smitte-i-den-islandske-u21-lejr\">B\u00e5de OB og S\u00f8nderjyskE har sendt en spiller i corona-karant\u00e6ne, efter der er konstateret smitte i den islandske U21-lejr<\/h2>\n\n\n\n<p>Efter en tur med landsholdene har Superliga-klubberne igen sine spillere hjemme og klar til at tage hul p\u00e5 en ny runde i landets bedste fodboldr\u00e6kke.<\/p>\n\n\n\n<p>Landsholdsturen har dog haft konsekvenser for to af klubberne. B\u00e5de OB og S\u00f8nderjyskE har nemlig m\u00e5tte sende en spiller i corona-karant\u00e6ne.<\/p>\n\n\n\n<p>Der er s\u00e5ledes opdaget smitte i den islandske U21-trup, hvilket har gjort, at OB&#8217;s Sveinn Aron Gudjohnsen og S\u00f8nderjyskE&#8217;s Isak Olofsson m\u00e5 g\u00e5 i isolation.<\/p>\n\n\n\n<figure class=\"wp-block-embed-wordpress wp-block-embed is-type-wp-embed is-provider-ace-football-danmark\"><div class=\"wp-block-embed__wrapper\">\n<blockquote class=\"wp-embedded-content\" data-secret=\"z5Nte1d6f6\"><a href=\"https:\/\/acefootball.com\/da\/fodboldnyheder\/okosun-kan-faa-ob-debut-mod-fc-midtjylland\/\">Okosun kan f\u00e5 OB-debut mod FC Midtjylland<\/a><\/blockquote><iframe class=\"wp-embedded-content\" sandbox=\"allow-scripts\" security=\"restricted\" style=\"position: absolute; clip: rect(1px, 1px, 1px, 1px);\" title=\"&#8220;Okosun kan f\u00e5 OB-debut mod FC Midtjylland&#8221; &#8212; Ace Football Danmark\" src=\"https:\/\/acefootball.com\/da\/fodboldnyheder\/okosun-kan-faa-ob-debut-mod-fc-midtjylland\/embed\/#?secret=z5Nte1d6f6\" data-secret=\"z5Nte1d6f6\" width=\"600\" height=\"338\" frameborder=\"0\" marginwidth=\"0\" marginheight=\"0\" scrolling=\"no\"><\/iframe>\n<\/div><\/figure>\n\n\n\n<p>Det oplyser fynboerne p\u00e5 sin <a href=\"https:\/\/www.ob.dk\/nyhedsarkiv\/truppen-til-fc-midtjylland-ob\/\" target=\"_blank\" rel=\"noreferrer noopener\">hjemmeside<\/a>, mens S\u00f8nderjyskE-pressechef Jacob Ravn bekr\u00e6fter over for <a href=\"https:\/\/jv.dk\/artikel\/s%C3%B8nderjyske-spiller-er-isoleret-efter-holdkammerats-positive-coronatest\" target=\"_blank\" rel=\"noreferrer noopener\">Jydske Vestkysten<\/a>.<\/p>\n\n\n\n<p>OB m\u00f8der FC Midtjylland i dag, mens S\u00f8nderjyskE tager imod Br\u00f8ndby s\u00f8ndag.<\/p>\n","protected":false},"excerpt":{"rendered":"<p>B\u00e5de OB og S\u00f8nderjyskE har sendt en spiller i corona-karant\u00e6ne, efter der er konstateret smitte i den islandske U21-lejr<\/p>\n","protected":false},"author":705,"featured_media":240536,"comment_status":"open","ping_status":"closed","sticky":false,"template":"","format":"standard","meta":{"om_disable_all_campaigns":false,"push_articles_ronaldo":{"active":false,"canonical":0,"publish":false},"force_updates":null},"categories":[1],"tags":[88,24,588],"enet_tags":{"team":["8414","8487"],"league":["46"],"sport_events":[]},"yoast_head":"<!-- This site is optimized with the Yoast SEO plugin v18.3 - https:\/\/yoast.com\/wordpress\/plugins\/seo\/ -->\n<title>Superliga-isl\u00e6ndinge er sendt i corona-karant\u00e6ne<\/title>\n<meta name=\"description\" content=\"B\u00e5de OB og S\u00f8nderjyskE har sendt en spiller i corona-karant\u00e6ne, efter der er konstateret smitte i den islandske U21-lejr\" \/>\n<meta name=\"robots\" content=\"index, follow, max-snippet:-1, max-image-preview:large, max-video-preview:-1\" \/>\n<link rel=\"canonical\" href=\"https:\/\/acefootball.com\/da\/fodboldnyheder\/superliga-islaendinge-er-sendt-i-corona-karantaene\/\" \/>\n<meta property=\"og:locale\" content=\"en_US\" \/>\n<meta property=\"og:type\" content=\"article\" \/>\n<meta property=\"og:title\" content=\"Superliga-isl\u00e6ndinge er sendt i corona-karant\u00e6ne\" \/>\n<meta property=\"og:description\" content=\"B\u00e5de OB og S\u00f8nderjyskE har sendt en spiller i corona-karant\u00e6ne, efter der er konstateret smitte i den islandske U21-lejr\" \/>\n<meta property=\"og:url\" content=\"https:\/\/acefootball.com\/da\/fodboldnyheder\/superliga-islaendinge-er-sendt-i-corona-karantaene\/\" \/>\n<meta property=\"og:site_name\" content=\"Ace Football Danmark\" \/>\n<meta property=\"article:publisher\" content=\"https:\/\/www.facebook.com\/acefootballdk\" \/>\n<meta property=\"article:published_time\" content=\"2020-10-17T10:18:51+00:00\" \/>\n<meta property=\"article:modified_time\" content=\"2020-10-17T10:18:52+00:00\" \/>\n<meta property=\"og:image\" content=\"https:\/\/acefootball.com\/da\/wp-content\/uploads\/sites\/2\/2020\/10\/GettyImages-1227760706.jpg\" \/>\n\t<meta property=\"og:image:width\" content=\"1024\" \/>\n\t<meta property=\"og:image:height\" content=\"683\" \/>\n\t<meta property=\"og:image:type\" content=\"image\/jpeg\" \/>\n<meta name=\"twitter:card\" content=\"summary_large_image\" \/>\n<meta name=\"twitter:label1\" content=\"Written by\" \/>\n\t<meta name=\"twitter:data1\" content=\"Mads Dreyer\" \/>\n\t<meta name=\"twitter:label2\" content=\"Est. reading time\" \/>\n\t<meta name=\"twitter:data2\" content=\"1 minute\" \/>\n<script type=\"application\/ld+json\" class=\"yoast-schema-graph\">{\"@context\":\"https:\/\/schema.org\",\"@graph\":[{\"@type\":\"Organization\",\"@id\":\"https:\/\/acefootball.com\/da\/#organization\",\"name\":\"Ace Football\",\"url\":\"https:\/\/acefootball.com\/da\/\",\"sameAs\":[\"https:\/\/www.facebook.com\/acefootballdk\"],\"logo\":{\"@type\":\"ImageObject\",\"@id\":\"https:\/\/acefootball.com\/da\/#logo\",\"inLanguage\":\"en-US\",\"url\":\"https:\/\/acefootball.com\/da\/wp-content\/uploads\/sites\/2\/2020\/07\/Ace-Football-30-07-2020-2.png\",\"contentUrl\":\"https:\/\/acefootball.com\/da\/wp-content\/uploads\/sites\/2\/2020\/07\/Ace-Football-30-07-2020-2.png\",\"width\":1200,\"height\":600,\"caption\":\"Ace Football\"},\"image\":{\"@id\":\"https:\/\/acefootball.com\/da\/#logo\"}},{\"@type\":\"WebSite\",\"@id\":\"https:\/\/acefootball.com\/da\/#website\",\"url\":\"https:\/\/acefootball.com\/da\/\",\"name\":\"Ace Football Danmark\",\"description\":\"Nyheder, Spiltips &amp; Livescore\",\"publisher\":{\"@id\":\"https:\/\/acefootball.com\/da\/#organization\"},\"potentialAction\":[{\"@type\":\"SearchAction\",\"target\":{\"@type\":\"EntryPoint\",\"urlTemplate\":\"https:\/\/acefootball.com\/da\/?s={search_term_string}\"},\"query-input\":\"required name=search_term_string\"}],\"inLanguage\":\"en-US\"},{\"@type\":\"ImageObject\",\"@id\":\"https:\/\/acefootball.com\/da\/fodboldnyheder\/superliga-islaendinge-er-sendt-i-corona-karantaene\/#primaryimage\",\"inLanguage\":\"en-US\",\"url\":\"https:\/\/acefootball.com\/da\/wp-content\/uploads\/sites\/2\/2020\/10\/GettyImages-1227760706.jpg\",\"contentUrl\":\"https:\/\/acefootball.com\/da\/wp-content\/uploads\/sites\/2\/2020\/10\/GettyImages-1227760706.jpg\",\"width\":1024,\"height\":683,\"caption\":\"ODENSE, DENMARK - JULY 23: Jakob Michelsen, head coach of OB Odense shows frustrations during the Danish Europa League Playoff match between OB Odense and AC Horsens at Nature Energy Park on July 23, 2020 in Odense, Denmark. (Photo by Jan Christensen \/ FrontzoneSport via Getty Images)\"},{\"@type\":\"WebPage\",\"@id\":\"https:\/\/acefootball.com\/da\/fodboldnyheder\/superliga-islaendinge-er-sendt-i-corona-karantaene\/#webpage\",\"url\":\"https:\/\/acefootball.com\/da\/fodboldnyheder\/superliga-islaendinge-er-sendt-i-corona-karantaene\/\",\"name\":\"Superliga-isl\u00e6ndinge er sendt i corona-karant\u00e6ne\",\"isPartOf\":{\"@id\":\"https:\/\/acefootball.com\/da\/#website\"},\"primaryImageOfPage\":{\"@id\":\"https:\/\/acefootball.com\/da\/fodboldnyheder\/superliga-islaendinge-er-sendt-i-corona-karantaene\/#primaryimage\"},\"datePublished\":\"2020-10-17T10:18:51+00:00\",\"dateModified\":\"2020-10-17T10:18:52+00:00\",\"description\":\"B\u00e5de OB og S\u00f8nderjyskE har sendt en spiller i corona-karant\u00e6ne, efter der er konstateret smitte i den islandske U21-lejr\",\"breadcrumb\":{\"@id\":\"https:\/\/acefootball.com\/da\/fodboldnyheder\/superliga-islaendinge-er-sendt-i-corona-karantaene\/#breadcrumb\"},\"inLanguage\":\"en-US\",\"potentialAction\":[{\"@type\":\"ReadAction\",\"target\":[\"https:\/\/acefootball.com\/da\/fodboldnyheder\/superliga-islaendinge-er-sendt-i-corona-karantaene\/\"]}]},{\"@type\":\"BreadcrumbList\",\"@id\":\"https:\/\/acefootball.com\/da\/fodboldnyheder\/superliga-islaendinge-er-sendt-i-corona-karantaene\/#breadcrumb\",\"itemListElement\":[{\"@type\":\"ListItem\",\"position\":1,\"name\":\"Home\",\"item\":\"https:\/\/acefootball.com\/da\/\"},{\"@type\":\"ListItem\",\"position\":2,\"name\":\"Superliga-isl\u00e6ndinge er sendt i corona-karant\u00e6ne\"}]},{\"@type\":\"Article\",\"@id\":\"https:\/\/acefootball.com\/da\/fodboldnyheder\/superliga-islaendinge-er-sendt-i-corona-karantaene\/#article\",\"isPartOf\":{\"@id\":\"https:\/\/acefootball.com\/da\/fodboldnyheder\/superliga-islaendinge-er-sendt-i-corona-karantaene\/#webpage\"},\"author\":{\"@id\":\"https:\/\/acefootball.com\/da\/#\/schema\/person\/ee67e9cf04a276f144100ffa722f10cd\"},\"headline\":\"Superliga-isl\u00e6ndinge er sendt i corona-karant\u00e6ne\",\"datePublished\":\"2020-10-17T10:18:51+00:00\",\"dateModified\":\"2020-10-17T10:18:52+00:00\",\"mainEntityOfPage\":{\"@id\":\"https:\/\/acefootball.com\/da\/fodboldnyheder\/superliga-islaendinge-er-sendt-i-corona-karantaene\/#webpage\"},\"wordCount\":148,\"commentCount\":0,\"publisher\":{\"@id\":\"https:\/\/acefootball.com\/da\/#organization\"},\"image\":{\"@id\":\"https:\/\/acefootball.com\/da\/fodboldnyheder\/superliga-islaendinge-er-sendt-i-corona-karantaene\/#primaryimage\"},\"thumbnailUrl\":\"https:\/\/acefootball.com\/da\/wp-content\/uploads\/sites\/2\/2020\/10\/GettyImages-1227760706.jpg\",\"keywords\":[\"OB\",\"S\u00f8nderjyskE\",\"Superligaen\"],\"articleSection\":[\"Nyhed\"],\"inLanguage\":\"en-US\",\"potentialAction\":[{\"@type\":\"CommentAction\",\"name\":\"Comment\",\"target\":[\"https:\/\/acefootball.com\/da\/fodboldnyheder\/superliga-islaendinge-er-sendt-i-corona-karantaene\/#respond\"]}]},{\"@type\":\"Person\",\"@id\":\"https:\/\/acefootball.com\/da\/#\/schema\/person\/ee67e9cf04a276f144100ffa722f10cd\",\"name\":\"Mads Dreyer\",\"image\":{\"@type\":\"ImageObject\",\"@id\":\"https:\/\/acefootball.com\/da\/#personlogo\",\"inLanguage\":\"en-US\",\"url\":\"https:\/\/secure.gravatar.com\/avatar\/7c7abf72cfde9902b6a60efe60c88d4c?s=96&d=mm&r=g\",\"contentUrl\":\"https:\/\/secure.gravatar.com\/avatar\/7c7abf72cfde9902b6a60efe60c88d4c?s=96&d=mm&r=g\",\"caption\":\"Mads Dreyer\"},\"description\":\"Skribent og fodboldn\u00f8rd, der lige nu fort\u00e6ller om alt og intet i fodboldverdenen p\u00e5 acefootball.com. Uddannet i kommunikation fra Aalborg Universitet.\",\"sameAs\":[\"https:\/\/www.linkedin.com\/in\/mads-dreyer-b9b08266\/\"],\"url\":\"https:\/\/acefootball.com\/da\/fodboldnyheder\/author\/mdnronaldo\/\"}]}<\/script>\n<!-- \/ Yoast SEO plugin. -->","yoast_head_json":{"title":"Superliga-isl\u00e6ndinge er sendt i corona-karant\u00e6ne","description":"B\u00e5de OB og S\u00f8nderjyskE har sendt en spiller i corona-karant\u00e6ne, efter der er konstateret smitte i den islandske U21-lejr","robots":{"index":"index","follow":"follow","max-snippet":"max-snippet:-1","max-image-preview":"max-image-preview:large","max-video-preview":"max-video-preview:-1"},"canonical":"https:\/\/acefootball.com\/da\/fodboldnyheder\/superliga-islaendinge-er-sendt-i-corona-karantaene\/","og_locale":"en_US","og_type":"article","og_title":"Superliga-isl\u00e6ndinge er sendt i corona-karant\u00e6ne","og_description":"B\u00e5de OB og S\u00f8nderjyskE har sendt en spiller i corona-karant\u00e6ne, efter der er konstateret smitte i den islandske U21-lejr","og_url":"https:\/\/acefootball.com\/da\/fodboldnyheder\/superliga-islaendinge-er-sendt-i-corona-karantaene\/","og_site_name":"Ace Football Danmark","article_publisher":"https:\/\/www.facebook.com\/acefootballdk","article_published_time":"2020-10-17T10:18:51+00:00","article_modified_time":"2020-10-17T10:18:52+00:00","og_image":[{"width":1024,"height":683,"url":"https:\/\/acefootball.com\/da\/wp-content\/uploads\/sites\/2\/2020\/10\/GettyImages-1227760706.jpg","type":"image\/jpeg"}],"twitter_card":"summary_large_image","twitter_misc":{"Written by":"Mads Dreyer","Est. reading time":"1 minute"},"schema":{"@context":"https:\/\/schema.org","@graph":[{"@type":"Organization","@id":"https:\/\/acefootball.com\/da\/#organization","name":"Ace Football","url":"https:\/\/acefootball.com\/da\/","sameAs":["https:\/\/www.facebook.com\/acefootballdk"],"logo":{"@type":"ImageObject","@id":"https:\/\/acefootball.com\/da\/#logo","inLanguage":"en-US","url":"https:\/\/acefootball.com\/da\/wp-content\/uploads\/sites\/2\/2020\/07\/Ace-Football-30-07-2020-2.png","contentUrl":"https:\/\/acefootball.com\/da\/wp-content\/uploads\/sites\/2\/2020\/07\/Ace-Football-30-07-2020-2.png","width":1200,"height":600,"caption":"Ace Football"},"image":{"@id":"https:\/\/acefootball.com\/da\/#logo"}},{"@type":"WebSite","@id":"https:\/\/acefootball.com\/da\/#website","url":"https:\/\/acefootball.com\/da\/","name":"Ace Football Danmark","description":"Nyheder, Spiltips &amp; Livescore","publisher":{"@id":"https:\/\/acefootball.com\/da\/#organization"},"potentialAction":[{"@type":"SearchAction","target":{"@type":"EntryPoint","urlTemplate":"https:\/\/acefootball.com\/da\/?s={search_term_string}"},"query-input":"required name=search_term_string"}],"inLanguage":"en-US"},{"@type":"ImageObject","@id":"https:\/\/acefootball.com\/da\/fodboldnyheder\/superliga-islaendinge-er-sendt-i-corona-karantaene\/#primaryimage","inLanguage":"en-US","url":"https:\/\/acefootball.com\/da\/wp-content\/uploads\/sites\/2\/2020\/10\/GettyImages-1227760706.jpg","contentUrl":"https:\/\/acefootball.com\/da\/wp-content\/uploads\/sites\/2\/2020\/10\/GettyImages-1227760706.jpg","width":1024,"height":683,"caption":"ODENSE, DENMARK - JULY 23: Jakob Michelsen, head coach of OB Odense shows frustrations during the Danish Europa League Playoff match between OB Odense and AC Horsens at Nature Energy Park on July 23, 2020 in Odense, Denmark. (Photo by Jan Christensen \/ FrontzoneSport via Getty Images)"},{"@type":"WebPage","@id":"https:\/\/acefootball.com\/da\/fodboldnyheder\/superliga-islaendinge-er-sendt-i-corona-karantaene\/#webpage","url":"https:\/\/acefootball.com\/da\/fodboldnyheder\/superliga-islaendinge-er-sendt-i-corona-karantaene\/","name":"Superliga-isl\u00e6ndinge er sendt i corona-karant\u00e6ne","isPartOf":{"@id":"https:\/\/acefootball.com\/da\/#website"},"primaryImageOfPage":{"@id":"https:\/\/acefootball.com\/da\/fodboldnyheder\/superliga-islaendinge-er-sendt-i-corona-karantaene\/#primaryimage"},"datePublished":"2020-10-17T10:18:51+00:00","dateModified":"2020-10-17T10:18:52+00:00","description":"B\u00e5de OB og S\u00f8nderjyskE har sendt en spiller i corona-karant\u00e6ne, efter der er konstateret smitte i den islandske U21-lejr","breadcrumb":{"@id":"https:\/\/acefootball.com\/da\/fodboldnyheder\/superliga-islaendinge-er-sendt-i-corona-karantaene\/#breadcrumb"},"inLanguage":"en-US","potentialAction":[{"@type":"ReadAction","target":["https:\/\/acefootball.com\/da\/fodboldnyheder\/superliga-islaendinge-er-sendt-i-corona-karantaene\/"]}]},{"@type":"BreadcrumbList","@id":"https:\/\/acefootball.com\/da\/fodboldnyheder\/superliga-islaendinge-er-sendt-i-corona-karantaene\/#breadcrumb","itemListElement":[{"@type":"ListItem","position":1,"name":"Home","item":"https:\/\/acefootball.com\/da\/"},{"@type":"ListItem","position":2,"name":"Superliga-isl\u00e6ndinge er sendt i corona-karant\u00e6ne"}]},{"@type":"Article","@id":"https:\/\/acefootball.com\/da\/fodboldnyheder\/superliga-islaendinge-er-sendt-i-corona-karantaene\/#article","isPartOf":{"@id":"https:\/\/acefootball.com\/da\/fodboldnyheder\/superliga-islaendinge-er-sendt-i-corona-karantaene\/#webpage"},"author":{"@id":"https:\/\/acefootball.com\/da\/#\/schema\/person\/ee67e9cf04a276f144100ffa722f10cd"},"headline":"Superliga-isl\u00e6ndinge er sendt i corona-karant\u00e6ne","datePublished":"2020-10-17T10:18:51+00:00","dateModified":"2020-10-17T10:18:52+00:00","mainEntityOfPage":{"@id":"https:\/\/acefootball.com\/da\/fodboldnyheder\/superliga-islaendinge-er-sendt-i-corona-karantaene\/#webpage"},"wordCount":148,"commentCount":0,"publisher":{"@id":"https:\/\/acefootball.com\/da\/#organization"},"image":{"@id":"https:\/\/acefootball.com\/da\/fodboldnyheder\/superliga-islaendinge-er-sendt-i-corona-karantaene\/#primaryimage"},"thumbnailUrl":"https:\/\/acefootball.com\/da\/wp-content\/uploads\/sites\/2\/2020\/10\/GettyImages-1227760706.jpg","keywords":["OB","S\u00f8nderjyskE","Superligaen"],"articleSection":["Nyhed"],"inLanguage":"en-US","potentialAction":[{"@type":"CommentAction","name":"Comment","target":["https:\/\/acefootball.com\/da\/fodboldnyheder\/superliga-islaendinge-er-sendt-i-corona-karantaene\/#respond"]}]},{"@type":"Person","@id":"https:\/\/acefootball.com\/da\/#\/schema\/person\/ee67e9cf04a276f144100ffa722f10cd","name":"Mads Dreyer","image":{"@type":"ImageObject","@id":"https:\/\/acefootball.com\/da\/#personlogo","inLanguage":"en-US","url":"https:\/\/secure.gravatar.com\/avatar\/7c7abf72cfde9902b6a60efe60c88d4c?s=96&d=mm&r=g","contentUrl":"https:\/\/secure.gravatar.com\/avatar\/7c7abf72cfde9902b6a60efe60c88d4c?s=96&d=mm&r=g","caption":"Mads Dreyer"},"description":"Skribent og fodboldn\u00f8rd, der lige nu fort\u00e6ller om alt og intet i fodboldverdenen p\u00e5 acefootball.com. Uddannet i kommunikation fra Aalborg Universitet.","sameAs":["https:\/\/www.linkedin.com\/in\/mads-dreyer-b9b08266\/"],"url":"https:\/\/acefootball.com\/da\/fodboldnyheder\/author\/mdnronaldo\/"}]}},"fimg_url":"https:\/\/acefootball.com\/da\/wp-content\/uploads\/sites\/2\/2020\/10\/GettyImages-1227760706.jpg","_links":{"self":[{"href":"https:\/\/acefootball.com\/da\/wp-json\/wp\/v2\/posts\/240535"}],"collection":[{"href":"https:\/\/acefootball.com\/da\/wp-json\/wp\/v2\/posts"}],"about":[{"href":"https:\/\/acefootball.com\/da\/wp-json\/wp\/v2\/types\/post"}],"author":[{"embeddable":true,"href":"https:\/\/acefootball.com\/da\/wp-json\/wp\/v2\/users\/705"}],"replies":[{"embeddable":true,"href":"https:\/\/acefootball.com\/da\/wp-json\/wp\/v2\/comments?post=240535"}],"version-history":[{"count":0,"href":"https:\/\/acefootball.com\/da\/wp-json\/wp\/v2\/posts\/240535\/revisions"}],"wp:featuredmedia":[{"embeddable":true,"href":"https:\/\/acefootball.com\/da\/wp-json\/wp\/v2\/media\/240536"}],"wp:attachment":[{"href":"https:\/\/acefootball.com\/da\/wp-json\/wp\/v2\/media?parent=240535"}],"wp:term":[{"taxonomy":"category","embeddable":true,"href":"https:\/\/acefootball.com\/da\/wp-json\/wp\/v2\/categories?post=240535"},{"taxonomy":"post_tag","embeddable":true,"href":"https:\/\/acefootball.com\/da\/wp-json\/wp\/v2\/tags?post=240535"}],"curies":[{"name":"wp","href":"https:\/\/api.w.org\/{rel}","templated":true}]}}