{"id":240532,"date":"2020-10-17T12:01:04","date_gmt":"2020-10-17T10:01:04","guid":{"rendered":"https:\/\/acefootball.com\/da\/?p=240532"},"modified":"2020-10-17T12:01:04","modified_gmt":"2020-10-17T10:01:04","slug":"jonas-wind-vender-hjem-til-fck-med-selvtillid","status":"publish","type":"post","link":"https:\/\/acefootball.com\/da\/fodboldnyheder\/jonas-wind-vender-hjem-til-fck-med-selvtillid\/","title":{"rendered":"Jonas Wind vender hjem til FCK med selvtillid"},"content":{"rendered":"\n<h2 id=\"h-jonas-wind-fik-sin-landsholdsdebut-mod-f-r-erne-og-har-derfor-taget-masser-af-selvtillid-med-hjem-til-fc-k-benhavn\">Jonas Wind fik sin landsholdsdebut mod F\u00e6r\u00f8erne og har derfor taget masser af selvtillid med hjem til FC K\u00f8benhavn<\/h2>\n\n\n\n<div class=\"wp-block-si-widget wp-block-si-widget--center\"><si-lb-widget widget-id=\"MatchInfoWithOddsV2\" data-nopadding=\"true\" data-across-all-tournaments=\"false\" data-limit=\"5\" width=\"440\" data-event-id=\"3389096\" data-card=\"true\" data-provider=\"betfair\" data-theme-appearance=\"dark\"><\/si-lb-widget><\/div>\n\n\n\n<p>Onsdag den 7. oktober var en stor dag for Jonas Wind, som efter 72 minutters spil af Danmarks kamp mod F\u00e6r\u00f8erne kunne tr\u00e6de p\u00e5 banen til sin landsholdsdebut.<\/p>\n\n\n\n<p>Det var ikke noget, FC K\u00f8benhavn-angriberen havde regnet med, og derfor kom det ogs\u00e5 som en overraskelse, da han fik meldingen fra tr\u00e6nerstaben.<\/p>\n\n\n\n<p>&#8220;Jeg fik f\u00f8rst at vide i pausen, at jeg skulle g\u00f8re mig klar til det 70. minut, og s\u00e5 var det bare med at varme op og holde mig klar, og selvf\u00f8lgelig trippede jeg for at komme ind. Det var k\u00e6mpestort, da det skete, og jeg er selvf\u00f8lgelig meget stolt,&#8221; fort\u00e6ller Wind til <a href=\"https:\/\/www.fck.dk\/nyhed\/jonas-kommer-tilbage-med-selvtillidsboost\" target=\"_blank\" rel=\"noreferrer noopener\">FC K\u00f8benhavns hjemmeside<\/a>.<\/p>\n\n\n\n<figure class=\"wp-block-embed-wordpress wp-block-embed is-type-wp-embed is-provider-ace-football-danmark\"><div class=\"wp-block-embed__wrapper\">\n<blockquote class=\"wp-embedded-content\" data-secret=\"vPRqrqtwzG\"><a href=\"https:\/\/acefootball.com\/da\/fodboldnyheder\/overrasket-zanka-staale-var-med-i-mine-overvejelser\/\">Overrasket &#8216;Zanka&#8217;: St\u00e5le var med i mine overvejelser<\/a><\/blockquote><iframe class=\"wp-embedded-content\" sandbox=\"allow-scripts\" security=\"restricted\" style=\"position: absolute; clip: rect(1px, 1px, 1px, 1px);\" title=\"&#8220;Overrasket &#8216;Zanka&#8217;: St\u00e5le var med i mine overvejelser&#8221; &#8212; Ace Football Danmark\" src=\"https:\/\/acefootball.com\/da\/fodboldnyheder\/overrasket-zanka-staale-var-med-i-mine-overvejelser\/embed\/#?secret=vPRqrqtwzG\" data-secret=\"vPRqrqtwzG\" width=\"600\" height=\"338\" frameborder=\"0\" marginwidth=\"0\" marginheight=\"0\" scrolling=\"no\"><\/iframe>\n<\/div><\/figure>\n\n\n\n<p>Debuten i de r\u00f8dhvide farver har dog sendt Wind hjem til hovedstaden med selvtillid.<\/p>\n\n\n\n<p>&#8220;Det er jo en st\u00e6rk gruppe med top-internationale spillere og bl.a. havde vi jo ogs\u00e5 to 100-kamps jubilarer i Eriksen og Kj\u00e6r, s\u00e5 der er selvf\u00f8lgelig meget man kan l\u00e6re p\u00e5 landsholdet. Men som s\u00e5dan er der ikke s\u00e5 mange paralleller mellem landsholdet og FCK, men det var fedt at v\u00e6re med, og det giver selvf\u00f8lgelig ogs\u00e5 et ekstra selvtillidsboost.&#8221;<\/p>\n\n\n\n<p>Om den \u00f8gede selvtillid bliver at se i FCK-tr\u00f8jen, f\u00e5r vi svar p\u00e5 i morgen, hvor k\u00f8benhavnerne f\u00e5r bes\u00f8g af AaB.<\/p>\n","protected":false},"excerpt":{"rendered":"<p>Jonas Wind fik sin landsholdsdebut mod F\u00e6r\u00f8erne og har derfor taget masser af selvtillid med hjem til FC K\u00f8benhavn<\/p>\n","protected":false},"author":705,"featured_media":240533,"comment_status":"open","ping_status":"closed","sticky":false,"template":"","format":"standard","meta":{"om_disable_all_campaigns":false,"push_articles_ronaldo":{"active":false,"canonical":0,"publish":false},"force_updates":null},"categories":[8204],"tags":[16,2167,588],"enet_tags":{"team":["8391"],"player":["889785"],"league":["46"],"sport_events":[3389096]},"yoast_head":"<!-- This site is optimized with the Yoast SEO plugin v18.3 - https:\/\/yoast.com\/wordpress\/plugins\/seo\/ -->\n<title>Jonas Wind vender hjem til FCK med selvtillid<\/title>\n<meta name=\"description\" content=\"Jonas Wind fik sin landsholdsdebut mod F\u00e6r\u00f8erne og har derfor taget masser af selvtillid med hjem til FC K\u00f8benhavn\" \/>\n<meta name=\"robots\" content=\"index, follow, max-snippet:-1, max-image-preview:large, max-video-preview:-1\" \/>\n<link rel=\"canonical\" href=\"https:\/\/acefootball.com\/da\/fodboldnyheder\/jonas-wind-vender-hjem-til-fck-med-selvtillid\/\" \/>\n<meta property=\"og:locale\" content=\"en_US\" \/>\n<meta property=\"og:type\" content=\"article\" \/>\n<meta property=\"og:title\" content=\"Jonas Wind vender hjem til FCK med selvtillid\" \/>\n<meta property=\"og:description\" content=\"Jonas Wind fik sin landsholdsdebut mod F\u00e6r\u00f8erne og har derfor taget masser af selvtillid med hjem til FC K\u00f8benhavn\" \/>\n<meta property=\"og:url\" content=\"https:\/\/acefootball.com\/da\/fodboldnyheder\/jonas-wind-vender-hjem-til-fck-med-selvtillid\/\" \/>\n<meta property=\"og:site_name\" content=\"Ace Football Danmark\" \/>\n<meta property=\"article:publisher\" content=\"https:\/\/www.facebook.com\/acefootballdk\" \/>\n<meta property=\"article:published_time\" content=\"2020-10-17T10:01:04+00:00\" \/>\n<meta property=\"og:image\" content=\"https:\/\/acefootball.com\/da\/wp-content\/uploads\/sites\/2\/2020\/10\/GettyImages-1228896641.jpg\" \/>\n\t<meta property=\"og:image:width\" content=\"1024\" \/>\n\t<meta property=\"og:image:height\" content=\"675\" \/>\n\t<meta property=\"og:image:type\" content=\"image\/jpeg\" \/>\n<meta name=\"twitter:card\" content=\"summary_large_image\" \/>\n<meta name=\"twitter:label1\" content=\"Written by\" \/>\n\t<meta name=\"twitter:data1\" content=\"Mads Dreyer\" \/>\n\t<meta name=\"twitter:label2\" content=\"Est. reading time\" \/>\n\t<meta name=\"twitter:data2\" content=\"1 minute\" \/>\n<script type=\"application\/ld+json\" class=\"yoast-schema-graph\">{\"@context\":\"https:\/\/schema.org\",\"@graph\":[{\"@type\":\"Organization\",\"@id\":\"https:\/\/acefootball.com\/da\/#organization\",\"name\":\"Ace Football\",\"url\":\"https:\/\/acefootball.com\/da\/\",\"sameAs\":[\"https:\/\/www.facebook.com\/acefootballdk\"],\"logo\":{\"@type\":\"ImageObject\",\"@id\":\"https:\/\/acefootball.com\/da\/#logo\",\"inLanguage\":\"en-US\",\"url\":\"https:\/\/acefootball.com\/da\/wp-content\/uploads\/sites\/2\/2020\/07\/Ace-Football-30-07-2020-2.png\",\"contentUrl\":\"https:\/\/acefootball.com\/da\/wp-content\/uploads\/sites\/2\/2020\/07\/Ace-Football-30-07-2020-2.png\",\"width\":1200,\"height\":600,\"caption\":\"Ace Football\"},\"image\":{\"@id\":\"https:\/\/acefootball.com\/da\/#logo\"}},{\"@type\":\"WebSite\",\"@id\":\"https:\/\/acefootball.com\/da\/#website\",\"url\":\"https:\/\/acefootball.com\/da\/\",\"name\":\"Ace Football Danmark\",\"description\":\"Nyheder, Spiltips &amp; Livescore\",\"publisher\":{\"@id\":\"https:\/\/acefootball.com\/da\/#organization\"},\"potentialAction\":[{\"@type\":\"SearchAction\",\"target\":{\"@type\":\"EntryPoint\",\"urlTemplate\":\"https:\/\/acefootball.com\/da\/?s={search_term_string}\"},\"query-input\":\"required name=search_term_string\"}],\"inLanguage\":\"en-US\"},{\"@type\":\"ImageObject\",\"@id\":\"https:\/\/acefootball.com\/da\/fodboldnyheder\/jonas-wind-vender-hjem-til-fck-med-selvtillid\/#primaryimage\",\"inLanguage\":\"en-US\",\"url\":\"https:\/\/acefootball.com\/da\/wp-content\/uploads\/sites\/2\/2020\/10\/GettyImages-1228896641.jpg\",\"contentUrl\":\"https:\/\/acefootball.com\/da\/wp-content\/uploads\/sites\/2\/2020\/10\/GettyImages-1228896641.jpg\",\"width\":1024,\"height\":675,\"caption\":\"COPENHAGEN, DENMARK - OCTOBER 04: Jonas Wind of FC Copenhagen celebrates after the Danish 3F Superliga match between FC Copenhagen and FC Nordsjalland at Parken Stadium on October 4, 2020 in Copenhagen, Denmark. (Photo by Lars Ronbog \/ FrontZoneSport via Getty Images)\"},{\"@type\":\"WebPage\",\"@id\":\"https:\/\/acefootball.com\/da\/fodboldnyheder\/jonas-wind-vender-hjem-til-fck-med-selvtillid\/#webpage\",\"url\":\"https:\/\/acefootball.com\/da\/fodboldnyheder\/jonas-wind-vender-hjem-til-fck-med-selvtillid\/\",\"name\":\"Jonas Wind vender hjem til FCK med selvtillid\",\"isPartOf\":{\"@id\":\"https:\/\/acefootball.com\/da\/#website\"},\"primaryImageOfPage\":{\"@id\":\"https:\/\/acefootball.com\/da\/fodboldnyheder\/jonas-wind-vender-hjem-til-fck-med-selvtillid\/#primaryimage\"},\"datePublished\":\"2020-10-17T10:01:04+00:00\",\"dateModified\":\"2020-10-17T10:01:04+00:00\",\"description\":\"Jonas Wind fik sin landsholdsdebut mod F\u00e6r\u00f8erne og har derfor taget masser af selvtillid med hjem til FC K\u00f8benhavn\",\"breadcrumb\":{\"@id\":\"https:\/\/acefootball.com\/da\/fodboldnyheder\/jonas-wind-vender-hjem-til-fck-med-selvtillid\/#breadcrumb\"},\"inLanguage\":\"en-US\",\"potentialAction\":[{\"@type\":\"ReadAction\",\"target\":[\"https:\/\/acefootball.com\/da\/fodboldnyheder\/jonas-wind-vender-hjem-til-fck-med-selvtillid\/\"]}]},{\"@type\":\"BreadcrumbList\",\"@id\":\"https:\/\/acefootball.com\/da\/fodboldnyheder\/jonas-wind-vender-hjem-til-fck-med-selvtillid\/#breadcrumb\",\"itemListElement\":[{\"@type\":\"ListItem\",\"position\":1,\"name\":\"Home\",\"item\":\"https:\/\/acefootball.com\/da\/\"},{\"@type\":\"ListItem\",\"position\":2,\"name\":\"Jonas Wind vender hjem til FCK med selvtillid\"}]},{\"@type\":\"Article\",\"@id\":\"https:\/\/acefootball.com\/da\/fodboldnyheder\/jonas-wind-vender-hjem-til-fck-med-selvtillid\/#article\",\"isPartOf\":{\"@id\":\"https:\/\/acefootball.com\/da\/fodboldnyheder\/jonas-wind-vender-hjem-til-fck-med-selvtillid\/#webpage\"},\"author\":{\"@id\":\"https:\/\/acefootball.com\/da\/#\/schema\/person\/ee67e9cf04a276f144100ffa722f10cd\"},\"headline\":\"Jonas Wind vender hjem til FCK med selvtillid\",\"datePublished\":\"2020-10-17T10:01:04+00:00\",\"dateModified\":\"2020-10-17T10:01:04+00:00\",\"mainEntityOfPage\":{\"@id\":\"https:\/\/acefootball.com\/da\/fodboldnyheder\/jonas-wind-vender-hjem-til-fck-med-selvtillid\/#webpage\"},\"wordCount\":261,\"commentCount\":0,\"publisher\":{\"@id\":\"https:\/\/acefootball.com\/da\/#organization\"},\"image\":{\"@id\":\"https:\/\/acefootball.com\/da\/fodboldnyheder\/jonas-wind-vender-hjem-til-fck-med-selvtillid\/#primaryimage\"},\"thumbnailUrl\":\"https:\/\/acefootball.com\/da\/wp-content\/uploads\/sites\/2\/2020\/10\/GettyImages-1228896641.jpg\",\"keywords\":[\"FC K\u00f8benhavn\",\"Jonas Wind\",\"Superligaen\"],\"articleSection\":[\"Udtalelse\"],\"inLanguage\":\"en-US\",\"potentialAction\":[{\"@type\":\"CommentAction\",\"name\":\"Comment\",\"target\":[\"https:\/\/acefootball.com\/da\/fodboldnyheder\/jonas-wind-vender-hjem-til-fck-med-selvtillid\/#respond\"]}]},{\"@type\":\"Person\",\"@id\":\"https:\/\/acefootball.com\/da\/#\/schema\/person\/ee67e9cf04a276f144100ffa722f10cd\",\"name\":\"Mads Dreyer\",\"image\":{\"@type\":\"ImageObject\",\"@id\":\"https:\/\/acefootball.com\/da\/#personlogo\",\"inLanguage\":\"en-US\",\"url\":\"https:\/\/secure.gravatar.com\/avatar\/7c7abf72cfde9902b6a60efe60c88d4c?s=96&d=mm&r=g\",\"contentUrl\":\"https:\/\/secure.gravatar.com\/avatar\/7c7abf72cfde9902b6a60efe60c88d4c?s=96&d=mm&r=g\",\"caption\":\"Mads Dreyer\"},\"description\":\"Skribent og fodboldn\u00f8rd, der lige nu fort\u00e6ller om alt og intet i fodboldverdenen p\u00e5 acefootball.com. Uddannet i kommunikation fra Aalborg Universitet.\",\"sameAs\":[\"https:\/\/www.linkedin.com\/in\/mads-dreyer-b9b08266\/\"],\"url\":\"https:\/\/acefootball.com\/da\/fodboldnyheder\/author\/mdnronaldo\/\"}]}<\/script>\n<!-- \/ Yoast SEO plugin. -->","yoast_head_json":{"title":"Jonas Wind vender hjem til FCK med selvtillid","description":"Jonas Wind fik sin landsholdsdebut mod F\u00e6r\u00f8erne og har derfor taget masser af selvtillid med hjem til FC K\u00f8benhavn","robots":{"index":"index","follow":"follow","max-snippet":"max-snippet:-1","max-image-preview":"max-image-preview:large","max-video-preview":"max-video-preview:-1"},"canonical":"https:\/\/acefootball.com\/da\/fodboldnyheder\/jonas-wind-vender-hjem-til-fck-med-selvtillid\/","og_locale":"en_US","og_type":"article","og_title":"Jonas Wind vender hjem til FCK med selvtillid","og_description":"Jonas Wind fik sin landsholdsdebut mod F\u00e6r\u00f8erne og har derfor taget masser af selvtillid med hjem til FC K\u00f8benhavn","og_url":"https:\/\/acefootball.com\/da\/fodboldnyheder\/jonas-wind-vender-hjem-til-fck-med-selvtillid\/","og_site_name":"Ace Football Danmark","article_publisher":"https:\/\/www.facebook.com\/acefootballdk","article_published_time":"2020-10-17T10:01:04+00:00","og_image":[{"width":1024,"height":675,"url":"https:\/\/acefootball.com\/da\/wp-content\/uploads\/sites\/2\/2020\/10\/GettyImages-1228896641.jpg","type":"image\/jpeg"}],"twitter_card":"summary_large_image","twitter_misc":{"Written by":"Mads Dreyer","Est. reading time":"1 minute"},"schema":{"@context":"https:\/\/schema.org","@graph":[{"@type":"Organization","@id":"https:\/\/acefootball.com\/da\/#organization","name":"Ace Football","url":"https:\/\/acefootball.com\/da\/","sameAs":["https:\/\/www.facebook.com\/acefootballdk"],"logo":{"@type":"ImageObject","@id":"https:\/\/acefootball.com\/da\/#logo","inLanguage":"en-US","url":"https:\/\/acefootball.com\/da\/wp-content\/uploads\/sites\/2\/2020\/07\/Ace-Football-30-07-2020-2.png","contentUrl":"https:\/\/acefootball.com\/da\/wp-content\/uploads\/sites\/2\/2020\/07\/Ace-Football-30-07-2020-2.png","width":1200,"height":600,"caption":"Ace Football"},"image":{"@id":"https:\/\/acefootball.com\/da\/#logo"}},{"@type":"WebSite","@id":"https:\/\/acefootball.com\/da\/#website","url":"https:\/\/acefootball.com\/da\/","name":"Ace Football Danmark","description":"Nyheder, Spiltips &amp; Livescore","publisher":{"@id":"https:\/\/acefootball.com\/da\/#organization"},"potentialAction":[{"@type":"SearchAction","target":{"@type":"EntryPoint","urlTemplate":"https:\/\/acefootball.com\/da\/?s={search_term_string}"},"query-input":"required name=search_term_string"}],"inLanguage":"en-US"},{"@type":"ImageObject","@id":"https:\/\/acefootball.com\/da\/fodboldnyheder\/jonas-wind-vender-hjem-til-fck-med-selvtillid\/#primaryimage","inLanguage":"en-US","url":"https:\/\/acefootball.com\/da\/wp-content\/uploads\/sites\/2\/2020\/10\/GettyImages-1228896641.jpg","contentUrl":"https:\/\/acefootball.com\/da\/wp-content\/uploads\/sites\/2\/2020\/10\/GettyImages-1228896641.jpg","width":1024,"height":675,"caption":"COPENHAGEN, DENMARK - OCTOBER 04: Jonas Wind of FC Copenhagen celebrates after the Danish 3F Superliga match between FC Copenhagen and FC Nordsjalland at Parken Stadium on October 4, 2020 in Copenhagen, Denmark. (Photo by Lars Ronbog \/ FrontZoneSport via Getty Images)"},{"@type":"WebPage","@id":"https:\/\/acefootball.com\/da\/fodboldnyheder\/jonas-wind-vender-hjem-til-fck-med-selvtillid\/#webpage","url":"https:\/\/acefootball.com\/da\/fodboldnyheder\/jonas-wind-vender-hjem-til-fck-med-selvtillid\/","name":"Jonas Wind vender hjem til FCK med selvtillid","isPartOf":{"@id":"https:\/\/acefootball.com\/da\/#website"},"primaryImageOfPage":{"@id":"https:\/\/acefootball.com\/da\/fodboldnyheder\/jonas-wind-vender-hjem-til-fck-med-selvtillid\/#primaryimage"},"datePublished":"2020-10-17T10:01:04+00:00","dateModified":"2020-10-17T10:01:04+00:00","description":"Jonas Wind fik sin landsholdsdebut mod F\u00e6r\u00f8erne og har derfor taget masser af selvtillid med hjem til FC K\u00f8benhavn","breadcrumb":{"@id":"https:\/\/acefootball.com\/da\/fodboldnyheder\/jonas-wind-vender-hjem-til-fck-med-selvtillid\/#breadcrumb"},"inLanguage":"en-US","potentialAction":[{"@type":"ReadAction","target":["https:\/\/acefootball.com\/da\/fodboldnyheder\/jonas-wind-vender-hjem-til-fck-med-selvtillid\/"]}]},{"@type":"BreadcrumbList","@id":"https:\/\/acefootball.com\/da\/fodboldnyheder\/jonas-wind-vender-hjem-til-fck-med-selvtillid\/#breadcrumb","itemListElement":[{"@type":"ListItem","position":1,"name":"Home","item":"https:\/\/acefootball.com\/da\/"},{"@type":"ListItem","position":2,"name":"Jonas Wind vender hjem til FCK med selvtillid"}]},{"@type":"Article","@id":"https:\/\/acefootball.com\/da\/fodboldnyheder\/jonas-wind-vender-hjem-til-fck-med-selvtillid\/#article","isPartOf":{"@id":"https:\/\/acefootball.com\/da\/fodboldnyheder\/jonas-wind-vender-hjem-til-fck-med-selvtillid\/#webpage"},"author":{"@id":"https:\/\/acefootball.com\/da\/#\/schema\/person\/ee67e9cf04a276f144100ffa722f10cd"},"headline":"Jonas Wind vender hjem til FCK med selvtillid","datePublished":"2020-10-17T10:01:04+00:00","dateModified":"2020-10-17T10:01:04+00:00","mainEntityOfPage":{"@id":"https:\/\/acefootball.com\/da\/fodboldnyheder\/jonas-wind-vender-hjem-til-fck-med-selvtillid\/#webpage"},"wordCount":261,"commentCount":0,"publisher":{"@id":"https:\/\/acefootball.com\/da\/#organization"},"image":{"@id":"https:\/\/acefootball.com\/da\/fodboldnyheder\/jonas-wind-vender-hjem-til-fck-med-selvtillid\/#primaryimage"},"thumbnailUrl":"https:\/\/acefootball.com\/da\/wp-content\/uploads\/sites\/2\/2020\/10\/GettyImages-1228896641.jpg","keywords":["FC K\u00f8benhavn","Jonas Wind","Superligaen"],"articleSection":["Udtalelse"],"inLanguage":"en-US","potentialAction":[{"@type":"CommentAction","name":"Comment","target":["https:\/\/acefootball.com\/da\/fodboldnyheder\/jonas-wind-vender-hjem-til-fck-med-selvtillid\/#respond"]}]},{"@type":"Person","@id":"https:\/\/acefootball.com\/da\/#\/schema\/person\/ee67e9cf04a276f144100ffa722f10cd","name":"Mads Dreyer","image":{"@type":"ImageObject","@id":"https:\/\/acefootball.com\/da\/#personlogo","inLanguage":"en-US","url":"https:\/\/secure.gravatar.com\/avatar\/7c7abf72cfde9902b6a60efe60c88d4c?s=96&d=mm&r=g","contentUrl":"https:\/\/secure.gravatar.com\/avatar\/7c7abf72cfde9902b6a60efe60c88d4c?s=96&d=mm&r=g","caption":"Mads Dreyer"},"description":"Skribent og fodboldn\u00f8rd, der lige nu fort\u00e6ller om alt og intet i fodboldverdenen p\u00e5 acefootball.com. Uddannet i kommunikation fra Aalborg Universitet.","sameAs":["https:\/\/www.linkedin.com\/in\/mads-dreyer-b9b08266\/"],"url":"https:\/\/acefootball.com\/da\/fodboldnyheder\/author\/mdnronaldo\/"}]}},"fimg_url":"https:\/\/acefootball.com\/da\/wp-content\/uploads\/sites\/2\/2020\/10\/GettyImages-1228896641.jpg","_links":{"self":[{"href":"https:\/\/acefootball.com\/da\/wp-json\/wp\/v2\/posts\/240532"}],"collection":[{"href":"https:\/\/acefootball.com\/da\/wp-json\/wp\/v2\/posts"}],"about":[{"href":"https:\/\/acefootball.com\/da\/wp-json\/wp\/v2\/types\/post"}],"author":[{"embeddable":true,"href":"https:\/\/acefootball.com\/da\/wp-json\/wp\/v2\/users\/705"}],"replies":[{"embeddable":true,"href":"https:\/\/acefootball.com\/da\/wp-json\/wp\/v2\/comments?post=240532"}],"version-history":[{"count":0,"href":"https:\/\/acefootball.com\/da\/wp-json\/wp\/v2\/posts\/240532\/revisions"}],"wp:featuredmedia":[{"embeddable":true,"href":"https:\/\/acefootball.com\/da\/wp-json\/wp\/v2\/media\/240533"}],"wp:attachment":[{"href":"https:\/\/acefootball.com\/da\/wp-json\/wp\/v2\/media?parent=240532"}],"wp:term":[{"taxonomy":"category","embeddable":true,"href":"https:\/\/acefootball.com\/da\/wp-json\/wp\/v2\/categories?post=240532"},{"taxonomy":"post_tag","embeddable":true,"href":"https:\/\/acefootball.com\/da\/wp-json\/wp\/v2\/tags?post=240532"}],"curies":[{"name":"wp","href":"https:\/\/api.w.org\/{rel}","templated":true}]}}