{"id":240528,"date":"2020-10-17T10:57:29","date_gmt":"2020-10-17T08:57:29","guid":{"rendered":"https:\/\/acefootball.com\/da\/?p=240528"},"modified":"2020-10-17T10:57:29","modified_gmt":"2020-10-17T08:57:29","slug":"okosun-kan-faa-ob-debut-mod-fc-midtjylland","status":"publish","type":"post","link":"https:\/\/acefootball.com\/da\/fodboldnyheder\/okosun-kan-faa-ob-debut-mod-fc-midtjylland\/","title":{"rendered":"Okosun kan f\u00e5 OB-debut mod FC Midtjylland"},"content":{"rendered":"\n<h2 id=\"h-simon-okosun-er-skiftet-til-ob-fra-fc-midtjylland-og-nu-kan-han-f-debut-mod-sin-tidligere-arbejdsgiver\">Simon Okosun er skiftet til OB fra FC Midtjylland, og nu kan han f\u00e5 debut mod sin tidligere arbejdsgiver<\/h2>\n\n\n\n<div class=\"wp-block-si-widget wp-block-si-widget--center\"><si-lb-widget widget-id=\"MatchInfoWithOddsV2\" data-nopadding=\"true\" data-across-all-tournaments=\"false\" data-limit=\"5\" width=\"440\" data-event-id=\"3389097\" data-card=\"true\" data-provider=\"betfair\" data-theme-appearance=\"dark\"><\/si-lb-widget><\/div>\n\n\n\n<p>OB hentede denne sommer Simon Okosun til klubben fra en reserverolle i FC Midtjylland, og nu er den store midtbanespiller klar til debut.<\/p>\n\n\n\n<p>Okosun er s\u00e5ledes blandt Jakob Michelsens udvalgte til l\u00f8rdagens Superliga-opg\u00f8r mod netop midtjyderne.<\/p>\n\n\n\n<p>Nye i truppen er ogs\u00e5 Janus Drachmann og Daniel Obbekj\u00e6r, mens Issam Jebali sidder ude med karant\u00e6ne efter sit r\u00f8de kort mod Vejle.<\/p>\n\n\n\n<p>Du kan se hele <a href=\"https:\/\/www.ob.dk\/nyhedsarkiv\/truppen-til-fc-midtjylland-ob\/\" target=\"_blank\" rel=\"noreferrer noopener\">truppen<\/a> herunder:<\/p>\n\n\n\n<p>27. Oliver Christensen<br>30. Sayouba Mand\u00e9<br>2. Oliver Lund<br>4. Ryan Johnson Laursen<br>5. Kasper Larsen<br>6. Jeppe Tverskov<br>8. Janus Drachmann<br>11. Emmanuel Sabbi<br>14. Jens Jakob Thomasen<br>15. Max Fenger<br>16. J\u00f8rgen Skjelvik\u00a0<br>19. Aron El\u00eds Thr\u00e1ndarson<br>20. Ayo Simon Okosun<br>22. Daniel Obbekj\u00e6r<br>23. Troels Kl\u00f8ve<br>24. Marco Lund<br>26. Mikkel Hyllegaard<br>29. Mads Fr\u00f8kj\u00e6r<\/p>\n","protected":false},"excerpt":{"rendered":"<p>Simon Okosun er skiftet til OB fra FC Midtjylland, og nu kan han f\u00e5 debut mod sin tidligere arbejdsgiver<\/p>\n","protected":false},"author":705,"featured_media":239462,"comment_status":"open","ping_status":"closed","sticky":false,"template":"","format":"standard","meta":{"om_disable_all_campaigns":false,"push_articles_ronaldo":{"active":false,"canonical":0,"publish":false},"force_updates":null},"categories":[8062],"tags":[2583,88,588],"enet_tags":{"player":["314926"],"team":["8414"],"league":["46"],"sport_events":[3389097]},"yoast_head":"<!-- This site is optimized with the Yoast SEO plugin v18.3 - https:\/\/yoast.com\/wordpress\/plugins\/seo\/ -->\n<title>Okosun kan f\u00e5 OB-debut mod FC Midtjylland<\/title>\n<meta name=\"description\" content=\"Simon Okosun er skiftet til OB fra FC Midtjylland, og nu kan han f\u00e5 debut l\u00f8rdag mod sin tidligere arbejdsgiver\" \/>\n<meta name=\"robots\" content=\"index, follow, max-snippet:-1, max-image-preview:large, max-video-preview:-1\" \/>\n<link rel=\"canonical\" href=\"https:\/\/acefootball.com\/da\/fodboldnyheder\/okosun-kan-faa-ob-debut-mod-fc-midtjylland\/\" \/>\n<meta property=\"og:locale\" content=\"en_US\" \/>\n<meta property=\"og:type\" content=\"article\" \/>\n<meta property=\"og:title\" content=\"Okosun kan f\u00e5 OB-debut mod FC Midtjylland\" \/>\n<meta property=\"og:description\" content=\"Simon Okosun er skiftet til OB fra FC Midtjylland, og nu kan han f\u00e5 debut l\u00f8rdag mod sin tidligere arbejdsgiver\" \/>\n<meta property=\"og:url\" content=\"https:\/\/acefootball.com\/da\/fodboldnyheder\/okosun-kan-faa-ob-debut-mod-fc-midtjylland\/\" \/>\n<meta property=\"og:site_name\" content=\"Ace Football Danmark\" \/>\n<meta property=\"article:publisher\" content=\"https:\/\/www.facebook.com\/acefootballdk\" \/>\n<meta property=\"article:published_time\" content=\"2020-10-17T08:57:29+00:00\" \/>\n<meta property=\"og:image\" content=\"https:\/\/acefootball.com\/da\/wp-content\/uploads\/sites\/2\/2020\/10\/GettyImages-1162581937.jpg\" \/>\n\t<meta property=\"og:image:width\" content=\"1024\" \/>\n\t<meta property=\"og:image:height\" content=\"683\" \/>\n\t<meta property=\"og:image:type\" content=\"image\/jpeg\" \/>\n<meta name=\"twitter:card\" content=\"summary_large_image\" \/>\n<meta name=\"twitter:label1\" content=\"Written by\" \/>\n\t<meta name=\"twitter:data1\" content=\"Mads Dreyer\" \/>\n\t<meta name=\"twitter:label2\" content=\"Est. reading time\" \/>\n\t<meta name=\"twitter:data2\" content=\"1 minute\" \/>\n<script type=\"application\/ld+json\" class=\"yoast-schema-graph\">{\"@context\":\"https:\/\/schema.org\",\"@graph\":[{\"@type\":\"Organization\",\"@id\":\"https:\/\/acefootball.com\/da\/#organization\",\"name\":\"Ace Football\",\"url\":\"https:\/\/acefootball.com\/da\/\",\"sameAs\":[\"https:\/\/www.facebook.com\/acefootballdk\"],\"logo\":{\"@type\":\"ImageObject\",\"@id\":\"https:\/\/acefootball.com\/da\/#logo\",\"inLanguage\":\"en-US\",\"url\":\"https:\/\/acefootball.com\/da\/wp-content\/uploads\/sites\/2\/2020\/07\/Ace-Football-30-07-2020-2.png\",\"contentUrl\":\"https:\/\/acefootball.com\/da\/wp-content\/uploads\/sites\/2\/2020\/07\/Ace-Football-30-07-2020-2.png\",\"width\":1200,\"height\":600,\"caption\":\"Ace Football\"},\"image\":{\"@id\":\"https:\/\/acefootball.com\/da\/#logo\"}},{\"@type\":\"WebSite\",\"@id\":\"https:\/\/acefootball.com\/da\/#website\",\"url\":\"https:\/\/acefootball.com\/da\/\",\"name\":\"Ace Football Danmark\",\"description\":\"Nyheder, Spiltips &amp; Livescore\",\"publisher\":{\"@id\":\"https:\/\/acefootball.com\/da\/#organization\"},\"potentialAction\":[{\"@type\":\"SearchAction\",\"target\":{\"@type\":\"EntryPoint\",\"urlTemplate\":\"https:\/\/acefootball.com\/da\/?s={search_term_string}\"},\"query-input\":\"required name=search_term_string\"}],\"inLanguage\":\"en-US\"},{\"@type\":\"ImageObject\",\"@id\":\"https:\/\/acefootball.com\/da\/fodboldnyheder\/okosun-kan-faa-ob-debut-mod-fc-midtjylland\/#primaryimage\",\"inLanguage\":\"en-US\",\"url\":\"https:\/\/acefootball.com\/da\/wp-content\/uploads\/sites\/2\/2020\/10\/GettyImages-1162581937.jpg\",\"contentUrl\":\"https:\/\/acefootball.com\/da\/wp-content\/uploads\/sites\/2\/2020\/10\/GettyImages-1162581937.jpg\",\"width\":1024,\"height\":683,\"caption\":\"HERNING, DENMARK - AUGUST 18: Ayo Simon Okosun of FC Midtjylland gives instructions during the Danish 3F Superliga match between FC Midtjylland and Hobro IK at MCH Arena on August 18, 2019 in Herning Denmark. (Photo by Jan Christensen \/ FrontzoneSport via Getty Images)\"},{\"@type\":\"WebPage\",\"@id\":\"https:\/\/acefootball.com\/da\/fodboldnyheder\/okosun-kan-faa-ob-debut-mod-fc-midtjylland\/#webpage\",\"url\":\"https:\/\/acefootball.com\/da\/fodboldnyheder\/okosun-kan-faa-ob-debut-mod-fc-midtjylland\/\",\"name\":\"Okosun kan f\u00e5 OB-debut mod FC Midtjylland\",\"isPartOf\":{\"@id\":\"https:\/\/acefootball.com\/da\/#website\"},\"primaryImageOfPage\":{\"@id\":\"https:\/\/acefootball.com\/da\/fodboldnyheder\/okosun-kan-faa-ob-debut-mod-fc-midtjylland\/#primaryimage\"},\"datePublished\":\"2020-10-17T08:57:29+00:00\",\"dateModified\":\"2020-10-17T08:57:29+00:00\",\"description\":\"Simon Okosun er skiftet til OB fra FC Midtjylland, og nu kan han f\u00e5 debut l\u00f8rdag mod sin tidligere arbejdsgiver\",\"breadcrumb\":{\"@id\":\"https:\/\/acefootball.com\/da\/fodboldnyheder\/okosun-kan-faa-ob-debut-mod-fc-midtjylland\/#breadcrumb\"},\"inLanguage\":\"en-US\",\"potentialAction\":[{\"@type\":\"ReadAction\",\"target\":[\"https:\/\/acefootball.com\/da\/fodboldnyheder\/okosun-kan-faa-ob-debut-mod-fc-midtjylland\/\"]}]},{\"@type\":\"BreadcrumbList\",\"@id\":\"https:\/\/acefootball.com\/da\/fodboldnyheder\/okosun-kan-faa-ob-debut-mod-fc-midtjylland\/#breadcrumb\",\"itemListElement\":[{\"@type\":\"ListItem\",\"position\":1,\"name\":\"Home\",\"item\":\"https:\/\/acefootball.com\/da\/\"},{\"@type\":\"ListItem\",\"position\":2,\"name\":\"Okosun kan f\u00e5 OB-debut mod FC Midtjylland\"}]},{\"@type\":\"Article\",\"@id\":\"https:\/\/acefootball.com\/da\/fodboldnyheder\/okosun-kan-faa-ob-debut-mod-fc-midtjylland\/#article\",\"isPartOf\":{\"@id\":\"https:\/\/acefootball.com\/da\/fodboldnyheder\/okosun-kan-faa-ob-debut-mod-fc-midtjylland\/#webpage\"},\"author\":{\"@id\":\"https:\/\/acefootball.com\/da\/#\/schema\/person\/ee67e9cf04a276f144100ffa722f10cd\"},\"headline\":\"Okosun kan f\u00e5 OB-debut mod FC Midtjylland\",\"datePublished\":\"2020-10-17T08:57:29+00:00\",\"dateModified\":\"2020-10-17T08:57:29+00:00\",\"mainEntityOfPage\":{\"@id\":\"https:\/\/acefootball.com\/da\/fodboldnyheder\/okosun-kan-faa-ob-debut-mod-fc-midtjylland\/#webpage\"},\"wordCount\":144,\"commentCount\":0,\"publisher\":{\"@id\":\"https:\/\/acefootball.com\/da\/#organization\"},\"image\":{\"@id\":\"https:\/\/acefootball.com\/da\/fodboldnyheder\/okosun-kan-faa-ob-debut-mod-fc-midtjylland\/#primaryimage\"},\"thumbnailUrl\":\"https:\/\/acefootball.com\/da\/wp-content\/uploads\/sites\/2\/2020\/10\/GettyImages-1162581937.jpg\",\"keywords\":[\"Ayo Simon Okosun\",\"OB\",\"Superligaen\"],\"articleSection\":[\"Kamp\"],\"inLanguage\":\"en-US\",\"potentialAction\":[{\"@type\":\"CommentAction\",\"name\":\"Comment\",\"target\":[\"https:\/\/acefootball.com\/da\/fodboldnyheder\/okosun-kan-faa-ob-debut-mod-fc-midtjylland\/#respond\"]}]},{\"@type\":\"Person\",\"@id\":\"https:\/\/acefootball.com\/da\/#\/schema\/person\/ee67e9cf04a276f144100ffa722f10cd\",\"name\":\"Mads Dreyer\",\"image\":{\"@type\":\"ImageObject\",\"@id\":\"https:\/\/acefootball.com\/da\/#personlogo\",\"inLanguage\":\"en-US\",\"url\":\"https:\/\/secure.gravatar.com\/avatar\/7c7abf72cfde9902b6a60efe60c88d4c?s=96&d=mm&r=g\",\"contentUrl\":\"https:\/\/secure.gravatar.com\/avatar\/7c7abf72cfde9902b6a60efe60c88d4c?s=96&d=mm&r=g\",\"caption\":\"Mads Dreyer\"},\"description\":\"Skribent og fodboldn\u00f8rd, der lige nu fort\u00e6ller om alt og intet i fodboldverdenen p\u00e5 acefootball.com. Uddannet i kommunikation fra Aalborg Universitet.\",\"sameAs\":[\"https:\/\/www.linkedin.com\/in\/mads-dreyer-b9b08266\/\"],\"url\":\"https:\/\/acefootball.com\/da\/fodboldnyheder\/author\/mdnronaldo\/\"}]}<\/script>\n<!-- \/ Yoast SEO plugin. -->","yoast_head_json":{"title":"Okosun kan f\u00e5 OB-debut mod FC Midtjylland","description":"Simon Okosun er skiftet til OB fra FC Midtjylland, og nu kan han f\u00e5 debut l\u00f8rdag mod sin tidligere arbejdsgiver","robots":{"index":"index","follow":"follow","max-snippet":"max-snippet:-1","max-image-preview":"max-image-preview:large","max-video-preview":"max-video-preview:-1"},"canonical":"https:\/\/acefootball.com\/da\/fodboldnyheder\/okosun-kan-faa-ob-debut-mod-fc-midtjylland\/","og_locale":"en_US","og_type":"article","og_title":"Okosun kan f\u00e5 OB-debut mod FC Midtjylland","og_description":"Simon Okosun er skiftet til OB fra FC Midtjylland, og nu kan han f\u00e5 debut l\u00f8rdag mod sin tidligere arbejdsgiver","og_url":"https:\/\/acefootball.com\/da\/fodboldnyheder\/okosun-kan-faa-ob-debut-mod-fc-midtjylland\/","og_site_name":"Ace Football Danmark","article_publisher":"https:\/\/www.facebook.com\/acefootballdk","article_published_time":"2020-10-17T08:57:29+00:00","og_image":[{"width":1024,"height":683,"url":"https:\/\/acefootball.com\/da\/wp-content\/uploads\/sites\/2\/2020\/10\/GettyImages-1162581937.jpg","type":"image\/jpeg"}],"twitter_card":"summary_large_image","twitter_misc":{"Written by":"Mads Dreyer","Est. reading time":"1 minute"},"schema":{"@context":"https:\/\/schema.org","@graph":[{"@type":"Organization","@id":"https:\/\/acefootball.com\/da\/#organization","name":"Ace Football","url":"https:\/\/acefootball.com\/da\/","sameAs":["https:\/\/www.facebook.com\/acefootballdk"],"logo":{"@type":"ImageObject","@id":"https:\/\/acefootball.com\/da\/#logo","inLanguage":"en-US","url":"https:\/\/acefootball.com\/da\/wp-content\/uploads\/sites\/2\/2020\/07\/Ace-Football-30-07-2020-2.png","contentUrl":"https:\/\/acefootball.com\/da\/wp-content\/uploads\/sites\/2\/2020\/07\/Ace-Football-30-07-2020-2.png","width":1200,"height":600,"caption":"Ace Football"},"image":{"@id":"https:\/\/acefootball.com\/da\/#logo"}},{"@type":"WebSite","@id":"https:\/\/acefootball.com\/da\/#website","url":"https:\/\/acefootball.com\/da\/","name":"Ace Football Danmark","description":"Nyheder, Spiltips &amp; Livescore","publisher":{"@id":"https:\/\/acefootball.com\/da\/#organization"},"potentialAction":[{"@type":"SearchAction","target":{"@type":"EntryPoint","urlTemplate":"https:\/\/acefootball.com\/da\/?s={search_term_string}"},"query-input":"required name=search_term_string"}],"inLanguage":"en-US"},{"@type":"ImageObject","@id":"https:\/\/acefootball.com\/da\/fodboldnyheder\/okosun-kan-faa-ob-debut-mod-fc-midtjylland\/#primaryimage","inLanguage":"en-US","url":"https:\/\/acefootball.com\/da\/wp-content\/uploads\/sites\/2\/2020\/10\/GettyImages-1162581937.jpg","contentUrl":"https:\/\/acefootball.com\/da\/wp-content\/uploads\/sites\/2\/2020\/10\/GettyImages-1162581937.jpg","width":1024,"height":683,"caption":"HERNING, DENMARK - AUGUST 18: Ayo Simon Okosun of FC Midtjylland gives instructions during the Danish 3F Superliga match between FC Midtjylland and Hobro IK at MCH Arena on August 18, 2019 in Herning Denmark. (Photo by Jan Christensen \/ FrontzoneSport via Getty Images)"},{"@type":"WebPage","@id":"https:\/\/acefootball.com\/da\/fodboldnyheder\/okosun-kan-faa-ob-debut-mod-fc-midtjylland\/#webpage","url":"https:\/\/acefootball.com\/da\/fodboldnyheder\/okosun-kan-faa-ob-debut-mod-fc-midtjylland\/","name":"Okosun kan f\u00e5 OB-debut mod FC Midtjylland","isPartOf":{"@id":"https:\/\/acefootball.com\/da\/#website"},"primaryImageOfPage":{"@id":"https:\/\/acefootball.com\/da\/fodboldnyheder\/okosun-kan-faa-ob-debut-mod-fc-midtjylland\/#primaryimage"},"datePublished":"2020-10-17T08:57:29+00:00","dateModified":"2020-10-17T08:57:29+00:00","description":"Simon Okosun er skiftet til OB fra FC Midtjylland, og nu kan han f\u00e5 debut l\u00f8rdag mod sin tidligere arbejdsgiver","breadcrumb":{"@id":"https:\/\/acefootball.com\/da\/fodboldnyheder\/okosun-kan-faa-ob-debut-mod-fc-midtjylland\/#breadcrumb"},"inLanguage":"en-US","potentialAction":[{"@type":"ReadAction","target":["https:\/\/acefootball.com\/da\/fodboldnyheder\/okosun-kan-faa-ob-debut-mod-fc-midtjylland\/"]}]},{"@type":"BreadcrumbList","@id":"https:\/\/acefootball.com\/da\/fodboldnyheder\/okosun-kan-faa-ob-debut-mod-fc-midtjylland\/#breadcrumb","itemListElement":[{"@type":"ListItem","position":1,"name":"Home","item":"https:\/\/acefootball.com\/da\/"},{"@type":"ListItem","position":2,"name":"Okosun kan f\u00e5 OB-debut mod FC Midtjylland"}]},{"@type":"Article","@id":"https:\/\/acefootball.com\/da\/fodboldnyheder\/okosun-kan-faa-ob-debut-mod-fc-midtjylland\/#article","isPartOf":{"@id":"https:\/\/acefootball.com\/da\/fodboldnyheder\/okosun-kan-faa-ob-debut-mod-fc-midtjylland\/#webpage"},"author":{"@id":"https:\/\/acefootball.com\/da\/#\/schema\/person\/ee67e9cf04a276f144100ffa722f10cd"},"headline":"Okosun kan f\u00e5 OB-debut mod FC Midtjylland","datePublished":"2020-10-17T08:57:29+00:00","dateModified":"2020-10-17T08:57:29+00:00","mainEntityOfPage":{"@id":"https:\/\/acefootball.com\/da\/fodboldnyheder\/okosun-kan-faa-ob-debut-mod-fc-midtjylland\/#webpage"},"wordCount":144,"commentCount":0,"publisher":{"@id":"https:\/\/acefootball.com\/da\/#organization"},"image":{"@id":"https:\/\/acefootball.com\/da\/fodboldnyheder\/okosun-kan-faa-ob-debut-mod-fc-midtjylland\/#primaryimage"},"thumbnailUrl":"https:\/\/acefootball.com\/da\/wp-content\/uploads\/sites\/2\/2020\/10\/GettyImages-1162581937.jpg","keywords":["Ayo Simon Okosun","OB","Superligaen"],"articleSection":["Kamp"],"inLanguage":"en-US","potentialAction":[{"@type":"CommentAction","name":"Comment","target":["https:\/\/acefootball.com\/da\/fodboldnyheder\/okosun-kan-faa-ob-debut-mod-fc-midtjylland\/#respond"]}]},{"@type":"Person","@id":"https:\/\/acefootball.com\/da\/#\/schema\/person\/ee67e9cf04a276f144100ffa722f10cd","name":"Mads Dreyer","image":{"@type":"ImageObject","@id":"https:\/\/acefootball.com\/da\/#personlogo","inLanguage":"en-US","url":"https:\/\/secure.gravatar.com\/avatar\/7c7abf72cfde9902b6a60efe60c88d4c?s=96&d=mm&r=g","contentUrl":"https:\/\/secure.gravatar.com\/avatar\/7c7abf72cfde9902b6a60efe60c88d4c?s=96&d=mm&r=g","caption":"Mads Dreyer"},"description":"Skribent og fodboldn\u00f8rd, der lige nu fort\u00e6ller om alt og intet i fodboldverdenen p\u00e5 acefootball.com. Uddannet i kommunikation fra Aalborg Universitet.","sameAs":["https:\/\/www.linkedin.com\/in\/mads-dreyer-b9b08266\/"],"url":"https:\/\/acefootball.com\/da\/fodboldnyheder\/author\/mdnronaldo\/"}]}},"fimg_url":"https:\/\/acefootball.com\/da\/wp-content\/uploads\/sites\/2\/2020\/10\/GettyImages-1162581937.jpg","_links":{"self":[{"href":"https:\/\/acefootball.com\/da\/wp-json\/wp\/v2\/posts\/240528"}],"collection":[{"href":"https:\/\/acefootball.com\/da\/wp-json\/wp\/v2\/posts"}],"about":[{"href":"https:\/\/acefootball.com\/da\/wp-json\/wp\/v2\/types\/post"}],"author":[{"embeddable":true,"href":"https:\/\/acefootball.com\/da\/wp-json\/wp\/v2\/users\/705"}],"replies":[{"embeddable":true,"href":"https:\/\/acefootball.com\/da\/wp-json\/wp\/v2\/comments?post=240528"}],"version-history":[{"count":0,"href":"https:\/\/acefootball.com\/da\/wp-json\/wp\/v2\/posts\/240528\/revisions"}],"wp:featuredmedia":[{"embeddable":true,"href":"https:\/\/acefootball.com\/da\/wp-json\/wp\/v2\/media\/239462"}],"wp:attachment":[{"href":"https:\/\/acefootball.com\/da\/wp-json\/wp\/v2\/media?parent=240528"}],"wp:term":[{"taxonomy":"category","embeddable":true,"href":"https:\/\/acefootball.com\/da\/wp-json\/wp\/v2\/categories?post=240528"},{"taxonomy":"post_tag","embeddable":true,"href":"https:\/\/acefootball.com\/da\/wp-json\/wp\/v2\/tags?post=240528"}],"curies":[{"name":"wp","href":"https:\/\/api.w.org\/{rel}","templated":true}]}}