{"id":240519,"date":"2020-10-17T09:05:54","date_gmt":"2020-10-17T07:05:54","guid":{"rendered":"https:\/\/acefootball.com\/da\/?p=240519"},"modified":"2020-10-17T09:05:55","modified_gmt":"2020-10-17T07:05:55","slug":"broendby-boss-om-perfekt-start-vi-maa-ogsaa-vaere-realistiske","status":"publish","type":"post","link":"https:\/\/acefootball.com\/da\/fodboldnyheder\/broendby-boss-om-perfekt-start-vi-maa-ogsaa-vaere-realistiske\/","title":{"rendered":"Br\u00f8ndby-boss om perfekt start: Vi m\u00e5 ogs\u00e5 v\u00e6re realistiske"},"content":{"rendered":"\n<h2 id=\"h-jan-bech-andersen-er-meget-tilfreds-med-s-sonstarten-i-br-ndby-men-maner-samtidig-til-besindighed\">Jan Bech Andersen er meget tilfreds med s\u00e6sonstarten i Br\u00f8ndby, men maner samtidig til besindighed<\/h2>\n\n\n\n<div class=\"wp-block-si-widget wp-block-si-widget--center\"><si-lb-widget widget-id=\"MatchInfoWithOddsV2\" data-nopadding=\"true\" data-across-all-tournaments=\"false\" data-limit=\"5\" width=\"440\" data-event-id=\"3389099\" data-card=\"true\" data-provider=\"betfair\" data-theme-appearance=\"dark\"><\/si-lb-widget><\/div>\n\n\n\n<p>Man kunne som Br\u00f8ndby-fan d\u00e5rligt have \u00f8nsket sig en bedre start p\u00e5 Superliga-s\u00e6sonen, hvor der efter fire kampe er gjort rent bord.<\/p>\n\n\n\n<p>Klubben har vundet alle fire kampe og har allerede lagt afstand ned til r\u00e6kkens nummer to, og derfor ville det ikke v\u00e6re overraskende, hvis mesterskabssnakken begynder at spire p\u00e5 Vestegnen.<\/p>\n\n\n\n<p>Men bestyrelsesformand og storaktion\u00e6r Jan Bech Andersen minder om, at tingene sagtens kunne have set anderledes ud.<\/p>\n\n\n\n<figure class=\"wp-block-embed-wordpress wp-block-embed is-type-wp-embed is-provider-ace-football-danmark\"><div class=\"wp-block-embed__wrapper\">\n<blockquote class=\"wp-embedded-content\" data-secret=\"VSS5Bpu9TK\"><a href=\"https:\/\/acefootball.com\/da\/fodboldnyheder\/pavlovic-hylder-broendby-traener-han-har-vaeret-saa-god\/\">Pavlovic hylder Br\u00f8ndby-tr\u00e6ner: Han har v\u00e6ret s\u00e5 god<\/a><\/blockquote><iframe class=\"wp-embedded-content\" sandbox=\"allow-scripts\" security=\"restricted\" style=\"position: absolute; clip: rect(1px, 1px, 1px, 1px);\" title=\"&#8220;Pavlovic hylder Br\u00f8ndby-tr\u00e6ner: Han har v\u00e6ret s\u00e5 god&#8221; &#8212; Ace Football Danmark\" src=\"https:\/\/acefootball.com\/da\/fodboldnyheder\/pavlovic-hylder-broendby-traener-han-har-vaeret-saa-god\/embed\/#?secret=VSS5Bpu9TK\" data-secret=\"VSS5Bpu9TK\" width=\"600\" height=\"338\" frameborder=\"0\" marginwidth=\"0\" marginheight=\"0\" scrolling=\"no\"><\/iframe>\n<\/div><\/figure>\n\n\n\n<p>&#8220;Vi bliver n\u00f8dt til at v\u00e6re realistiske, og jeg talte med Niels om det forleden, og vi mindede hinanden om, at det alts\u00e5 er fire etm\u00e5lssejre, og vi har scoret to gange i overtiden. Vi skal ogs\u00e5 v\u00e6re realistiske,&#8221; udtaler Jan Bech til <a href=\"https:\/\/www.bold.dk\/fodbold\/nyheder\/jan-bech-niels-frederiksen-goer-det-glimrende\/\" target=\"_blank\" rel=\"noreferrer noopener\">bold.dk<\/a>.<\/p>\n\n\n\n<p>Formanden fort\u00e6ller desuden, at han selvf\u00f8lgelig er st\u00e6rkt tilfreds med tingenes tilstand, men at der ogs\u00e5 er plads til forbedringer i spillet.<\/p>\n\n\n\n<p>Br\u00f8ndby skal fors\u00f8ge at forts\u00e6tte stimen i morgen, hvor de g\u00e6ster S\u00f8nderjyskE.<\/p>\n","protected":false},"excerpt":{"rendered":"<p>Jan Bech Andersen er meget tilfreds med s\u00e6sonstarten i Br\u00f8ndby, men maner samtidig til besindighed<\/p>\n","protected":false},"author":705,"featured_media":235279,"comment_status":"open","ping_status":"closed","sticky":false,"template":"","format":"standard","meta":{"om_disable_all_campaigns":false,"push_articles_ronaldo":{"active":false,"canonical":0,"publish":false},"force_updates":null},"categories":[8204],"tags":[53],"enet_tags":{"team":["8595"],"sport_events":[3389099]},"yoast_head":"<!-- This site is optimized with the Yoast SEO plugin v18.3 - https:\/\/yoast.com\/wordpress\/plugins\/seo\/ -->\n<title>Br\u00f8ndby-boss om perfekt start: Vi m\u00e5 ogs\u00e5 v\u00e6re realistiske<\/title>\n<meta name=\"description\" content=\"Jan Bech Andersen er meget tilfreds med s\u00e6sonstarten i Br\u00f8ndby, men maner samtidig til besindighed\" \/>\n<meta name=\"robots\" content=\"index, follow, max-snippet:-1, max-image-preview:large, max-video-preview:-1\" \/>\n<link rel=\"canonical\" href=\"https:\/\/acefootball.com\/da\/fodboldnyheder\/broendby-boss-om-perfekt-start-vi-maa-ogsaa-vaere-realistiske\/\" \/>\n<meta property=\"og:locale\" content=\"en_US\" \/>\n<meta property=\"og:type\" content=\"article\" \/>\n<meta property=\"og:title\" content=\"Br\u00f8ndby-boss om perfekt start: Vi m\u00e5 ogs\u00e5 v\u00e6re realistiske\" \/>\n<meta property=\"og:description\" content=\"Jan Bech Andersen er meget tilfreds med s\u00e6sonstarten i Br\u00f8ndby, men maner samtidig til besindighed\" \/>\n<meta property=\"og:url\" content=\"https:\/\/acefootball.com\/da\/fodboldnyheder\/broendby-boss-om-perfekt-start-vi-maa-ogsaa-vaere-realistiske\/\" \/>\n<meta property=\"og:site_name\" content=\"Ace Football Danmark\" \/>\n<meta property=\"article:publisher\" content=\"https:\/\/www.facebook.com\/acefootballdk\" \/>\n<meta property=\"article:published_time\" content=\"2020-10-17T07:05:54+00:00\" \/>\n<meta property=\"article:modified_time\" content=\"2020-10-17T07:05:55+00:00\" \/>\n<meta property=\"og:image\" content=\"https:\/\/acefootball.com\/da\/wp-content\/uploads\/sites\/2\/2020\/08\/GettyImages-1187267760.jpg\" \/>\n\t<meta property=\"og:image:width\" content=\"1024\" \/>\n\t<meta property=\"og:image:height\" content=\"714\" \/>\n\t<meta property=\"og:image:type\" content=\"image\/jpeg\" \/>\n<meta name=\"twitter:card\" content=\"summary_large_image\" \/>\n<meta name=\"twitter:label1\" content=\"Written by\" \/>\n\t<meta name=\"twitter:data1\" content=\"Mads Dreyer\" \/>\n\t<meta name=\"twitter:label2\" content=\"Est. reading time\" \/>\n\t<meta name=\"twitter:data2\" content=\"1 minute\" \/>\n<script type=\"application\/ld+json\" class=\"yoast-schema-graph\">{\"@context\":\"https:\/\/schema.org\",\"@graph\":[{\"@type\":\"Organization\",\"@id\":\"https:\/\/acefootball.com\/da\/#organization\",\"name\":\"Ace Football\",\"url\":\"https:\/\/acefootball.com\/da\/\",\"sameAs\":[\"https:\/\/www.facebook.com\/acefootballdk\"],\"logo\":{\"@type\":\"ImageObject\",\"@id\":\"https:\/\/acefootball.com\/da\/#logo\",\"inLanguage\":\"en-US\",\"url\":\"https:\/\/acefootball.com\/da\/wp-content\/uploads\/sites\/2\/2020\/07\/Ace-Football-30-07-2020-2.png\",\"contentUrl\":\"https:\/\/acefootball.com\/da\/wp-content\/uploads\/sites\/2\/2020\/07\/Ace-Football-30-07-2020-2.png\",\"width\":1200,\"height\":600,\"caption\":\"Ace Football\"},\"image\":{\"@id\":\"https:\/\/acefootball.com\/da\/#logo\"}},{\"@type\":\"WebSite\",\"@id\":\"https:\/\/acefootball.com\/da\/#website\",\"url\":\"https:\/\/acefootball.com\/da\/\",\"name\":\"Ace Football Danmark\",\"description\":\"Nyheder, Spiltips &amp; Livescore\",\"publisher\":{\"@id\":\"https:\/\/acefootball.com\/da\/#organization\"},\"potentialAction\":[{\"@type\":\"SearchAction\",\"target\":{\"@type\":\"EntryPoint\",\"urlTemplate\":\"https:\/\/acefootball.com\/da\/?s={search_term_string}\"},\"query-input\":\"required name=search_term_string\"}],\"inLanguage\":\"en-US\"},{\"@type\":\"ImageObject\",\"@id\":\"https:\/\/acefootball.com\/da\/fodboldnyheder\/broendby-boss-om-perfekt-start-vi-maa-ogsaa-vaere-realistiske\/#primaryimage\",\"inLanguage\":\"en-US\",\"url\":\"https:\/\/acefootball.com\/da\/wp-content\/uploads\/sites\/2\/2020\/08\/GettyImages-1187267760.jpg\",\"contentUrl\":\"https:\/\/acefootball.com\/da\/wp-content\/uploads\/sites\/2\/2020\/08\/GettyImages-1187267760.jpg\",\"width\":1024,\"height\":714,\"caption\":\"BRONDBY, DENMARK - DECEMBER 08: Jan Bech Andersen, owner of Brondby IF looks on prior to the Danish 3F Superliga match between Brondby IF and FC Midtjylland at Brondby Stadion on December 8, 2019 in Brondby, Denmark. (Photo by Lars Ronbog \/ FrontZoneSport via Getty Images)\"},{\"@type\":\"WebPage\",\"@id\":\"https:\/\/acefootball.com\/da\/fodboldnyheder\/broendby-boss-om-perfekt-start-vi-maa-ogsaa-vaere-realistiske\/#webpage\",\"url\":\"https:\/\/acefootball.com\/da\/fodboldnyheder\/broendby-boss-om-perfekt-start-vi-maa-ogsaa-vaere-realistiske\/\",\"name\":\"Br\u00f8ndby-boss om perfekt start: Vi m\u00e5 ogs\u00e5 v\u00e6re realistiske\",\"isPartOf\":{\"@id\":\"https:\/\/acefootball.com\/da\/#website\"},\"primaryImageOfPage\":{\"@id\":\"https:\/\/acefootball.com\/da\/fodboldnyheder\/broendby-boss-om-perfekt-start-vi-maa-ogsaa-vaere-realistiske\/#primaryimage\"},\"datePublished\":\"2020-10-17T07:05:54+00:00\",\"dateModified\":\"2020-10-17T07:05:55+00:00\",\"description\":\"Jan Bech Andersen er meget tilfreds med s\u00e6sonstarten i Br\u00f8ndby, men maner samtidig til besindighed\",\"breadcrumb\":{\"@id\":\"https:\/\/acefootball.com\/da\/fodboldnyheder\/broendby-boss-om-perfekt-start-vi-maa-ogsaa-vaere-realistiske\/#breadcrumb\"},\"inLanguage\":\"en-US\",\"potentialAction\":[{\"@type\":\"ReadAction\",\"target\":[\"https:\/\/acefootball.com\/da\/fodboldnyheder\/broendby-boss-om-perfekt-start-vi-maa-ogsaa-vaere-realistiske\/\"]}]},{\"@type\":\"BreadcrumbList\",\"@id\":\"https:\/\/acefootball.com\/da\/fodboldnyheder\/broendby-boss-om-perfekt-start-vi-maa-ogsaa-vaere-realistiske\/#breadcrumb\",\"itemListElement\":[{\"@type\":\"ListItem\",\"position\":1,\"name\":\"Home\",\"item\":\"https:\/\/acefootball.com\/da\/\"},{\"@type\":\"ListItem\",\"position\":2,\"name\":\"Br\u00f8ndby-boss om perfekt start: Vi m\u00e5 ogs\u00e5 v\u00e6re realistiske\"}]},{\"@type\":\"Article\",\"@id\":\"https:\/\/acefootball.com\/da\/fodboldnyheder\/broendby-boss-om-perfekt-start-vi-maa-ogsaa-vaere-realistiske\/#article\",\"isPartOf\":{\"@id\":\"https:\/\/acefootball.com\/da\/fodboldnyheder\/broendby-boss-om-perfekt-start-vi-maa-ogsaa-vaere-realistiske\/#webpage\"},\"author\":{\"@id\":\"https:\/\/acefootball.com\/da\/#\/schema\/person\/ee67e9cf04a276f144100ffa722f10cd\"},\"headline\":\"Br\u00f8ndby-boss om perfekt start: Vi m\u00e5 ogs\u00e5 v\u00e6re realistiske\",\"datePublished\":\"2020-10-17T07:05:54+00:00\",\"dateModified\":\"2020-10-17T07:05:55+00:00\",\"mainEntityOfPage\":{\"@id\":\"https:\/\/acefootball.com\/da\/fodboldnyheder\/broendby-boss-om-perfekt-start-vi-maa-ogsaa-vaere-realistiske\/#webpage\"},\"wordCount\":200,\"commentCount\":0,\"publisher\":{\"@id\":\"https:\/\/acefootball.com\/da\/#organization\"},\"image\":{\"@id\":\"https:\/\/acefootball.com\/da\/fodboldnyheder\/broendby-boss-om-perfekt-start-vi-maa-ogsaa-vaere-realistiske\/#primaryimage\"},\"thumbnailUrl\":\"https:\/\/acefootball.com\/da\/wp-content\/uploads\/sites\/2\/2020\/08\/GettyImages-1187267760.jpg\",\"keywords\":[\"Br\u00f8ndby IF\"],\"articleSection\":[\"Udtalelse\"],\"inLanguage\":\"en-US\",\"potentialAction\":[{\"@type\":\"CommentAction\",\"name\":\"Comment\",\"target\":[\"https:\/\/acefootball.com\/da\/fodboldnyheder\/broendby-boss-om-perfekt-start-vi-maa-ogsaa-vaere-realistiske\/#respond\"]}]},{\"@type\":\"Person\",\"@id\":\"https:\/\/acefootball.com\/da\/#\/schema\/person\/ee67e9cf04a276f144100ffa722f10cd\",\"name\":\"Mads Dreyer\",\"image\":{\"@type\":\"ImageObject\",\"@id\":\"https:\/\/acefootball.com\/da\/#personlogo\",\"inLanguage\":\"en-US\",\"url\":\"https:\/\/secure.gravatar.com\/avatar\/7c7abf72cfde9902b6a60efe60c88d4c?s=96&d=mm&r=g\",\"contentUrl\":\"https:\/\/secure.gravatar.com\/avatar\/7c7abf72cfde9902b6a60efe60c88d4c?s=96&d=mm&r=g\",\"caption\":\"Mads Dreyer\"},\"description\":\"Skribent og fodboldn\u00f8rd, der lige nu fort\u00e6ller om alt og intet i fodboldverdenen p\u00e5 acefootball.com. Uddannet i kommunikation fra Aalborg Universitet.\",\"sameAs\":[\"https:\/\/www.linkedin.com\/in\/mads-dreyer-b9b08266\/\"],\"url\":\"https:\/\/acefootball.com\/da\/fodboldnyheder\/author\/mdnronaldo\/\"}]}<\/script>\n<!-- \/ Yoast SEO plugin. -->","yoast_head_json":{"title":"Br\u00f8ndby-boss om perfekt start: Vi m\u00e5 ogs\u00e5 v\u00e6re realistiske","description":"Jan Bech Andersen er meget tilfreds med s\u00e6sonstarten i Br\u00f8ndby, men maner samtidig til besindighed","robots":{"index":"index","follow":"follow","max-snippet":"max-snippet:-1","max-image-preview":"max-image-preview:large","max-video-preview":"max-video-preview:-1"},"canonical":"https:\/\/acefootball.com\/da\/fodboldnyheder\/broendby-boss-om-perfekt-start-vi-maa-ogsaa-vaere-realistiske\/","og_locale":"en_US","og_type":"article","og_title":"Br\u00f8ndby-boss om perfekt start: Vi m\u00e5 ogs\u00e5 v\u00e6re realistiske","og_description":"Jan Bech Andersen er meget tilfreds med s\u00e6sonstarten i Br\u00f8ndby, men maner samtidig til besindighed","og_url":"https:\/\/acefootball.com\/da\/fodboldnyheder\/broendby-boss-om-perfekt-start-vi-maa-ogsaa-vaere-realistiske\/","og_site_name":"Ace Football Danmark","article_publisher":"https:\/\/www.facebook.com\/acefootballdk","article_published_time":"2020-10-17T07:05:54+00:00","article_modified_time":"2020-10-17T07:05:55+00:00","og_image":[{"width":1024,"height":714,"url":"https:\/\/acefootball.com\/da\/wp-content\/uploads\/sites\/2\/2020\/08\/GettyImages-1187267760.jpg","type":"image\/jpeg"}],"twitter_card":"summary_large_image","twitter_misc":{"Written by":"Mads Dreyer","Est. reading time":"1 minute"},"schema":{"@context":"https:\/\/schema.org","@graph":[{"@type":"Organization","@id":"https:\/\/acefootball.com\/da\/#organization","name":"Ace Football","url":"https:\/\/acefootball.com\/da\/","sameAs":["https:\/\/www.facebook.com\/acefootballdk"],"logo":{"@type":"ImageObject","@id":"https:\/\/acefootball.com\/da\/#logo","inLanguage":"en-US","url":"https:\/\/acefootball.com\/da\/wp-content\/uploads\/sites\/2\/2020\/07\/Ace-Football-30-07-2020-2.png","contentUrl":"https:\/\/acefootball.com\/da\/wp-content\/uploads\/sites\/2\/2020\/07\/Ace-Football-30-07-2020-2.png","width":1200,"height":600,"caption":"Ace Football"},"image":{"@id":"https:\/\/acefootball.com\/da\/#logo"}},{"@type":"WebSite","@id":"https:\/\/acefootball.com\/da\/#website","url":"https:\/\/acefootball.com\/da\/","name":"Ace Football Danmark","description":"Nyheder, Spiltips &amp; Livescore","publisher":{"@id":"https:\/\/acefootball.com\/da\/#organization"},"potentialAction":[{"@type":"SearchAction","target":{"@type":"EntryPoint","urlTemplate":"https:\/\/acefootball.com\/da\/?s={search_term_string}"},"query-input":"required name=search_term_string"}],"inLanguage":"en-US"},{"@type":"ImageObject","@id":"https:\/\/acefootball.com\/da\/fodboldnyheder\/broendby-boss-om-perfekt-start-vi-maa-ogsaa-vaere-realistiske\/#primaryimage","inLanguage":"en-US","url":"https:\/\/acefootball.com\/da\/wp-content\/uploads\/sites\/2\/2020\/08\/GettyImages-1187267760.jpg","contentUrl":"https:\/\/acefootball.com\/da\/wp-content\/uploads\/sites\/2\/2020\/08\/GettyImages-1187267760.jpg","width":1024,"height":714,"caption":"BRONDBY, DENMARK - DECEMBER 08: Jan Bech Andersen, owner of Brondby IF looks on prior to the Danish 3F Superliga match between Brondby IF and FC Midtjylland at Brondby Stadion on December 8, 2019 in Brondby, Denmark. (Photo by Lars Ronbog \/ FrontZoneSport via Getty Images)"},{"@type":"WebPage","@id":"https:\/\/acefootball.com\/da\/fodboldnyheder\/broendby-boss-om-perfekt-start-vi-maa-ogsaa-vaere-realistiske\/#webpage","url":"https:\/\/acefootball.com\/da\/fodboldnyheder\/broendby-boss-om-perfekt-start-vi-maa-ogsaa-vaere-realistiske\/","name":"Br\u00f8ndby-boss om perfekt start: Vi m\u00e5 ogs\u00e5 v\u00e6re realistiske","isPartOf":{"@id":"https:\/\/acefootball.com\/da\/#website"},"primaryImageOfPage":{"@id":"https:\/\/acefootball.com\/da\/fodboldnyheder\/broendby-boss-om-perfekt-start-vi-maa-ogsaa-vaere-realistiske\/#primaryimage"},"datePublished":"2020-10-17T07:05:54+00:00","dateModified":"2020-10-17T07:05:55+00:00","description":"Jan Bech Andersen er meget tilfreds med s\u00e6sonstarten i Br\u00f8ndby, men maner samtidig til besindighed","breadcrumb":{"@id":"https:\/\/acefootball.com\/da\/fodboldnyheder\/broendby-boss-om-perfekt-start-vi-maa-ogsaa-vaere-realistiske\/#breadcrumb"},"inLanguage":"en-US","potentialAction":[{"@type":"ReadAction","target":["https:\/\/acefootball.com\/da\/fodboldnyheder\/broendby-boss-om-perfekt-start-vi-maa-ogsaa-vaere-realistiske\/"]}]},{"@type":"BreadcrumbList","@id":"https:\/\/acefootball.com\/da\/fodboldnyheder\/broendby-boss-om-perfekt-start-vi-maa-ogsaa-vaere-realistiske\/#breadcrumb","itemListElement":[{"@type":"ListItem","position":1,"name":"Home","item":"https:\/\/acefootball.com\/da\/"},{"@type":"ListItem","position":2,"name":"Br\u00f8ndby-boss om perfekt start: Vi m\u00e5 ogs\u00e5 v\u00e6re realistiske"}]},{"@type":"Article","@id":"https:\/\/acefootball.com\/da\/fodboldnyheder\/broendby-boss-om-perfekt-start-vi-maa-ogsaa-vaere-realistiske\/#article","isPartOf":{"@id":"https:\/\/acefootball.com\/da\/fodboldnyheder\/broendby-boss-om-perfekt-start-vi-maa-ogsaa-vaere-realistiske\/#webpage"},"author":{"@id":"https:\/\/acefootball.com\/da\/#\/schema\/person\/ee67e9cf04a276f144100ffa722f10cd"},"headline":"Br\u00f8ndby-boss om perfekt start: Vi m\u00e5 ogs\u00e5 v\u00e6re realistiske","datePublished":"2020-10-17T07:05:54+00:00","dateModified":"2020-10-17T07:05:55+00:00","mainEntityOfPage":{"@id":"https:\/\/acefootball.com\/da\/fodboldnyheder\/broendby-boss-om-perfekt-start-vi-maa-ogsaa-vaere-realistiske\/#webpage"},"wordCount":200,"commentCount":0,"publisher":{"@id":"https:\/\/acefootball.com\/da\/#organization"},"image":{"@id":"https:\/\/acefootball.com\/da\/fodboldnyheder\/broendby-boss-om-perfekt-start-vi-maa-ogsaa-vaere-realistiske\/#primaryimage"},"thumbnailUrl":"https:\/\/acefootball.com\/da\/wp-content\/uploads\/sites\/2\/2020\/08\/GettyImages-1187267760.jpg","keywords":["Br\u00f8ndby IF"],"articleSection":["Udtalelse"],"inLanguage":"en-US","potentialAction":[{"@type":"CommentAction","name":"Comment","target":["https:\/\/acefootball.com\/da\/fodboldnyheder\/broendby-boss-om-perfekt-start-vi-maa-ogsaa-vaere-realistiske\/#respond"]}]},{"@type":"Person","@id":"https:\/\/acefootball.com\/da\/#\/schema\/person\/ee67e9cf04a276f144100ffa722f10cd","name":"Mads Dreyer","image":{"@type":"ImageObject","@id":"https:\/\/acefootball.com\/da\/#personlogo","inLanguage":"en-US","url":"https:\/\/secure.gravatar.com\/avatar\/7c7abf72cfde9902b6a60efe60c88d4c?s=96&d=mm&r=g","contentUrl":"https:\/\/secure.gravatar.com\/avatar\/7c7abf72cfde9902b6a60efe60c88d4c?s=96&d=mm&r=g","caption":"Mads Dreyer"},"description":"Skribent og fodboldn\u00f8rd, der lige nu fort\u00e6ller om alt og intet i fodboldverdenen p\u00e5 acefootball.com. Uddannet i kommunikation fra Aalborg Universitet.","sameAs":["https:\/\/www.linkedin.com\/in\/mads-dreyer-b9b08266\/"],"url":"https:\/\/acefootball.com\/da\/fodboldnyheder\/author\/mdnronaldo\/"}]}},"fimg_url":"https:\/\/acefootball.com\/da\/wp-content\/uploads\/sites\/2\/2020\/08\/GettyImages-1187267760.jpg","_links":{"self":[{"href":"https:\/\/acefootball.com\/da\/wp-json\/wp\/v2\/posts\/240519"}],"collection":[{"href":"https:\/\/acefootball.com\/da\/wp-json\/wp\/v2\/posts"}],"about":[{"href":"https:\/\/acefootball.com\/da\/wp-json\/wp\/v2\/types\/post"}],"author":[{"embeddable":true,"href":"https:\/\/acefootball.com\/da\/wp-json\/wp\/v2\/users\/705"}],"replies":[{"embeddable":true,"href":"https:\/\/acefootball.com\/da\/wp-json\/wp\/v2\/comments?post=240519"}],"version-history":[{"count":0,"href":"https:\/\/acefootball.com\/da\/wp-json\/wp\/v2\/posts\/240519\/revisions"}],"wp:featuredmedia":[{"embeddable":true,"href":"https:\/\/acefootball.com\/da\/wp-json\/wp\/v2\/media\/235279"}],"wp:attachment":[{"href":"https:\/\/acefootball.com\/da\/wp-json\/wp\/v2\/media?parent=240519"}],"wp:term":[{"taxonomy":"category","embeddable":true,"href":"https:\/\/acefootball.com\/da\/wp-json\/wp\/v2\/categories?post=240519"},{"taxonomy":"post_tag","embeddable":true,"href":"https:\/\/acefootball.com\/da\/wp-json\/wp\/v2\/tags?post=240519"}],"curies":[{"name":"wp","href":"https:\/\/api.w.org\/{rel}","templated":true}]}}