{"id":240515,"date":"2020-10-17T08:31:56","date_gmt":"2020-10-17T06:31:56","guid":{"rendered":"https:\/\/acefootball.com\/da\/?p=240515"},"modified":"2020-10-17T08:31:57","modified_gmt":"2020-10-17T06:31:57","slug":"robinho-suspenderet-i-santos-efter-voldtaegtssag","status":"publish","type":"post","link":"https:\/\/acefootball.com\/da\/fodboldnyheder\/robinho-suspenderet-i-santos-efter-voldtaegtssag\/","title":{"rendered":"Robinho suspenderet i Santos efter voldt\u00e6gtssag"},"content":{"rendered":"\n<h2 id=\"h-efter-kun-en-uge-i-santos-er-robinho-nu-blevet-suspenderet-p-grund-af-en-igangv-rende-voldt-gtssag-i-italien\">Efter kun en uge i Santos er Robinho nu blevet suspenderet p\u00e5 grund af en igangv\u00e6rende voldt\u00e6gtssag i Italien<\/h2>\n\n\n\n<p>Robinho vendte for godt en uge siden igen tilbage til Santos, efter kontrakten i tyrkiske Basaksehir var udl\u00f8bet.<\/p>\n\n\n\n<p>Her skabte den tidligere Real Madrid-stjerne positive overskrifter, da han accepterede en minimal l\u00f8n for at hj\u00e6lpe barndomsklubben gennem en sv\u00e6r \u00f8konomisk periode.<\/p>\n\n\n\n<figure class=\"wp-block-embed-wordpress wp-block-embed is-type-wp-embed is-provider-ace-football-danmark\"><div class=\"wp-block-embed__wrapper\">\n<blockquote class=\"wp-embedded-content\" data-secret=\"IhJCZZSk7x\"><a href=\"https:\/\/acefootball.com\/da\/fodboldnyheder\/robinho-vender-hjem-tjener-1-700-kroner-om-maaneden\/\">Robinho vender hjem: Tjener 1.700 kroner om m\u00e5neden<\/a><\/blockquote><iframe class=\"wp-embedded-content\" sandbox=\"allow-scripts\" security=\"restricted\" style=\"position: absolute; clip: rect(1px, 1px, 1px, 1px);\" title=\"&#8220;Robinho vender hjem: Tjener 1.700 kroner om m\u00e5neden&#8221; &#8212; Ace Football Danmark\" src=\"https:\/\/acefootball.com\/da\/fodboldnyheder\/robinho-vender-hjem-tjener-1-700-kroner-om-maaneden\/embed\/#?secret=IhJCZZSk7x\" data-secret=\"IhJCZZSk7x\" width=\"600\" height=\"338\" frameborder=\"0\" marginwidth=\"0\" marginheight=\"0\" scrolling=\"no\"><\/iframe>\n<\/div><\/figure>\n\n\n\n<p>Nu er overskrifterne dog havnet i en lidt anden kategori, da den nysignerede kontrakt er blevet suspenderet. Det meddeler Santos p\u00e5 Twitter.<\/p>\n\n\n\n<p>Robinho er nemlig under luppen af de italienske myndigheder i forbindelse med en voldt\u00e6gtssag tilbage fra 2017. Brasilianeren spillede i AC Milan to \u00e5r tidligere, hvor han skulle have v\u00e6ret indblandet i en voldt\u00e6gt p\u00e5 en 22-\u00e5rig kvinde p\u00e5 en natklub.<\/p>\n\n\n\n<figure class=\"wp-block-embed-twitter wp-block-embed is-type-rich is-provider-twitter\"><div class=\"wp-block-embed__wrapper\">\n<blockquote class=\"twitter-tweet\" data-width=\"550\" data-dnt=\"true\"><p lang=\"pt\" dir=\"ltr\">NOTA \u00c0 IMPRENSA<br><br>O Santos Futebol Clube e o atleta Robinho informam que, em comum acordo, resolveram suspender a validade do contrato firmado no \u00faltimo dia 10 de outubro para que o jogador possa se concentrar exclusivamente na sua defesa no processo que corre na It\u00e1lia.<\/p>&mdash; Santos Futebol Clube (@SantosFC) <a href=\"https:\/\/twitter.com\/SantosFC\/status\/1317225741302534144?ref_src=twsrc%5Etfw\">October 16, 2020<\/a><\/blockquote><script async src=\"https:\/\/platform.twitter.com\/widgets.js\" charset=\"utf-8\"><\/script>\n<\/div><\/figure>\n\n\n\n<p>Det er dog ikke mere end et par dage siden, at Santos oplyste p\u00e5 sin <a href=\"https:\/\/www.santosfc.com.br\/nota-de-esclarecimento-ao-torcedor-santista\/\" target=\"_blank\" rel=\"noreferrer noopener\">hjemmeside<\/a>, at man ville opfatte sin nye spiller som uskyldig, indtil andet var bevist.<\/p>\n\n\n\n<p>Den brasilianske storklub har dog efter sigende m\u00e6rket pres fra baglandet, hvor en stor sponsor valgte at tr\u00e6kke sig af respekt for kvinder. S\u00e5dan skriver <a href=\"https:\/\/global.espn.com\/football\/santos-brasantos\/story\/4209729\/brazils-santos-suspend-robinhos-contract-amid-public-outcry\" target=\"_blank\" rel=\"noreferrer noopener\">ESPN<\/a>.<\/p>\n","protected":false},"excerpt":{"rendered":"<p>Efter kun en uge i Santos er Robinho nu blevet suspenderet p\u00e5 grund af en igangv\u00e6rende voldt\u00e6gtssag i Italien<\/p>\n","protected":false},"author":705,"featured_media":240518,"comment_status":"open","ping_status":"closed","sticky":false,"template":"","format":"standard","meta":{"om_disable_all_campaigns":false,"push_articles_ronaldo":{"active":false,"canonical":0,"publish":false},"force_updates":null},"categories":[1],"tags":[1664,3757],"enet_tags":{"player":["33974"],"team":["8514"],"sport_events":[]},"yoast_head":"<!-- This site is optimized with the Yoast SEO plugin v18.3 - https:\/\/yoast.com\/wordpress\/plugins\/seo\/ -->\n<title>Robinho suspenderet i Santos efter voldt\u00e6gtssag<\/title>\n<meta name=\"description\" content=\"Efter kun en uge i Santos er Robinho nu blevet suspenderet p\u00e5 grund af en igangv\u00e6rende voldt\u00e6gtssag i Italien\" \/>\n<meta name=\"robots\" content=\"index, follow, max-snippet:-1, max-image-preview:large, max-video-preview:-1\" \/>\n<link rel=\"canonical\" href=\"https:\/\/acefootball.com\/da\/fodboldnyheder\/robinho-suspenderet-i-santos-efter-voldtaegtssag\/\" \/>\n<meta property=\"og:locale\" content=\"en_US\" \/>\n<meta property=\"og:type\" content=\"article\" \/>\n<meta property=\"og:title\" content=\"Robinho suspenderet i Santos efter voldt\u00e6gtssag\" \/>\n<meta property=\"og:description\" content=\"Efter kun en uge i Santos er Robinho nu blevet suspenderet p\u00e5 grund af en igangv\u00e6rende voldt\u00e6gtssag i Italien\" \/>\n<meta property=\"og:url\" content=\"https:\/\/acefootball.com\/da\/fodboldnyheder\/robinho-suspenderet-i-santos-efter-voldtaegtssag\/\" \/>\n<meta property=\"og:site_name\" content=\"Ace Football Danmark\" \/>\n<meta property=\"article:publisher\" content=\"https:\/\/www.facebook.com\/acefootballdk\" \/>\n<meta property=\"article:published_time\" content=\"2020-10-17T06:31:56+00:00\" \/>\n<meta property=\"article:modified_time\" content=\"2020-10-17T06:31:57+00:00\" \/>\n<meta property=\"og:image\" content=\"https:\/\/acefootball.com\/da\/wp-content\/uploads\/sites\/2\/2020\/10\/GettyImages-867916928.jpg\" \/>\n\t<meta property=\"og:image:width\" content=\"1024\" \/>\n\t<meta property=\"og:image:height\" content=\"682\" \/>\n\t<meta property=\"og:image:type\" content=\"image\/jpeg\" \/>\n<meta name=\"twitter:card\" content=\"summary_large_image\" \/>\n<meta name=\"twitter:label1\" content=\"Written by\" \/>\n\t<meta name=\"twitter:data1\" content=\"Mads Dreyer\" \/>\n\t<meta name=\"twitter:label2\" content=\"Est. reading time\" \/>\n\t<meta name=\"twitter:data2\" content=\"1 minute\" \/>\n<script type=\"application\/ld+json\" class=\"yoast-schema-graph\">{\"@context\":\"https:\/\/schema.org\",\"@graph\":[{\"@type\":\"Organization\",\"@id\":\"https:\/\/acefootball.com\/da\/#organization\",\"name\":\"Ace Football\",\"url\":\"https:\/\/acefootball.com\/da\/\",\"sameAs\":[\"https:\/\/www.facebook.com\/acefootballdk\"],\"logo\":{\"@type\":\"ImageObject\",\"@id\":\"https:\/\/acefootball.com\/da\/#logo\",\"inLanguage\":\"en-US\",\"url\":\"https:\/\/acefootball.com\/da\/wp-content\/uploads\/sites\/2\/2020\/07\/Ace-Football-30-07-2020-2.png\",\"contentUrl\":\"https:\/\/acefootball.com\/da\/wp-content\/uploads\/sites\/2\/2020\/07\/Ace-Football-30-07-2020-2.png\",\"width\":1200,\"height\":600,\"caption\":\"Ace Football\"},\"image\":{\"@id\":\"https:\/\/acefootball.com\/da\/#logo\"}},{\"@type\":\"WebSite\",\"@id\":\"https:\/\/acefootball.com\/da\/#website\",\"url\":\"https:\/\/acefootball.com\/da\/\",\"name\":\"Ace Football Danmark\",\"description\":\"Nyheder, Spiltips &amp; Livescore\",\"publisher\":{\"@id\":\"https:\/\/acefootball.com\/da\/#organization\"},\"potentialAction\":[{\"@type\":\"SearchAction\",\"target\":{\"@type\":\"EntryPoint\",\"urlTemplate\":\"https:\/\/acefootball.com\/da\/?s={search_term_string}\"},\"query-input\":\"required name=search_term_string\"}],\"inLanguage\":\"en-US\"},{\"@type\":\"ImageObject\",\"@id\":\"https:\/\/acefootball.com\/da\/fodboldnyheder\/robinho-suspenderet-i-santos-efter-voldtaegtssag\/#primaryimage\",\"inLanguage\":\"en-US\",\"url\":\"https:\/\/acefootball.com\/da\/wp-content\/uploads\/sites\/2\/2020\/10\/GettyImages-867916928.jpg\",\"contentUrl\":\"https:\/\/acefootball.com\/da\/wp-content\/uploads\/sites\/2\/2020\/10\/GettyImages-867916928.jpg\",\"width\":1024,\"height\":682,\"caption\":\"BELO HORIZONTE, BRAZIL - OCTOBER 29: Robinho #7 of Atletico MG a match between Atletico MG and Botafogo as part of Brasileirao Series A 2017 at Independencia stadium on October 29, 2017 in Belo Horizonte, Brazil. (Photo by Pedro Vilela\/Getty Images)\"},{\"@type\":\"WebPage\",\"@id\":\"https:\/\/acefootball.com\/da\/fodboldnyheder\/robinho-suspenderet-i-santos-efter-voldtaegtssag\/#webpage\",\"url\":\"https:\/\/acefootball.com\/da\/fodboldnyheder\/robinho-suspenderet-i-santos-efter-voldtaegtssag\/\",\"name\":\"Robinho suspenderet i Santos efter voldt\u00e6gtssag\",\"isPartOf\":{\"@id\":\"https:\/\/acefootball.com\/da\/#website\"},\"primaryImageOfPage\":{\"@id\":\"https:\/\/acefootball.com\/da\/fodboldnyheder\/robinho-suspenderet-i-santos-efter-voldtaegtssag\/#primaryimage\"},\"datePublished\":\"2020-10-17T06:31:56+00:00\",\"dateModified\":\"2020-10-17T06:31:57+00:00\",\"description\":\"Efter kun en uge i Santos er Robinho nu blevet suspenderet p\u00e5 grund af en igangv\u00e6rende voldt\u00e6gtssag i Italien\",\"breadcrumb\":{\"@id\":\"https:\/\/acefootball.com\/da\/fodboldnyheder\/robinho-suspenderet-i-santos-efter-voldtaegtssag\/#breadcrumb\"},\"inLanguage\":\"en-US\",\"potentialAction\":[{\"@type\":\"ReadAction\",\"target\":[\"https:\/\/acefootball.com\/da\/fodboldnyheder\/robinho-suspenderet-i-santos-efter-voldtaegtssag\/\"]}]},{\"@type\":\"BreadcrumbList\",\"@id\":\"https:\/\/acefootball.com\/da\/fodboldnyheder\/robinho-suspenderet-i-santos-efter-voldtaegtssag\/#breadcrumb\",\"itemListElement\":[{\"@type\":\"ListItem\",\"position\":1,\"name\":\"Home\",\"item\":\"https:\/\/acefootball.com\/da\/\"},{\"@type\":\"ListItem\",\"position\":2,\"name\":\"Robinho suspenderet i Santos efter voldt\u00e6gtssag\"}]},{\"@type\":\"Article\",\"@id\":\"https:\/\/acefootball.com\/da\/fodboldnyheder\/robinho-suspenderet-i-santos-efter-voldtaegtssag\/#article\",\"isPartOf\":{\"@id\":\"https:\/\/acefootball.com\/da\/fodboldnyheder\/robinho-suspenderet-i-santos-efter-voldtaegtssag\/#webpage\"},\"author\":{\"@id\":\"https:\/\/acefootball.com\/da\/#\/schema\/person\/ee67e9cf04a276f144100ffa722f10cd\"},\"headline\":\"Robinho suspenderet i Santos efter voldt\u00e6gtssag\",\"datePublished\":\"2020-10-17T06:31:56+00:00\",\"dateModified\":\"2020-10-17T06:31:57+00:00\",\"mainEntityOfPage\":{\"@id\":\"https:\/\/acefootball.com\/da\/fodboldnyheder\/robinho-suspenderet-i-santos-efter-voldtaegtssag\/#webpage\"},\"wordCount\":210,\"commentCount\":0,\"publisher\":{\"@id\":\"https:\/\/acefootball.com\/da\/#organization\"},\"image\":{\"@id\":\"https:\/\/acefootball.com\/da\/fodboldnyheder\/robinho-suspenderet-i-santos-efter-voldtaegtssag\/#primaryimage\"},\"thumbnailUrl\":\"https:\/\/acefootball.com\/da\/wp-content\/uploads\/sites\/2\/2020\/10\/GettyImages-867916928.jpg\",\"keywords\":[\"Robinho\",\"Santos\"],\"articleSection\":[\"Nyhed\"],\"inLanguage\":\"en-US\",\"potentialAction\":[{\"@type\":\"CommentAction\",\"name\":\"Comment\",\"target\":[\"https:\/\/acefootball.com\/da\/fodboldnyheder\/robinho-suspenderet-i-santos-efter-voldtaegtssag\/#respond\"]}]},{\"@type\":\"Person\",\"@id\":\"https:\/\/acefootball.com\/da\/#\/schema\/person\/ee67e9cf04a276f144100ffa722f10cd\",\"name\":\"Mads Dreyer\",\"image\":{\"@type\":\"ImageObject\",\"@id\":\"https:\/\/acefootball.com\/da\/#personlogo\",\"inLanguage\":\"en-US\",\"url\":\"https:\/\/secure.gravatar.com\/avatar\/7c7abf72cfde9902b6a60efe60c88d4c?s=96&d=mm&r=g\",\"contentUrl\":\"https:\/\/secure.gravatar.com\/avatar\/7c7abf72cfde9902b6a60efe60c88d4c?s=96&d=mm&r=g\",\"caption\":\"Mads Dreyer\"},\"description\":\"Skribent og fodboldn\u00f8rd, der lige nu fort\u00e6ller om alt og intet i fodboldverdenen p\u00e5 acefootball.com. Uddannet i kommunikation fra Aalborg Universitet.\",\"sameAs\":[\"https:\/\/www.linkedin.com\/in\/mads-dreyer-b9b08266\/\"],\"url\":\"https:\/\/acefootball.com\/da\/fodboldnyheder\/author\/mdnronaldo\/\"}]}<\/script>\n<!-- \/ Yoast SEO plugin. -->","yoast_head_json":{"title":"Robinho suspenderet i Santos efter voldt\u00e6gtssag","description":"Efter kun en uge i Santos er Robinho nu blevet suspenderet p\u00e5 grund af en igangv\u00e6rende voldt\u00e6gtssag i Italien","robots":{"index":"index","follow":"follow","max-snippet":"max-snippet:-1","max-image-preview":"max-image-preview:large","max-video-preview":"max-video-preview:-1"},"canonical":"https:\/\/acefootball.com\/da\/fodboldnyheder\/robinho-suspenderet-i-santos-efter-voldtaegtssag\/","og_locale":"en_US","og_type":"article","og_title":"Robinho suspenderet i Santos efter voldt\u00e6gtssag","og_description":"Efter kun en uge i Santos er Robinho nu blevet suspenderet p\u00e5 grund af en igangv\u00e6rende voldt\u00e6gtssag i Italien","og_url":"https:\/\/acefootball.com\/da\/fodboldnyheder\/robinho-suspenderet-i-santos-efter-voldtaegtssag\/","og_site_name":"Ace Football Danmark","article_publisher":"https:\/\/www.facebook.com\/acefootballdk","article_published_time":"2020-10-17T06:31:56+00:00","article_modified_time":"2020-10-17T06:31:57+00:00","og_image":[{"width":1024,"height":682,"url":"https:\/\/acefootball.com\/da\/wp-content\/uploads\/sites\/2\/2020\/10\/GettyImages-867916928.jpg","type":"image\/jpeg"}],"twitter_card":"summary_large_image","twitter_misc":{"Written by":"Mads Dreyer","Est. reading time":"1 minute"},"schema":{"@context":"https:\/\/schema.org","@graph":[{"@type":"Organization","@id":"https:\/\/acefootball.com\/da\/#organization","name":"Ace Football","url":"https:\/\/acefootball.com\/da\/","sameAs":["https:\/\/www.facebook.com\/acefootballdk"],"logo":{"@type":"ImageObject","@id":"https:\/\/acefootball.com\/da\/#logo","inLanguage":"en-US","url":"https:\/\/acefootball.com\/da\/wp-content\/uploads\/sites\/2\/2020\/07\/Ace-Football-30-07-2020-2.png","contentUrl":"https:\/\/acefootball.com\/da\/wp-content\/uploads\/sites\/2\/2020\/07\/Ace-Football-30-07-2020-2.png","width":1200,"height":600,"caption":"Ace Football"},"image":{"@id":"https:\/\/acefootball.com\/da\/#logo"}},{"@type":"WebSite","@id":"https:\/\/acefootball.com\/da\/#website","url":"https:\/\/acefootball.com\/da\/","name":"Ace Football Danmark","description":"Nyheder, Spiltips &amp; Livescore","publisher":{"@id":"https:\/\/acefootball.com\/da\/#organization"},"potentialAction":[{"@type":"SearchAction","target":{"@type":"EntryPoint","urlTemplate":"https:\/\/acefootball.com\/da\/?s={search_term_string}"},"query-input":"required name=search_term_string"}],"inLanguage":"en-US"},{"@type":"ImageObject","@id":"https:\/\/acefootball.com\/da\/fodboldnyheder\/robinho-suspenderet-i-santos-efter-voldtaegtssag\/#primaryimage","inLanguage":"en-US","url":"https:\/\/acefootball.com\/da\/wp-content\/uploads\/sites\/2\/2020\/10\/GettyImages-867916928.jpg","contentUrl":"https:\/\/acefootball.com\/da\/wp-content\/uploads\/sites\/2\/2020\/10\/GettyImages-867916928.jpg","width":1024,"height":682,"caption":"BELO HORIZONTE, BRAZIL - OCTOBER 29: Robinho #7 of Atletico MG a match between Atletico MG and Botafogo as part of Brasileirao Series A 2017 at Independencia stadium on October 29, 2017 in Belo Horizonte, Brazil. (Photo by Pedro Vilela\/Getty Images)"},{"@type":"WebPage","@id":"https:\/\/acefootball.com\/da\/fodboldnyheder\/robinho-suspenderet-i-santos-efter-voldtaegtssag\/#webpage","url":"https:\/\/acefootball.com\/da\/fodboldnyheder\/robinho-suspenderet-i-santos-efter-voldtaegtssag\/","name":"Robinho suspenderet i Santos efter voldt\u00e6gtssag","isPartOf":{"@id":"https:\/\/acefootball.com\/da\/#website"},"primaryImageOfPage":{"@id":"https:\/\/acefootball.com\/da\/fodboldnyheder\/robinho-suspenderet-i-santos-efter-voldtaegtssag\/#primaryimage"},"datePublished":"2020-10-17T06:31:56+00:00","dateModified":"2020-10-17T06:31:57+00:00","description":"Efter kun en uge i Santos er Robinho nu blevet suspenderet p\u00e5 grund af en igangv\u00e6rende voldt\u00e6gtssag i Italien","breadcrumb":{"@id":"https:\/\/acefootball.com\/da\/fodboldnyheder\/robinho-suspenderet-i-santos-efter-voldtaegtssag\/#breadcrumb"},"inLanguage":"en-US","potentialAction":[{"@type":"ReadAction","target":["https:\/\/acefootball.com\/da\/fodboldnyheder\/robinho-suspenderet-i-santos-efter-voldtaegtssag\/"]}]},{"@type":"BreadcrumbList","@id":"https:\/\/acefootball.com\/da\/fodboldnyheder\/robinho-suspenderet-i-santos-efter-voldtaegtssag\/#breadcrumb","itemListElement":[{"@type":"ListItem","position":1,"name":"Home","item":"https:\/\/acefootball.com\/da\/"},{"@type":"ListItem","position":2,"name":"Robinho suspenderet i Santos efter voldt\u00e6gtssag"}]},{"@type":"Article","@id":"https:\/\/acefootball.com\/da\/fodboldnyheder\/robinho-suspenderet-i-santos-efter-voldtaegtssag\/#article","isPartOf":{"@id":"https:\/\/acefootball.com\/da\/fodboldnyheder\/robinho-suspenderet-i-santos-efter-voldtaegtssag\/#webpage"},"author":{"@id":"https:\/\/acefootball.com\/da\/#\/schema\/person\/ee67e9cf04a276f144100ffa722f10cd"},"headline":"Robinho suspenderet i Santos efter voldt\u00e6gtssag","datePublished":"2020-10-17T06:31:56+00:00","dateModified":"2020-10-17T06:31:57+00:00","mainEntityOfPage":{"@id":"https:\/\/acefootball.com\/da\/fodboldnyheder\/robinho-suspenderet-i-santos-efter-voldtaegtssag\/#webpage"},"wordCount":210,"commentCount":0,"publisher":{"@id":"https:\/\/acefootball.com\/da\/#organization"},"image":{"@id":"https:\/\/acefootball.com\/da\/fodboldnyheder\/robinho-suspenderet-i-santos-efter-voldtaegtssag\/#primaryimage"},"thumbnailUrl":"https:\/\/acefootball.com\/da\/wp-content\/uploads\/sites\/2\/2020\/10\/GettyImages-867916928.jpg","keywords":["Robinho","Santos"],"articleSection":["Nyhed"],"inLanguage":"en-US","potentialAction":[{"@type":"CommentAction","name":"Comment","target":["https:\/\/acefootball.com\/da\/fodboldnyheder\/robinho-suspenderet-i-santos-efter-voldtaegtssag\/#respond"]}]},{"@type":"Person","@id":"https:\/\/acefootball.com\/da\/#\/schema\/person\/ee67e9cf04a276f144100ffa722f10cd","name":"Mads Dreyer","image":{"@type":"ImageObject","@id":"https:\/\/acefootball.com\/da\/#personlogo","inLanguage":"en-US","url":"https:\/\/secure.gravatar.com\/avatar\/7c7abf72cfde9902b6a60efe60c88d4c?s=96&d=mm&r=g","contentUrl":"https:\/\/secure.gravatar.com\/avatar\/7c7abf72cfde9902b6a60efe60c88d4c?s=96&d=mm&r=g","caption":"Mads Dreyer"},"description":"Skribent og fodboldn\u00f8rd, der lige nu fort\u00e6ller om alt og intet i fodboldverdenen p\u00e5 acefootball.com. Uddannet i kommunikation fra Aalborg Universitet.","sameAs":["https:\/\/www.linkedin.com\/in\/mads-dreyer-b9b08266\/"],"url":"https:\/\/acefootball.com\/da\/fodboldnyheder\/author\/mdnronaldo\/"}]}},"fimg_url":"https:\/\/acefootball.com\/da\/wp-content\/uploads\/sites\/2\/2020\/10\/GettyImages-867916928.jpg","_links":{"self":[{"href":"https:\/\/acefootball.com\/da\/wp-json\/wp\/v2\/posts\/240515"}],"collection":[{"href":"https:\/\/acefootball.com\/da\/wp-json\/wp\/v2\/posts"}],"about":[{"href":"https:\/\/acefootball.com\/da\/wp-json\/wp\/v2\/types\/post"}],"author":[{"embeddable":true,"href":"https:\/\/acefootball.com\/da\/wp-json\/wp\/v2\/users\/705"}],"replies":[{"embeddable":true,"href":"https:\/\/acefootball.com\/da\/wp-json\/wp\/v2\/comments?post=240515"}],"version-history":[{"count":0,"href":"https:\/\/acefootball.com\/da\/wp-json\/wp\/v2\/posts\/240515\/revisions"}],"wp:featuredmedia":[{"embeddable":true,"href":"https:\/\/acefootball.com\/da\/wp-json\/wp\/v2\/media\/240518"}],"wp:attachment":[{"href":"https:\/\/acefootball.com\/da\/wp-json\/wp\/v2\/media?parent=240515"}],"wp:term":[{"taxonomy":"category","embeddable":true,"href":"https:\/\/acefootball.com\/da\/wp-json\/wp\/v2\/categories?post=240515"},{"taxonomy":"post_tag","embeddable":true,"href":"https:\/\/acefootball.com\/da\/wp-json\/wp\/v2\/tags?post=240515"}],"curies":[{"name":"wp","href":"https:\/\/api.w.org\/{rel}","templated":true}]}}