{"id":240513,"date":"2020-10-16T22:46:43","date_gmt":"2020-10-16T20:46:43","guid":{"rendered":"https:\/\/acefootball.com\/da\/?p=240513"},"modified":"2020-10-16T22:46:44","modified_gmt":"2020-10-16T20:46:44","slug":"velkommen-til-ligue-1-ny-psg-spiller-sablet-i-debut","status":"publish","type":"post","link":"https:\/\/acefootball.com\/da\/fodboldnyheder\/velkommen-til-ligue-1-ny-psg-spiller-sablet-i-debut\/","title":{"rendered":"Velkommen til Ligue 1: Ny PSG-spiller sablet i debut"},"content":{"rendered":"\n<h2 id=\"h-rafinha-fik-sig-lidt-af-en-debut-for-psg-da-han-blev-sparket-s-nder-og-sammen-af-lo-ck-landre-i-kampen-mod-nimes\">Rafinha fik sig lidt af en debut for PSG, da han blev sparket s\u00f8nder og sammen af Lo\u00efck Landre i kampen mod Nimes<\/h2>\n\n\n\n<div class=\"wp-block-si-widget wp-block-si-widget--center\"><si-lb-widget widget-id=\"MatchInfoWithOddsV2\" data-nopadding=\"true\" data-across-all-tournaments=\"false\" data-limit=\"5\" width=\"440\" data-event-id=\"3361673\" data-card=\"true\" data-theme-appearance=\"dark\"><\/si-lb-widget><\/div>\n\n\n\n<p>Et reservesp\u00e6kket PSG-mandskab vendte fredag aften tilbage til Ligue 1, hvor man g\u00e6stede midterholdet Nimes Olympique.<\/p>\n\n\n\n<p>De mange skader havde givet plads til nyerhvervelsen Rafinha, som denne sommer er kommet til fra FC Barcelona, og han fik sig lidt af en velkomst til det franske.<\/p>\n\n\n\n<p>Efter kun 12 minutters spil blev brasilianeren sparket godt og grundigt ned af hjemmeholdets Lo\u00efck Landre, som efterf\u00f8lgende fik et helt fortjent r\u00f8dt kort.<\/p>\n\n\n\n<p>Se situationen i videoen herunder:<\/p>\n\n\n\n\n        <div class=\"svf-video-single only-video\">\n            <div class=\"svf-video-container svf-embedded embedded\">\n                <script>(function(){const el = document.createElement('iframe');el.allow = 'autoplay';el.frameBorder = '0';el.classList.add('svf-video');el.allowFullscreen = true;document.currentScript.parentNode.style.display = 'none';el.src = \"https:\/\/www.viafree.dk\/embed\/sport\/id\/7cdabeaf-0328-4934-a019-c121430c9632?partnerId=a788403f-2c83-488f-adb0-2650ac7278a3\";el.addEventListener( 'load', function(){ this.parentNode.style.display = ''; });document.currentScript.parentNode.insertBefore(el, document.currentScript.nextSibling);})();<\/script>\n                <noscript><iframe allow=\"autoplay\" allowfullscreen frameborder=\"0\" class=\"svf-video\" src=\"https:\/\/www.viafree.dk\/embed\/sport\/id\/7cdabeaf-0328-4934-a019-c121430c9632?partnerId=a788403f-2c83-488f-adb0-2650ac7278a3\"><\/iframe><\/noscript>\n            <\/div>\n                    <\/div>\n        \n\n\n\n<p><\/p>\n","protected":false},"excerpt":{"rendered":"<p>Rafinha fik sig lidt af en debut for PSG, da han blev sparket s\u00f8nder og sammen af Lo\u00efck Landre i kampen mod Nimes<\/p>\n","protected":false},"author":705,"featured_media":240514,"comment_status":"open","ping_status":"closed","sticky":false,"template":"","format":"video","meta":{"om_disable_all_campaigns":false,"push_articles_ronaldo":{"active":false,"canonical":0,"publish":false},"force_updates":null},"categories":[8098],"tags":[397,5068,461,1985],"enet_tags":{"league":["53"],"team":["6394","9847"],"player":["27303"],"sport_events":[3361673]},"yoast_head":"<!-- This site is optimized with the Yoast SEO plugin v18.3 - https:\/\/yoast.com\/wordpress\/plugins\/seo\/ -->\n<title>Velkommen til Ligue 1: Ny PSG-spiller sablet i debut<\/title>\n<meta name=\"description\" content=\"Rafinha fik sig lidt af en debut for PSG, da han blev sparket s\u00f8nder og sammen af Lo\u00efck Landre i kampen mod Nimes\" \/>\n<meta name=\"robots\" content=\"index, follow, max-snippet:-1, max-image-preview:large, max-video-preview:-1\" \/>\n<link rel=\"canonical\" href=\"https:\/\/acefootball.com\/da\/fodboldnyheder\/velkommen-til-ligue-1-ny-psg-spiller-sablet-i-debut\/\" \/>\n<meta property=\"og:locale\" content=\"en_US\" \/>\n<meta property=\"og:type\" content=\"article\" \/>\n<meta property=\"og:title\" content=\"Velkommen til Ligue 1: Ny PSG-spiller sablet i debut\" \/>\n<meta property=\"og:description\" content=\"Rafinha fik sig lidt af en debut for PSG, da han blev sparket s\u00f8nder og sammen af Lo\u00efck Landre i kampen mod Nimes\" \/>\n<meta property=\"og:url\" content=\"https:\/\/acefootball.com\/da\/fodboldnyheder\/velkommen-til-ligue-1-ny-psg-spiller-sablet-i-debut\/\" \/>\n<meta property=\"og:site_name\" content=\"Ace Football Danmark\" \/>\n<meta property=\"article:publisher\" content=\"https:\/\/www.facebook.com\/acefootballdk\" \/>\n<meta property=\"article:published_time\" content=\"2020-10-16T20:46:43+00:00\" \/>\n<meta property=\"article:modified_time\" content=\"2020-10-16T20:46:44+00:00\" \/>\n<meta property=\"og:image\" content=\"https:\/\/acefootball.com\/da\/wp-content\/uploads\/sites\/2\/2020\/10\/rotenc.png\" \/>\n\t<meta property=\"og:image:width\" content=\"1000\" \/>\n\t<meta property=\"og:image:height\" content=\"563\" \/>\n\t<meta property=\"og:image:type\" content=\"image\/png\" \/>\n<meta name=\"twitter:card\" content=\"summary_large_image\" \/>\n<meta name=\"twitter:label1\" content=\"Written by\" \/>\n\t<meta name=\"twitter:data1\" content=\"Mads Dreyer\" \/>\n\t<meta name=\"twitter:label2\" content=\"Est. reading time\" \/>\n\t<meta name=\"twitter:data2\" content=\"1 minute\" \/>\n<script type=\"application\/ld+json\" class=\"yoast-schema-graph\">{\"@context\":\"https:\/\/schema.org\",\"@graph\":[{\"@type\":\"Organization\",\"@id\":\"https:\/\/acefootball.com\/da\/#organization\",\"name\":\"Ace Football\",\"url\":\"https:\/\/acefootball.com\/da\/\",\"sameAs\":[\"https:\/\/www.facebook.com\/acefootballdk\"],\"logo\":{\"@type\":\"ImageObject\",\"@id\":\"https:\/\/acefootball.com\/da\/#logo\",\"inLanguage\":\"en-US\",\"url\":\"https:\/\/acefootball.com\/da\/wp-content\/uploads\/sites\/2\/2020\/07\/Ace-Football-30-07-2020-2.png\",\"contentUrl\":\"https:\/\/acefootball.com\/da\/wp-content\/uploads\/sites\/2\/2020\/07\/Ace-Football-30-07-2020-2.png\",\"width\":1200,\"height\":600,\"caption\":\"Ace Football\"},\"image\":{\"@id\":\"https:\/\/acefootball.com\/da\/#logo\"}},{\"@type\":\"WebSite\",\"@id\":\"https:\/\/acefootball.com\/da\/#website\",\"url\":\"https:\/\/acefootball.com\/da\/\",\"name\":\"Ace Football Danmark\",\"description\":\"Nyheder, Spiltips &amp; Livescore\",\"publisher\":{\"@id\":\"https:\/\/acefootball.com\/da\/#organization\"},\"potentialAction\":[{\"@type\":\"SearchAction\",\"target\":{\"@type\":\"EntryPoint\",\"urlTemplate\":\"https:\/\/acefootball.com\/da\/?s={search_term_string}\"},\"query-input\":\"required name=search_term_string\"}],\"inLanguage\":\"en-US\"},{\"@type\":\"ImageObject\",\"@id\":\"https:\/\/acefootball.com\/da\/fodboldnyheder\/velkommen-til-ligue-1-ny-psg-spiller-sablet-i-debut\/#primaryimage\",\"inLanguage\":\"en-US\",\"url\":\"https:\/\/acefootball.com\/da\/wp-content\/uploads\/sites\/2\/2020\/10\/rotenc.png\",\"contentUrl\":\"https:\/\/acefootball.com\/da\/wp-content\/uploads\/sites\/2\/2020\/10\/rotenc.png\",\"width\":1000,\"height\":563,\"caption\":\"Foto: Viasat\"},{\"@type\":\"WebPage\",\"@id\":\"https:\/\/acefootball.com\/da\/fodboldnyheder\/velkommen-til-ligue-1-ny-psg-spiller-sablet-i-debut\/#webpage\",\"url\":\"https:\/\/acefootball.com\/da\/fodboldnyheder\/velkommen-til-ligue-1-ny-psg-spiller-sablet-i-debut\/\",\"name\":\"Velkommen til Ligue 1: Ny PSG-spiller sablet i debut\",\"isPartOf\":{\"@id\":\"https:\/\/acefootball.com\/da\/#website\"},\"primaryImageOfPage\":{\"@id\":\"https:\/\/acefootball.com\/da\/fodboldnyheder\/velkommen-til-ligue-1-ny-psg-spiller-sablet-i-debut\/#primaryimage\"},\"datePublished\":\"2020-10-16T20:46:43+00:00\",\"dateModified\":\"2020-10-16T20:46:44+00:00\",\"description\":\"Rafinha fik sig lidt af en debut for PSG, da han blev sparket s\u00f8nder og sammen af Lo\u00efck Landre i kampen mod Nimes\",\"breadcrumb\":{\"@id\":\"https:\/\/acefootball.com\/da\/fodboldnyheder\/velkommen-til-ligue-1-ny-psg-spiller-sablet-i-debut\/#breadcrumb\"},\"inLanguage\":\"en-US\",\"potentialAction\":[{\"@type\":\"ReadAction\",\"target\":[\"https:\/\/acefootball.com\/da\/fodboldnyheder\/velkommen-til-ligue-1-ny-psg-spiller-sablet-i-debut\/\"]}]},{\"@type\":\"BreadcrumbList\",\"@id\":\"https:\/\/acefootball.com\/da\/fodboldnyheder\/velkommen-til-ligue-1-ny-psg-spiller-sablet-i-debut\/#breadcrumb\",\"itemListElement\":[{\"@type\":\"ListItem\",\"position\":1,\"name\":\"Home\",\"item\":\"https:\/\/acefootball.com\/da\/\"},{\"@type\":\"ListItem\",\"position\":2,\"name\":\"Velkommen til Ligue 1: Ny PSG-spiller sablet i debut\"}]},{\"@type\":\"Article\",\"@id\":\"https:\/\/acefootball.com\/da\/fodboldnyheder\/velkommen-til-ligue-1-ny-psg-spiller-sablet-i-debut\/#article\",\"isPartOf\":{\"@id\":\"https:\/\/acefootball.com\/da\/fodboldnyheder\/velkommen-til-ligue-1-ny-psg-spiller-sablet-i-debut\/#webpage\"},\"author\":{\"@id\":\"https:\/\/acefootball.com\/da\/#\/schema\/person\/ee67e9cf04a276f144100ffa722f10cd\"},\"headline\":\"Velkommen til Ligue 1: Ny PSG-spiller sablet i debut\",\"datePublished\":\"2020-10-16T20:46:43+00:00\",\"dateModified\":\"2020-10-16T20:46:44+00:00\",\"mainEntityOfPage\":{\"@id\":\"https:\/\/acefootball.com\/da\/fodboldnyheder\/velkommen-til-ligue-1-ny-psg-spiller-sablet-i-debut\/#webpage\"},\"wordCount\":120,\"commentCount\":0,\"publisher\":{\"@id\":\"https:\/\/acefootball.com\/da\/#organization\"},\"image\":{\"@id\":\"https:\/\/acefootball.com\/da\/fodboldnyheder\/velkommen-til-ligue-1-ny-psg-spiller-sablet-i-debut\/#primaryimage\"},\"thumbnailUrl\":\"https:\/\/acefootball.com\/da\/wp-content\/uploads\/sites\/2\/2020\/10\/rotenc.png\",\"keywords\":[\"Ligue 1\",\"Nimes\",\"Paris Saint-Germain\",\"Rafinha Alcantara\"],\"articleSection\":[\"Video\"],\"inLanguage\":\"en-US\",\"potentialAction\":[{\"@type\":\"CommentAction\",\"name\":\"Comment\",\"target\":[\"https:\/\/acefootball.com\/da\/fodboldnyheder\/velkommen-til-ligue-1-ny-psg-spiller-sablet-i-debut\/#respond\"]}]},{\"@type\":\"Person\",\"@id\":\"https:\/\/acefootball.com\/da\/#\/schema\/person\/ee67e9cf04a276f144100ffa722f10cd\",\"name\":\"Mads Dreyer\",\"image\":{\"@type\":\"ImageObject\",\"@id\":\"https:\/\/acefootball.com\/da\/#personlogo\",\"inLanguage\":\"en-US\",\"url\":\"https:\/\/secure.gravatar.com\/avatar\/7c7abf72cfde9902b6a60efe60c88d4c?s=96&d=mm&r=g\",\"contentUrl\":\"https:\/\/secure.gravatar.com\/avatar\/7c7abf72cfde9902b6a60efe60c88d4c?s=96&d=mm&r=g\",\"caption\":\"Mads Dreyer\"},\"description\":\"Skribent og fodboldn\u00f8rd, der lige nu fort\u00e6ller om alt og intet i fodboldverdenen p\u00e5 acefootball.com. Uddannet i kommunikation fra Aalborg Universitet.\",\"sameAs\":[\"https:\/\/www.linkedin.com\/in\/mads-dreyer-b9b08266\/\"],\"url\":\"https:\/\/acefootball.com\/da\/fodboldnyheder\/author\/mdnronaldo\/\"}]}<\/script>\n<!-- \/ Yoast SEO plugin. -->","yoast_head_json":{"title":"Velkommen til Ligue 1: Ny PSG-spiller sablet i debut","description":"Rafinha fik sig lidt af en debut for PSG, da han blev sparket s\u00f8nder og sammen af Lo\u00efck Landre i kampen mod Nimes","robots":{"index":"index","follow":"follow","max-snippet":"max-snippet:-1","max-image-preview":"max-image-preview:large","max-video-preview":"max-video-preview:-1"},"canonical":"https:\/\/acefootball.com\/da\/fodboldnyheder\/velkommen-til-ligue-1-ny-psg-spiller-sablet-i-debut\/","og_locale":"en_US","og_type":"article","og_title":"Velkommen til Ligue 1: Ny PSG-spiller sablet i debut","og_description":"Rafinha fik sig lidt af en debut for PSG, da han blev sparket s\u00f8nder og sammen af Lo\u00efck Landre i kampen mod Nimes","og_url":"https:\/\/acefootball.com\/da\/fodboldnyheder\/velkommen-til-ligue-1-ny-psg-spiller-sablet-i-debut\/","og_site_name":"Ace Football Danmark","article_publisher":"https:\/\/www.facebook.com\/acefootballdk","article_published_time":"2020-10-16T20:46:43+00:00","article_modified_time":"2020-10-16T20:46:44+00:00","og_image":[{"width":1000,"height":563,"url":"https:\/\/acefootball.com\/da\/wp-content\/uploads\/sites\/2\/2020\/10\/rotenc.png","type":"image\/png"}],"twitter_card":"summary_large_image","twitter_misc":{"Written by":"Mads Dreyer","Est. reading time":"1 minute"},"schema":{"@context":"https:\/\/schema.org","@graph":[{"@type":"Organization","@id":"https:\/\/acefootball.com\/da\/#organization","name":"Ace Football","url":"https:\/\/acefootball.com\/da\/","sameAs":["https:\/\/www.facebook.com\/acefootballdk"],"logo":{"@type":"ImageObject","@id":"https:\/\/acefootball.com\/da\/#logo","inLanguage":"en-US","url":"https:\/\/acefootball.com\/da\/wp-content\/uploads\/sites\/2\/2020\/07\/Ace-Football-30-07-2020-2.png","contentUrl":"https:\/\/acefootball.com\/da\/wp-content\/uploads\/sites\/2\/2020\/07\/Ace-Football-30-07-2020-2.png","width":1200,"height":600,"caption":"Ace Football"},"image":{"@id":"https:\/\/acefootball.com\/da\/#logo"}},{"@type":"WebSite","@id":"https:\/\/acefootball.com\/da\/#website","url":"https:\/\/acefootball.com\/da\/","name":"Ace Football Danmark","description":"Nyheder, Spiltips &amp; Livescore","publisher":{"@id":"https:\/\/acefootball.com\/da\/#organization"},"potentialAction":[{"@type":"SearchAction","target":{"@type":"EntryPoint","urlTemplate":"https:\/\/acefootball.com\/da\/?s={search_term_string}"},"query-input":"required name=search_term_string"}],"inLanguage":"en-US"},{"@type":"ImageObject","@id":"https:\/\/acefootball.com\/da\/fodboldnyheder\/velkommen-til-ligue-1-ny-psg-spiller-sablet-i-debut\/#primaryimage","inLanguage":"en-US","url":"https:\/\/acefootball.com\/da\/wp-content\/uploads\/sites\/2\/2020\/10\/rotenc.png","contentUrl":"https:\/\/acefootball.com\/da\/wp-content\/uploads\/sites\/2\/2020\/10\/rotenc.png","width":1000,"height":563,"caption":"Foto: Viasat"},{"@type":"WebPage","@id":"https:\/\/acefootball.com\/da\/fodboldnyheder\/velkommen-til-ligue-1-ny-psg-spiller-sablet-i-debut\/#webpage","url":"https:\/\/acefootball.com\/da\/fodboldnyheder\/velkommen-til-ligue-1-ny-psg-spiller-sablet-i-debut\/","name":"Velkommen til Ligue 1: Ny PSG-spiller sablet i debut","isPartOf":{"@id":"https:\/\/acefootball.com\/da\/#website"},"primaryImageOfPage":{"@id":"https:\/\/acefootball.com\/da\/fodboldnyheder\/velkommen-til-ligue-1-ny-psg-spiller-sablet-i-debut\/#primaryimage"},"datePublished":"2020-10-16T20:46:43+00:00","dateModified":"2020-10-16T20:46:44+00:00","description":"Rafinha fik sig lidt af en debut for PSG, da han blev sparket s\u00f8nder og sammen af Lo\u00efck Landre i kampen mod Nimes","breadcrumb":{"@id":"https:\/\/acefootball.com\/da\/fodboldnyheder\/velkommen-til-ligue-1-ny-psg-spiller-sablet-i-debut\/#breadcrumb"},"inLanguage":"en-US","potentialAction":[{"@type":"ReadAction","target":["https:\/\/acefootball.com\/da\/fodboldnyheder\/velkommen-til-ligue-1-ny-psg-spiller-sablet-i-debut\/"]}]},{"@type":"BreadcrumbList","@id":"https:\/\/acefootball.com\/da\/fodboldnyheder\/velkommen-til-ligue-1-ny-psg-spiller-sablet-i-debut\/#breadcrumb","itemListElement":[{"@type":"ListItem","position":1,"name":"Home","item":"https:\/\/acefootball.com\/da\/"},{"@type":"ListItem","position":2,"name":"Velkommen til Ligue 1: Ny PSG-spiller sablet i debut"}]},{"@type":"Article","@id":"https:\/\/acefootball.com\/da\/fodboldnyheder\/velkommen-til-ligue-1-ny-psg-spiller-sablet-i-debut\/#article","isPartOf":{"@id":"https:\/\/acefootball.com\/da\/fodboldnyheder\/velkommen-til-ligue-1-ny-psg-spiller-sablet-i-debut\/#webpage"},"author":{"@id":"https:\/\/acefootball.com\/da\/#\/schema\/person\/ee67e9cf04a276f144100ffa722f10cd"},"headline":"Velkommen til Ligue 1: Ny PSG-spiller sablet i debut","datePublished":"2020-10-16T20:46:43+00:00","dateModified":"2020-10-16T20:46:44+00:00","mainEntityOfPage":{"@id":"https:\/\/acefootball.com\/da\/fodboldnyheder\/velkommen-til-ligue-1-ny-psg-spiller-sablet-i-debut\/#webpage"},"wordCount":120,"commentCount":0,"publisher":{"@id":"https:\/\/acefootball.com\/da\/#organization"},"image":{"@id":"https:\/\/acefootball.com\/da\/fodboldnyheder\/velkommen-til-ligue-1-ny-psg-spiller-sablet-i-debut\/#primaryimage"},"thumbnailUrl":"https:\/\/acefootball.com\/da\/wp-content\/uploads\/sites\/2\/2020\/10\/rotenc.png","keywords":["Ligue 1","Nimes","Paris Saint-Germain","Rafinha Alcantara"],"articleSection":["Video"],"inLanguage":"en-US","potentialAction":[{"@type":"CommentAction","name":"Comment","target":["https:\/\/acefootball.com\/da\/fodboldnyheder\/velkommen-til-ligue-1-ny-psg-spiller-sablet-i-debut\/#respond"]}]},{"@type":"Person","@id":"https:\/\/acefootball.com\/da\/#\/schema\/person\/ee67e9cf04a276f144100ffa722f10cd","name":"Mads Dreyer","image":{"@type":"ImageObject","@id":"https:\/\/acefootball.com\/da\/#personlogo","inLanguage":"en-US","url":"https:\/\/secure.gravatar.com\/avatar\/7c7abf72cfde9902b6a60efe60c88d4c?s=96&d=mm&r=g","contentUrl":"https:\/\/secure.gravatar.com\/avatar\/7c7abf72cfde9902b6a60efe60c88d4c?s=96&d=mm&r=g","caption":"Mads Dreyer"},"description":"Skribent og fodboldn\u00f8rd, der lige nu fort\u00e6ller om alt og intet i fodboldverdenen p\u00e5 acefootball.com. Uddannet i kommunikation fra Aalborg Universitet.","sameAs":["https:\/\/www.linkedin.com\/in\/mads-dreyer-b9b08266\/"],"url":"https:\/\/acefootball.com\/da\/fodboldnyheder\/author\/mdnronaldo\/"}]}},"fimg_url":"https:\/\/acefootball.com\/da\/wp-content\/uploads\/sites\/2\/2020\/10\/rotenc.png","_links":{"self":[{"href":"https:\/\/acefootball.com\/da\/wp-json\/wp\/v2\/posts\/240513"}],"collection":[{"href":"https:\/\/acefootball.com\/da\/wp-json\/wp\/v2\/posts"}],"about":[{"href":"https:\/\/acefootball.com\/da\/wp-json\/wp\/v2\/types\/post"}],"author":[{"embeddable":true,"href":"https:\/\/acefootball.com\/da\/wp-json\/wp\/v2\/users\/705"}],"replies":[{"embeddable":true,"href":"https:\/\/acefootball.com\/da\/wp-json\/wp\/v2\/comments?post=240513"}],"version-history":[{"count":0,"href":"https:\/\/acefootball.com\/da\/wp-json\/wp\/v2\/posts\/240513\/revisions"}],"wp:featuredmedia":[{"embeddable":true,"href":"https:\/\/acefootball.com\/da\/wp-json\/wp\/v2\/media\/240514"}],"wp:attachment":[{"href":"https:\/\/acefootball.com\/da\/wp-json\/wp\/v2\/media?parent=240513"}],"wp:term":[{"taxonomy":"category","embeddable":true,"href":"https:\/\/acefootball.com\/da\/wp-json\/wp\/v2\/categories?post=240513"},{"taxonomy":"post_tag","embeddable":true,"href":"https:\/\/acefootball.com\/da\/wp-json\/wp\/v2\/tags?post=240513"}],"curies":[{"name":"wp","href":"https:\/\/api.w.org\/{rel}","templated":true}]}}