{"id":240510,"date":"2020-10-16T22:28:44","date_gmt":"2020-10-16T20:28:44","guid":{"rendered":"https:\/\/acefootball.com\/da\/?p=240510"},"modified":"2020-10-16T22:28:45","modified_gmt":"2020-10-16T20:28:45","slug":"medie-barcelona-spillere-afviser-nye-nedskaeringer","status":"publish","type":"post","link":"https:\/\/acefootball.com\/da\/fodboldnyheder\/medie-barcelona-spillere-afviser-nye-nedskaeringer\/","title":{"rendered":"Medie: Barcelona-spillere afviser nye nedsk\u00e6ringer"},"content":{"rendered":"\n<h2 id=\"h-if-lge-et-catalansk-medie-har-spillerne-i-barcelona-afvist-ledelsens-anmodning-om-nye-nedsk-ringer-i-l-nnen\">If\u00f8lge et catalansk medie har spillerne i Barcelona afvist ledelsens anmodning om nye nedsk\u00e6ringer i l\u00f8nnen<\/h2>\n\n\n\n<p>Det er ingen hemmelighed, at \u00f8konomien i FC Barcelona er skr\u00e6ntende, og derfor er ledelsen tvunget til at nedbringe klubbens omkostninger.<\/p>\n\n\n\n<p>I den forbindelse skulle der v\u00e6re fremlagt et forslag om at <a href=\"https:\/\/acefootball.com\/da\/fodboldnyheder\/medie-barcelona-planlaegger-ny-nedskaering-i-spillerloenninger\/\">sk\u00e6re i l\u00f8nnen hos samtlige medarbejdere<\/a>, hvilket ogs\u00e5 omfatter den h\u00f8jtbetalte spillertruppen.<\/p>\n\n\n\n<p>Nu har klubbens topfolk dog f\u00e5et svar tilbage, og her er Lionel Messi og de andre stjerner blevet enige om at sige nej til forslaget. Det melder radiostationen RAC if\u00f8lge <a href=\"https:\/\/www.marca.com\/en\/football\/barcelona\/2020\/10\/16\/5f89ebf422601d7e628b458d.html\" target=\"_blank\" rel=\"noreferrer noopener\">Marca<\/a>.<\/p>\n\n\n\n<div class=\"wp-block-si-widget wp-block-si-widget--center\"><si-lb-widget widget-id=\"TournamentsTable\" data-initial-collapse=\"true\" data-allow-collapse=\"true\" data-show-tabs=\"true\" data-limit=\"5\" data-card=\"true\" data-nopadding=\"true\" width=\"440\" data-tournament-id=\"87\"><\/si-lb-widget><\/div>\n\n\n\n<p>If\u00f8lge mediet var der tale om nedsk\u00e6ringer p\u00e5 30 procent, men det er alts\u00e5 blevet afvist. Barcelona-ledelsen skulle dog ikke v\u00e6re bange for at tage skrappere midler i brug, hvis ikke der findes en l\u00f8sning.<\/p>\n\n\n\n<p>Pr\u00e6sident Bartomeu har dog ogs\u00e5 andre ildebrande at slukke. Inden \u00e5ret er omme kan han nemlig v\u00e6re v\u00e6ltet af tronen af klubbens medlemmer. L\u00e6s mere om den sag herunder:<\/p>\n\n\n\n<figure class=\"wp-block-embed-wordpress wp-block-embed is-type-wp-embed is-provider-ace-football-danmark\"><div class=\"wp-block-embed__wrapper\">\n<blockquote class=\"wp-embedded-content\" data-secret=\"ZQSE57fTvw\"><a href=\"https:\/\/acefootball.com\/da\/fodboldnyheder\/nu-gaelder-det-barcelona-saetter-dato-for-afgoerende-afstemning\/\">Nu g\u00e6lder det: Barcelona s\u00e6tter dato for afg\u00f8rende afstemning<\/a><\/blockquote><iframe class=\"wp-embedded-content\" sandbox=\"allow-scripts\" security=\"restricted\" style=\"position: absolute; clip: rect(1px, 1px, 1px, 1px);\" title=\"&#8220;Nu g\u00e6lder det: Barcelona s\u00e6tter dato for afg\u00f8rende afstemning&#8221; &#8212; Ace Football Danmark\" src=\"https:\/\/acefootball.com\/da\/fodboldnyheder\/nu-gaelder-det-barcelona-saetter-dato-for-afgoerende-afstemning\/embed\/#?secret=ZQSE57fTvw\" data-secret=\"ZQSE57fTvw\" width=\"600\" height=\"338\" frameborder=\"0\" marginwidth=\"0\" marginheight=\"0\" scrolling=\"no\"><\/iframe>\n<\/div><\/figure>\n","protected":false},"excerpt":{"rendered":"<p>If\u00f8lge et catalansk medie har spillerne i Barcelona afvist ledelsens anmodning om nye nedsk\u00e6ringer i l\u00f8nnen<\/p>\n","protected":false},"author":705,"featured_media":240512,"comment_status":"open","ping_status":"closed","sticky":false,"template":"","format":"standard","meta":{"om_disable_all_campaigns":false,"push_articles_ronaldo":{"active":false,"canonical":0,"publish":false},"force_updates":null},"categories":[1],"tags":[41,303],"enet_tags":{"team":["8634"],"league":["87"],"sport_events":[]},"yoast_head":"<!-- This site is optimized with the Yoast SEO plugin v18.3 - https:\/\/yoast.com\/wordpress\/plugins\/seo\/ -->\n<title>Medie: Barcelona-spillere afviser nye nedsk\u00e6ringer<\/title>\n<meta name=\"description\" content=\"If\u00f8lge et catalansk medie har spillerne i Barcelona afvist ledelsens anmodning om nye nedsk\u00e6ringer i l\u00f8nnen\" \/>\n<meta name=\"robots\" content=\"index, follow, max-snippet:-1, max-image-preview:large, max-video-preview:-1\" \/>\n<link rel=\"canonical\" href=\"https:\/\/acefootball.com\/da\/fodboldnyheder\/medie-barcelona-spillere-afviser-nye-nedskaeringer\/\" \/>\n<meta property=\"og:locale\" content=\"en_US\" \/>\n<meta property=\"og:type\" content=\"article\" \/>\n<meta property=\"og:title\" content=\"Medie: Barcelona-spillere afviser nye nedsk\u00e6ringer\" \/>\n<meta property=\"og:description\" content=\"If\u00f8lge et catalansk medie har spillerne i Barcelona afvist ledelsens anmodning om nye nedsk\u00e6ringer i l\u00f8nnen\" \/>\n<meta property=\"og:url\" content=\"https:\/\/acefootball.com\/da\/fodboldnyheder\/medie-barcelona-spillere-afviser-nye-nedskaeringer\/\" \/>\n<meta property=\"og:site_name\" content=\"Ace Football Danmark\" \/>\n<meta property=\"article:publisher\" content=\"https:\/\/www.facebook.com\/acefootballdk\" \/>\n<meta property=\"article:published_time\" content=\"2020-10-16T20:28:44+00:00\" \/>\n<meta property=\"article:modified_time\" content=\"2020-10-16T20:28:45+00:00\" \/>\n<meta property=\"og:image\" content=\"https:\/\/acefootball.com\/da\/wp-content\/uploads\/sites\/2\/2020\/10\/GettyImages-1277012161.jpg\" \/>\n\t<meta property=\"og:image:width\" content=\"1024\" \/>\n\t<meta property=\"og:image:height\" content=\"683\" \/>\n\t<meta property=\"og:image:type\" content=\"image\/jpeg\" \/>\n<meta name=\"twitter:card\" content=\"summary_large_image\" \/>\n<meta name=\"twitter:label1\" content=\"Written by\" \/>\n\t<meta name=\"twitter:data1\" content=\"Mads Dreyer\" \/>\n\t<meta name=\"twitter:label2\" content=\"Est. reading time\" \/>\n\t<meta name=\"twitter:data2\" content=\"1 minute\" \/>\n<script type=\"application\/ld+json\" class=\"yoast-schema-graph\">{\"@context\":\"https:\/\/schema.org\",\"@graph\":[{\"@type\":\"Organization\",\"@id\":\"https:\/\/acefootball.com\/da\/#organization\",\"name\":\"Ace Football\",\"url\":\"https:\/\/acefootball.com\/da\/\",\"sameAs\":[\"https:\/\/www.facebook.com\/acefootballdk\"],\"logo\":{\"@type\":\"ImageObject\",\"@id\":\"https:\/\/acefootball.com\/da\/#logo\",\"inLanguage\":\"en-US\",\"url\":\"https:\/\/acefootball.com\/da\/wp-content\/uploads\/sites\/2\/2020\/07\/Ace-Football-30-07-2020-2.png\",\"contentUrl\":\"https:\/\/acefootball.com\/da\/wp-content\/uploads\/sites\/2\/2020\/07\/Ace-Football-30-07-2020-2.png\",\"width\":1200,\"height\":600,\"caption\":\"Ace Football\"},\"image\":{\"@id\":\"https:\/\/acefootball.com\/da\/#logo\"}},{\"@type\":\"WebSite\",\"@id\":\"https:\/\/acefootball.com\/da\/#website\",\"url\":\"https:\/\/acefootball.com\/da\/\",\"name\":\"Ace Football Danmark\",\"description\":\"Nyheder, Spiltips &amp; Livescore\",\"publisher\":{\"@id\":\"https:\/\/acefootball.com\/da\/#organization\"},\"potentialAction\":[{\"@type\":\"SearchAction\",\"target\":{\"@type\":\"EntryPoint\",\"urlTemplate\":\"https:\/\/acefootball.com\/da\/?s={search_term_string}\"},\"query-input\":\"required name=search_term_string\"}],\"inLanguage\":\"en-US\"},{\"@type\":\"ImageObject\",\"@id\":\"https:\/\/acefootball.com\/da\/fodboldnyheder\/medie-barcelona-spillere-afviser-nye-nedskaeringer\/#primaryimage\",\"inLanguage\":\"en-US\",\"url\":\"https:\/\/acefootball.com\/da\/wp-content\/uploads\/sites\/2\/2020\/10\/GettyImages-1277012161.jpg\",\"contentUrl\":\"https:\/\/acefootball.com\/da\/wp-content\/uploads\/sites\/2\/2020\/10\/GettyImages-1277012161.jpg\",\"width\":1024,\"height\":683,\"caption\":\"BARCELONA, SPAIN - SEPTEMBER 27: Lionel Messi, Antoine Griezmann and teammates of FC Barcelona celebrate their fourth goal during the La Liga Santander match between FC Barcelona and Villarreal CF at Camp Nou on September 27, 2020 in Barcelona, Spain. Football Stadiums around Europe remain empty due to the Coronavirus Pandemic as Government social distancing laws prohibit fans inside venues resulting in fixtures being played behind closed doors. (Photo by David Ramos\/Getty Images)\"},{\"@type\":\"WebPage\",\"@id\":\"https:\/\/acefootball.com\/da\/fodboldnyheder\/medie-barcelona-spillere-afviser-nye-nedskaeringer\/#webpage\",\"url\":\"https:\/\/acefootball.com\/da\/fodboldnyheder\/medie-barcelona-spillere-afviser-nye-nedskaeringer\/\",\"name\":\"Medie: Barcelona-spillere afviser nye nedsk\u00e6ringer\",\"isPartOf\":{\"@id\":\"https:\/\/acefootball.com\/da\/#website\"},\"primaryImageOfPage\":{\"@id\":\"https:\/\/acefootball.com\/da\/fodboldnyheder\/medie-barcelona-spillere-afviser-nye-nedskaeringer\/#primaryimage\"},\"datePublished\":\"2020-10-16T20:28:44+00:00\",\"dateModified\":\"2020-10-16T20:28:45+00:00\",\"description\":\"If\u00f8lge et catalansk medie har spillerne i Barcelona afvist ledelsens anmodning om nye nedsk\u00e6ringer i l\u00f8nnen\",\"breadcrumb\":{\"@id\":\"https:\/\/acefootball.com\/da\/fodboldnyheder\/medie-barcelona-spillere-afviser-nye-nedskaeringer\/#breadcrumb\"},\"inLanguage\":\"en-US\",\"potentialAction\":[{\"@type\":\"ReadAction\",\"target\":[\"https:\/\/acefootball.com\/da\/fodboldnyheder\/medie-barcelona-spillere-afviser-nye-nedskaeringer\/\"]}]},{\"@type\":\"BreadcrumbList\",\"@id\":\"https:\/\/acefootball.com\/da\/fodboldnyheder\/medie-barcelona-spillere-afviser-nye-nedskaeringer\/#breadcrumb\",\"itemListElement\":[{\"@type\":\"ListItem\",\"position\":1,\"name\":\"Home\",\"item\":\"https:\/\/acefootball.com\/da\/\"},{\"@type\":\"ListItem\",\"position\":2,\"name\":\"Medie: Barcelona-spillere afviser nye nedsk\u00e6ringer\"}]},{\"@type\":\"Article\",\"@id\":\"https:\/\/acefootball.com\/da\/fodboldnyheder\/medie-barcelona-spillere-afviser-nye-nedskaeringer\/#article\",\"isPartOf\":{\"@id\":\"https:\/\/acefootball.com\/da\/fodboldnyheder\/medie-barcelona-spillere-afviser-nye-nedskaeringer\/#webpage\"},\"author\":{\"@id\":\"https:\/\/acefootball.com\/da\/#\/schema\/person\/ee67e9cf04a276f144100ffa722f10cd\"},\"headline\":\"Medie: Barcelona-spillere afviser nye nedsk\u00e6ringer\",\"datePublished\":\"2020-10-16T20:28:44+00:00\",\"dateModified\":\"2020-10-16T20:28:45+00:00\",\"mainEntityOfPage\":{\"@id\":\"https:\/\/acefootball.com\/da\/fodboldnyheder\/medie-barcelona-spillere-afviser-nye-nedskaeringer\/#webpage\"},\"wordCount\":184,\"commentCount\":0,\"publisher\":{\"@id\":\"https:\/\/acefootball.com\/da\/#organization\"},\"image\":{\"@id\":\"https:\/\/acefootball.com\/da\/fodboldnyheder\/medie-barcelona-spillere-afviser-nye-nedskaeringer\/#primaryimage\"},\"thumbnailUrl\":\"https:\/\/acefootball.com\/da\/wp-content\/uploads\/sites\/2\/2020\/10\/GettyImages-1277012161.jpg\",\"keywords\":[\"FC Barcelona\",\"La Liga\"],\"articleSection\":[\"Nyhed\"],\"inLanguage\":\"en-US\",\"potentialAction\":[{\"@type\":\"CommentAction\",\"name\":\"Comment\",\"target\":[\"https:\/\/acefootball.com\/da\/fodboldnyheder\/medie-barcelona-spillere-afviser-nye-nedskaeringer\/#respond\"]}]},{\"@type\":\"Person\",\"@id\":\"https:\/\/acefootball.com\/da\/#\/schema\/person\/ee67e9cf04a276f144100ffa722f10cd\",\"name\":\"Mads Dreyer\",\"image\":{\"@type\":\"ImageObject\",\"@id\":\"https:\/\/acefootball.com\/da\/#personlogo\",\"inLanguage\":\"en-US\",\"url\":\"https:\/\/secure.gravatar.com\/avatar\/7c7abf72cfde9902b6a60efe60c88d4c?s=96&d=mm&r=g\",\"contentUrl\":\"https:\/\/secure.gravatar.com\/avatar\/7c7abf72cfde9902b6a60efe60c88d4c?s=96&d=mm&r=g\",\"caption\":\"Mads Dreyer\"},\"description\":\"Skribent og fodboldn\u00f8rd, der lige nu fort\u00e6ller om alt og intet i fodboldverdenen p\u00e5 acefootball.com. Uddannet i kommunikation fra Aalborg Universitet.\",\"sameAs\":[\"https:\/\/www.linkedin.com\/in\/mads-dreyer-b9b08266\/\"],\"url\":\"https:\/\/acefootball.com\/da\/fodboldnyheder\/author\/mdnronaldo\/\"}]}<\/script>\n<!-- \/ Yoast SEO plugin. -->","yoast_head_json":{"title":"Medie: Barcelona-spillere afviser nye nedsk\u00e6ringer","description":"If\u00f8lge et catalansk medie har spillerne i Barcelona afvist ledelsens anmodning om nye nedsk\u00e6ringer i l\u00f8nnen","robots":{"index":"index","follow":"follow","max-snippet":"max-snippet:-1","max-image-preview":"max-image-preview:large","max-video-preview":"max-video-preview:-1"},"canonical":"https:\/\/acefootball.com\/da\/fodboldnyheder\/medie-barcelona-spillere-afviser-nye-nedskaeringer\/","og_locale":"en_US","og_type":"article","og_title":"Medie: Barcelona-spillere afviser nye nedsk\u00e6ringer","og_description":"If\u00f8lge et catalansk medie har spillerne i Barcelona afvist ledelsens anmodning om nye nedsk\u00e6ringer i l\u00f8nnen","og_url":"https:\/\/acefootball.com\/da\/fodboldnyheder\/medie-barcelona-spillere-afviser-nye-nedskaeringer\/","og_site_name":"Ace Football Danmark","article_publisher":"https:\/\/www.facebook.com\/acefootballdk","article_published_time":"2020-10-16T20:28:44+00:00","article_modified_time":"2020-10-16T20:28:45+00:00","og_image":[{"width":1024,"height":683,"url":"https:\/\/acefootball.com\/da\/wp-content\/uploads\/sites\/2\/2020\/10\/GettyImages-1277012161.jpg","type":"image\/jpeg"}],"twitter_card":"summary_large_image","twitter_misc":{"Written by":"Mads Dreyer","Est. reading time":"1 minute"},"schema":{"@context":"https:\/\/schema.org","@graph":[{"@type":"Organization","@id":"https:\/\/acefootball.com\/da\/#organization","name":"Ace Football","url":"https:\/\/acefootball.com\/da\/","sameAs":["https:\/\/www.facebook.com\/acefootballdk"],"logo":{"@type":"ImageObject","@id":"https:\/\/acefootball.com\/da\/#logo","inLanguage":"en-US","url":"https:\/\/acefootball.com\/da\/wp-content\/uploads\/sites\/2\/2020\/07\/Ace-Football-30-07-2020-2.png","contentUrl":"https:\/\/acefootball.com\/da\/wp-content\/uploads\/sites\/2\/2020\/07\/Ace-Football-30-07-2020-2.png","width":1200,"height":600,"caption":"Ace Football"},"image":{"@id":"https:\/\/acefootball.com\/da\/#logo"}},{"@type":"WebSite","@id":"https:\/\/acefootball.com\/da\/#website","url":"https:\/\/acefootball.com\/da\/","name":"Ace Football Danmark","description":"Nyheder, Spiltips &amp; Livescore","publisher":{"@id":"https:\/\/acefootball.com\/da\/#organization"},"potentialAction":[{"@type":"SearchAction","target":{"@type":"EntryPoint","urlTemplate":"https:\/\/acefootball.com\/da\/?s={search_term_string}"},"query-input":"required name=search_term_string"}],"inLanguage":"en-US"},{"@type":"ImageObject","@id":"https:\/\/acefootball.com\/da\/fodboldnyheder\/medie-barcelona-spillere-afviser-nye-nedskaeringer\/#primaryimage","inLanguage":"en-US","url":"https:\/\/acefootball.com\/da\/wp-content\/uploads\/sites\/2\/2020\/10\/GettyImages-1277012161.jpg","contentUrl":"https:\/\/acefootball.com\/da\/wp-content\/uploads\/sites\/2\/2020\/10\/GettyImages-1277012161.jpg","width":1024,"height":683,"caption":"BARCELONA, SPAIN - SEPTEMBER 27: Lionel Messi, Antoine Griezmann and teammates of FC Barcelona celebrate their fourth goal during the La Liga Santander match between FC Barcelona and Villarreal CF at Camp Nou on September 27, 2020 in Barcelona, Spain. Football Stadiums around Europe remain empty due to the Coronavirus Pandemic as Government social distancing laws prohibit fans inside venues resulting in fixtures being played behind closed doors. (Photo by David Ramos\/Getty Images)"},{"@type":"WebPage","@id":"https:\/\/acefootball.com\/da\/fodboldnyheder\/medie-barcelona-spillere-afviser-nye-nedskaeringer\/#webpage","url":"https:\/\/acefootball.com\/da\/fodboldnyheder\/medie-barcelona-spillere-afviser-nye-nedskaeringer\/","name":"Medie: Barcelona-spillere afviser nye nedsk\u00e6ringer","isPartOf":{"@id":"https:\/\/acefootball.com\/da\/#website"},"primaryImageOfPage":{"@id":"https:\/\/acefootball.com\/da\/fodboldnyheder\/medie-barcelona-spillere-afviser-nye-nedskaeringer\/#primaryimage"},"datePublished":"2020-10-16T20:28:44+00:00","dateModified":"2020-10-16T20:28:45+00:00","description":"If\u00f8lge et catalansk medie har spillerne i Barcelona afvist ledelsens anmodning om nye nedsk\u00e6ringer i l\u00f8nnen","breadcrumb":{"@id":"https:\/\/acefootball.com\/da\/fodboldnyheder\/medie-barcelona-spillere-afviser-nye-nedskaeringer\/#breadcrumb"},"inLanguage":"en-US","potentialAction":[{"@type":"ReadAction","target":["https:\/\/acefootball.com\/da\/fodboldnyheder\/medie-barcelona-spillere-afviser-nye-nedskaeringer\/"]}]},{"@type":"BreadcrumbList","@id":"https:\/\/acefootball.com\/da\/fodboldnyheder\/medie-barcelona-spillere-afviser-nye-nedskaeringer\/#breadcrumb","itemListElement":[{"@type":"ListItem","position":1,"name":"Home","item":"https:\/\/acefootball.com\/da\/"},{"@type":"ListItem","position":2,"name":"Medie: Barcelona-spillere afviser nye nedsk\u00e6ringer"}]},{"@type":"Article","@id":"https:\/\/acefootball.com\/da\/fodboldnyheder\/medie-barcelona-spillere-afviser-nye-nedskaeringer\/#article","isPartOf":{"@id":"https:\/\/acefootball.com\/da\/fodboldnyheder\/medie-barcelona-spillere-afviser-nye-nedskaeringer\/#webpage"},"author":{"@id":"https:\/\/acefootball.com\/da\/#\/schema\/person\/ee67e9cf04a276f144100ffa722f10cd"},"headline":"Medie: Barcelona-spillere afviser nye nedsk\u00e6ringer","datePublished":"2020-10-16T20:28:44+00:00","dateModified":"2020-10-16T20:28:45+00:00","mainEntityOfPage":{"@id":"https:\/\/acefootball.com\/da\/fodboldnyheder\/medie-barcelona-spillere-afviser-nye-nedskaeringer\/#webpage"},"wordCount":184,"commentCount":0,"publisher":{"@id":"https:\/\/acefootball.com\/da\/#organization"},"image":{"@id":"https:\/\/acefootball.com\/da\/fodboldnyheder\/medie-barcelona-spillere-afviser-nye-nedskaeringer\/#primaryimage"},"thumbnailUrl":"https:\/\/acefootball.com\/da\/wp-content\/uploads\/sites\/2\/2020\/10\/GettyImages-1277012161.jpg","keywords":["FC Barcelona","La Liga"],"articleSection":["Nyhed"],"inLanguage":"en-US","potentialAction":[{"@type":"CommentAction","name":"Comment","target":["https:\/\/acefootball.com\/da\/fodboldnyheder\/medie-barcelona-spillere-afviser-nye-nedskaeringer\/#respond"]}]},{"@type":"Person","@id":"https:\/\/acefootball.com\/da\/#\/schema\/person\/ee67e9cf04a276f144100ffa722f10cd","name":"Mads Dreyer","image":{"@type":"ImageObject","@id":"https:\/\/acefootball.com\/da\/#personlogo","inLanguage":"en-US","url":"https:\/\/secure.gravatar.com\/avatar\/7c7abf72cfde9902b6a60efe60c88d4c?s=96&d=mm&r=g","contentUrl":"https:\/\/secure.gravatar.com\/avatar\/7c7abf72cfde9902b6a60efe60c88d4c?s=96&d=mm&r=g","caption":"Mads Dreyer"},"description":"Skribent og fodboldn\u00f8rd, der lige nu fort\u00e6ller om alt og intet i fodboldverdenen p\u00e5 acefootball.com. Uddannet i kommunikation fra Aalborg Universitet.","sameAs":["https:\/\/www.linkedin.com\/in\/mads-dreyer-b9b08266\/"],"url":"https:\/\/acefootball.com\/da\/fodboldnyheder\/author\/mdnronaldo\/"}]}},"fimg_url":"https:\/\/acefootball.com\/da\/wp-content\/uploads\/sites\/2\/2020\/10\/GettyImages-1277012161.jpg","_links":{"self":[{"href":"https:\/\/acefootball.com\/da\/wp-json\/wp\/v2\/posts\/240510"}],"collection":[{"href":"https:\/\/acefootball.com\/da\/wp-json\/wp\/v2\/posts"}],"about":[{"href":"https:\/\/acefootball.com\/da\/wp-json\/wp\/v2\/types\/post"}],"author":[{"embeddable":true,"href":"https:\/\/acefootball.com\/da\/wp-json\/wp\/v2\/users\/705"}],"replies":[{"embeddable":true,"href":"https:\/\/acefootball.com\/da\/wp-json\/wp\/v2\/comments?post=240510"}],"version-history":[{"count":0,"href":"https:\/\/acefootball.com\/da\/wp-json\/wp\/v2\/posts\/240510\/revisions"}],"wp:featuredmedia":[{"embeddable":true,"href":"https:\/\/acefootball.com\/da\/wp-json\/wp\/v2\/media\/240512"}],"wp:attachment":[{"href":"https:\/\/acefootball.com\/da\/wp-json\/wp\/v2\/media?parent=240510"}],"wp:term":[{"taxonomy":"category","embeddable":true,"href":"https:\/\/acefootball.com\/da\/wp-json\/wp\/v2\/categories?post=240510"},{"taxonomy":"post_tag","embeddable":true,"href":"https:\/\/acefootball.com\/da\/wp-json\/wp\/v2\/tags?post=240510"}],"curies":[{"name":"wp","href":"https:\/\/api.w.org\/{rel}","templated":true}]}}