{"id":240489,"date":"2020-10-16T18:37:19","date_gmt":"2020-10-16T16:37:19","guid":{"rendered":"https:\/\/acefootball.com\/da\/?p=240489"},"modified":"2020-10-16T18:37:20","modified_gmt":"2020-10-16T16:37:20","slug":"priske-skifter-to-mand-i-fcm-truppen","status":"publish","type":"post","link":"https:\/\/acefootball.com\/da\/fodboldnyheder\/priske-skifter-to-mand-i-fcm-truppen\/","title":{"rendered":"Priske skifter to mand i FCM-truppen"},"content":{"rendered":"\n<h2 id=\"h-fc-midtjylland-har-to-ndringer-i-truppen-til-l-rdagens-hjemmekamp-mod-ob-hvor-anf-rer-erik-sviatchenko-blandt-andet-er-tilbage\">FC Midtjylland har to \u00e6ndringer i truppen til l\u00f8rdagens hjemmekamp mod OB, hvor anf\u00f8rer Erik Sviatchenko blandt andet er tilbage<\/h2>\n\n\n\n<div class=\"wp-block-si-widget wp-block-si-widget--center\"><si-lb-widget widget-id=\"MatchInfoWithOddsV2\" data-nopadding=\"true\" data-across-all-tournaments=\"false\" data-limit=\"5\" width=\"440\" data-event-id=\"3389097\" data-card=\"true\" data-theme-appearance=\"dark\" data-provider=\"betfair\"><\/si-lb-widget><\/div>\n\n\n\n<p>L\u00f8rdag eftermiddag er der igen Superliga p\u00e5 programmet, n\u00e5r FC Midtjylland hjemme f\u00e5r bes\u00f8g af OB.<\/p>\n\n\n\n<p>Det er knap to uger siden, midtjyderne sidst var i aktion. Da blev det kun til 2-2 mod AC Horsens, men nu er der rutinerede kr\u00e6fter tilbage i truppen.<\/p>\n\n\n\n<p>Brian Priske har s\u00e5ledes igen Erik Sviatchenko og Lasse Vibe tilg\u00e6ngelige. De erstatter Junior Brumado og Japhet Sery.<\/p>\n\n\n\n<p>Du kan se hele truppen herunder:<\/p>\n\n\n\n<p>1. Jesper Hansen<br>2. Dion Cools<br>6. Joel Andersson<br>7. Pione Sisto<br>9. Sory Kaba<br>10. Evander<br>11. Awer Mabil<br>14. Alexander Scholz<br>15. Bozhidar Kraev<br>25. Manjrekar James<br>26. Lasse Vibe<br>28. Erik Sviatchenko<br>29. Paulinho<br>31. Mikkel Andersen<br>34. Mikael Anderson<br>36. Anders Dreyer<br>40. Jens-Lys Cajuste<br>43. Nicolas Madsen<\/p>\n\n\n\n<div class=\"wp-block-si-widget wp-block-si-widget--center\"><si-lb-widget widget-id=\"SignUpWidget\" width=\"440\" data-provider=\"betfair\"><\/si-lb-widget><\/div>\n","protected":false},"excerpt":{"rendered":"<p>FC Midtjylland har to \u00e6ndringer i truppen til l\u00f8rdagens hjemmekamp mod OB, hvor anf\u00f8rer Erik Sviatchenko blandt andet er tilbage<\/p>\n","protected":false},"author":705,"featured_media":240490,"comment_status":"open","ping_status":"closed","sticky":false,"template":"","format":"standard","meta":{"om_disable_all_campaigns":false,"push_articles_ronaldo":{"active":false,"canonical":0,"publish":false},"force_updates":null},"categories":[8062],"tags":[51,588],"enet_tags":{"team":["8113"],"league":["46"],"sport_events":[3389097]},"yoast_head":"<!-- This site is optimized with the Yoast SEO plugin v18.3 - https:\/\/yoast.com\/wordpress\/plugins\/seo\/ -->\n<title>Priske skifter to mand i FCM-truppen<\/title>\n<meta name=\"description\" content=\"FC Midtjylland har to \u00e6ndringer i truppen til l\u00f8rdagens hjemmekamp mod OB, hvor anf\u00f8rer Erik Sviatchenko blandt andet er tilbage\" \/>\n<meta name=\"robots\" content=\"index, follow, max-snippet:-1, max-image-preview:large, max-video-preview:-1\" \/>\n<link rel=\"canonical\" href=\"https:\/\/acefootball.com\/da\/fodboldnyheder\/priske-skifter-to-mand-i-fcm-truppen\/\" \/>\n<meta property=\"og:locale\" content=\"en_US\" \/>\n<meta property=\"og:type\" content=\"article\" \/>\n<meta property=\"og:title\" content=\"Priske skifter to mand i FCM-truppen\" \/>\n<meta property=\"og:description\" content=\"FC Midtjylland har to \u00e6ndringer i truppen til l\u00f8rdagens hjemmekamp mod OB, hvor anf\u00f8rer Erik Sviatchenko blandt andet er tilbage\" \/>\n<meta property=\"og:url\" content=\"https:\/\/acefootball.com\/da\/fodboldnyheder\/priske-skifter-to-mand-i-fcm-truppen\/\" \/>\n<meta property=\"og:site_name\" content=\"Ace Football Danmark\" \/>\n<meta property=\"article:publisher\" content=\"https:\/\/www.facebook.com\/acefootballdk\" \/>\n<meta property=\"article:published_time\" content=\"2020-10-16T16:37:19+00:00\" \/>\n<meta property=\"article:modified_time\" content=\"2020-10-16T16:37:20+00:00\" \/>\n<meta property=\"og:image\" content=\"https:\/\/acefootball.com\/da\/wp-content\/uploads\/sites\/2\/2020\/10\/GettyImages-1228460863.jpg\" \/>\n\t<meta property=\"og:image:width\" content=\"1024\" \/>\n\t<meta property=\"og:image:height\" content=\"735\" \/>\n\t<meta property=\"og:image:type\" content=\"image\/jpeg\" \/>\n<meta name=\"twitter:card\" content=\"summary_large_image\" \/>\n<meta name=\"twitter:label1\" content=\"Written by\" \/>\n\t<meta name=\"twitter:data1\" content=\"Mads Dreyer\" \/>\n\t<meta name=\"twitter:label2\" content=\"Est. reading time\" \/>\n\t<meta name=\"twitter:data2\" content=\"1 minute\" \/>\n<script type=\"application\/ld+json\" class=\"yoast-schema-graph\">{\"@context\":\"https:\/\/schema.org\",\"@graph\":[{\"@type\":\"Organization\",\"@id\":\"https:\/\/acefootball.com\/da\/#organization\",\"name\":\"Ace Football\",\"url\":\"https:\/\/acefootball.com\/da\/\",\"sameAs\":[\"https:\/\/www.facebook.com\/acefootballdk\"],\"logo\":{\"@type\":\"ImageObject\",\"@id\":\"https:\/\/acefootball.com\/da\/#logo\",\"inLanguage\":\"en-US\",\"url\":\"https:\/\/acefootball.com\/da\/wp-content\/uploads\/sites\/2\/2020\/07\/Ace-Football-30-07-2020-2.png\",\"contentUrl\":\"https:\/\/acefootball.com\/da\/wp-content\/uploads\/sites\/2\/2020\/07\/Ace-Football-30-07-2020-2.png\",\"width\":1200,\"height\":600,\"caption\":\"Ace Football\"},\"image\":{\"@id\":\"https:\/\/acefootball.com\/da\/#logo\"}},{\"@type\":\"WebSite\",\"@id\":\"https:\/\/acefootball.com\/da\/#website\",\"url\":\"https:\/\/acefootball.com\/da\/\",\"name\":\"Ace Football Danmark\",\"description\":\"Nyheder, Spiltips &amp; Livescore\",\"publisher\":{\"@id\":\"https:\/\/acefootball.com\/da\/#organization\"},\"potentialAction\":[{\"@type\":\"SearchAction\",\"target\":{\"@type\":\"EntryPoint\",\"urlTemplate\":\"https:\/\/acefootball.com\/da\/?s={search_term_string}\"},\"query-input\":\"required name=search_term_string\"}],\"inLanguage\":\"en-US\"},{\"@type\":\"ImageObject\",\"@id\":\"https:\/\/acefootball.com\/da\/fodboldnyheder\/priske-skifter-to-mand-i-fcm-truppen\/#primaryimage\",\"inLanguage\":\"en-US\",\"url\":\"https:\/\/acefootball.com\/da\/wp-content\/uploads\/sites\/2\/2020\/10\/GettyImages-1228460863.jpg\",\"contentUrl\":\"https:\/\/acefootball.com\/da\/wp-content\/uploads\/sites\/2\/2020\/10\/GettyImages-1228460863.jpg\",\"width\":1024,\"height\":735,\"caption\":\"HADERSLEV, DENMARK - SEPTEMBER 11:Brian Priske, head coach of FC Midtjylland prior to$ the Danish 3F Superliga match between Sonderjyske and FC Midtjylland at Sydbank Park on September 11, 2020 in Haderslev, Denmark. (Photo by Lars Ronbog \/ FrontZoneSport via Getty Images)\"},{\"@type\":\"WebPage\",\"@id\":\"https:\/\/acefootball.com\/da\/fodboldnyheder\/priske-skifter-to-mand-i-fcm-truppen\/#webpage\",\"url\":\"https:\/\/acefootball.com\/da\/fodboldnyheder\/priske-skifter-to-mand-i-fcm-truppen\/\",\"name\":\"Priske skifter to mand i FCM-truppen\",\"isPartOf\":{\"@id\":\"https:\/\/acefootball.com\/da\/#website\"},\"primaryImageOfPage\":{\"@id\":\"https:\/\/acefootball.com\/da\/fodboldnyheder\/priske-skifter-to-mand-i-fcm-truppen\/#primaryimage\"},\"datePublished\":\"2020-10-16T16:37:19+00:00\",\"dateModified\":\"2020-10-16T16:37:20+00:00\",\"description\":\"FC Midtjylland har to \u00e6ndringer i truppen til l\u00f8rdagens hjemmekamp mod OB, hvor anf\u00f8rer Erik Sviatchenko blandt andet er tilbage\",\"breadcrumb\":{\"@id\":\"https:\/\/acefootball.com\/da\/fodboldnyheder\/priske-skifter-to-mand-i-fcm-truppen\/#breadcrumb\"},\"inLanguage\":\"en-US\",\"potentialAction\":[{\"@type\":\"ReadAction\",\"target\":[\"https:\/\/acefootball.com\/da\/fodboldnyheder\/priske-skifter-to-mand-i-fcm-truppen\/\"]}]},{\"@type\":\"BreadcrumbList\",\"@id\":\"https:\/\/acefootball.com\/da\/fodboldnyheder\/priske-skifter-to-mand-i-fcm-truppen\/#breadcrumb\",\"itemListElement\":[{\"@type\":\"ListItem\",\"position\":1,\"name\":\"Home\",\"item\":\"https:\/\/acefootball.com\/da\/\"},{\"@type\":\"ListItem\",\"position\":2,\"name\":\"Priske skifter to mand i FCM-truppen\"}]},{\"@type\":\"Article\",\"@id\":\"https:\/\/acefootball.com\/da\/fodboldnyheder\/priske-skifter-to-mand-i-fcm-truppen\/#article\",\"isPartOf\":{\"@id\":\"https:\/\/acefootball.com\/da\/fodboldnyheder\/priske-skifter-to-mand-i-fcm-truppen\/#webpage\"},\"author\":{\"@id\":\"https:\/\/acefootball.com\/da\/#\/schema\/person\/ee67e9cf04a276f144100ffa722f10cd\"},\"headline\":\"Priske skifter to mand i FCM-truppen\",\"datePublished\":\"2020-10-16T16:37:19+00:00\",\"dateModified\":\"2020-10-16T16:37:20+00:00\",\"mainEntityOfPage\":{\"@id\":\"https:\/\/acefootball.com\/da\/fodboldnyheder\/priske-skifter-to-mand-i-fcm-truppen\/#webpage\"},\"wordCount\":138,\"commentCount\":0,\"publisher\":{\"@id\":\"https:\/\/acefootball.com\/da\/#organization\"},\"image\":{\"@id\":\"https:\/\/acefootball.com\/da\/fodboldnyheder\/priske-skifter-to-mand-i-fcm-truppen\/#primaryimage\"},\"thumbnailUrl\":\"https:\/\/acefootball.com\/da\/wp-content\/uploads\/sites\/2\/2020\/10\/GettyImages-1228460863.jpg\",\"keywords\":[\"FC Midtjylland\",\"Superligaen\"],\"articleSection\":[\"Kamp\"],\"inLanguage\":\"en-US\",\"potentialAction\":[{\"@type\":\"CommentAction\",\"name\":\"Comment\",\"target\":[\"https:\/\/acefootball.com\/da\/fodboldnyheder\/priske-skifter-to-mand-i-fcm-truppen\/#respond\"]}]},{\"@type\":\"Person\",\"@id\":\"https:\/\/acefootball.com\/da\/#\/schema\/person\/ee67e9cf04a276f144100ffa722f10cd\",\"name\":\"Mads Dreyer\",\"image\":{\"@type\":\"ImageObject\",\"@id\":\"https:\/\/acefootball.com\/da\/#personlogo\",\"inLanguage\":\"en-US\",\"url\":\"https:\/\/secure.gravatar.com\/avatar\/7c7abf72cfde9902b6a60efe60c88d4c?s=96&d=mm&r=g\",\"contentUrl\":\"https:\/\/secure.gravatar.com\/avatar\/7c7abf72cfde9902b6a60efe60c88d4c?s=96&d=mm&r=g\",\"caption\":\"Mads Dreyer\"},\"description\":\"Skribent og fodboldn\u00f8rd, der lige nu fort\u00e6ller om alt og intet i fodboldverdenen p\u00e5 acefootball.com. Uddannet i kommunikation fra Aalborg Universitet.\",\"sameAs\":[\"https:\/\/www.linkedin.com\/in\/mads-dreyer-b9b08266\/\"],\"url\":\"https:\/\/acefootball.com\/da\/fodboldnyheder\/author\/mdnronaldo\/\"}]}<\/script>\n<!-- \/ Yoast SEO plugin. -->","yoast_head_json":{"title":"Priske skifter to mand i FCM-truppen","description":"FC Midtjylland har to \u00e6ndringer i truppen til l\u00f8rdagens hjemmekamp mod OB, hvor anf\u00f8rer Erik Sviatchenko blandt andet er tilbage","robots":{"index":"index","follow":"follow","max-snippet":"max-snippet:-1","max-image-preview":"max-image-preview:large","max-video-preview":"max-video-preview:-1"},"canonical":"https:\/\/acefootball.com\/da\/fodboldnyheder\/priske-skifter-to-mand-i-fcm-truppen\/","og_locale":"en_US","og_type":"article","og_title":"Priske skifter to mand i FCM-truppen","og_description":"FC Midtjylland har to \u00e6ndringer i truppen til l\u00f8rdagens hjemmekamp mod OB, hvor anf\u00f8rer Erik Sviatchenko blandt andet er tilbage","og_url":"https:\/\/acefootball.com\/da\/fodboldnyheder\/priske-skifter-to-mand-i-fcm-truppen\/","og_site_name":"Ace Football Danmark","article_publisher":"https:\/\/www.facebook.com\/acefootballdk","article_published_time":"2020-10-16T16:37:19+00:00","article_modified_time":"2020-10-16T16:37:20+00:00","og_image":[{"width":1024,"height":735,"url":"https:\/\/acefootball.com\/da\/wp-content\/uploads\/sites\/2\/2020\/10\/GettyImages-1228460863.jpg","type":"image\/jpeg"}],"twitter_card":"summary_large_image","twitter_misc":{"Written by":"Mads Dreyer","Est. reading time":"1 minute"},"schema":{"@context":"https:\/\/schema.org","@graph":[{"@type":"Organization","@id":"https:\/\/acefootball.com\/da\/#organization","name":"Ace Football","url":"https:\/\/acefootball.com\/da\/","sameAs":["https:\/\/www.facebook.com\/acefootballdk"],"logo":{"@type":"ImageObject","@id":"https:\/\/acefootball.com\/da\/#logo","inLanguage":"en-US","url":"https:\/\/acefootball.com\/da\/wp-content\/uploads\/sites\/2\/2020\/07\/Ace-Football-30-07-2020-2.png","contentUrl":"https:\/\/acefootball.com\/da\/wp-content\/uploads\/sites\/2\/2020\/07\/Ace-Football-30-07-2020-2.png","width":1200,"height":600,"caption":"Ace Football"},"image":{"@id":"https:\/\/acefootball.com\/da\/#logo"}},{"@type":"WebSite","@id":"https:\/\/acefootball.com\/da\/#website","url":"https:\/\/acefootball.com\/da\/","name":"Ace Football Danmark","description":"Nyheder, Spiltips &amp; Livescore","publisher":{"@id":"https:\/\/acefootball.com\/da\/#organization"},"potentialAction":[{"@type":"SearchAction","target":{"@type":"EntryPoint","urlTemplate":"https:\/\/acefootball.com\/da\/?s={search_term_string}"},"query-input":"required name=search_term_string"}],"inLanguage":"en-US"},{"@type":"ImageObject","@id":"https:\/\/acefootball.com\/da\/fodboldnyheder\/priske-skifter-to-mand-i-fcm-truppen\/#primaryimage","inLanguage":"en-US","url":"https:\/\/acefootball.com\/da\/wp-content\/uploads\/sites\/2\/2020\/10\/GettyImages-1228460863.jpg","contentUrl":"https:\/\/acefootball.com\/da\/wp-content\/uploads\/sites\/2\/2020\/10\/GettyImages-1228460863.jpg","width":1024,"height":735,"caption":"HADERSLEV, DENMARK - SEPTEMBER 11:Brian Priske, head coach of FC Midtjylland prior to$ the Danish 3F Superliga match between Sonderjyske and FC Midtjylland at Sydbank Park on September 11, 2020 in Haderslev, Denmark. (Photo by Lars Ronbog \/ FrontZoneSport via Getty Images)"},{"@type":"WebPage","@id":"https:\/\/acefootball.com\/da\/fodboldnyheder\/priske-skifter-to-mand-i-fcm-truppen\/#webpage","url":"https:\/\/acefootball.com\/da\/fodboldnyheder\/priske-skifter-to-mand-i-fcm-truppen\/","name":"Priske skifter to mand i FCM-truppen","isPartOf":{"@id":"https:\/\/acefootball.com\/da\/#website"},"primaryImageOfPage":{"@id":"https:\/\/acefootball.com\/da\/fodboldnyheder\/priske-skifter-to-mand-i-fcm-truppen\/#primaryimage"},"datePublished":"2020-10-16T16:37:19+00:00","dateModified":"2020-10-16T16:37:20+00:00","description":"FC Midtjylland har to \u00e6ndringer i truppen til l\u00f8rdagens hjemmekamp mod OB, hvor anf\u00f8rer Erik Sviatchenko blandt andet er tilbage","breadcrumb":{"@id":"https:\/\/acefootball.com\/da\/fodboldnyheder\/priske-skifter-to-mand-i-fcm-truppen\/#breadcrumb"},"inLanguage":"en-US","potentialAction":[{"@type":"ReadAction","target":["https:\/\/acefootball.com\/da\/fodboldnyheder\/priske-skifter-to-mand-i-fcm-truppen\/"]}]},{"@type":"BreadcrumbList","@id":"https:\/\/acefootball.com\/da\/fodboldnyheder\/priske-skifter-to-mand-i-fcm-truppen\/#breadcrumb","itemListElement":[{"@type":"ListItem","position":1,"name":"Home","item":"https:\/\/acefootball.com\/da\/"},{"@type":"ListItem","position":2,"name":"Priske skifter to mand i FCM-truppen"}]},{"@type":"Article","@id":"https:\/\/acefootball.com\/da\/fodboldnyheder\/priske-skifter-to-mand-i-fcm-truppen\/#article","isPartOf":{"@id":"https:\/\/acefootball.com\/da\/fodboldnyheder\/priske-skifter-to-mand-i-fcm-truppen\/#webpage"},"author":{"@id":"https:\/\/acefootball.com\/da\/#\/schema\/person\/ee67e9cf04a276f144100ffa722f10cd"},"headline":"Priske skifter to mand i FCM-truppen","datePublished":"2020-10-16T16:37:19+00:00","dateModified":"2020-10-16T16:37:20+00:00","mainEntityOfPage":{"@id":"https:\/\/acefootball.com\/da\/fodboldnyheder\/priske-skifter-to-mand-i-fcm-truppen\/#webpage"},"wordCount":138,"commentCount":0,"publisher":{"@id":"https:\/\/acefootball.com\/da\/#organization"},"image":{"@id":"https:\/\/acefootball.com\/da\/fodboldnyheder\/priske-skifter-to-mand-i-fcm-truppen\/#primaryimage"},"thumbnailUrl":"https:\/\/acefootball.com\/da\/wp-content\/uploads\/sites\/2\/2020\/10\/GettyImages-1228460863.jpg","keywords":["FC Midtjylland","Superligaen"],"articleSection":["Kamp"],"inLanguage":"en-US","potentialAction":[{"@type":"CommentAction","name":"Comment","target":["https:\/\/acefootball.com\/da\/fodboldnyheder\/priske-skifter-to-mand-i-fcm-truppen\/#respond"]}]},{"@type":"Person","@id":"https:\/\/acefootball.com\/da\/#\/schema\/person\/ee67e9cf04a276f144100ffa722f10cd","name":"Mads Dreyer","image":{"@type":"ImageObject","@id":"https:\/\/acefootball.com\/da\/#personlogo","inLanguage":"en-US","url":"https:\/\/secure.gravatar.com\/avatar\/7c7abf72cfde9902b6a60efe60c88d4c?s=96&d=mm&r=g","contentUrl":"https:\/\/secure.gravatar.com\/avatar\/7c7abf72cfde9902b6a60efe60c88d4c?s=96&d=mm&r=g","caption":"Mads Dreyer"},"description":"Skribent og fodboldn\u00f8rd, der lige nu fort\u00e6ller om alt og intet i fodboldverdenen p\u00e5 acefootball.com. Uddannet i kommunikation fra Aalborg Universitet.","sameAs":["https:\/\/www.linkedin.com\/in\/mads-dreyer-b9b08266\/"],"url":"https:\/\/acefootball.com\/da\/fodboldnyheder\/author\/mdnronaldo\/"}]}},"fimg_url":"https:\/\/acefootball.com\/da\/wp-content\/uploads\/sites\/2\/2020\/10\/GettyImages-1228460863.jpg","_links":{"self":[{"href":"https:\/\/acefootball.com\/da\/wp-json\/wp\/v2\/posts\/240489"}],"collection":[{"href":"https:\/\/acefootball.com\/da\/wp-json\/wp\/v2\/posts"}],"about":[{"href":"https:\/\/acefootball.com\/da\/wp-json\/wp\/v2\/types\/post"}],"author":[{"embeddable":true,"href":"https:\/\/acefootball.com\/da\/wp-json\/wp\/v2\/users\/705"}],"replies":[{"embeddable":true,"href":"https:\/\/acefootball.com\/da\/wp-json\/wp\/v2\/comments?post=240489"}],"version-history":[{"count":0,"href":"https:\/\/acefootball.com\/da\/wp-json\/wp\/v2\/posts\/240489\/revisions"}],"wp:featuredmedia":[{"embeddable":true,"href":"https:\/\/acefootball.com\/da\/wp-json\/wp\/v2\/media\/240490"}],"wp:attachment":[{"href":"https:\/\/acefootball.com\/da\/wp-json\/wp\/v2\/media?parent=240489"}],"wp:term":[{"taxonomy":"category","embeddable":true,"href":"https:\/\/acefootball.com\/da\/wp-json\/wp\/v2\/categories?post=240489"},{"taxonomy":"post_tag","embeddable":true,"href":"https:\/\/acefootball.com\/da\/wp-json\/wp\/v2\/tags?post=240489"}],"curies":[{"name":"wp","href":"https:\/\/api.w.org\/{rel}","templated":true}]}}