{"id":240481,"date":"2020-10-16T17:07:00","date_gmt":"2020-10-16T15:07:00","guid":{"rendered":"https:\/\/acefootball.com\/da\/?p=240481"},"modified":"2020-10-16T17:07:01","modified_gmt":"2020-10-16T15:07:01","slug":"daarlig-start-joachim-andersen-skadet-efter-to-dage","status":"publish","type":"post","link":"https:\/\/acefootball.com\/da\/fodboldnyheder\/daarlig-start-joachim-andersen-skadet-efter-to-dage\/","title":{"rendered":"D\u00e5rlig start: Joachim Andersen skadet efter to dage"},"content":{"rendered":"\n<h2 id=\"h-joachim-andersen-har-beskadiet-et-ledb-nd-i-anklen-efter-to-dages-tr-ning-med-de-nye-holdkammerater-i-fulham\">Joachim Andersen har beskadiet et ledb\u00e5nd i anklen efter to dages tr\u00e6ning med de nye holdkammerater i Fulham<\/h2>\n\n\n\n<p>P\u00e5 transfervinduets sidste dag tog Joachim Andersen p\u00e5 leje i Fulham, da udsigterne til spilletid i Olympique Lyon ikke var voldsomt store.<\/p>\n\n\n\n<p>Det bet\u00f8d dog, at danskeren m\u00e5tte en tur i selvisolation, grundet de engelske corona-regler, og det var derfor f\u00f8rst i denne uge, han kunne tr\u00e6ne med de nye holdkammerater.<\/p>\n\n\n\n<p>Men allerede efter to dage m\u00e5tte Andersen forlade tr\u00e6ningen med en skade. Det forklarede cheftr\u00e6ner Scott Parker p\u00e5 dagens pressem\u00f8de.<\/p>\n\n\n\n<figure class=\"wp-block-embed-twitter wp-block-embed is-type-rich is-provider-twitter\"><div class=\"wp-block-embed__wrapper\">\n<blockquote class=\"twitter-tweet\" data-width=\"550\" data-dnt=\"true\"><p lang=\"en\" dir=\"ltr\">Some unwanted news coming out of Scott&#39;s presser. \ud83d\ude14<br><br>We hope you&#39;re on the mend soon, Joachim. \ud83d\udcaa<a href=\"https:\/\/twitter.com\/hashtag\/FFC?src=hash&amp;ref_src=twsrc%5Etfw\">#FFC<\/a> <a href=\"https:\/\/t.co\/SFlxv83CpN\">pic.twitter.com\/SFlxv83CpN<\/a><\/p>&mdash; Fulham Football Club (@FulhamFC) <a href=\"https:\/\/twitter.com\/FulhamFC\/status\/1317080108897894401?ref_src=twsrc%5Etfw\">October 16, 2020<\/a><\/blockquote><script async src=\"https:\/\/platform.twitter.com\/widgets.js\" charset=\"utf-8\"><\/script>\n<\/div><\/figure>\n\n\n\n<p>Klubben oplyser, at den danske landsholdsspiller har beskadiget et ledb\u00e5nd i den ene ankel og nu er ude p\u00e5 ubestemt tid.<\/p>\n\n\n\n<p>Scott Parker fort\u00e6ller dog, at det som minimum bliver til en h\u00e5ndfuld uger p\u00e5 sidelinjen, og derfor m\u00e5 Joachim Andersen vente med debuten.<\/p>\n","protected":false},"excerpt":{"rendered":"<p>Joachim Andersen har beskadiet et ledb\u00e5nd i anklen efter to dages tr\u00e6ning med de nye holdkammerater i Fulham<\/p>\n","protected":false},"author":705,"featured_media":234255,"comment_status":"open","ping_status":"closed","sticky":false,"template":"","format":"standard","meta":{"om_disable_all_campaigns":false,"push_articles_ronaldo":{"active":false,"canonical":0,"publish":false},"force_updates":null},"categories":[1],"tags":[1846,903,134],"enet_tags":{"team":["9879"],"player":["503659"],"league":["47"],"sport_events":[]},"yoast_head":"<!-- This site is optimized with the Yoast SEO plugin v18.3 - https:\/\/yoast.com\/wordpress\/plugins\/seo\/ -->\n<title>D\u00e5rlig start: Joachim Andersen skadet efter to dage<\/title>\n<meta name=\"description\" content=\"Joachim Andersen har beskadiet et ledb\u00e5nd i anklen efter to dages tr\u00e6ning med de nye holdkammerater i Fulham\" \/>\n<meta name=\"robots\" content=\"index, follow, max-snippet:-1, max-image-preview:large, max-video-preview:-1\" \/>\n<link rel=\"canonical\" href=\"https:\/\/acefootball.com\/da\/fodboldnyheder\/daarlig-start-joachim-andersen-skadet-efter-to-dage\/\" \/>\n<meta property=\"og:locale\" content=\"en_US\" \/>\n<meta property=\"og:type\" content=\"article\" \/>\n<meta property=\"og:title\" content=\"D\u00e5rlig start: Joachim Andersen skadet efter to dage\" \/>\n<meta property=\"og:description\" content=\"Joachim Andersen har beskadiet et ledb\u00e5nd i anklen efter to dages tr\u00e6ning med de nye holdkammerater i Fulham\" \/>\n<meta property=\"og:url\" content=\"https:\/\/acefootball.com\/da\/fodboldnyheder\/daarlig-start-joachim-andersen-skadet-efter-to-dage\/\" \/>\n<meta property=\"og:site_name\" content=\"Ace Football Danmark\" \/>\n<meta property=\"article:publisher\" content=\"https:\/\/www.facebook.com\/acefootballdk\" \/>\n<meta property=\"article:published_time\" content=\"2020-10-16T15:07:00+00:00\" \/>\n<meta property=\"article:modified_time\" content=\"2020-10-16T15:07:01+00:00\" \/>\n<meta property=\"og:image\" content=\"https:\/\/acefootball.com\/da\/wp-content\/uploads\/sites\/2\/2020\/08\/GettyImages-1266329503.jpg\" \/>\n\t<meta property=\"og:image:width\" content=\"1024\" \/>\n\t<meta property=\"og:image:height\" content=\"763\" \/>\n\t<meta property=\"og:image:type\" content=\"image\/jpeg\" \/>\n<meta name=\"twitter:card\" content=\"summary_large_image\" \/>\n<meta name=\"twitter:label1\" content=\"Written by\" \/>\n\t<meta name=\"twitter:data1\" content=\"Mads Dreyer\" \/>\n\t<meta name=\"twitter:label2\" content=\"Est. reading time\" \/>\n\t<meta name=\"twitter:data2\" content=\"1 minute\" \/>\n<script type=\"application\/ld+json\" class=\"yoast-schema-graph\">{\"@context\":\"https:\/\/schema.org\",\"@graph\":[{\"@type\":\"Organization\",\"@id\":\"https:\/\/acefootball.com\/da\/#organization\",\"name\":\"Ace Football\",\"url\":\"https:\/\/acefootball.com\/da\/\",\"sameAs\":[\"https:\/\/www.facebook.com\/acefootballdk\"],\"logo\":{\"@type\":\"ImageObject\",\"@id\":\"https:\/\/acefootball.com\/da\/#logo\",\"inLanguage\":\"en-US\",\"url\":\"https:\/\/acefootball.com\/da\/wp-content\/uploads\/sites\/2\/2020\/07\/Ace-Football-30-07-2020-2.png\",\"contentUrl\":\"https:\/\/acefootball.com\/da\/wp-content\/uploads\/sites\/2\/2020\/07\/Ace-Football-30-07-2020-2.png\",\"width\":1200,\"height\":600,\"caption\":\"Ace Football\"},\"image\":{\"@id\":\"https:\/\/acefootball.com\/da\/#logo\"}},{\"@type\":\"WebSite\",\"@id\":\"https:\/\/acefootball.com\/da\/#website\",\"url\":\"https:\/\/acefootball.com\/da\/\",\"name\":\"Ace Football Danmark\",\"description\":\"Nyheder, Spiltips &amp; Livescore\",\"publisher\":{\"@id\":\"https:\/\/acefootball.com\/da\/#organization\"},\"potentialAction\":[{\"@type\":\"SearchAction\",\"target\":{\"@type\":\"EntryPoint\",\"urlTemplate\":\"https:\/\/acefootball.com\/da\/?s={search_term_string}\"},\"query-input\":\"required name=search_term_string\"}],\"inLanguage\":\"en-US\"},{\"@type\":\"ImageObject\",\"@id\":\"https:\/\/acefootball.com\/da\/fodboldnyheder\/daarlig-start-joachim-andersen-skadet-efter-to-dage\/#primaryimage\",\"inLanguage\":\"en-US\",\"url\":\"https:\/\/acefootball.com\/da\/wp-content\/uploads\/sites\/2\/2020\/08\/GettyImages-1266329503.jpg\",\"contentUrl\":\"https:\/\/acefootball.com\/da\/wp-content\/uploads\/sites\/2\/2020\/08\/GettyImages-1266329503.jpg\",\"width\":1024,\"height\":763,\"caption\":\"LISBON, PORTUGAL - AUGUST 14: Joachim Andersen of Olympique Lyon in action during the Olympique Lyonnais Training Session ahead of the UEFA Champions League match between Manchester City and Olympique Lyonnais at Estadio Jose Alvalade on August 14, 2020 in Lisbon, Portugal. (Photo by Miguel A. Lopes\/Pool via Getty Images)\"},{\"@type\":\"WebPage\",\"@id\":\"https:\/\/acefootball.com\/da\/fodboldnyheder\/daarlig-start-joachim-andersen-skadet-efter-to-dage\/#webpage\",\"url\":\"https:\/\/acefootball.com\/da\/fodboldnyheder\/daarlig-start-joachim-andersen-skadet-efter-to-dage\/\",\"name\":\"D\u00e5rlig start: Joachim Andersen skadet efter to dage\",\"isPartOf\":{\"@id\":\"https:\/\/acefootball.com\/da\/#website\"},\"primaryImageOfPage\":{\"@id\":\"https:\/\/acefootball.com\/da\/fodboldnyheder\/daarlig-start-joachim-andersen-skadet-efter-to-dage\/#primaryimage\"},\"datePublished\":\"2020-10-16T15:07:00+00:00\",\"dateModified\":\"2020-10-16T15:07:01+00:00\",\"description\":\"Joachim Andersen har beskadiet et ledb\u00e5nd i anklen efter to dages tr\u00e6ning med de nye holdkammerater i Fulham\",\"breadcrumb\":{\"@id\":\"https:\/\/acefootball.com\/da\/fodboldnyheder\/daarlig-start-joachim-andersen-skadet-efter-to-dage\/#breadcrumb\"},\"inLanguage\":\"en-US\",\"potentialAction\":[{\"@type\":\"ReadAction\",\"target\":[\"https:\/\/acefootball.com\/da\/fodboldnyheder\/daarlig-start-joachim-andersen-skadet-efter-to-dage\/\"]}]},{\"@type\":\"BreadcrumbList\",\"@id\":\"https:\/\/acefootball.com\/da\/fodboldnyheder\/daarlig-start-joachim-andersen-skadet-efter-to-dage\/#breadcrumb\",\"itemListElement\":[{\"@type\":\"ListItem\",\"position\":1,\"name\":\"Home\",\"item\":\"https:\/\/acefootball.com\/da\/\"},{\"@type\":\"ListItem\",\"position\":2,\"name\":\"D\u00e5rlig start: Joachim Andersen skadet efter to dage\"}]},{\"@type\":\"Article\",\"@id\":\"https:\/\/acefootball.com\/da\/fodboldnyheder\/daarlig-start-joachim-andersen-skadet-efter-to-dage\/#article\",\"isPartOf\":{\"@id\":\"https:\/\/acefootball.com\/da\/fodboldnyheder\/daarlig-start-joachim-andersen-skadet-efter-to-dage\/#webpage\"},\"author\":{\"@id\":\"https:\/\/acefootball.com\/da\/#\/schema\/person\/ee67e9cf04a276f144100ffa722f10cd\"},\"headline\":\"D\u00e5rlig start: Joachim Andersen skadet efter to dage\",\"datePublished\":\"2020-10-16T15:07:00+00:00\",\"dateModified\":\"2020-10-16T15:07:01+00:00\",\"mainEntityOfPage\":{\"@id\":\"https:\/\/acefootball.com\/da\/fodboldnyheder\/daarlig-start-joachim-andersen-skadet-efter-to-dage\/#webpage\"},\"wordCount\":160,\"commentCount\":0,\"publisher\":{\"@id\":\"https:\/\/acefootball.com\/da\/#organization\"},\"image\":{\"@id\":\"https:\/\/acefootball.com\/da\/fodboldnyheder\/daarlig-start-joachim-andersen-skadet-efter-to-dage\/#primaryimage\"},\"thumbnailUrl\":\"https:\/\/acefootball.com\/da\/wp-content\/uploads\/sites\/2\/2020\/08\/GettyImages-1266329503.jpg\",\"keywords\":[\"Fulham\",\"Joachim Andersen\",\"Premier League\"],\"articleSection\":[\"Nyhed\"],\"inLanguage\":\"en-US\",\"potentialAction\":[{\"@type\":\"CommentAction\",\"name\":\"Comment\",\"target\":[\"https:\/\/acefootball.com\/da\/fodboldnyheder\/daarlig-start-joachim-andersen-skadet-efter-to-dage\/#respond\"]}]},{\"@type\":\"Person\",\"@id\":\"https:\/\/acefootball.com\/da\/#\/schema\/person\/ee67e9cf04a276f144100ffa722f10cd\",\"name\":\"Mads Dreyer\",\"image\":{\"@type\":\"ImageObject\",\"@id\":\"https:\/\/acefootball.com\/da\/#personlogo\",\"inLanguage\":\"en-US\",\"url\":\"https:\/\/secure.gravatar.com\/avatar\/7c7abf72cfde9902b6a60efe60c88d4c?s=96&d=mm&r=g\",\"contentUrl\":\"https:\/\/secure.gravatar.com\/avatar\/7c7abf72cfde9902b6a60efe60c88d4c?s=96&d=mm&r=g\",\"caption\":\"Mads Dreyer\"},\"description\":\"Skribent og fodboldn\u00f8rd, der lige nu fort\u00e6ller om alt og intet i fodboldverdenen p\u00e5 acefootball.com. Uddannet i kommunikation fra Aalborg Universitet.\",\"sameAs\":[\"https:\/\/www.linkedin.com\/in\/mads-dreyer-b9b08266\/\"],\"url\":\"https:\/\/acefootball.com\/da\/fodboldnyheder\/author\/mdnronaldo\/\"}]}<\/script>\n<!-- \/ Yoast SEO plugin. -->","yoast_head_json":{"title":"D\u00e5rlig start: Joachim Andersen skadet efter to dage","description":"Joachim Andersen har beskadiet et ledb\u00e5nd i anklen efter to dages tr\u00e6ning med de nye holdkammerater i Fulham","robots":{"index":"index","follow":"follow","max-snippet":"max-snippet:-1","max-image-preview":"max-image-preview:large","max-video-preview":"max-video-preview:-1"},"canonical":"https:\/\/acefootball.com\/da\/fodboldnyheder\/daarlig-start-joachim-andersen-skadet-efter-to-dage\/","og_locale":"en_US","og_type":"article","og_title":"D\u00e5rlig start: Joachim Andersen skadet efter to dage","og_description":"Joachim Andersen har beskadiet et ledb\u00e5nd i anklen efter to dages tr\u00e6ning med de nye holdkammerater i Fulham","og_url":"https:\/\/acefootball.com\/da\/fodboldnyheder\/daarlig-start-joachim-andersen-skadet-efter-to-dage\/","og_site_name":"Ace Football Danmark","article_publisher":"https:\/\/www.facebook.com\/acefootballdk","article_published_time":"2020-10-16T15:07:00+00:00","article_modified_time":"2020-10-16T15:07:01+00:00","og_image":[{"width":1024,"height":763,"url":"https:\/\/acefootball.com\/da\/wp-content\/uploads\/sites\/2\/2020\/08\/GettyImages-1266329503.jpg","type":"image\/jpeg"}],"twitter_card":"summary_large_image","twitter_misc":{"Written by":"Mads Dreyer","Est. reading time":"1 minute"},"schema":{"@context":"https:\/\/schema.org","@graph":[{"@type":"Organization","@id":"https:\/\/acefootball.com\/da\/#organization","name":"Ace Football","url":"https:\/\/acefootball.com\/da\/","sameAs":["https:\/\/www.facebook.com\/acefootballdk"],"logo":{"@type":"ImageObject","@id":"https:\/\/acefootball.com\/da\/#logo","inLanguage":"en-US","url":"https:\/\/acefootball.com\/da\/wp-content\/uploads\/sites\/2\/2020\/07\/Ace-Football-30-07-2020-2.png","contentUrl":"https:\/\/acefootball.com\/da\/wp-content\/uploads\/sites\/2\/2020\/07\/Ace-Football-30-07-2020-2.png","width":1200,"height":600,"caption":"Ace Football"},"image":{"@id":"https:\/\/acefootball.com\/da\/#logo"}},{"@type":"WebSite","@id":"https:\/\/acefootball.com\/da\/#website","url":"https:\/\/acefootball.com\/da\/","name":"Ace Football Danmark","description":"Nyheder, Spiltips &amp; Livescore","publisher":{"@id":"https:\/\/acefootball.com\/da\/#organization"},"potentialAction":[{"@type":"SearchAction","target":{"@type":"EntryPoint","urlTemplate":"https:\/\/acefootball.com\/da\/?s={search_term_string}"},"query-input":"required name=search_term_string"}],"inLanguage":"en-US"},{"@type":"ImageObject","@id":"https:\/\/acefootball.com\/da\/fodboldnyheder\/daarlig-start-joachim-andersen-skadet-efter-to-dage\/#primaryimage","inLanguage":"en-US","url":"https:\/\/acefootball.com\/da\/wp-content\/uploads\/sites\/2\/2020\/08\/GettyImages-1266329503.jpg","contentUrl":"https:\/\/acefootball.com\/da\/wp-content\/uploads\/sites\/2\/2020\/08\/GettyImages-1266329503.jpg","width":1024,"height":763,"caption":"LISBON, PORTUGAL - AUGUST 14: Joachim Andersen of Olympique Lyon in action during the Olympique Lyonnais Training Session ahead of the UEFA Champions League match between Manchester City and Olympique Lyonnais at Estadio Jose Alvalade on August 14, 2020 in Lisbon, Portugal. (Photo by Miguel A. Lopes\/Pool via Getty Images)"},{"@type":"WebPage","@id":"https:\/\/acefootball.com\/da\/fodboldnyheder\/daarlig-start-joachim-andersen-skadet-efter-to-dage\/#webpage","url":"https:\/\/acefootball.com\/da\/fodboldnyheder\/daarlig-start-joachim-andersen-skadet-efter-to-dage\/","name":"D\u00e5rlig start: Joachim Andersen skadet efter to dage","isPartOf":{"@id":"https:\/\/acefootball.com\/da\/#website"},"primaryImageOfPage":{"@id":"https:\/\/acefootball.com\/da\/fodboldnyheder\/daarlig-start-joachim-andersen-skadet-efter-to-dage\/#primaryimage"},"datePublished":"2020-10-16T15:07:00+00:00","dateModified":"2020-10-16T15:07:01+00:00","description":"Joachim Andersen har beskadiet et ledb\u00e5nd i anklen efter to dages tr\u00e6ning med de nye holdkammerater i Fulham","breadcrumb":{"@id":"https:\/\/acefootball.com\/da\/fodboldnyheder\/daarlig-start-joachim-andersen-skadet-efter-to-dage\/#breadcrumb"},"inLanguage":"en-US","potentialAction":[{"@type":"ReadAction","target":["https:\/\/acefootball.com\/da\/fodboldnyheder\/daarlig-start-joachim-andersen-skadet-efter-to-dage\/"]}]},{"@type":"BreadcrumbList","@id":"https:\/\/acefootball.com\/da\/fodboldnyheder\/daarlig-start-joachim-andersen-skadet-efter-to-dage\/#breadcrumb","itemListElement":[{"@type":"ListItem","position":1,"name":"Home","item":"https:\/\/acefootball.com\/da\/"},{"@type":"ListItem","position":2,"name":"D\u00e5rlig start: Joachim Andersen skadet efter to dage"}]},{"@type":"Article","@id":"https:\/\/acefootball.com\/da\/fodboldnyheder\/daarlig-start-joachim-andersen-skadet-efter-to-dage\/#article","isPartOf":{"@id":"https:\/\/acefootball.com\/da\/fodboldnyheder\/daarlig-start-joachim-andersen-skadet-efter-to-dage\/#webpage"},"author":{"@id":"https:\/\/acefootball.com\/da\/#\/schema\/person\/ee67e9cf04a276f144100ffa722f10cd"},"headline":"D\u00e5rlig start: Joachim Andersen skadet efter to dage","datePublished":"2020-10-16T15:07:00+00:00","dateModified":"2020-10-16T15:07:01+00:00","mainEntityOfPage":{"@id":"https:\/\/acefootball.com\/da\/fodboldnyheder\/daarlig-start-joachim-andersen-skadet-efter-to-dage\/#webpage"},"wordCount":160,"commentCount":0,"publisher":{"@id":"https:\/\/acefootball.com\/da\/#organization"},"image":{"@id":"https:\/\/acefootball.com\/da\/fodboldnyheder\/daarlig-start-joachim-andersen-skadet-efter-to-dage\/#primaryimage"},"thumbnailUrl":"https:\/\/acefootball.com\/da\/wp-content\/uploads\/sites\/2\/2020\/08\/GettyImages-1266329503.jpg","keywords":["Fulham","Joachim Andersen","Premier League"],"articleSection":["Nyhed"],"inLanguage":"en-US","potentialAction":[{"@type":"CommentAction","name":"Comment","target":["https:\/\/acefootball.com\/da\/fodboldnyheder\/daarlig-start-joachim-andersen-skadet-efter-to-dage\/#respond"]}]},{"@type":"Person","@id":"https:\/\/acefootball.com\/da\/#\/schema\/person\/ee67e9cf04a276f144100ffa722f10cd","name":"Mads Dreyer","image":{"@type":"ImageObject","@id":"https:\/\/acefootball.com\/da\/#personlogo","inLanguage":"en-US","url":"https:\/\/secure.gravatar.com\/avatar\/7c7abf72cfde9902b6a60efe60c88d4c?s=96&d=mm&r=g","contentUrl":"https:\/\/secure.gravatar.com\/avatar\/7c7abf72cfde9902b6a60efe60c88d4c?s=96&d=mm&r=g","caption":"Mads Dreyer"},"description":"Skribent og fodboldn\u00f8rd, der lige nu fort\u00e6ller om alt og intet i fodboldverdenen p\u00e5 acefootball.com. Uddannet i kommunikation fra Aalborg Universitet.","sameAs":["https:\/\/www.linkedin.com\/in\/mads-dreyer-b9b08266\/"],"url":"https:\/\/acefootball.com\/da\/fodboldnyheder\/author\/mdnronaldo\/"}]}},"fimg_url":"https:\/\/acefootball.com\/da\/wp-content\/uploads\/sites\/2\/2020\/08\/GettyImages-1266329503.jpg","_links":{"self":[{"href":"https:\/\/acefootball.com\/da\/wp-json\/wp\/v2\/posts\/240481"}],"collection":[{"href":"https:\/\/acefootball.com\/da\/wp-json\/wp\/v2\/posts"}],"about":[{"href":"https:\/\/acefootball.com\/da\/wp-json\/wp\/v2\/types\/post"}],"author":[{"embeddable":true,"href":"https:\/\/acefootball.com\/da\/wp-json\/wp\/v2\/users\/705"}],"replies":[{"embeddable":true,"href":"https:\/\/acefootball.com\/da\/wp-json\/wp\/v2\/comments?post=240481"}],"version-history":[{"count":0,"href":"https:\/\/acefootball.com\/da\/wp-json\/wp\/v2\/posts\/240481\/revisions"}],"wp:featuredmedia":[{"embeddable":true,"href":"https:\/\/acefootball.com\/da\/wp-json\/wp\/v2\/media\/234255"}],"wp:attachment":[{"href":"https:\/\/acefootball.com\/da\/wp-json\/wp\/v2\/media?parent=240481"}],"wp:term":[{"taxonomy":"category","embeddable":true,"href":"https:\/\/acefootball.com\/da\/wp-json\/wp\/v2\/categories?post=240481"},{"taxonomy":"post_tag","embeddable":true,"href":"https:\/\/acefootball.com\/da\/wp-json\/wp\/v2\/tags?post=240481"}],"curies":[{"name":"wp","href":"https:\/\/api.w.org\/{rel}","templated":true}]}}