{"id":240480,"date":"2020-10-16T16:29:52","date_gmt":"2020-10-16T14:29:52","guid":{"rendered":"https:\/\/acefootball.com\/da\/?p=240480"},"modified":"2020-10-16T16:29:53","modified_gmt":"2020-10-16T14:29:53","slug":"conte-giver-positivt-svar-paa-eriksen-udmelding","status":"publish","type":"post","link":"https:\/\/acefootball.com\/da\/fodboldnyheder\/conte-giver-positivt-svar-paa-eriksen-udmelding\/","title":{"rendered":"Conte giver positivt svar p\u00e5 Eriksen-udmelding"},"content":{"rendered":"\n<h2 id=\"h-christian-eriksen-er-ikke-tilfreds-med-at-sidde-p-b-nken-og-antonio-conte-kommenterer-efterf-lgende-i-positive-vendinger-om-danskeren\">Christian Eriksen er ikke tilfreds med at sidde p\u00e5 b\u00e6nken, og Antonio Conte kommenterer efterf\u00f8lgende i positive vendinger om danskeren<\/h2>\n\n\n\n<div class=\"wp-block-si-widget wp-block-si-widget--center\"><si-lb-widget widget-id=\"MatchInfoWithOddsV2\" width=\"440\" data-nopadding=\"true\" data-across-all-tournaments=\"false\" data-limit=\"5\" data-event-id=\"3428908\" data-card=\"true\" data-provider=\"betfair\" data-theme-appearance=\"dark\"><\/si-lb-widget><\/div>\n\n\n\n<p>Opholdet i Inter har indtil videre ikke v\u00e6ret en dans p\u00e5 roser for Christian Eriksen, da han ikke altid har kunne hamle op med konkurrencen p\u00e5 midtbanen.<\/p>\n\n\n\n<p>Derfor er danskeren ofte at finde p\u00e5 b\u00e6nken, hvilket han ogs\u00e5 har v\u00e6ret i to af s\u00e6sonens tre f\u00f8rste Serie A-kampe. Men s\u00e5dan skal det ikke v\u00e6re i hele s\u00e6sonen, slog Eriksen fast under landskampspausen.<\/p>\n\n\n\n<p>&#8220;Jeg gider ikke sidde p\u00e5 b\u00e6nken i hele s\u00e6sonen. Jeg h\u00e5ber ikke, det er tr\u00e6nerens eller klubben plan,&#8221; udtalte Eriksen if\u00f8lge <a href=\"https:\/\/www.goal.com\/en\/news\/eriksen-frustrated-at-inter-i-dont-want-to-sit-on-the-bench\/mocgo4qrd5hd14pdgfo53q8u6\" target=\"_blank\" rel=\"noreferrer noopener\">Goal<\/a>.<\/p>\n\n\n\n<p>Og det virker da heller ikke til at v\u00e6re Antonio Contes plan med landsholdsstjernen. Det fortalte italieneren p\u00e5 dagens pressem\u00f8de forud for morgendagens Milano-derby.<\/p>\n\n\n\n<div class=\"wp-block-si-widget wp-block-si-widget--center\"><si-lb-widget widget-id=\"PlayerSeasonProfile\" width=\"440\" data-player-id=\"157723\" data-card=\"true\"><\/si-lb-widget><\/div>\n\n\n\n<p>&#8220;Hvor lidt du spiller i Inter, ved jeg ikke. For mig handler det om at spille rigtigt. Jeg tr\u00e6ffer beslutninger for holdets bedste, og jeg kan selvf\u00f8lgelig beg\u00e5 fejl, men jeg er tilfreds med, hvad han bringer i Inter, og hvordan han er faldet til,&#8221; l\u00f8d det fra Conte if\u00f8lge <a href=\"https:\/\/www.fcinter1908.it\/copertina\/live-conte-conferenza-stampa\/?intcmp=gazzanet-confe-conte\" target=\"_blank\" rel=\"noreferrer noopener\">fcinter1908.it<\/a>.<\/p>\n\n\n\n<p>&#8220;Jeg tror ogs\u00e5, at han er glad for at arbejde med os. Der bliver plads til ham, ligesom der g\u00f8r for mange andre. Det bliver en lang og udmattende s\u00e6son. Jeg kommer til at tr\u00e6ffe valg, men jeg tror, han har sin plads.&#8221;<\/p>\n\n\n\n<p>Efter en vellykket landsholdstur bliver det sp\u00e6ndende at se, om Eriksen erobrer en plads i startopstillingen til braget mellem Inter og AC Milan i morgen aften.<\/p>\n","protected":false},"excerpt":{"rendered":"<p>Christian Eriksen er ikke tilfreds med at sidde p\u00e5 b\u00e6nken, og Antonio Conte kommenterer efterf\u00f8lgende i positive vendinger om danskeren<\/p>\n","protected":false},"author":705,"featured_media":238012,"comment_status":"open","ping_status":"closed","sticky":false,"template":"","format":"standard","meta":{"om_disable_all_campaigns":false,"push_articles_ronaldo":{"active":false,"canonical":0,"publish":false},"force_updates":null},"categories":[8204],"tags":[203,478,394,131],"enet_tags":{"player":["174265","157723"],"team":["8636"],"league":["55"],"sport_events":[3428908]},"yoast_head":"<!-- This site is optimized with the Yoast SEO plugin v18.3 - https:\/\/yoast.com\/wordpress\/plugins\/seo\/ -->\n<title>Conte giver positivt svar p\u00e5 Eriksen-udmelding<\/title>\n<meta name=\"description\" content=\"Christian Eriksen er ikke tilfreds med at sidde p\u00e5 b\u00e6nken, og Antonio Conte kommenterer efterf\u00f8lgende i positive vendinger om danskeren\" \/>\n<meta name=\"robots\" content=\"index, follow, max-snippet:-1, max-image-preview:large, max-video-preview:-1\" \/>\n<link rel=\"canonical\" href=\"https:\/\/acefootball.com\/da\/fodboldnyheder\/conte-giver-positivt-svar-paa-eriksen-udmelding\/\" \/>\n<meta property=\"og:locale\" content=\"en_US\" \/>\n<meta property=\"og:type\" content=\"article\" \/>\n<meta property=\"og:title\" content=\"Conte giver positivt svar p\u00e5 Eriksen-udmelding\" \/>\n<meta property=\"og:description\" content=\"Christian Eriksen er ikke tilfreds med at sidde p\u00e5 b\u00e6nken, og Antonio Conte kommenterer efterf\u00f8lgende i positive vendinger om danskeren\" \/>\n<meta property=\"og:url\" content=\"https:\/\/acefootball.com\/da\/fodboldnyheder\/conte-giver-positivt-svar-paa-eriksen-udmelding\/\" \/>\n<meta property=\"og:site_name\" content=\"Ace Football Danmark\" \/>\n<meta property=\"article:publisher\" content=\"https:\/\/www.facebook.com\/acefootballdk\" \/>\n<meta property=\"article:published_time\" content=\"2020-10-16T14:29:52+00:00\" \/>\n<meta property=\"article:modified_time\" content=\"2020-10-16T14:29:53+00:00\" \/>\n<meta property=\"og:image\" content=\"https:\/\/acefootball.com\/da\/wp-content\/uploads\/sites\/2\/2020\/09\/GettyImages-1197383995.jpg\" \/>\n\t<meta property=\"og:image:width\" content=\"1024\" \/>\n\t<meta property=\"og:image:height\" content=\"777\" \/>\n\t<meta property=\"og:image:type\" content=\"image\/jpeg\" \/>\n<meta name=\"twitter:card\" content=\"summary_large_image\" \/>\n<meta name=\"twitter:label1\" content=\"Written by\" \/>\n\t<meta name=\"twitter:data1\" content=\"Mads Dreyer\" \/>\n\t<meta name=\"twitter:label2\" content=\"Est. reading time\" \/>\n\t<meta name=\"twitter:data2\" content=\"1 minute\" \/>\n<script type=\"application\/ld+json\" class=\"yoast-schema-graph\">{\"@context\":\"https:\/\/schema.org\",\"@graph\":[{\"@type\":\"Organization\",\"@id\":\"https:\/\/acefootball.com\/da\/#organization\",\"name\":\"Ace Football\",\"url\":\"https:\/\/acefootball.com\/da\/\",\"sameAs\":[\"https:\/\/www.facebook.com\/acefootballdk\"],\"logo\":{\"@type\":\"ImageObject\",\"@id\":\"https:\/\/acefootball.com\/da\/#logo\",\"inLanguage\":\"en-US\",\"url\":\"https:\/\/acefootball.com\/da\/wp-content\/uploads\/sites\/2\/2020\/07\/Ace-Football-30-07-2020-2.png\",\"contentUrl\":\"https:\/\/acefootball.com\/da\/wp-content\/uploads\/sites\/2\/2020\/07\/Ace-Football-30-07-2020-2.png\",\"width\":1200,\"height\":600,\"caption\":\"Ace Football\"},\"image\":{\"@id\":\"https:\/\/acefootball.com\/da\/#logo\"}},{\"@type\":\"WebSite\",\"@id\":\"https:\/\/acefootball.com\/da\/#website\",\"url\":\"https:\/\/acefootball.com\/da\/\",\"name\":\"Ace Football Danmark\",\"description\":\"Nyheder, Spiltips &amp; Livescore\",\"publisher\":{\"@id\":\"https:\/\/acefootball.com\/da\/#organization\"},\"potentialAction\":[{\"@type\":\"SearchAction\",\"target\":{\"@type\":\"EntryPoint\",\"urlTemplate\":\"https:\/\/acefootball.com\/da\/?s={search_term_string}\"},\"query-input\":\"required name=search_term_string\"}],\"inLanguage\":\"en-US\"},{\"@type\":\"ImageObject\",\"@id\":\"https:\/\/acefootball.com\/da\/fodboldnyheder\/conte-giver-positivt-svar-paa-eriksen-udmelding\/#primaryimage\",\"inLanguage\":\"en-US\",\"url\":\"https:\/\/acefootball.com\/da\/wp-content\/uploads\/sites\/2\/2020\/09\/GettyImages-1197383995.jpg\",\"contentUrl\":\"https:\/\/acefootball.com\/da\/wp-content\/uploads\/sites\/2\/2020\/09\/GettyImages-1197383995.jpg\",\"width\":1024,\"height\":777,\"caption\":\"MILAN, ITALY - JANUARY 29: FC Internazionale coach Antonio Conte speaks with his player Christian Eriksen during the Coppa Italia Quarter Final match between FC Internazionale and ACF Fiorentina at San Siro on January 29, 2020 in Milan, Italy. (Photo by Emilio Andreoli\/Getty Images)\"},{\"@type\":\"WebPage\",\"@id\":\"https:\/\/acefootball.com\/da\/fodboldnyheder\/conte-giver-positivt-svar-paa-eriksen-udmelding\/#webpage\",\"url\":\"https:\/\/acefootball.com\/da\/fodboldnyheder\/conte-giver-positivt-svar-paa-eriksen-udmelding\/\",\"name\":\"Conte giver positivt svar p\u00e5 Eriksen-udmelding\",\"isPartOf\":{\"@id\":\"https:\/\/acefootball.com\/da\/#website\"},\"primaryImageOfPage\":{\"@id\":\"https:\/\/acefootball.com\/da\/fodboldnyheder\/conte-giver-positivt-svar-paa-eriksen-udmelding\/#primaryimage\"},\"datePublished\":\"2020-10-16T14:29:52+00:00\",\"dateModified\":\"2020-10-16T14:29:53+00:00\",\"description\":\"Christian Eriksen er ikke tilfreds med at sidde p\u00e5 b\u00e6nken, og Antonio Conte kommenterer efterf\u00f8lgende i positive vendinger om danskeren\",\"breadcrumb\":{\"@id\":\"https:\/\/acefootball.com\/da\/fodboldnyheder\/conte-giver-positivt-svar-paa-eriksen-udmelding\/#breadcrumb\"},\"inLanguage\":\"en-US\",\"potentialAction\":[{\"@type\":\"ReadAction\",\"target\":[\"https:\/\/acefootball.com\/da\/fodboldnyheder\/conte-giver-positivt-svar-paa-eriksen-udmelding\/\"]}]},{\"@type\":\"BreadcrumbList\",\"@id\":\"https:\/\/acefootball.com\/da\/fodboldnyheder\/conte-giver-positivt-svar-paa-eriksen-udmelding\/#breadcrumb\",\"itemListElement\":[{\"@type\":\"ListItem\",\"position\":1,\"name\":\"Home\",\"item\":\"https:\/\/acefootball.com\/da\/\"},{\"@type\":\"ListItem\",\"position\":2,\"name\":\"Conte giver positivt svar p\u00e5 Eriksen-udmelding\"}]},{\"@type\":\"Article\",\"@id\":\"https:\/\/acefootball.com\/da\/fodboldnyheder\/conte-giver-positivt-svar-paa-eriksen-udmelding\/#article\",\"isPartOf\":{\"@id\":\"https:\/\/acefootball.com\/da\/fodboldnyheder\/conte-giver-positivt-svar-paa-eriksen-udmelding\/#webpage\"},\"author\":{\"@id\":\"https:\/\/acefootball.com\/da\/#\/schema\/person\/ee67e9cf04a276f144100ffa722f10cd\"},\"headline\":\"Conte giver positivt svar p\u00e5 Eriksen-udmelding\",\"datePublished\":\"2020-10-16T14:29:52+00:00\",\"dateModified\":\"2020-10-16T14:29:53+00:00\",\"mainEntityOfPage\":{\"@id\":\"https:\/\/acefootball.com\/da\/fodboldnyheder\/conte-giver-positivt-svar-paa-eriksen-udmelding\/#webpage\"},\"wordCount\":280,\"commentCount\":0,\"publisher\":{\"@id\":\"https:\/\/acefootball.com\/da\/#organization\"},\"image\":{\"@id\":\"https:\/\/acefootball.com\/da\/fodboldnyheder\/conte-giver-positivt-svar-paa-eriksen-udmelding\/#primaryimage\"},\"thumbnailUrl\":\"https:\/\/acefootball.com\/da\/wp-content\/uploads\/sites\/2\/2020\/09\/GettyImages-1197383995.jpg\",\"keywords\":[\"Antonio Conte\",\"Christian Eriksen\",\"Inter Milan\",\"Serie A\"],\"articleSection\":[\"Udtalelse\"],\"inLanguage\":\"en-US\",\"potentialAction\":[{\"@type\":\"CommentAction\",\"name\":\"Comment\",\"target\":[\"https:\/\/acefootball.com\/da\/fodboldnyheder\/conte-giver-positivt-svar-paa-eriksen-udmelding\/#respond\"]}]},{\"@type\":\"Person\",\"@id\":\"https:\/\/acefootball.com\/da\/#\/schema\/person\/ee67e9cf04a276f144100ffa722f10cd\",\"name\":\"Mads Dreyer\",\"image\":{\"@type\":\"ImageObject\",\"@id\":\"https:\/\/acefootball.com\/da\/#personlogo\",\"inLanguage\":\"en-US\",\"url\":\"https:\/\/secure.gravatar.com\/avatar\/7c7abf72cfde9902b6a60efe60c88d4c?s=96&d=mm&r=g\",\"contentUrl\":\"https:\/\/secure.gravatar.com\/avatar\/7c7abf72cfde9902b6a60efe60c88d4c?s=96&d=mm&r=g\",\"caption\":\"Mads Dreyer\"},\"description\":\"Skribent og fodboldn\u00f8rd, der lige nu fort\u00e6ller om alt og intet i fodboldverdenen p\u00e5 acefootball.com. Uddannet i kommunikation fra Aalborg Universitet.\",\"sameAs\":[\"https:\/\/www.linkedin.com\/in\/mads-dreyer-b9b08266\/\"],\"url\":\"https:\/\/acefootball.com\/da\/fodboldnyheder\/author\/mdnronaldo\/\"}]}<\/script>\n<!-- \/ Yoast SEO plugin. -->","yoast_head_json":{"title":"Conte giver positivt svar p\u00e5 Eriksen-udmelding","description":"Christian Eriksen er ikke tilfreds med at sidde p\u00e5 b\u00e6nken, og Antonio Conte kommenterer efterf\u00f8lgende i positive vendinger om danskeren","robots":{"index":"index","follow":"follow","max-snippet":"max-snippet:-1","max-image-preview":"max-image-preview:large","max-video-preview":"max-video-preview:-1"},"canonical":"https:\/\/acefootball.com\/da\/fodboldnyheder\/conte-giver-positivt-svar-paa-eriksen-udmelding\/","og_locale":"en_US","og_type":"article","og_title":"Conte giver positivt svar p\u00e5 Eriksen-udmelding","og_description":"Christian Eriksen er ikke tilfreds med at sidde p\u00e5 b\u00e6nken, og Antonio Conte kommenterer efterf\u00f8lgende i positive vendinger om danskeren","og_url":"https:\/\/acefootball.com\/da\/fodboldnyheder\/conte-giver-positivt-svar-paa-eriksen-udmelding\/","og_site_name":"Ace Football Danmark","article_publisher":"https:\/\/www.facebook.com\/acefootballdk","article_published_time":"2020-10-16T14:29:52+00:00","article_modified_time":"2020-10-16T14:29:53+00:00","og_image":[{"width":1024,"height":777,"url":"https:\/\/acefootball.com\/da\/wp-content\/uploads\/sites\/2\/2020\/09\/GettyImages-1197383995.jpg","type":"image\/jpeg"}],"twitter_card":"summary_large_image","twitter_misc":{"Written by":"Mads Dreyer","Est. reading time":"1 minute"},"schema":{"@context":"https:\/\/schema.org","@graph":[{"@type":"Organization","@id":"https:\/\/acefootball.com\/da\/#organization","name":"Ace Football","url":"https:\/\/acefootball.com\/da\/","sameAs":["https:\/\/www.facebook.com\/acefootballdk"],"logo":{"@type":"ImageObject","@id":"https:\/\/acefootball.com\/da\/#logo","inLanguage":"en-US","url":"https:\/\/acefootball.com\/da\/wp-content\/uploads\/sites\/2\/2020\/07\/Ace-Football-30-07-2020-2.png","contentUrl":"https:\/\/acefootball.com\/da\/wp-content\/uploads\/sites\/2\/2020\/07\/Ace-Football-30-07-2020-2.png","width":1200,"height":600,"caption":"Ace Football"},"image":{"@id":"https:\/\/acefootball.com\/da\/#logo"}},{"@type":"WebSite","@id":"https:\/\/acefootball.com\/da\/#website","url":"https:\/\/acefootball.com\/da\/","name":"Ace Football Danmark","description":"Nyheder, Spiltips &amp; Livescore","publisher":{"@id":"https:\/\/acefootball.com\/da\/#organization"},"potentialAction":[{"@type":"SearchAction","target":{"@type":"EntryPoint","urlTemplate":"https:\/\/acefootball.com\/da\/?s={search_term_string}"},"query-input":"required name=search_term_string"}],"inLanguage":"en-US"},{"@type":"ImageObject","@id":"https:\/\/acefootball.com\/da\/fodboldnyheder\/conte-giver-positivt-svar-paa-eriksen-udmelding\/#primaryimage","inLanguage":"en-US","url":"https:\/\/acefootball.com\/da\/wp-content\/uploads\/sites\/2\/2020\/09\/GettyImages-1197383995.jpg","contentUrl":"https:\/\/acefootball.com\/da\/wp-content\/uploads\/sites\/2\/2020\/09\/GettyImages-1197383995.jpg","width":1024,"height":777,"caption":"MILAN, ITALY - JANUARY 29: FC Internazionale coach Antonio Conte speaks with his player Christian Eriksen during the Coppa Italia Quarter Final match between FC Internazionale and ACF Fiorentina at San Siro on January 29, 2020 in Milan, Italy. (Photo by Emilio Andreoli\/Getty Images)"},{"@type":"WebPage","@id":"https:\/\/acefootball.com\/da\/fodboldnyheder\/conte-giver-positivt-svar-paa-eriksen-udmelding\/#webpage","url":"https:\/\/acefootball.com\/da\/fodboldnyheder\/conte-giver-positivt-svar-paa-eriksen-udmelding\/","name":"Conte giver positivt svar p\u00e5 Eriksen-udmelding","isPartOf":{"@id":"https:\/\/acefootball.com\/da\/#website"},"primaryImageOfPage":{"@id":"https:\/\/acefootball.com\/da\/fodboldnyheder\/conte-giver-positivt-svar-paa-eriksen-udmelding\/#primaryimage"},"datePublished":"2020-10-16T14:29:52+00:00","dateModified":"2020-10-16T14:29:53+00:00","description":"Christian Eriksen er ikke tilfreds med at sidde p\u00e5 b\u00e6nken, og Antonio Conte kommenterer efterf\u00f8lgende i positive vendinger om danskeren","breadcrumb":{"@id":"https:\/\/acefootball.com\/da\/fodboldnyheder\/conte-giver-positivt-svar-paa-eriksen-udmelding\/#breadcrumb"},"inLanguage":"en-US","potentialAction":[{"@type":"ReadAction","target":["https:\/\/acefootball.com\/da\/fodboldnyheder\/conte-giver-positivt-svar-paa-eriksen-udmelding\/"]}]},{"@type":"BreadcrumbList","@id":"https:\/\/acefootball.com\/da\/fodboldnyheder\/conte-giver-positivt-svar-paa-eriksen-udmelding\/#breadcrumb","itemListElement":[{"@type":"ListItem","position":1,"name":"Home","item":"https:\/\/acefootball.com\/da\/"},{"@type":"ListItem","position":2,"name":"Conte giver positivt svar p\u00e5 Eriksen-udmelding"}]},{"@type":"Article","@id":"https:\/\/acefootball.com\/da\/fodboldnyheder\/conte-giver-positivt-svar-paa-eriksen-udmelding\/#article","isPartOf":{"@id":"https:\/\/acefootball.com\/da\/fodboldnyheder\/conte-giver-positivt-svar-paa-eriksen-udmelding\/#webpage"},"author":{"@id":"https:\/\/acefootball.com\/da\/#\/schema\/person\/ee67e9cf04a276f144100ffa722f10cd"},"headline":"Conte giver positivt svar p\u00e5 Eriksen-udmelding","datePublished":"2020-10-16T14:29:52+00:00","dateModified":"2020-10-16T14:29:53+00:00","mainEntityOfPage":{"@id":"https:\/\/acefootball.com\/da\/fodboldnyheder\/conte-giver-positivt-svar-paa-eriksen-udmelding\/#webpage"},"wordCount":280,"commentCount":0,"publisher":{"@id":"https:\/\/acefootball.com\/da\/#organization"},"image":{"@id":"https:\/\/acefootball.com\/da\/fodboldnyheder\/conte-giver-positivt-svar-paa-eriksen-udmelding\/#primaryimage"},"thumbnailUrl":"https:\/\/acefootball.com\/da\/wp-content\/uploads\/sites\/2\/2020\/09\/GettyImages-1197383995.jpg","keywords":["Antonio Conte","Christian Eriksen","Inter Milan","Serie A"],"articleSection":["Udtalelse"],"inLanguage":"en-US","potentialAction":[{"@type":"CommentAction","name":"Comment","target":["https:\/\/acefootball.com\/da\/fodboldnyheder\/conte-giver-positivt-svar-paa-eriksen-udmelding\/#respond"]}]},{"@type":"Person","@id":"https:\/\/acefootball.com\/da\/#\/schema\/person\/ee67e9cf04a276f144100ffa722f10cd","name":"Mads Dreyer","image":{"@type":"ImageObject","@id":"https:\/\/acefootball.com\/da\/#personlogo","inLanguage":"en-US","url":"https:\/\/secure.gravatar.com\/avatar\/7c7abf72cfde9902b6a60efe60c88d4c?s=96&d=mm&r=g","contentUrl":"https:\/\/secure.gravatar.com\/avatar\/7c7abf72cfde9902b6a60efe60c88d4c?s=96&d=mm&r=g","caption":"Mads Dreyer"},"description":"Skribent og fodboldn\u00f8rd, der lige nu fort\u00e6ller om alt og intet i fodboldverdenen p\u00e5 acefootball.com. Uddannet i kommunikation fra Aalborg Universitet.","sameAs":["https:\/\/www.linkedin.com\/in\/mads-dreyer-b9b08266\/"],"url":"https:\/\/acefootball.com\/da\/fodboldnyheder\/author\/mdnronaldo\/"}]}},"fimg_url":"https:\/\/acefootball.com\/da\/wp-content\/uploads\/sites\/2\/2020\/09\/GettyImages-1197383995.jpg","_links":{"self":[{"href":"https:\/\/acefootball.com\/da\/wp-json\/wp\/v2\/posts\/240480"}],"collection":[{"href":"https:\/\/acefootball.com\/da\/wp-json\/wp\/v2\/posts"}],"about":[{"href":"https:\/\/acefootball.com\/da\/wp-json\/wp\/v2\/types\/post"}],"author":[{"embeddable":true,"href":"https:\/\/acefootball.com\/da\/wp-json\/wp\/v2\/users\/705"}],"replies":[{"embeddable":true,"href":"https:\/\/acefootball.com\/da\/wp-json\/wp\/v2\/comments?post=240480"}],"version-history":[{"count":0,"href":"https:\/\/acefootball.com\/da\/wp-json\/wp\/v2\/posts\/240480\/revisions"}],"wp:featuredmedia":[{"embeddable":true,"href":"https:\/\/acefootball.com\/da\/wp-json\/wp\/v2\/media\/238012"}],"wp:attachment":[{"href":"https:\/\/acefootball.com\/da\/wp-json\/wp\/v2\/media?parent=240480"}],"wp:term":[{"taxonomy":"category","embeddable":true,"href":"https:\/\/acefootball.com\/da\/wp-json\/wp\/v2\/categories?post=240480"},{"taxonomy":"post_tag","embeddable":true,"href":"https:\/\/acefootball.com\/da\/wp-json\/wp\/v2\/tags?post=240480"}],"curies":[{"name":"wp","href":"https:\/\/api.w.org\/{rel}","templated":true}]}}