{"id":240464,"date":"2020-10-16T14:58:26","date_gmt":"2020-10-16T12:58:26","guid":{"rendered":"https:\/\/acefootball.com\/da\/?p=240464"},"modified":"2020-10-16T15:00:36","modified_gmt":"2020-10-16T13:00:36","slug":"overrasket-zanka-staale-var-med-i-mine-overvejelser","status":"publish","type":"post","link":"https:\/\/acefootball.com\/da\/fodboldnyheder\/overrasket-zanka-staale-var-med-i-mine-overvejelser\/","title":{"rendered":"Overrasket &#8216;Zanka&#8217;: St\u00e5le var med i mine overvejelser"},"content":{"rendered":"\n<h2 id=\"h-mathias-zanka-j-rgensen-l-gger-ikke-skjul-p-at-st-le-solbakken-var-en-del-af-grunden-til-at-han-valgte-at-skifte-tilbage-til-fc-k-benhavn\">Mathias &#8216;Zanka&#8217; J\u00f8rgensen l\u00e6gger ikke skjul p\u00e5, at St\u00e5le Solbakken var en del af grunden til, at han valgte at skifte tilbage til FC K\u00f8benhavn<\/h2>\n\n\n\n<p>Efter en s\u00e6rdeles haltende start p\u00e5 2020\/21-s\u00e6sonen i Superligaen og et glippet Europa League-gruppespil, valgte FC K\u00f8benhavn i sidste weekend at fyre St\u00e5le Solbakken.<\/p>\n\n\n\n<figure class=\"wp-block-embed-wordpress wp-block-embed is-type-wp-embed is-provider-ace-football-danmark\"><div class=\"wp-block-embed__wrapper\">\n<blockquote class=\"wp-embedded-content\" data-secret=\"pf5I8R3fHG\"><a href=\"https:\/\/acefootball.com\/da\/fodboldnyheder\/breaking-staale-faerdig-i-fc-koebenhavn\/\">BREAKING: St\u00e5le f\u00e6rdig i FC K\u00f8benhavn<\/a><\/blockquote><iframe class=\"wp-embedded-content\" sandbox=\"allow-scripts\" security=\"restricted\" style=\"position: absolute; clip: rect(1px, 1px, 1px, 1px);\" title=\"&#8220;BREAKING: St\u00e5le f\u00e6rdig i FC K\u00f8benhavn&#8221; &#8212; Ace Football Danmark\" src=\"https:\/\/acefootball.com\/da\/fodboldnyheder\/breaking-staale-faerdig-i-fc-koebenhavn\/embed\/#?secret=pf5I8R3fHG\" data-secret=\"pf5I8R3fHG\" width=\"600\" height=\"338\" frameborder=\"0\" marginwidth=\"0\" marginheight=\"0\" scrolling=\"no\"><\/iframe>\n<\/div><\/figure>\n\n\n\n<p>Dette kom bag p\u00e5 en r\u00e6kke spillere i klubben, og ikke mindst den hjemvendte stopper Mathias &#8216;Zanka&#8217; J\u00f8rgensen, der havde skrevet under p\u00e5 en lejekontrakt med den danske hovedstadsklub bare f\u00e5 dage forinden.<\/p>\n\n\n\n<p>&#8216;Zanka&#8217; holder det selvf\u00f8lgelig professionelt, men han l\u00e6gger heller ikke skjul p\u00e5, at St\u00e5le var med til at p\u00e5virke hans valg om at vende tilbage til klubben.<\/p>\n\n\n\n<p>&#8220;Mit personlige forhold til St\u00e5le har altid v\u00e6ret godt, og derfor var det da ogs\u00e5 med i overvejelserne. Men jeg skriver jo kontrakt med klubben. Jeg skriver ikke kontrakt med St\u00e5le,&#8221; siger Zanka i et interview med <a href=\"https:\/\/www.bt.dk\/superligaen\/overrasket-over-staale-fyring-nu-reagerer-zanka\" target=\"_blank\" rel=\"noreferrer noopener\">BT<\/a>.<\/p>\n\n\n\n<p>&#8216;Zanka&#8217; kan f\u00e5 comeback i den hvide FCK-tr\u00f8je p\u00e5 s\u00f8ndag, n\u00e5r L\u00f8verne tager imod AaB hjemme i Telia Parken.<\/p>\n\n\n\n<div class=\"wp-block-si-widget wp-block-si-widget--center\"><si-lb-widget widget-id=\"MatchInfoWithOdds\" data-nopadding=\"true\" data-card=\"true\" width=\"440\" data-event-id=\"3389096\" data-provider=\"mrgreen\" data-theme-appearance=\"dark\"><\/si-lb-widget><\/div>\n","protected":false},"excerpt":{"rendered":"<p>Mathias &#8216;Zanka&#8217; J\u00f8rgensen l\u00e6gger ikke skjul p\u00e5, at St\u00e5le Solbakken var en del af grunden til, at han valgte at skifte tilbage til FC K\u00f8benhavn<\/p>\n","protected":false},"author":74,"featured_media":240465,"comment_status":"open","ping_status":"closed","sticky":false,"template":"","format":"standard","meta":{"om_disable_all_campaigns":false,"push_articles_ronaldo":{"active":false,"canonical":0,"publish":false},"force_updates":null},"categories":[8204],"tags":[16,725,182,588],"enet_tags":{"team":["8391"],"player":["71908","78638"],"league":["46"],"sport_events":[3389096]},"yoast_head":"<!-- This site is optimized with the Yoast SEO plugin v18.3 - https:\/\/yoast.com\/wordpress\/plugins\/seo\/ -->\n<title>Overrasket &#039;Zanka&#039;: St\u00e5le var med i mine overvejelser<\/title>\n<meta name=\"description\" content=\"Mathias &#039;Zanka&#039; J\u00f8rgensen l\u00e6gger ikke skjul p\u00e5, at St\u00e5le Solbakken var en del af grunden til, at han valgte at skifte tilbage til FC K\u00f8benhavn\" \/>\n<meta name=\"robots\" content=\"index, follow, max-snippet:-1, max-image-preview:large, max-video-preview:-1\" \/>\n<link rel=\"canonical\" href=\"https:\/\/acefootball.com\/da\/fodboldnyheder\/overrasket-zanka-staale-var-med-i-mine-overvejelser\/\" \/>\n<meta property=\"og:locale\" content=\"en_US\" \/>\n<meta property=\"og:type\" content=\"article\" \/>\n<meta property=\"og:title\" content=\"Overrasket &#039;Zanka&#039;: St\u00e5le var med i mine overvejelser\" \/>\n<meta property=\"og:description\" content=\"Mathias &#039;Zanka&#039; J\u00f8rgensen l\u00e6gger ikke skjul p\u00e5, at St\u00e5le Solbakken var en del af grunden til, at han valgte at skifte tilbage til FC K\u00f8benhavn\" \/>\n<meta property=\"og:url\" content=\"https:\/\/acefootball.com\/da\/fodboldnyheder\/overrasket-zanka-staale-var-med-i-mine-overvejelser\/\" \/>\n<meta property=\"og:site_name\" content=\"Ace Football Danmark\" \/>\n<meta property=\"article:publisher\" content=\"https:\/\/www.facebook.com\/acefootballdk\" \/>\n<meta property=\"article:published_time\" content=\"2020-10-16T12:58:26+00:00\" \/>\n<meta property=\"article:modified_time\" content=\"2020-10-16T13:00:36+00:00\" \/>\n<meta property=\"og:image\" content=\"https:\/\/acefootball.com\/da\/wp-content\/uploads\/sites\/2\/2020\/10\/GettyImages-576853536.jpg\" \/>\n\t<meta property=\"og:image:width\" content=\"1024\" \/>\n\t<meta property=\"og:image:height\" content=\"703\" \/>\n\t<meta property=\"og:image:type\" content=\"image\/jpeg\" \/>\n<meta name=\"twitter:card\" content=\"summary_large_image\" \/>\n<meta name=\"twitter:label1\" content=\"Written by\" \/>\n\t<meta name=\"twitter:data1\" content=\"Patrick Hesselb\u00e6k\" \/>\n\t<meta name=\"twitter:label2\" content=\"Est. reading time\" \/>\n\t<meta name=\"twitter:data2\" content=\"1 minute\" \/>\n<script type=\"application\/ld+json\" class=\"yoast-schema-graph\">{\"@context\":\"https:\/\/schema.org\",\"@graph\":[{\"@type\":\"Organization\",\"@id\":\"https:\/\/acefootball.com\/da\/#organization\",\"name\":\"Ace Football\",\"url\":\"https:\/\/acefootball.com\/da\/\",\"sameAs\":[\"https:\/\/www.facebook.com\/acefootballdk\"],\"logo\":{\"@type\":\"ImageObject\",\"@id\":\"https:\/\/acefootball.com\/da\/#logo\",\"inLanguage\":\"en-US\",\"url\":\"https:\/\/acefootball.com\/da\/wp-content\/uploads\/sites\/2\/2020\/07\/Ace-Football-30-07-2020-2.png\",\"contentUrl\":\"https:\/\/acefootball.com\/da\/wp-content\/uploads\/sites\/2\/2020\/07\/Ace-Football-30-07-2020-2.png\",\"width\":1200,\"height\":600,\"caption\":\"Ace Football\"},\"image\":{\"@id\":\"https:\/\/acefootball.com\/da\/#logo\"}},{\"@type\":\"WebSite\",\"@id\":\"https:\/\/acefootball.com\/da\/#website\",\"url\":\"https:\/\/acefootball.com\/da\/\",\"name\":\"Ace Football Danmark\",\"description\":\"Nyheder, Spiltips &amp; Livescore\",\"publisher\":{\"@id\":\"https:\/\/acefootball.com\/da\/#organization\"},\"potentialAction\":[{\"@type\":\"SearchAction\",\"target\":{\"@type\":\"EntryPoint\",\"urlTemplate\":\"https:\/\/acefootball.com\/da\/?s={search_term_string}\"},\"query-input\":\"required name=search_term_string\"}],\"inLanguage\":\"en-US\"},{\"@type\":\"ImageObject\",\"@id\":\"https:\/\/acefootball.com\/da\/fodboldnyheder\/overrasket-zanka-staale-var-med-i-mine-overvejelser\/#primaryimage\",\"inLanguage\":\"en-US\",\"url\":\"https:\/\/acefootball.com\/da\/wp-content\/uploads\/sites\/2\/2020\/10\/GettyImages-576853536.jpg\",\"contentUrl\":\"https:\/\/acefootball.com\/da\/wp-content\/uploads\/sites\/2\/2020\/10\/GettyImages-576853536.jpg\",\"width\":1024,\"height\":703,\"caption\":\"COPENHAGEN, DENMARK - JULY 16: Mathias Zanka Jorgensen of FC Copenhagen shake hands with Stale Solbakken, head coach of FC Copenhagen during the Danish Alka Superliga match between FC Copenhagen and Lyngby BK at Telia Parken Stadium on July 16, 2016 in Copenhagen, Denmark. (Photo by Lars Ronbog \/ FrontZoneSport via Getty Images)\"},{\"@type\":\"WebPage\",\"@id\":\"https:\/\/acefootball.com\/da\/fodboldnyheder\/overrasket-zanka-staale-var-med-i-mine-overvejelser\/#webpage\",\"url\":\"https:\/\/acefootball.com\/da\/fodboldnyheder\/overrasket-zanka-staale-var-med-i-mine-overvejelser\/\",\"name\":\"Overrasket 'Zanka': St\u00e5le var med i mine overvejelser\",\"isPartOf\":{\"@id\":\"https:\/\/acefootball.com\/da\/#website\"},\"primaryImageOfPage\":{\"@id\":\"https:\/\/acefootball.com\/da\/fodboldnyheder\/overrasket-zanka-staale-var-med-i-mine-overvejelser\/#primaryimage\"},\"datePublished\":\"2020-10-16T12:58:26+00:00\",\"dateModified\":\"2020-10-16T13:00:36+00:00\",\"description\":\"Mathias 'Zanka' J\u00f8rgensen l\u00e6gger ikke skjul p\u00e5, at St\u00e5le Solbakken var en del af grunden til, at han valgte at skifte tilbage til FC K\u00f8benhavn\",\"breadcrumb\":{\"@id\":\"https:\/\/acefootball.com\/da\/fodboldnyheder\/overrasket-zanka-staale-var-med-i-mine-overvejelser\/#breadcrumb\"},\"inLanguage\":\"en-US\",\"potentialAction\":[{\"@type\":\"ReadAction\",\"target\":[\"https:\/\/acefootball.com\/da\/fodboldnyheder\/overrasket-zanka-staale-var-med-i-mine-overvejelser\/\"]}]},{\"@type\":\"BreadcrumbList\",\"@id\":\"https:\/\/acefootball.com\/da\/fodboldnyheder\/overrasket-zanka-staale-var-med-i-mine-overvejelser\/#breadcrumb\",\"itemListElement\":[{\"@type\":\"ListItem\",\"position\":1,\"name\":\"Home\",\"item\":\"https:\/\/acefootball.com\/da\/\"},{\"@type\":\"ListItem\",\"position\":2,\"name\":\"Overrasket &#8216;Zanka&#8217;: St\u00e5le var med i mine overvejelser\"}]},{\"@type\":\"Article\",\"@id\":\"https:\/\/acefootball.com\/da\/fodboldnyheder\/overrasket-zanka-staale-var-med-i-mine-overvejelser\/#article\",\"isPartOf\":{\"@id\":\"https:\/\/acefootball.com\/da\/fodboldnyheder\/overrasket-zanka-staale-var-med-i-mine-overvejelser\/#webpage\"},\"author\":{\"@id\":\"https:\/\/acefootball.com\/da\/#\/schema\/person\/fd6223a1c033400b41da7853ddf88c84\"},\"headline\":\"Overrasket &#8216;Zanka&#8217;: St\u00e5le var med i mine overvejelser\",\"datePublished\":\"2020-10-16T12:58:26+00:00\",\"dateModified\":\"2020-10-16T13:00:36+00:00\",\"mainEntityOfPage\":{\"@id\":\"https:\/\/acefootball.com\/da\/fodboldnyheder\/overrasket-zanka-staale-var-med-i-mine-overvejelser\/#webpage\"},\"wordCount\":202,\"commentCount\":0,\"publisher\":{\"@id\":\"https:\/\/acefootball.com\/da\/#organization\"},\"image\":{\"@id\":\"https:\/\/acefootball.com\/da\/fodboldnyheder\/overrasket-zanka-staale-var-med-i-mine-overvejelser\/#primaryimage\"},\"thumbnailUrl\":\"https:\/\/acefootball.com\/da\/wp-content\/uploads\/sites\/2\/2020\/10\/GettyImages-576853536.jpg\",\"keywords\":[\"FC K\u00f8benhavn\",\"Mathias Zanka J\u00f8rgensen\",\"St\u00e5le Solbakken\",\"Superligaen\"],\"articleSection\":[\"Udtalelse\"],\"inLanguage\":\"en-US\",\"potentialAction\":[{\"@type\":\"CommentAction\",\"name\":\"Comment\",\"target\":[\"https:\/\/acefootball.com\/da\/fodboldnyheder\/overrasket-zanka-staale-var-med-i-mine-overvejelser\/#respond\"]}]},{\"@type\":\"Person\",\"@id\":\"https:\/\/acefootball.com\/da\/#\/schema\/person\/fd6223a1c033400b41da7853ddf88c84\",\"name\":\"Patrick Hesselb\u00e6k\",\"image\":{\"@type\":\"ImageObject\",\"@id\":\"https:\/\/acefootball.com\/da\/#personlogo\",\"inLanguage\":\"en-US\",\"url\":\"https:\/\/secure.gravatar.com\/avatar\/7919060992759bffbffb199d6cbdce6f?s=96&d=mm&r=g\",\"contentUrl\":\"https:\/\/secure.gravatar.com\/avatar\/7919060992759bffbffb199d6cbdce6f?s=96&d=mm&r=g\",\"caption\":\"Patrick Hesselb\u00e6k\"},\"description\":\"Redakt\u00f8r p\u00e5 den danske Ace Football-redaktion. Uddannet i kommunikation fra Aalborg Universitet. Prim\u00e6rt fokus p\u00e5 den danske 3F Superliga og de st\u00f8rste europ\u00e6iske turneringer.\",\"sameAs\":[\"https:\/\/www.linkedin.com\/in\/patrick-hesselbk-2a4b1711a\/\"],\"url\":\"https:\/\/acefootball.com\/da\/fodboldnyheder\/author\/patrickhesselbaek\/\"}]}<\/script>\n<!-- \/ Yoast SEO plugin. -->","yoast_head_json":{"title":"Overrasket 'Zanka': St\u00e5le var med i mine overvejelser","description":"Mathias 'Zanka' J\u00f8rgensen l\u00e6gger ikke skjul p\u00e5, at St\u00e5le Solbakken var en del af grunden til, at han valgte at skifte tilbage til FC K\u00f8benhavn","robots":{"index":"index","follow":"follow","max-snippet":"max-snippet:-1","max-image-preview":"max-image-preview:large","max-video-preview":"max-video-preview:-1"},"canonical":"https:\/\/acefootball.com\/da\/fodboldnyheder\/overrasket-zanka-staale-var-med-i-mine-overvejelser\/","og_locale":"en_US","og_type":"article","og_title":"Overrasket 'Zanka': St\u00e5le var med i mine overvejelser","og_description":"Mathias 'Zanka' J\u00f8rgensen l\u00e6gger ikke skjul p\u00e5, at St\u00e5le Solbakken var en del af grunden til, at han valgte at skifte tilbage til FC K\u00f8benhavn","og_url":"https:\/\/acefootball.com\/da\/fodboldnyheder\/overrasket-zanka-staale-var-med-i-mine-overvejelser\/","og_site_name":"Ace Football Danmark","article_publisher":"https:\/\/www.facebook.com\/acefootballdk","article_published_time":"2020-10-16T12:58:26+00:00","article_modified_time":"2020-10-16T13:00:36+00:00","og_image":[{"width":1024,"height":703,"url":"https:\/\/acefootball.com\/da\/wp-content\/uploads\/sites\/2\/2020\/10\/GettyImages-576853536.jpg","type":"image\/jpeg"}],"twitter_card":"summary_large_image","twitter_misc":{"Written by":"Patrick Hesselb\u00e6k","Est. reading time":"1 minute"},"schema":{"@context":"https:\/\/schema.org","@graph":[{"@type":"Organization","@id":"https:\/\/acefootball.com\/da\/#organization","name":"Ace Football","url":"https:\/\/acefootball.com\/da\/","sameAs":["https:\/\/www.facebook.com\/acefootballdk"],"logo":{"@type":"ImageObject","@id":"https:\/\/acefootball.com\/da\/#logo","inLanguage":"en-US","url":"https:\/\/acefootball.com\/da\/wp-content\/uploads\/sites\/2\/2020\/07\/Ace-Football-30-07-2020-2.png","contentUrl":"https:\/\/acefootball.com\/da\/wp-content\/uploads\/sites\/2\/2020\/07\/Ace-Football-30-07-2020-2.png","width":1200,"height":600,"caption":"Ace Football"},"image":{"@id":"https:\/\/acefootball.com\/da\/#logo"}},{"@type":"WebSite","@id":"https:\/\/acefootball.com\/da\/#website","url":"https:\/\/acefootball.com\/da\/","name":"Ace Football Danmark","description":"Nyheder, Spiltips &amp; Livescore","publisher":{"@id":"https:\/\/acefootball.com\/da\/#organization"},"potentialAction":[{"@type":"SearchAction","target":{"@type":"EntryPoint","urlTemplate":"https:\/\/acefootball.com\/da\/?s={search_term_string}"},"query-input":"required name=search_term_string"}],"inLanguage":"en-US"},{"@type":"ImageObject","@id":"https:\/\/acefootball.com\/da\/fodboldnyheder\/overrasket-zanka-staale-var-med-i-mine-overvejelser\/#primaryimage","inLanguage":"en-US","url":"https:\/\/acefootball.com\/da\/wp-content\/uploads\/sites\/2\/2020\/10\/GettyImages-576853536.jpg","contentUrl":"https:\/\/acefootball.com\/da\/wp-content\/uploads\/sites\/2\/2020\/10\/GettyImages-576853536.jpg","width":1024,"height":703,"caption":"COPENHAGEN, DENMARK - JULY 16: Mathias Zanka Jorgensen of FC Copenhagen shake hands with Stale Solbakken, head coach of FC Copenhagen during the Danish Alka Superliga match between FC Copenhagen and Lyngby BK at Telia Parken Stadium on July 16, 2016 in Copenhagen, Denmark. (Photo by Lars Ronbog \/ FrontZoneSport via Getty Images)"},{"@type":"WebPage","@id":"https:\/\/acefootball.com\/da\/fodboldnyheder\/overrasket-zanka-staale-var-med-i-mine-overvejelser\/#webpage","url":"https:\/\/acefootball.com\/da\/fodboldnyheder\/overrasket-zanka-staale-var-med-i-mine-overvejelser\/","name":"Overrasket 'Zanka': St\u00e5le var med i mine overvejelser","isPartOf":{"@id":"https:\/\/acefootball.com\/da\/#website"},"primaryImageOfPage":{"@id":"https:\/\/acefootball.com\/da\/fodboldnyheder\/overrasket-zanka-staale-var-med-i-mine-overvejelser\/#primaryimage"},"datePublished":"2020-10-16T12:58:26+00:00","dateModified":"2020-10-16T13:00:36+00:00","description":"Mathias 'Zanka' J\u00f8rgensen l\u00e6gger ikke skjul p\u00e5, at St\u00e5le Solbakken var en del af grunden til, at han valgte at skifte tilbage til FC K\u00f8benhavn","breadcrumb":{"@id":"https:\/\/acefootball.com\/da\/fodboldnyheder\/overrasket-zanka-staale-var-med-i-mine-overvejelser\/#breadcrumb"},"inLanguage":"en-US","potentialAction":[{"@type":"ReadAction","target":["https:\/\/acefootball.com\/da\/fodboldnyheder\/overrasket-zanka-staale-var-med-i-mine-overvejelser\/"]}]},{"@type":"BreadcrumbList","@id":"https:\/\/acefootball.com\/da\/fodboldnyheder\/overrasket-zanka-staale-var-med-i-mine-overvejelser\/#breadcrumb","itemListElement":[{"@type":"ListItem","position":1,"name":"Home","item":"https:\/\/acefootball.com\/da\/"},{"@type":"ListItem","position":2,"name":"Overrasket &#8216;Zanka&#8217;: St\u00e5le var med i mine overvejelser"}]},{"@type":"Article","@id":"https:\/\/acefootball.com\/da\/fodboldnyheder\/overrasket-zanka-staale-var-med-i-mine-overvejelser\/#article","isPartOf":{"@id":"https:\/\/acefootball.com\/da\/fodboldnyheder\/overrasket-zanka-staale-var-med-i-mine-overvejelser\/#webpage"},"author":{"@id":"https:\/\/acefootball.com\/da\/#\/schema\/person\/fd6223a1c033400b41da7853ddf88c84"},"headline":"Overrasket &#8216;Zanka&#8217;: St\u00e5le var med i mine overvejelser","datePublished":"2020-10-16T12:58:26+00:00","dateModified":"2020-10-16T13:00:36+00:00","mainEntityOfPage":{"@id":"https:\/\/acefootball.com\/da\/fodboldnyheder\/overrasket-zanka-staale-var-med-i-mine-overvejelser\/#webpage"},"wordCount":202,"commentCount":0,"publisher":{"@id":"https:\/\/acefootball.com\/da\/#organization"},"image":{"@id":"https:\/\/acefootball.com\/da\/fodboldnyheder\/overrasket-zanka-staale-var-med-i-mine-overvejelser\/#primaryimage"},"thumbnailUrl":"https:\/\/acefootball.com\/da\/wp-content\/uploads\/sites\/2\/2020\/10\/GettyImages-576853536.jpg","keywords":["FC K\u00f8benhavn","Mathias Zanka J\u00f8rgensen","St\u00e5le Solbakken","Superligaen"],"articleSection":["Udtalelse"],"inLanguage":"en-US","potentialAction":[{"@type":"CommentAction","name":"Comment","target":["https:\/\/acefootball.com\/da\/fodboldnyheder\/overrasket-zanka-staale-var-med-i-mine-overvejelser\/#respond"]}]},{"@type":"Person","@id":"https:\/\/acefootball.com\/da\/#\/schema\/person\/fd6223a1c033400b41da7853ddf88c84","name":"Patrick Hesselb\u00e6k","image":{"@type":"ImageObject","@id":"https:\/\/acefootball.com\/da\/#personlogo","inLanguage":"en-US","url":"https:\/\/secure.gravatar.com\/avatar\/7919060992759bffbffb199d6cbdce6f?s=96&d=mm&r=g","contentUrl":"https:\/\/secure.gravatar.com\/avatar\/7919060992759bffbffb199d6cbdce6f?s=96&d=mm&r=g","caption":"Patrick Hesselb\u00e6k"},"description":"Redakt\u00f8r p\u00e5 den danske Ace Football-redaktion. Uddannet i kommunikation fra Aalborg Universitet. Prim\u00e6rt fokus p\u00e5 den danske 3F Superliga og de st\u00f8rste europ\u00e6iske turneringer.","sameAs":["https:\/\/www.linkedin.com\/in\/patrick-hesselbk-2a4b1711a\/"],"url":"https:\/\/acefootball.com\/da\/fodboldnyheder\/author\/patrickhesselbaek\/"}]}},"fimg_url":"https:\/\/acefootball.com\/da\/wp-content\/uploads\/sites\/2\/2020\/10\/GettyImages-576853536.jpg","_links":{"self":[{"href":"https:\/\/acefootball.com\/da\/wp-json\/wp\/v2\/posts\/240464"}],"collection":[{"href":"https:\/\/acefootball.com\/da\/wp-json\/wp\/v2\/posts"}],"about":[{"href":"https:\/\/acefootball.com\/da\/wp-json\/wp\/v2\/types\/post"}],"author":[{"embeddable":true,"href":"https:\/\/acefootball.com\/da\/wp-json\/wp\/v2\/users\/74"}],"replies":[{"embeddable":true,"href":"https:\/\/acefootball.com\/da\/wp-json\/wp\/v2\/comments?post=240464"}],"version-history":[{"count":0,"href":"https:\/\/acefootball.com\/da\/wp-json\/wp\/v2\/posts\/240464\/revisions"}],"wp:featuredmedia":[{"embeddable":true,"href":"https:\/\/acefootball.com\/da\/wp-json\/wp\/v2\/media\/240465"}],"wp:attachment":[{"href":"https:\/\/acefootball.com\/da\/wp-json\/wp\/v2\/media?parent=240464"}],"wp:term":[{"taxonomy":"category","embeddable":true,"href":"https:\/\/acefootball.com\/da\/wp-json\/wp\/v2\/categories?post=240464"},{"taxonomy":"post_tag","embeddable":true,"href":"https:\/\/acefootball.com\/da\/wp-json\/wp\/v2\/tags?post=240464"}],"curies":[{"name":"wp","href":"https:\/\/api.w.org\/{rel}","templated":true}]}}