{"id":240417,"date":"2020-10-15T22:16:36","date_gmt":"2020-10-15T20:16:36","guid":{"rendered":"https:\/\/acefootball.com\/da\/?p=240417"},"modified":"2020-10-15T22:16:37","modified_gmt":"2020-10-15T20:16:37","slug":"corona-positiv-chelsea-slipper-for-sevilla-stjerne-i-champions-league","status":"publish","type":"post","link":"https:\/\/acefootball.com\/da\/fodboldnyheder\/corona-positiv-chelsea-slipper-for-sevilla-stjerne-i-champions-league\/","title":{"rendered":"Corona-positiv: Chelsea slipper for Sevilla-stjerne i Champions League"},"content":{"rendered":"\n<h2 id=\"h-sevillas-jules-kound-har-testet-positiv-i-en-corona-test-og-franskmanden-bliver-dermed-ikke-klar-til-champions-league-kampen-mod-chelsea\">Sevillas Jules Kound\u00e9 har testet positiv i en corona-test, og franskmanden bliver dermed ikke klar til Champions League-kampen mod Chelsea<\/h2>\n\n\n\n<div class=\"wp-block-si-widget wp-block-si-widget--center\"><si-lb-widget widget-id=\"MatchInfoWithOddsV2\" data-nopadding=\"true\" data-across-all-tournaments=\"false\" data-limit=\"5\" width=\"440\" data-event-id=\"3461740\" data-card=\"true\" data-provider=\"betfair\"><\/si-lb-widget><\/div>\n\n\n\n<p>Allerede i n\u00e6ste uge g\u00e5r det l\u00f8s i Champions League, n\u00e5r man tager fat p\u00e5 gruppespillet.<\/p>\n\n\n\n<p>Her skal Sevilla blandt andet en tur til Stamford Bridge tirsdag aften for at m\u00f8de Chelsea, i hvad der forventes at blive topopg\u00f8ret i gruppe E, som ogs\u00e5 t\u00e6ller Rennes og Krasnodar.<\/p>\n\n\n\n<p>Spanierne m\u00e5 dog undv\u00e6re en af holdets helt store profiler, da franske Jules Kound\u00e9 er testet positiv for coronavirus. Det meddeler han selv p\u00e5 Twitter.<\/p>\n\n\n\n<figure class=\"wp-block-embed-twitter wp-block-embed is-type-rich is-provider-twitter\"><div class=\"wp-block-embed__wrapper\">\n<blockquote class=\"twitter-tweet\" data-width=\"550\" data-dnt=\"true\"><p lang=\"es\" dir=\"ltr\">Buenas noches , como sab\u00e9is he dado positivo al COVID-19 as\u00ed que me quedar\u00e9 en casa durante los pr\u00f3ximos d\u00edas. Muy decepcionado por dejar mis compa\u00f1eros en ese momento pero es as\u00ed. Pod\u00e9is contar conmigo para animar el equipo y volver en forma. Gracias por los mensajes de \u00e1nimo\u2764\ufe0f<\/p>&mdash; Jules Kounde (@jkeey4) <a href=\"https:\/\/twitter.com\/jkeey4\/status\/1316812591969325060?ref_src=twsrc%5Etfw\">October 15, 2020<\/a><\/blockquote><script async src=\"https:\/\/platform.twitter.com\/widgets.js\" charset=\"utf-8\"><\/script>\n<\/div><\/figure>\n\n\n\n<p>Midterforsvareren er nu g\u00e5et i isolation og kan muligvis ogs\u00e5 g\u00e5 glip af anden gruppekamp mod Rennes. Derudover er La Liga-kampene mod Granada og Eibar ogs\u00e5 v\u00e6k.<\/p>\n\n\n\n<p>Jules Kound\u00e9 har for nylig v\u00e6ret med det franske U21-landshold.<\/p>\n","protected":false},"excerpt":{"rendered":"<p>Sevillas Jules Kound\u00e9 har testet positiv i en corona-test, og franskmanden bliver dermed ikke klar til Champions League-kampen mod Chelsea<\/p>\n","protected":false},"author":705,"featured_media":240423,"comment_status":"open","ping_status":"closed","sticky":false,"template":"","format":"standard","meta":{"om_disable_all_campaigns":false,"push_articles_ronaldo":{"active":false,"canonical":0,"publish":false},"force_updates":null},"categories":[1],"tags":[206,84,303,77],"enet_tags":{"league":["42","87"],"team":["8455","8302"],"sport_events":[3461740]},"yoast_head":"<!-- This site is optimized with the Yoast SEO plugin v18.3 - https:\/\/yoast.com\/wordpress\/plugins\/seo\/ -->\n<title>Corona-positiv: Chelsea slipper for Sevilla-stjerne i Champions League<\/title>\n<meta name=\"description\" content=\"Sevillas Jules Kound\u00e9 har testet positiv i en corona-test, og franskmanden bliver dermed ikke klar til Champions League-kampen mod Chelsea\" \/>\n<meta name=\"robots\" content=\"index, follow, max-snippet:-1, max-image-preview:large, max-video-preview:-1\" \/>\n<link rel=\"canonical\" href=\"https:\/\/acefootball.com\/da\/fodboldnyheder\/corona-positiv-chelsea-slipper-for-sevilla-stjerne-i-champions-league\/\" \/>\n<meta property=\"og:locale\" content=\"en_US\" \/>\n<meta property=\"og:type\" content=\"article\" \/>\n<meta property=\"og:title\" content=\"Corona-positiv: Chelsea slipper for Sevilla-stjerne i Champions League\" \/>\n<meta property=\"og:description\" content=\"Sevillas Jules Kound\u00e9 har testet positiv i en corona-test, og franskmanden bliver dermed ikke klar til Champions League-kampen mod Chelsea\" \/>\n<meta property=\"og:url\" content=\"https:\/\/acefootball.com\/da\/fodboldnyheder\/corona-positiv-chelsea-slipper-for-sevilla-stjerne-i-champions-league\/\" \/>\n<meta property=\"og:site_name\" content=\"Ace Football Danmark\" \/>\n<meta property=\"article:publisher\" content=\"https:\/\/www.facebook.com\/acefootballdk\" \/>\n<meta property=\"article:published_time\" content=\"2020-10-15T20:16:36+00:00\" \/>\n<meta property=\"article:modified_time\" content=\"2020-10-15T20:16:37+00:00\" \/>\n<meta property=\"og:image\" content=\"https:\/\/acefootball.com\/da\/wp-content\/uploads\/sites\/2\/2020\/10\/GettyImages-1267570788.jpg\" \/>\n\t<meta property=\"og:image:width\" content=\"1024\" \/>\n\t<meta property=\"og:image:height\" content=\"697\" \/>\n\t<meta property=\"og:image:type\" content=\"image\/jpeg\" \/>\n<meta name=\"twitter:card\" content=\"summary_large_image\" \/>\n<meta name=\"twitter:label1\" content=\"Written by\" \/>\n\t<meta name=\"twitter:data1\" content=\"Mads Dreyer\" \/>\n\t<meta name=\"twitter:label2\" content=\"Est. reading time\" \/>\n\t<meta name=\"twitter:data2\" content=\"1 minute\" \/>\n<script type=\"application\/ld+json\" class=\"yoast-schema-graph\">{\"@context\":\"https:\/\/schema.org\",\"@graph\":[{\"@type\":\"Organization\",\"@id\":\"https:\/\/acefootball.com\/da\/#organization\",\"name\":\"Ace Football\",\"url\":\"https:\/\/acefootball.com\/da\/\",\"sameAs\":[\"https:\/\/www.facebook.com\/acefootballdk\"],\"logo\":{\"@type\":\"ImageObject\",\"@id\":\"https:\/\/acefootball.com\/da\/#logo\",\"inLanguage\":\"en-US\",\"url\":\"https:\/\/acefootball.com\/da\/wp-content\/uploads\/sites\/2\/2020\/07\/Ace-Football-30-07-2020-2.png\",\"contentUrl\":\"https:\/\/acefootball.com\/da\/wp-content\/uploads\/sites\/2\/2020\/07\/Ace-Football-30-07-2020-2.png\",\"width\":1200,\"height\":600,\"caption\":\"Ace Football\"},\"image\":{\"@id\":\"https:\/\/acefootball.com\/da\/#logo\"}},{\"@type\":\"WebSite\",\"@id\":\"https:\/\/acefootball.com\/da\/#website\",\"url\":\"https:\/\/acefootball.com\/da\/\",\"name\":\"Ace Football Danmark\",\"description\":\"Nyheder, Spiltips &amp; Livescore\",\"publisher\":{\"@id\":\"https:\/\/acefootball.com\/da\/#organization\"},\"potentialAction\":[{\"@type\":\"SearchAction\",\"target\":{\"@type\":\"EntryPoint\",\"urlTemplate\":\"https:\/\/acefootball.com\/da\/?s={search_term_string}\"},\"query-input\":\"required name=search_term_string\"}],\"inLanguage\":\"en-US\"},{\"@type\":\"ImageObject\",\"@id\":\"https:\/\/acefootball.com\/da\/fodboldnyheder\/corona-positiv-chelsea-slipper-for-sevilla-stjerne-i-champions-league\/#primaryimage\",\"inLanguage\":\"en-US\",\"url\":\"https:\/\/acefootball.com\/da\/wp-content\/uploads\/sites\/2\/2020\/10\/GettyImages-1267570788.jpg\",\"contentUrl\":\"https:\/\/acefootball.com\/da\/wp-content\/uploads\/sites\/2\/2020\/10\/GettyImages-1267570788.jpg\",\"width\":1024,\"height\":697,\"caption\":\"COLOGNE, GERMANY - AUGUST 21: Jules Kounde of Sevilla FC and Alexis Sanchez of Inter Milan battle for the ball during the UEFA Europa League Final between Seville and FC Internazionale at RheinEnergieStadion on August 21, 2020 in Cologne, Germany. (Photo by Ina Fassbender\/Pool via Getty Images)\"},{\"@type\":\"WebPage\",\"@id\":\"https:\/\/acefootball.com\/da\/fodboldnyheder\/corona-positiv-chelsea-slipper-for-sevilla-stjerne-i-champions-league\/#webpage\",\"url\":\"https:\/\/acefootball.com\/da\/fodboldnyheder\/corona-positiv-chelsea-slipper-for-sevilla-stjerne-i-champions-league\/\",\"name\":\"Corona-positiv: Chelsea slipper for Sevilla-stjerne i Champions League\",\"isPartOf\":{\"@id\":\"https:\/\/acefootball.com\/da\/#website\"},\"primaryImageOfPage\":{\"@id\":\"https:\/\/acefootball.com\/da\/fodboldnyheder\/corona-positiv-chelsea-slipper-for-sevilla-stjerne-i-champions-league\/#primaryimage\"},\"datePublished\":\"2020-10-15T20:16:36+00:00\",\"dateModified\":\"2020-10-15T20:16:37+00:00\",\"description\":\"Sevillas Jules Kound\u00e9 har testet positiv i en corona-test, og franskmanden bliver dermed ikke klar til Champions League-kampen mod Chelsea\",\"breadcrumb\":{\"@id\":\"https:\/\/acefootball.com\/da\/fodboldnyheder\/corona-positiv-chelsea-slipper-for-sevilla-stjerne-i-champions-league\/#breadcrumb\"},\"inLanguage\":\"en-US\",\"potentialAction\":[{\"@type\":\"ReadAction\",\"target\":[\"https:\/\/acefootball.com\/da\/fodboldnyheder\/corona-positiv-chelsea-slipper-for-sevilla-stjerne-i-champions-league\/\"]}]},{\"@type\":\"BreadcrumbList\",\"@id\":\"https:\/\/acefootball.com\/da\/fodboldnyheder\/corona-positiv-chelsea-slipper-for-sevilla-stjerne-i-champions-league\/#breadcrumb\",\"itemListElement\":[{\"@type\":\"ListItem\",\"position\":1,\"name\":\"Home\",\"item\":\"https:\/\/acefootball.com\/da\/\"},{\"@type\":\"ListItem\",\"position\":2,\"name\":\"Corona-positiv: Chelsea slipper for Sevilla-stjerne i Champions League\"}]},{\"@type\":\"Article\",\"@id\":\"https:\/\/acefootball.com\/da\/fodboldnyheder\/corona-positiv-chelsea-slipper-for-sevilla-stjerne-i-champions-league\/#article\",\"isPartOf\":{\"@id\":\"https:\/\/acefootball.com\/da\/fodboldnyheder\/corona-positiv-chelsea-slipper-for-sevilla-stjerne-i-champions-league\/#webpage\"},\"author\":{\"@id\":\"https:\/\/acefootball.com\/da\/#\/schema\/person\/ee67e9cf04a276f144100ffa722f10cd\"},\"headline\":\"Corona-positiv: Chelsea slipper for Sevilla-stjerne i Champions League\",\"datePublished\":\"2020-10-15T20:16:36+00:00\",\"dateModified\":\"2020-10-15T20:16:37+00:00\",\"mainEntityOfPage\":{\"@id\":\"https:\/\/acefootball.com\/da\/fodboldnyheder\/corona-positiv-chelsea-slipper-for-sevilla-stjerne-i-champions-league\/#webpage\"},\"wordCount\":155,\"commentCount\":0,\"publisher\":{\"@id\":\"https:\/\/acefootball.com\/da\/#organization\"},\"image\":{\"@id\":\"https:\/\/acefootball.com\/da\/fodboldnyheder\/corona-positiv-chelsea-slipper-for-sevilla-stjerne-i-champions-league\/#primaryimage\"},\"thumbnailUrl\":\"https:\/\/acefootball.com\/da\/wp-content\/uploads\/sites\/2\/2020\/10\/GettyImages-1267570788.jpg\",\"keywords\":[\"Champions League\",\"Chelsea\",\"La Liga\",\"Sevilla\"],\"articleSection\":[\"Nyhed\"],\"inLanguage\":\"en-US\",\"potentialAction\":[{\"@type\":\"CommentAction\",\"name\":\"Comment\",\"target\":[\"https:\/\/acefootball.com\/da\/fodboldnyheder\/corona-positiv-chelsea-slipper-for-sevilla-stjerne-i-champions-league\/#respond\"]}]},{\"@type\":\"Person\",\"@id\":\"https:\/\/acefootball.com\/da\/#\/schema\/person\/ee67e9cf04a276f144100ffa722f10cd\",\"name\":\"Mads Dreyer\",\"image\":{\"@type\":\"ImageObject\",\"@id\":\"https:\/\/acefootball.com\/da\/#personlogo\",\"inLanguage\":\"en-US\",\"url\":\"https:\/\/secure.gravatar.com\/avatar\/7c7abf72cfde9902b6a60efe60c88d4c?s=96&d=mm&r=g\",\"contentUrl\":\"https:\/\/secure.gravatar.com\/avatar\/7c7abf72cfde9902b6a60efe60c88d4c?s=96&d=mm&r=g\",\"caption\":\"Mads Dreyer\"},\"description\":\"Skribent og fodboldn\u00f8rd, der lige nu fort\u00e6ller om alt og intet i fodboldverdenen p\u00e5 acefootball.com. Uddannet i kommunikation fra Aalborg Universitet.\",\"sameAs\":[\"https:\/\/www.linkedin.com\/in\/mads-dreyer-b9b08266\/\"],\"url\":\"https:\/\/acefootball.com\/da\/fodboldnyheder\/author\/mdnronaldo\/\"}]}<\/script>\n<!-- \/ Yoast SEO plugin. -->","yoast_head_json":{"title":"Corona-positiv: Chelsea slipper for Sevilla-stjerne i Champions League","description":"Sevillas Jules Kound\u00e9 har testet positiv i en corona-test, og franskmanden bliver dermed ikke klar til Champions League-kampen mod Chelsea","robots":{"index":"index","follow":"follow","max-snippet":"max-snippet:-1","max-image-preview":"max-image-preview:large","max-video-preview":"max-video-preview:-1"},"canonical":"https:\/\/acefootball.com\/da\/fodboldnyheder\/corona-positiv-chelsea-slipper-for-sevilla-stjerne-i-champions-league\/","og_locale":"en_US","og_type":"article","og_title":"Corona-positiv: Chelsea slipper for Sevilla-stjerne i Champions League","og_description":"Sevillas Jules Kound\u00e9 har testet positiv i en corona-test, og franskmanden bliver dermed ikke klar til Champions League-kampen mod Chelsea","og_url":"https:\/\/acefootball.com\/da\/fodboldnyheder\/corona-positiv-chelsea-slipper-for-sevilla-stjerne-i-champions-league\/","og_site_name":"Ace Football Danmark","article_publisher":"https:\/\/www.facebook.com\/acefootballdk","article_published_time":"2020-10-15T20:16:36+00:00","article_modified_time":"2020-10-15T20:16:37+00:00","og_image":[{"width":1024,"height":697,"url":"https:\/\/acefootball.com\/da\/wp-content\/uploads\/sites\/2\/2020\/10\/GettyImages-1267570788.jpg","type":"image\/jpeg"}],"twitter_card":"summary_large_image","twitter_misc":{"Written by":"Mads Dreyer","Est. reading time":"1 minute"},"schema":{"@context":"https:\/\/schema.org","@graph":[{"@type":"Organization","@id":"https:\/\/acefootball.com\/da\/#organization","name":"Ace Football","url":"https:\/\/acefootball.com\/da\/","sameAs":["https:\/\/www.facebook.com\/acefootballdk"],"logo":{"@type":"ImageObject","@id":"https:\/\/acefootball.com\/da\/#logo","inLanguage":"en-US","url":"https:\/\/acefootball.com\/da\/wp-content\/uploads\/sites\/2\/2020\/07\/Ace-Football-30-07-2020-2.png","contentUrl":"https:\/\/acefootball.com\/da\/wp-content\/uploads\/sites\/2\/2020\/07\/Ace-Football-30-07-2020-2.png","width":1200,"height":600,"caption":"Ace Football"},"image":{"@id":"https:\/\/acefootball.com\/da\/#logo"}},{"@type":"WebSite","@id":"https:\/\/acefootball.com\/da\/#website","url":"https:\/\/acefootball.com\/da\/","name":"Ace Football Danmark","description":"Nyheder, Spiltips &amp; Livescore","publisher":{"@id":"https:\/\/acefootball.com\/da\/#organization"},"potentialAction":[{"@type":"SearchAction","target":{"@type":"EntryPoint","urlTemplate":"https:\/\/acefootball.com\/da\/?s={search_term_string}"},"query-input":"required name=search_term_string"}],"inLanguage":"en-US"},{"@type":"ImageObject","@id":"https:\/\/acefootball.com\/da\/fodboldnyheder\/corona-positiv-chelsea-slipper-for-sevilla-stjerne-i-champions-league\/#primaryimage","inLanguage":"en-US","url":"https:\/\/acefootball.com\/da\/wp-content\/uploads\/sites\/2\/2020\/10\/GettyImages-1267570788.jpg","contentUrl":"https:\/\/acefootball.com\/da\/wp-content\/uploads\/sites\/2\/2020\/10\/GettyImages-1267570788.jpg","width":1024,"height":697,"caption":"COLOGNE, GERMANY - AUGUST 21: Jules Kounde of Sevilla FC and Alexis Sanchez of Inter Milan battle for the ball during the UEFA Europa League Final between Seville and FC Internazionale at RheinEnergieStadion on August 21, 2020 in Cologne, Germany. (Photo by Ina Fassbender\/Pool via Getty Images)"},{"@type":"WebPage","@id":"https:\/\/acefootball.com\/da\/fodboldnyheder\/corona-positiv-chelsea-slipper-for-sevilla-stjerne-i-champions-league\/#webpage","url":"https:\/\/acefootball.com\/da\/fodboldnyheder\/corona-positiv-chelsea-slipper-for-sevilla-stjerne-i-champions-league\/","name":"Corona-positiv: Chelsea slipper for Sevilla-stjerne i Champions League","isPartOf":{"@id":"https:\/\/acefootball.com\/da\/#website"},"primaryImageOfPage":{"@id":"https:\/\/acefootball.com\/da\/fodboldnyheder\/corona-positiv-chelsea-slipper-for-sevilla-stjerne-i-champions-league\/#primaryimage"},"datePublished":"2020-10-15T20:16:36+00:00","dateModified":"2020-10-15T20:16:37+00:00","description":"Sevillas Jules Kound\u00e9 har testet positiv i en corona-test, og franskmanden bliver dermed ikke klar til Champions League-kampen mod Chelsea","breadcrumb":{"@id":"https:\/\/acefootball.com\/da\/fodboldnyheder\/corona-positiv-chelsea-slipper-for-sevilla-stjerne-i-champions-league\/#breadcrumb"},"inLanguage":"en-US","potentialAction":[{"@type":"ReadAction","target":["https:\/\/acefootball.com\/da\/fodboldnyheder\/corona-positiv-chelsea-slipper-for-sevilla-stjerne-i-champions-league\/"]}]},{"@type":"BreadcrumbList","@id":"https:\/\/acefootball.com\/da\/fodboldnyheder\/corona-positiv-chelsea-slipper-for-sevilla-stjerne-i-champions-league\/#breadcrumb","itemListElement":[{"@type":"ListItem","position":1,"name":"Home","item":"https:\/\/acefootball.com\/da\/"},{"@type":"ListItem","position":2,"name":"Corona-positiv: Chelsea slipper for Sevilla-stjerne i Champions League"}]},{"@type":"Article","@id":"https:\/\/acefootball.com\/da\/fodboldnyheder\/corona-positiv-chelsea-slipper-for-sevilla-stjerne-i-champions-league\/#article","isPartOf":{"@id":"https:\/\/acefootball.com\/da\/fodboldnyheder\/corona-positiv-chelsea-slipper-for-sevilla-stjerne-i-champions-league\/#webpage"},"author":{"@id":"https:\/\/acefootball.com\/da\/#\/schema\/person\/ee67e9cf04a276f144100ffa722f10cd"},"headline":"Corona-positiv: Chelsea slipper for Sevilla-stjerne i Champions League","datePublished":"2020-10-15T20:16:36+00:00","dateModified":"2020-10-15T20:16:37+00:00","mainEntityOfPage":{"@id":"https:\/\/acefootball.com\/da\/fodboldnyheder\/corona-positiv-chelsea-slipper-for-sevilla-stjerne-i-champions-league\/#webpage"},"wordCount":155,"commentCount":0,"publisher":{"@id":"https:\/\/acefootball.com\/da\/#organization"},"image":{"@id":"https:\/\/acefootball.com\/da\/fodboldnyheder\/corona-positiv-chelsea-slipper-for-sevilla-stjerne-i-champions-league\/#primaryimage"},"thumbnailUrl":"https:\/\/acefootball.com\/da\/wp-content\/uploads\/sites\/2\/2020\/10\/GettyImages-1267570788.jpg","keywords":["Champions League","Chelsea","La Liga","Sevilla"],"articleSection":["Nyhed"],"inLanguage":"en-US","potentialAction":[{"@type":"CommentAction","name":"Comment","target":["https:\/\/acefootball.com\/da\/fodboldnyheder\/corona-positiv-chelsea-slipper-for-sevilla-stjerne-i-champions-league\/#respond"]}]},{"@type":"Person","@id":"https:\/\/acefootball.com\/da\/#\/schema\/person\/ee67e9cf04a276f144100ffa722f10cd","name":"Mads Dreyer","image":{"@type":"ImageObject","@id":"https:\/\/acefootball.com\/da\/#personlogo","inLanguage":"en-US","url":"https:\/\/secure.gravatar.com\/avatar\/7c7abf72cfde9902b6a60efe60c88d4c?s=96&d=mm&r=g","contentUrl":"https:\/\/secure.gravatar.com\/avatar\/7c7abf72cfde9902b6a60efe60c88d4c?s=96&d=mm&r=g","caption":"Mads Dreyer"},"description":"Skribent og fodboldn\u00f8rd, der lige nu fort\u00e6ller om alt og intet i fodboldverdenen p\u00e5 acefootball.com. Uddannet i kommunikation fra Aalborg Universitet.","sameAs":["https:\/\/www.linkedin.com\/in\/mads-dreyer-b9b08266\/"],"url":"https:\/\/acefootball.com\/da\/fodboldnyheder\/author\/mdnronaldo\/"}]}},"fimg_url":"https:\/\/acefootball.com\/da\/wp-content\/uploads\/sites\/2\/2020\/10\/GettyImages-1267570788.jpg","_links":{"self":[{"href":"https:\/\/acefootball.com\/da\/wp-json\/wp\/v2\/posts\/240417"}],"collection":[{"href":"https:\/\/acefootball.com\/da\/wp-json\/wp\/v2\/posts"}],"about":[{"href":"https:\/\/acefootball.com\/da\/wp-json\/wp\/v2\/types\/post"}],"author":[{"embeddable":true,"href":"https:\/\/acefootball.com\/da\/wp-json\/wp\/v2\/users\/705"}],"replies":[{"embeddable":true,"href":"https:\/\/acefootball.com\/da\/wp-json\/wp\/v2\/comments?post=240417"}],"version-history":[{"count":0,"href":"https:\/\/acefootball.com\/da\/wp-json\/wp\/v2\/posts\/240417\/revisions"}],"wp:featuredmedia":[{"embeddable":true,"href":"https:\/\/acefootball.com\/da\/wp-json\/wp\/v2\/media\/240423"}],"wp:attachment":[{"href":"https:\/\/acefootball.com\/da\/wp-json\/wp\/v2\/media?parent=240417"}],"wp:term":[{"taxonomy":"category","embeddable":true,"href":"https:\/\/acefootball.com\/da\/wp-json\/wp\/v2\/categories?post=240417"},{"taxonomy":"post_tag","embeddable":true,"href":"https:\/\/acefootball.com\/da\/wp-json\/wp\/v2\/tags?post=240417"}],"curies":[{"name":"wp","href":"https:\/\/api.w.org\/{rel}","templated":true}]}}